{"id":3165,"date":"2019-01-08T17:56:48","date_gmt":"2019-01-08T17:56:48","guid":{"rendered":"http:\/\/volcanes.net\/?p=3165"},"modified":"2019-01-08T17:56:48","modified_gmt":"2019-01-08T17:56:48","slug":"policias-estatales-recuperan-vehiculo-robado-y-aseguran-inmueble-que-resguardaba-autopartes-y-unidades-de-dudosa-procedencia","status":"publish","type":"post","link":"https:\/\/volcanes.net\/?p=3165","title":{"rendered":"Polic\u00edas estatales recuperan veh\u00edculo robado, y aseguran inmueble que resguardaba autopartes y unidades de dudosa procedencia"},"content":{"rendered":"<div style=\"margin-top: 0px; margin-bottom: 0px;\" class=\"sharethis-inline-share-buttons\" ><\/div><p><span style=\"font-size:14pt;font-family:Arial,Helvetica,sans-serif\"><span style=\"font-family:Arial,Helvetica,sans-serif\"><strong style=\"font-family: Arial, Helvetica, sans-serif\">Toluca, Estado de M\u00e9xico; 08 de enero de 2019<\/strong><\/span><span style=\"font-family:Arial,Helvetica,sans-serif\">.- Con la implementaci\u00f3n de la Estrategia Integral de Seguridad para inhibir el delito, elementos de la Polic\u00eda Estatal localizaron un veh\u00edculo con reporte de robo y aseguraron un predio en el que se resguardaban diversas autopartes y unidades de dudosa procedencia.<\/span><\/span><\/p>\n<p style=\"margin-top:0px;margin-bottom:0px;font-family:Calibri,Arial,Helvetica,sans-serif;font-size:16px;font-style:normal;font-weight:400;letter-spacing:normal;text-indent:0px;text-align:left\">\n<p style=\"margin-top:0px;margin-bottom:0px;font-family:Calibri,Arial,Helvetica,sans-serif;font-size:16px;font-style:normal;font-weight:400;letter-spacing:normal;text-indent:0px;text-align:left\"><span style=\"font-size:14pt;font-family:Arial,Helvetica,sans-serif\"><span style=\"font-family:Arial,Helvetica,sans-serif\">Mientras los uniformados de la Secretar\u00eda de Seguridad (SS) realizaban recorridos preventivos sobre la avenida Alfredo Del  Mazo de este municipio, fueron alertados por una persona quien inform\u00f3 que, momentos antes, la despojaron de su veh\u00edculo Chevrolet, tipo Aveo.<\/span><\/span><\/p>\n<p style=\"margin-top:0px;margin-bottom:0px;font-family:Calibri,Arial,Helvetica,sans-serif;font-size:16px;font-style:normal;font-weight:400;letter-spacing:normal;text-indent:0px;text-align:left\">\n<p style=\"margin-top:0px;margin-bottom:0px;font-family:Calibri,Arial,Helvetica,sans-serif;font-size:16px;font-style:normal;font-weight:400;letter-spacing:normal;text-indent:0px;text-align:left\"><span style=\"font-size:14pt;font-family:Arial,Helvetica,sans-serif\"><span style=\"font-family:Arial,Helvetica,sans-serif\">Con apoyo del sistema de geolocalizaci\u00f3n instalado en la unidad previamente referida, se ubicaron las probables coordenadas que direccionaban a un domicilio localizado sobre la calle Isidro Fabela, en el poblado de San Cayetano de Morelos de la capital mexiquense.<\/span><\/span><\/p>\n<p style=\"margin-top:0px;margin-bottom:0px;font-family:Calibri,Arial,Helvetica,sans-serif;font-size:16px;font-style:normal;font-weight:400;letter-spacing:normal;text-indent:0px;text-align:left\">\n<p style=\"margin-top:0px;margin-bottom:0px;font-family:Calibri,Arial,Helvetica,sans-serif;font-size:16px;font-style:normal;font-weight:400;letter-spacing:normal;text-indent:0px;text-align:left\"><span style=\"font-size:14pt;font-family:Arial,Helvetica,sans-serif\"><span style=\"font-family:Arial,Helvetica,sans-serif\">Acorde al protocolo, se realiz\u00f3 un despliegue operativo que deriv\u00f3 en el hallazgo de un inmueble de aproximadamente 90 por 40 metros, en el que se logr\u00f3 observar el automotor reportado, as\u00ed como diferentes autopartes, motivo por el cual se realiz\u00f3 la denuncia de hechos ante el Ministerio P\u00fablico de OCRA.<\/span><\/span><\/p>\n<p style=\"margin-top:0px;margin-bottom:0px;font-family:Calibri,Arial,Helvetica,sans-serif;font-size:16px;font-style:normal;font-weight:400;letter-spacing:normal;text-indent:0px;text-align:left\">\n<p style=\"margin-top:0px;margin-bottom:0px;font-family:Calibri,Arial,Helvetica,sans-serif;font-size:16px;font-style:normal;font-weight:400;letter-spacing:normal;text-indent:0px;text-align:left\"><span style=\"font-size:14pt;font-family:Arial,Helvetica,sans-serif\"><span style=\"font-family:Arial,Helvetica,sans-serif\">Al cumplimentar la orden de cateo correspondiente, los uniformados localizaron, adem\u00e1s, autopartes de diversos automotores, y dos veh\u00edculos con reporte de robo vigente; el primero marca Nissan, tipo Tsuru, color verde, y una camioneta marca Jeep, tipo Grand Cherokee, color vino, totalmente desvalijada.<\/span><\/span><\/p>\n<p style=\"margin-top:0px;margin-bottom:0px;font-family:Calibri,Arial,Helvetica,sans-serif;font-size:16px;font-style:normal;font-weight:400;letter-spacing:normal;text-indent:0px;text-align:left\">\n<p style=\"margin-top:0px;margin-bottom:0px;font-family:Calibri,Arial,Helvetica,sans-serif;font-size:16px;font-style:normal;font-weight:400;letter-spacing:normal;text-indent:0px;text-align:left\"><span style=\"font-size:14pt;font-family:Arial,Helvetica,sans-serif\"><span style=\"font-family:Arial,Helvetica,sans-serif\">En el lugar se colocaron sellos de clausura, en tanto, se llevan a cabo las indagatorias correspondientes para localizar a los probables responsables.<\/span><\/span><\/p>\n<p style=\"margin-top:0px;margin-bottom:0px;font-family:Calibri,Arial,Helvetica,sans-serif;font-size:16px;font-style:normal;font-weight:400;letter-spacing:normal;text-indent:0px;text-align:left\">\n<p style=\"margin-top:0px;margin-bottom:0px;font-family:Calibri,Arial,Helvetica,sans-serif;font-size:16px;font-style:normal;font-weight:400;letter-spacing:normal;text-indent:0px;text-align:left\"><span style=\"font-size:14pt;font-family:Arial,Helvetica,sans-serif\"><span style=\"font-family:Arial,Helvetica,sans-serif\">La Secretar\u00eda de Seguridad le recuerda que los tel\u00e9fonos de Denuncia An\u00f3nima 0-8-9 y de emergencia 9-1-1 trabajan las 24 horas del d\u00eda; tambi\u00e9n puede contactarnos a trav\u00e9s de nuestras redes sociales: en Facebook @SS.Edomex, y el Twitter @SS_Edomex<\/span><\/span><\/p>\n","protected":false},"excerpt":{"rendered":"<p>Toluca, Estado de M\u00e9xico; 08 de enero de 2019.- Con la implementaci\u00f3n de la Estrategia<\/p>\n","protected":false},"author":1,"featured_media":3164,"comment_status":"open","ping_status":"open","sticky":false,"template":"","format":"standard","meta":{"footnotes":""},"categories":[1],"tags":[],"class_list":["post-3165","post","type-post","status-publish","format-standard","has-post-thumbnail","hentry","category-municipales"],"yoast_head":"<!-- This site is optimized with the Yoast SEO plugin v25.3 - https:\/\/yoast.com\/wordpress\/plugins\/seo\/ -->\n<title>Polic\u00edas estatales recuperan veh\u00edculo robado, y aseguran inmueble que resguardaba autopartes y unidades de dudosa procedencia - Volcanes<\/title>\n<meta name=\"robots\" content=\"index, follow, max-snippet:-1, max-image-preview:large, max-video-preview:-1\" \/>\n<link rel=\"canonical\" href=\"https:\/\/volcanes.net\/?p=3165\" \/>\n<meta property=\"og:locale\" content=\"es_MX\" \/>\n<meta property=\"og:type\" content=\"article\" \/>\n<meta property=\"og:title\" content=\"Polic\u00edas estatales recuperan veh\u00edculo robado, y aseguran inmueble que resguardaba autopartes y unidades de dudosa procedencia - Volcanes\" \/>\n<meta property=\"og:description\" content=\"Toluca, Estado de M\u00e9xico; 08 de enero de 2019.- Con la implementaci\u00f3n de la Estrategia\" \/>\n<meta property=\"og:url\" content=\"https:\/\/volcanes.net\/?p=3165\" \/>\n<meta property=\"og:site_name\" content=\"Volcanes\" \/>\n<meta property=\"article:publisher\" content=\"https:\/\/www.facebook.com\/volcanes.net\/\" \/>\n<meta property=\"article:published_time\" content=\"2019-01-08T17:56:48+00:00\" \/>\n<meta property=\"og:image\" content=\"https:\/\/volcanes.net\/wp-content\/uploads\/2019\/01\/154697007137535.jpeg\" \/>\n\t<meta property=\"og:image:width\" content=\"520\" \/>\n\t<meta property=\"og:image:height\" content=\"292\" \/>\n\t<meta property=\"og:image:type\" content=\"image\/jpeg\" \/>\n<meta name=\"author\" content=\"admin\" \/>\n<meta name=\"twitter:card\" content=\"summary_large_image\" \/>\n<meta name=\"twitter:label1\" content=\"Escrito por\" \/>\n\t<meta name=\"twitter:data1\" content=\"admin\" \/>\n\t<meta name=\"twitter:label2\" content=\"Tiempo de lectura\" \/>\n\t<meta name=\"twitter:data2\" content=\"2 minutos\" \/>\n<script type=\"application\/ld+json\" class=\"yoast-schema-graph\">{\"@context\":\"https:\/\/schema.org\",\"@graph\":[{\"@type\":\"Article\",\"@id\":\"https:\/\/volcanes.net\/?p=3165#article\",\"isPartOf\":{\"@id\":\"https:\/\/volcanes.net\/?p=3165\"},\"author\":{\"name\":\"admin\",\"@id\":\"https:\/\/volcanes.net\/#\/schema\/person\/4bf0f383940966a4abd53f5048c0e6b9\"},\"headline\":\"Polic\u00edas estatales recuperan veh\u00edculo robado, y aseguran inmueble que resguardaba autopartes y unidades de dudosa procedencia\",\"datePublished\":\"2019-01-08T17:56:48+00:00\",\"mainEntityOfPage\":{\"@id\":\"https:\/\/volcanes.net\/?p=3165\"},\"wordCount\":319,\"commentCount\":0,\"publisher\":{\"@id\":\"https:\/\/volcanes.net\/#organization\"},\"image\":{\"@id\":\"https:\/\/volcanes.net\/?p=3165#primaryimage\"},\"thumbnailUrl\":\"https:\/\/volcanes.net\/wp-content\/uploads\/2019\/01\/154697007137535.jpeg\",\"articleSection\":[\"Municipales\"],\"inLanguage\":\"es\",\"potentialAction\":[{\"@type\":\"CommentAction\",\"name\":\"Comment\",\"target\":[\"https:\/\/volcanes.net\/?p=3165#respond\"]}]},{\"@type\":\"WebPage\",\"@id\":\"https:\/\/volcanes.net\/?p=3165\",\"url\":\"https:\/\/volcanes.net\/?p=3165\",\"name\":\"Polic\u00edas estatales recuperan veh\u00edculo robado, y aseguran inmueble que resguardaba autopartes y unidades de dudosa procedencia - Volcanes\",\"isPartOf\":{\"@id\":\"https:\/\/volcanes.net\/#website\"},\"primaryImageOfPage\":{\"@id\":\"https:\/\/volcanes.net\/?p=3165#primaryimage\"},\"image\":{\"@id\":\"https:\/\/volcanes.net\/?p=3165#primaryimage\"},\"thumbnailUrl\":\"https:\/\/volcanes.net\/wp-content\/uploads\/2019\/01\/154697007137535.jpeg\",\"datePublished\":\"2019-01-08T17:56:48+00:00\",\"breadcrumb\":{\"@id\":\"https:\/\/volcanes.net\/?p=3165#breadcrumb\"},\"inLanguage\":\"es\",\"potentialAction\":[{\"@type\":\"ReadAction\",\"target\":[\"https:\/\/volcanes.net\/?p=3165\"]}]},{\"@type\":\"ImageObject\",\"inLanguage\":\"es\",\"@id\":\"https:\/\/volcanes.net\/?p=3165#primaryimage\",\"url\":\"https:\/\/volcanes.net\/wp-content\/uploads\/2019\/01\/154697007137535.jpeg\",\"contentUrl\":\"https:\/\/volcanes.net\/wp-content\/uploads\/2019\/01\/154697007137535.jpeg\",\"width\":520,\"height\":292},{\"@type\":\"BreadcrumbList\",\"@id\":\"https:\/\/volcanes.net\/?p=3165#breadcrumb\",\"itemListElement\":[{\"@type\":\"ListItem\",\"position\":1,\"name\":\"Portada\",\"item\":\"https:\/\/volcanes.net\/\"},{\"@type\":\"ListItem\",\"position\":2,\"name\":\"Polic\u00edas estatales recuperan veh\u00edculo robado, y aseguran inmueble que resguardaba autopartes y unidades de dudosa procedencia\"}]},{\"@type\":\"WebSite\",\"@id\":\"https:\/\/volcanes.net\/#website\",\"url\":\"https:\/\/volcanes.net\/\",\"name\":\"Volcanes.Net\",\"description\":\"Periodismo Profesional\",\"publisher\":{\"@id\":\"https:\/\/volcanes.net\/#organization\"},\"potentialAction\":[{\"@type\":\"SearchAction\",\"target\":{\"@type\":\"EntryPoint\",\"urlTemplate\":\"https:\/\/volcanes.net\/?s={search_term_string}\"},\"query-input\":{\"@type\":\"PropertyValueSpecification\",\"valueRequired\":true,\"valueName\":\"search_term_string\"}}],\"inLanguage\":\"es\"},{\"@type\":\"Organization\",\"@id\":\"https:\/\/volcanes.net\/#organization\",\"name\":\"Grupo Volcanes\",\"url\":\"https:\/\/volcanes.net\/\",\"logo\":{\"@type\":\"ImageObject\",\"inLanguage\":\"es\",\"@id\":\"https:\/\/volcanes.net\/#\/schema\/logo\/image\/\",\"url\":\"http:\/\/volcanes.net\/wp-content\/uploads\/2017\/12\/Avatar2.jpg\",\"contentUrl\":\"http:\/\/volcanes.net\/wp-content\/uploads\/2017\/12\/Avatar2.jpg\",\"width\":378,\"height\":378,\"caption\":\"Grupo Volcanes\"},\"image\":{\"@id\":\"https:\/\/volcanes.net\/#\/schema\/logo\/image\/\"},\"sameAs\":[\"https:\/\/www.facebook.com\/volcanes.net\/\"]},{\"@type\":\"Person\",\"@id\":\"https:\/\/volcanes.net\/#\/schema\/person\/4bf0f383940966a4abd53f5048c0e6b9\",\"name\":\"admin\",\"image\":{\"@type\":\"ImageObject\",\"inLanguage\":\"es\",\"@id\":\"https:\/\/volcanes.net\/#\/schema\/person\/image\/\",\"url\":\"https:\/\/secure.gravatar.com\/avatar\/ca004e6cba8462b8cb7abc86e382930c?s=96&d=mm&r=g\",\"contentUrl\":\"https:\/\/secure.gravatar.com\/avatar\/ca004e6cba8462b8cb7abc86e382930c?s=96&d=mm&r=g\",\"caption\":\"admin\"}}]}<\/script>\n<!-- \/ Yoast SEO plugin. -->","yoast_head_json":{"title":"Polic\u00edas estatales recuperan veh\u00edculo robado, y aseguran inmueble que resguardaba autopartes y unidades de dudosa procedencia - Volcanes","robots":{"index":"index","follow":"follow","max-snippet":"max-snippet:-1","max-image-preview":"max-image-preview:large","max-video-preview":"max-video-preview:-1"},"canonical":"https:\/\/volcanes.net\/?p=3165","og_locale":"es_MX","og_type":"article","og_title":"Polic\u00edas estatales recuperan veh\u00edculo robado, y aseguran inmueble que resguardaba autopartes y unidades de dudosa procedencia - Volcanes","og_description":"Toluca, Estado de M\u00e9xico; 08 de enero de 2019.- Con la implementaci\u00f3n de la Estrategia","og_url":"https:\/\/volcanes.net\/?p=3165","og_site_name":"Volcanes","article_publisher":"https:\/\/www.facebook.com\/volcanes.net\/","article_published_time":"2019-01-08T17:56:48+00:00","og_image":[{"width":520,"height":292,"url":"https:\/\/volcanes.net\/wp-content\/uploads\/2019\/01\/154697007137535.jpeg","type":"image\/jpeg"}],"author":"admin","twitter_card":"summary_large_image","twitter_misc":{"Escrito por":"admin","Tiempo de lectura":"2 minutos"},"schema":{"@context":"https:\/\/schema.org","@graph":[{"@type":"Article","@id":"https:\/\/volcanes.net\/?p=3165#article","isPartOf":{"@id":"https:\/\/volcanes.net\/?p=3165"},"author":{"name":"admin","@id":"https:\/\/volcanes.net\/#\/schema\/person\/4bf0f383940966a4abd53f5048c0e6b9"},"headline":"Polic\u00edas estatales recuperan veh\u00edculo robado, y aseguran inmueble que resguardaba autopartes y unidades de dudosa procedencia","datePublished":"2019-01-08T17:56:48+00:00","mainEntityOfPage":{"@id":"https:\/\/volcanes.net\/?p=3165"},"wordCount":319,"commentCount":0,"publisher":{"@id":"https:\/\/volcanes.net\/#organization"},"image":{"@id":"https:\/\/volcanes.net\/?p=3165#primaryimage"},"thumbnailUrl":"https:\/\/volcanes.net\/wp-content\/uploads\/2019\/01\/154697007137535.jpeg","articleSection":["Municipales"],"inLanguage":"es","potentialAction":[{"@type":"CommentAction","name":"Comment","target":["https:\/\/volcanes.net\/?p=3165#respond"]}]},{"@type":"WebPage","@id":"https:\/\/volcanes.net\/?p=3165","url":"https:\/\/volcanes.net\/?p=3165","name":"Polic\u00edas estatales recuperan veh\u00edculo robado, y aseguran inmueble que resguardaba autopartes y unidades de dudosa procedencia - Volcanes","isPartOf":{"@id":"https:\/\/volcanes.net\/#website"},"primaryImageOfPage":{"@id":"https:\/\/volcanes.net\/?p=3165#primaryimage"},"image":{"@id":"https:\/\/volcanes.net\/?p=3165#primaryimage"},"thumbnailUrl":"https:\/\/volcanes.net\/wp-content\/uploads\/2019\/01\/154697007137535.jpeg","datePublished":"2019-01-08T17:56:48+00:00","breadcrumb":{"@id":"https:\/\/volcanes.net\/?p=3165#breadcrumb"},"inLanguage":"es","potentialAction":[{"@type":"ReadAction","target":["https:\/\/volcanes.net\/?p=3165"]}]},{"@type":"ImageObject","inLanguage":"es","@id":"https:\/\/volcanes.net\/?p=3165#primaryimage","url":"https:\/\/volcanes.net\/wp-content\/uploads\/2019\/01\/154697007137535.jpeg","contentUrl":"https:\/\/volcanes.net\/wp-content\/uploads\/2019\/01\/154697007137535.jpeg","width":520,"height":292},{"@type":"BreadcrumbList","@id":"https:\/\/volcanes.net\/?p=3165#breadcrumb","itemListElement":[{"@type":"ListItem","position":1,"name":"Portada","item":"https:\/\/volcanes.net\/"},{"@type":"ListItem","position":2,"name":"Polic\u00edas estatales recuperan veh\u00edculo robado, y aseguran inmueble que resguardaba autopartes y unidades de dudosa procedencia"}]},{"@type":"WebSite","@id":"https:\/\/volcanes.net\/#website","url":"https:\/\/volcanes.net\/","name":"Volcanes.Net","description":"Periodismo Profesional","publisher":{"@id":"https:\/\/volcanes.net\/#organization"},"potentialAction":[{"@type":"SearchAction","target":{"@type":"EntryPoint","urlTemplate":"https:\/\/volcanes.net\/?s={search_term_string}"},"query-input":{"@type":"PropertyValueSpecification","valueRequired":true,"valueName":"search_term_string"}}],"inLanguage":"es"},{"@type":"Organization","@id":"https:\/\/volcanes.net\/#organization","name":"Grupo Volcanes","url":"https:\/\/volcanes.net\/","logo":{"@type":"ImageObject","inLanguage":"es","@id":"https:\/\/volcanes.net\/#\/schema\/logo\/image\/","url":"http:\/\/volcanes.net\/wp-content\/uploads\/2017\/12\/Avatar2.jpg","contentUrl":"http:\/\/volcanes.net\/wp-content\/uploads\/2017\/12\/Avatar2.jpg","width":378,"height":378,"caption":"Grupo Volcanes"},"image":{"@id":"https:\/\/volcanes.net\/#\/schema\/logo\/image\/"},"sameAs":["https:\/\/www.facebook.com\/volcanes.net\/"]},{"@type":"Person","@id":"https:\/\/volcanes.net\/#\/schema\/person\/4bf0f383940966a4abd53f5048c0e6b9","name":"admin","image":{"@type":"ImageObject","inLanguage":"es","@id":"https:\/\/volcanes.net\/#\/schema\/person\/image\/","url":"https:\/\/secure.gravatar.com\/avatar\/ca004e6cba8462b8cb7abc86e382930c?s=96&d=mm&r=g","contentUrl":"https:\/\/secure.gravatar.com\/avatar\/ca004e6cba8462b8cb7abc86e382930c?s=96&d=mm&r=g","caption":"admin"}}]}},"_links":{"self":[{"href":"https:\/\/volcanes.net\/index.php?rest_route=\/wp\/v2\/posts\/3165"}],"collection":[{"href":"https:\/\/volcanes.net\/index.php?rest_route=\/wp\/v2\/posts"}],"about":[{"href":"https:\/\/volcanes.net\/index.php?rest_route=\/wp\/v2\/types\/post"}],"author":[{"embeddable":true,"href":"https:\/\/volcanes.net\/index.php?rest_route=\/wp\/v2\/users\/1"}],"replies":[{"embeddable":true,"href":"https:\/\/volcanes.net\/index.php?rest_route=%2Fwp%2Fv2%2Fcomments&post=3165"}],"version-history":[{"count":1,"href":"https:\/\/volcanes.net\/index.php?rest_route=\/wp\/v2\/posts\/3165\/revisions"}],"predecessor-version":[{"id":3166,"href":"https:\/\/volcanes.net\/index.php?rest_route=\/wp\/v2\/posts\/3165\/revisions\/3166"}],"wp:featuredmedia":[{"embeddable":true,"href":"https:\/\/volcanes.net\/index.php?rest_route=\/wp\/v2\/media\/3164"}],"wp:attachment":[{"href":"https:\/\/volcanes.net\/index.php?rest_route=%2Fwp%2Fv2%2Fmedia&parent=3165"}],"wp:term":[{"taxonomy":"category","embeddable":true,"href":"https:\/\/volcanes.net\/index.php?rest_route=%2Fwp%2Fv2%2Fcategories&post=3165"},{"taxonomy":"post_tag","embeddable":true,"href":"https:\/\/volcanes.net\/index.php?rest_route=%2Fwp%2Fv2%2Ftags&post=3165"}],"curies":[{"name":"wp","href":"https:\/\/api.w.org\/{rel}","templated":true}]}}