{"id":3210,"date":"2019-01-10T02:01:45","date_gmt":"2019-01-10T02:01:45","guid":{"rendered":"http:\/\/volcanes.net\/?p=3210"},"modified":"2019-01-10T02:01:45","modified_gmt":"2019-01-10T02:01:45","slug":"llama-gobernador-a-iniciativa-privada-a-blindar-a-jalisco-ante-decisiones-nacionales","status":"publish","type":"post","link":"https:\/\/volcanes.net\/?p=3210","title":{"rendered":"Llama Gobernador a iniciativa privada a blindar a Jalisco ante decisiones nacionales"},"content":{"rendered":"<div style=\"margin-top: 0px; margin-bottom: 0px;\" class=\"sharethis-inline-share-buttons\" ><\/div><p>&#8211; Enrique Alfaro pide a empresarios poner a Jalisco como ejemplo nacional para defender la dignidad de la naci\u00f3n<br \/>\n&#8211; Instala EAR Consejo Consultivo para la Innovaci\u00f3n Crecimiento y Desarrollo Sostenible denominado Coincydes, nombra a C\u00e9sar de Anda Molina como titular del organismo<\/p>\n<p>El Gobernador del Estado de Jalisco, Enrique Alfaro, hizo un llamado a los organismos empresariales de Jalisco para sacar adelante al estado ante las medidas y recientes decisiones que est\u00e1 tomando el Gobierno Federal a nivel nacional, esto en el marco de la instalaci\u00f3n del Consejo Consultivo para la Innovaci\u00f3n Crecimiento y Desarrollo Sostenible (Coincydes), al cual el mandatario exhort\u00f3 a que este espacio sea un altavoz para defender los intereses de la entidad y blindarla ante cualquier escenario que se vive a nivel nacional, ya que lo que est\u00e1 pasando en M\u00e9xico le est\u00e1 pegando directamente a Jalisco.<\/p>\n<p>\u201cLo tengo que decir as\u00ed de claro: yo no puedo solo, yo no puedo estar levantando la voz, defendiendo lo que yo considero que es el inter\u00e9s de nuestro estado si esa agenda de trabajo, si esos temas que estamos poniendo sobre la mesa no los conoce el sector privado, quienes se encargan de generar condiciones para que nuestra econom\u00eda se mueva. Eso es lo que quiero que sea una de las tareas centrales de este consejo, un espacio para poder explicar, informar, para poder darles elementos a ustedes que les permitan como empresarios, como l\u00edderes de opini\u00f3n a ayudarnos a que Jalisco primero tome conciencia de lo que est\u00e1 pasando, y segundo, ponga un ejemplo a nivel nacional de que desde este estado se va a defender tambi\u00e9n la dignidad de la naci\u00f3n\u201d.<\/p>\n<p>El mandatario jalisciense manifest\u00f3 que las malas acciones del pasado provocaron un divorcio en la relaci\u00f3n entre el gobierno y el sector privado, por lo que invit\u00f3 a empresarios se puedan subir nuevamente a la mesa que abandonaron en su momento por la falta de confianza con las autoridades de Jalisco.<\/p>\n<p>\u201cQuiero que desde este espacio los empresarios de Jalisco no solamente vayan a poner los temas que traen en la agenda y que son por supuesto importantes, sino que adem\u00e1s los empresarios de Jalisco conozcan y sepan lo que est\u00e1 pasando en la agenda p\u00fablica, que entendamos y comprendamos lo que pasa en Jalisco. Tener este espacio nos va a permitir tomar juntos decisiones fundamentales. Vivimos un momento sumamente complejo, vivimos un escenario por lo que est\u00e1 pasando a nivel nacional que nos va a poner a prueba a todos. Lo que queremos es que este consejo pueda servir de manera efectiva como un espacio en el cual podamos construir los acuerdos fundamentales para, as\u00ed como suena, as\u00ed de claro, para blindar a Jalisco ante cualquier escenario que se venga a nivel nacional\u201d, agreg\u00f3.<\/p>\n<p>Este organismo est\u00e1 integrado por l\u00edderes empresariales de Jalisco, con la capacidad econ\u00f3mica y solvencia moral para apoyar proyectos de transformaci\u00f3n en el estado. Entre sus principales atribuciones se encuentra la elaboraci\u00f3n de propuestas de acciones o proyectos y contribuir\u00e1 a dar retroalimentaci\u00f3n en torno al trabajo que llevar\u00e1 a cabo el Gobierno de Jalisco.<\/p>\n<p>Al respecto, Enrique Alfaro se\u00f1al\u00f3 los siete ejes en el que se enfocar\u00e1 la agenda de Desarrollo Econ\u00f3mico de Jalisco: garantizar el estado de derecho; agenda de renovaci\u00f3n de la infraestructura p\u00fablica que impulse la competitividad de las cadenas productivas; desarrollo regional equilibrado y fortalecimiento del mercado interno; pol\u00edtica agresiva de atracci\u00f3n de inversiones; la integraci\u00f3n del sector laboral a la estrategia de desarrollo; compromiso s\u00f3lido con el fortalecimiento de las micro, peque\u00f1as y medianas empresas y apalancar la competitiva de las empresas mediante la innovaci\u00f3n, la ciencia y la tecnolog\u00eda.<\/p>\n<p>\u201cNo podemos hacerlo en un ejercicio unilateral, donde desde el gobierno se quiera imponer la verdad al sector privado. Nosotros valoramos y reconocemos enormemente la aportaci\u00f3n, el compromiso y el trabajo de los organismos empresariales, con ellos tenemos una agenda no de ahorita, sino desde hace tiempo\u201d, dijo.<\/p>\n<p>Para coordinar el organismo, el Gobernador del Estado propuso a C\u00e9sar de Anda Molina, empresario de reconocida trayectoria y experiencia, quien convocar\u00e1 a la conformaci\u00f3n del primer Comit\u00e9 Directivo.<\/p>\n<p>El Consejo Consultivo operar\u00e1 con un Comit\u00e9 Directivo del que se podr\u00e1n derivar Comit\u00e9s Sectoriales y Territoriales conforme sea necesario y ser\u00e1 autofinanciado a trav\u00e9s de la participaci\u00f3n de sus integrantes.<\/p>\n","protected":false},"excerpt":{"rendered":"<p>&#8211; Enrique Alfaro pide a empresarios poner a Jalisco como ejemplo nacional para defender la<\/p>\n","protected":false},"author":1,"featured_media":3211,"comment_status":"open","ping_status":"open","sticky":false,"template":"","format":"standard","meta":{"footnotes":""},"categories":[1],"tags":[205],"class_list":["post-3210","post","type-post","status-publish","format-standard","has-post-thumbnail","hentry","category-municipales","tag-jalisco"],"yoast_head":"<!-- This site is optimized with the Yoast SEO plugin v25.3 - https:\/\/yoast.com\/wordpress\/plugins\/seo\/ -->\n<title>Llama Gobernador a iniciativa privada a blindar a Jalisco ante decisiones nacionales - Volcanes<\/title>\n<meta name=\"robots\" content=\"index, follow, max-snippet:-1, max-image-preview:large, max-video-preview:-1\" \/>\n<link rel=\"canonical\" href=\"https:\/\/volcanes.net\/?p=3210\" \/>\n<meta property=\"og:locale\" content=\"es_MX\" \/>\n<meta property=\"og:type\" content=\"article\" \/>\n<meta property=\"og:title\" content=\"Llama Gobernador a iniciativa privada a blindar a Jalisco ante decisiones nacionales - Volcanes\" \/>\n<meta property=\"og:description\" content=\"&#8211; Enrique Alfaro pide a empresarios poner a Jalisco como ejemplo nacional para defender la\" \/>\n<meta property=\"og:url\" content=\"https:\/\/volcanes.net\/?p=3210\" \/>\n<meta property=\"og:site_name\" content=\"Volcanes\" \/>\n<meta property=\"article:publisher\" content=\"https:\/\/www.facebook.com\/volcanes.net\/\" \/>\n<meta property=\"article:published_time\" content=\"2019-01-10T02:01:45+00:00\" \/>\n<meta property=\"og:image\" content=\"https:\/\/volcanes.net\/wp-content\/uploads\/2019\/01\/WhatsApp-Image-2019-01-09-at-4.00.39-PM-e1547085677119.jpeg\" \/>\n\t<meta property=\"og:image:width\" content=\"500\" \/>\n\t<meta property=\"og:image:height\" content=\"334\" \/>\n\t<meta property=\"og:image:type\" content=\"image\/jpeg\" \/>\n<meta name=\"author\" content=\"admin\" \/>\n<meta name=\"twitter:card\" content=\"summary_large_image\" \/>\n<meta name=\"twitter:label1\" content=\"Escrito por\" \/>\n\t<meta name=\"twitter:data1\" content=\"admin\" \/>\n\t<meta name=\"twitter:label2\" content=\"Tiempo de lectura\" \/>\n\t<meta name=\"twitter:data2\" content=\"4 minutos\" \/>\n<script type=\"application\/ld+json\" class=\"yoast-schema-graph\">{\"@context\":\"https:\/\/schema.org\",\"@graph\":[{\"@type\":\"Article\",\"@id\":\"https:\/\/volcanes.net\/?p=3210#article\",\"isPartOf\":{\"@id\":\"https:\/\/volcanes.net\/?p=3210\"},\"author\":{\"name\":\"admin\",\"@id\":\"https:\/\/volcanes.net\/#\/schema\/person\/4bf0f383940966a4abd53f5048c0e6b9\"},\"headline\":\"Llama Gobernador a iniciativa privada a blindar a Jalisco ante decisiones nacionales\",\"datePublished\":\"2019-01-10T02:01:45+00:00\",\"mainEntityOfPage\":{\"@id\":\"https:\/\/volcanes.net\/?p=3210\"},\"wordCount\":765,\"commentCount\":0,\"publisher\":{\"@id\":\"https:\/\/volcanes.net\/#organization\"},\"image\":{\"@id\":\"https:\/\/volcanes.net\/?p=3210#primaryimage\"},\"thumbnailUrl\":\"https:\/\/volcanes.net\/wp-content\/uploads\/2019\/01\/WhatsApp-Image-2019-01-09-at-4.00.39-PM-e1547085677119.jpeg\",\"keywords\":[\"Jalisco\"],\"articleSection\":[\"Municipales\"],\"inLanguage\":\"es\",\"potentialAction\":[{\"@type\":\"CommentAction\",\"name\":\"Comment\",\"target\":[\"https:\/\/volcanes.net\/?p=3210#respond\"]}]},{\"@type\":\"WebPage\",\"@id\":\"https:\/\/volcanes.net\/?p=3210\",\"url\":\"https:\/\/volcanes.net\/?p=3210\",\"name\":\"Llama Gobernador a iniciativa privada a blindar a Jalisco ante decisiones nacionales - Volcanes\",\"isPartOf\":{\"@id\":\"https:\/\/volcanes.net\/#website\"},\"primaryImageOfPage\":{\"@id\":\"https:\/\/volcanes.net\/?p=3210#primaryimage\"},\"image\":{\"@id\":\"https:\/\/volcanes.net\/?p=3210#primaryimage\"},\"thumbnailUrl\":\"https:\/\/volcanes.net\/wp-content\/uploads\/2019\/01\/WhatsApp-Image-2019-01-09-at-4.00.39-PM-e1547085677119.jpeg\",\"datePublished\":\"2019-01-10T02:01:45+00:00\",\"breadcrumb\":{\"@id\":\"https:\/\/volcanes.net\/?p=3210#breadcrumb\"},\"inLanguage\":\"es\",\"potentialAction\":[{\"@type\":\"ReadAction\",\"target\":[\"https:\/\/volcanes.net\/?p=3210\"]}]},{\"@type\":\"ImageObject\",\"inLanguage\":\"es\",\"@id\":\"https:\/\/volcanes.net\/?p=3210#primaryimage\",\"url\":\"https:\/\/volcanes.net\/wp-content\/uploads\/2019\/01\/WhatsApp-Image-2019-01-09-at-4.00.39-PM-e1547085677119.jpeg\",\"contentUrl\":\"https:\/\/volcanes.net\/wp-content\/uploads\/2019\/01\/WhatsApp-Image-2019-01-09-at-4.00.39-PM-e1547085677119.jpeg\",\"width\":500,\"height\":334},{\"@type\":\"BreadcrumbList\",\"@id\":\"https:\/\/volcanes.net\/?p=3210#breadcrumb\",\"itemListElement\":[{\"@type\":\"ListItem\",\"position\":1,\"name\":\"Portada\",\"item\":\"https:\/\/volcanes.net\/\"},{\"@type\":\"ListItem\",\"position\":2,\"name\":\"Llama Gobernador a iniciativa privada a blindar a Jalisco ante decisiones nacionales\"}]},{\"@type\":\"WebSite\",\"@id\":\"https:\/\/volcanes.net\/#website\",\"url\":\"https:\/\/volcanes.net\/\",\"name\":\"Volcanes.Net\",\"description\":\"Periodismo Profesional\",\"publisher\":{\"@id\":\"https:\/\/volcanes.net\/#organization\"},\"potentialAction\":[{\"@type\":\"SearchAction\",\"target\":{\"@type\":\"EntryPoint\",\"urlTemplate\":\"https:\/\/volcanes.net\/?s={search_term_string}\"},\"query-input\":{\"@type\":\"PropertyValueSpecification\",\"valueRequired\":true,\"valueName\":\"search_term_string\"}}],\"inLanguage\":\"es\"},{\"@type\":\"Organization\",\"@id\":\"https:\/\/volcanes.net\/#organization\",\"name\":\"Grupo Volcanes\",\"url\":\"https:\/\/volcanes.net\/\",\"logo\":{\"@type\":\"ImageObject\",\"inLanguage\":\"es\",\"@id\":\"https:\/\/volcanes.net\/#\/schema\/logo\/image\/\",\"url\":\"http:\/\/volcanes.net\/wp-content\/uploads\/2017\/12\/Avatar2.jpg\",\"contentUrl\":\"http:\/\/volcanes.net\/wp-content\/uploads\/2017\/12\/Avatar2.jpg\",\"width\":378,\"height\":378,\"caption\":\"Grupo Volcanes\"},\"image\":{\"@id\":\"https:\/\/volcanes.net\/#\/schema\/logo\/image\/\"},\"sameAs\":[\"https:\/\/www.facebook.com\/volcanes.net\/\"]},{\"@type\":\"Person\",\"@id\":\"https:\/\/volcanes.net\/#\/schema\/person\/4bf0f383940966a4abd53f5048c0e6b9\",\"name\":\"admin\",\"image\":{\"@type\":\"ImageObject\",\"inLanguage\":\"es\",\"@id\":\"https:\/\/volcanes.net\/#\/schema\/person\/image\/\",\"url\":\"https:\/\/secure.gravatar.com\/avatar\/ca004e6cba8462b8cb7abc86e382930c?s=96&d=mm&r=g\",\"contentUrl\":\"https:\/\/secure.gravatar.com\/avatar\/ca004e6cba8462b8cb7abc86e382930c?s=96&d=mm&r=g\",\"caption\":\"admin\"}}]}<\/script>\n<!-- \/ Yoast SEO plugin. -->","yoast_head_json":{"title":"Llama Gobernador a iniciativa privada a blindar a Jalisco ante decisiones nacionales - Volcanes","robots":{"index":"index","follow":"follow","max-snippet":"max-snippet:-1","max-image-preview":"max-image-preview:large","max-video-preview":"max-video-preview:-1"},"canonical":"https:\/\/volcanes.net\/?p=3210","og_locale":"es_MX","og_type":"article","og_title":"Llama Gobernador a iniciativa privada a blindar a Jalisco ante decisiones nacionales - Volcanes","og_description":"&#8211; Enrique Alfaro pide a empresarios poner a Jalisco como ejemplo nacional para defender la","og_url":"https:\/\/volcanes.net\/?p=3210","og_site_name":"Volcanes","article_publisher":"https:\/\/www.facebook.com\/volcanes.net\/","article_published_time":"2019-01-10T02:01:45+00:00","og_image":[{"width":500,"height":334,"url":"https:\/\/volcanes.net\/wp-content\/uploads\/2019\/01\/WhatsApp-Image-2019-01-09-at-4.00.39-PM-e1547085677119.jpeg","type":"image\/jpeg"}],"author":"admin","twitter_card":"summary_large_image","twitter_misc":{"Escrito por":"admin","Tiempo de lectura":"4 minutos"},"schema":{"@context":"https:\/\/schema.org","@graph":[{"@type":"Article","@id":"https:\/\/volcanes.net\/?p=3210#article","isPartOf":{"@id":"https:\/\/volcanes.net\/?p=3210"},"author":{"name":"admin","@id":"https:\/\/volcanes.net\/#\/schema\/person\/4bf0f383940966a4abd53f5048c0e6b9"},"headline":"Llama Gobernador a iniciativa privada a blindar a Jalisco ante decisiones nacionales","datePublished":"2019-01-10T02:01:45+00:00","mainEntityOfPage":{"@id":"https:\/\/volcanes.net\/?p=3210"},"wordCount":765,"commentCount":0,"publisher":{"@id":"https:\/\/volcanes.net\/#organization"},"image":{"@id":"https:\/\/volcanes.net\/?p=3210#primaryimage"},"thumbnailUrl":"https:\/\/volcanes.net\/wp-content\/uploads\/2019\/01\/WhatsApp-Image-2019-01-09-at-4.00.39-PM-e1547085677119.jpeg","keywords":["Jalisco"],"articleSection":["Municipales"],"inLanguage":"es","potentialAction":[{"@type":"CommentAction","name":"Comment","target":["https:\/\/volcanes.net\/?p=3210#respond"]}]},{"@type":"WebPage","@id":"https:\/\/volcanes.net\/?p=3210","url":"https:\/\/volcanes.net\/?p=3210","name":"Llama Gobernador a iniciativa privada a blindar a Jalisco ante decisiones nacionales - Volcanes","isPartOf":{"@id":"https:\/\/volcanes.net\/#website"},"primaryImageOfPage":{"@id":"https:\/\/volcanes.net\/?p=3210#primaryimage"},"image":{"@id":"https:\/\/volcanes.net\/?p=3210#primaryimage"},"thumbnailUrl":"https:\/\/volcanes.net\/wp-content\/uploads\/2019\/01\/WhatsApp-Image-2019-01-09-at-4.00.39-PM-e1547085677119.jpeg","datePublished":"2019-01-10T02:01:45+00:00","breadcrumb":{"@id":"https:\/\/volcanes.net\/?p=3210#breadcrumb"},"inLanguage":"es","potentialAction":[{"@type":"ReadAction","target":["https:\/\/volcanes.net\/?p=3210"]}]},{"@type":"ImageObject","inLanguage":"es","@id":"https:\/\/volcanes.net\/?p=3210#primaryimage","url":"https:\/\/volcanes.net\/wp-content\/uploads\/2019\/01\/WhatsApp-Image-2019-01-09-at-4.00.39-PM-e1547085677119.jpeg","contentUrl":"https:\/\/volcanes.net\/wp-content\/uploads\/2019\/01\/WhatsApp-Image-2019-01-09-at-4.00.39-PM-e1547085677119.jpeg","width":500,"height":334},{"@type":"BreadcrumbList","@id":"https:\/\/volcanes.net\/?p=3210#breadcrumb","itemListElement":[{"@type":"ListItem","position":1,"name":"Portada","item":"https:\/\/volcanes.net\/"},{"@type":"ListItem","position":2,"name":"Llama Gobernador a iniciativa privada a blindar a Jalisco ante decisiones nacionales"}]},{"@type":"WebSite","@id":"https:\/\/volcanes.net\/#website","url":"https:\/\/volcanes.net\/","name":"Volcanes.Net","description":"Periodismo Profesional","publisher":{"@id":"https:\/\/volcanes.net\/#organization"},"potentialAction":[{"@type":"SearchAction","target":{"@type":"EntryPoint","urlTemplate":"https:\/\/volcanes.net\/?s={search_term_string}"},"query-input":{"@type":"PropertyValueSpecification","valueRequired":true,"valueName":"search_term_string"}}],"inLanguage":"es"},{"@type":"Organization","@id":"https:\/\/volcanes.net\/#organization","name":"Grupo Volcanes","url":"https:\/\/volcanes.net\/","logo":{"@type":"ImageObject","inLanguage":"es","@id":"https:\/\/volcanes.net\/#\/schema\/logo\/image\/","url":"http:\/\/volcanes.net\/wp-content\/uploads\/2017\/12\/Avatar2.jpg","contentUrl":"http:\/\/volcanes.net\/wp-content\/uploads\/2017\/12\/Avatar2.jpg","width":378,"height":378,"caption":"Grupo Volcanes"},"image":{"@id":"https:\/\/volcanes.net\/#\/schema\/logo\/image\/"},"sameAs":["https:\/\/www.facebook.com\/volcanes.net\/"]},{"@type":"Person","@id":"https:\/\/volcanes.net\/#\/schema\/person\/4bf0f383940966a4abd53f5048c0e6b9","name":"admin","image":{"@type":"ImageObject","inLanguage":"es","@id":"https:\/\/volcanes.net\/#\/schema\/person\/image\/","url":"https:\/\/secure.gravatar.com\/avatar\/ca004e6cba8462b8cb7abc86e382930c?s=96&d=mm&r=g","contentUrl":"https:\/\/secure.gravatar.com\/avatar\/ca004e6cba8462b8cb7abc86e382930c?s=96&d=mm&r=g","caption":"admin"}}]}},"_links":{"self":[{"href":"https:\/\/volcanes.net\/index.php?rest_route=\/wp\/v2\/posts\/3210"}],"collection":[{"href":"https:\/\/volcanes.net\/index.php?rest_route=\/wp\/v2\/posts"}],"about":[{"href":"https:\/\/volcanes.net\/index.php?rest_route=\/wp\/v2\/types\/post"}],"author":[{"embeddable":true,"href":"https:\/\/volcanes.net\/index.php?rest_route=\/wp\/v2\/users\/1"}],"replies":[{"embeddable":true,"href":"https:\/\/volcanes.net\/index.php?rest_route=%2Fwp%2Fv2%2Fcomments&post=3210"}],"version-history":[{"count":1,"href":"https:\/\/volcanes.net\/index.php?rest_route=\/wp\/v2\/posts\/3210\/revisions"}],"predecessor-version":[{"id":3212,"href":"https:\/\/volcanes.net\/index.php?rest_route=\/wp\/v2\/posts\/3210\/revisions\/3212"}],"wp:featuredmedia":[{"embeddable":true,"href":"https:\/\/volcanes.net\/index.php?rest_route=\/wp\/v2\/media\/3211"}],"wp:attachment":[{"href":"https:\/\/volcanes.net\/index.php?rest_route=%2Fwp%2Fv2%2Fmedia&parent=3210"}],"wp:term":[{"taxonomy":"category","embeddable":true,"href":"https:\/\/volcanes.net\/index.php?rest_route=%2Fwp%2Fv2%2Fcategories&post=3210"},{"taxonomy":"post_tag","embeddable":true,"href":"https:\/\/volcanes.net\/index.php?rest_route=%2Fwp%2Fv2%2Ftags&post=3210"}],"curies":[{"name":"wp","href":"https:\/\/api.w.org\/{rel}","templated":true}]}}