{"id":3222,"date":"2019-01-10T03:44:39","date_gmt":"2019-01-10T03:44:39","guid":{"rendered":"http:\/\/volcanes.net\/?p=3222"},"modified":"2019-01-10T03:44:39","modified_gmt":"2019-01-10T03:44:39","slug":"caceca-reacredito-programa-academico-de-uaem","status":"publish","type":"post","link":"https:\/\/volcanes.net\/?p=3222","title":{"rendered":"CACECA reacredit\u00f3 programa acad\u00e9mico de UAEM"},"content":{"rendered":"<div style=\"margin-top: 0px; margin-bottom: 0px;\" class=\"sharethis-inline-share-buttons\" ><\/div><p align=\"center\" class=\"MsoNormal\" style=\"font-style:normal;font-weight:400;letter-spacing:normal;text-indent:0px;font-size:12pt;font-family:Calibri,sans-serif;text-align:center\"><span lang=\"ES-TRAD\" style=\"font-size:11pt;font-family:Symbol\">\u00b7<span style=\"font-size:7pt;line-height:normal;font-family:\">        <span> <\/span><\/span><\/span><span lang=\"ES-TRAD\" style=\"font-size:11pt;font-family:Arial,sans-serif\"><i>El Centro Universitario UAEM Valle de Teotihuac\u00e1n logr\u00f3 la segunda reacreditaci\u00f3n para el programa de la Licenciatura en Contadur\u00eda.<\/i><\/span><span lang=\"ES-TRAD\" style=\"font-size:11pt;font-family:Arial,sans-serif\"><i><\/i><\/span><\/p>\n<p class=\"m_-8645475431861913388gmail-MsoListParagraphCxSpLast\" style=\"font-style:normal;font-weight:400;letter-spacing:normal;text-indent:0px;font-size:12pt;font-family:Calibri,sans-serif;text-align:left\"><span lang=\"ES-TRAD\" style=\"font-family:Arial,sans-serif;color:black\"> <\/span><\/p>\n<p class=\"MsoNormal\" style=\"font-style:normal;font-weight:400;letter-spacing:normal;text-indent:0px;font-size:12pt;font-family:Calibri,sans-serif;text-align:left\"><span lang=\"ES-MX\" style=\"font-family:Arial,sans-serif\"><b>Axapusco, M\u00e9x. \u2013 09 de enero de 2019.<\/b><\/span><span lang=\"ES-MX\" style=\"font-family:Arial,sans-serif\"><span> <\/span><\/span><span lang=\"ES-MX\" style=\"font-family:Arial,sans-serif\">La Licenciatura en Contadur\u00eda del Centro Universitario Valle de Teotihuac\u00e1n de la Universidad Aut\u00f3noma del Estado de M\u00e9xico fue reacreditada por el<span> <\/span><\/span><span lang=\"ES-MX\" style=\"font-family:Arial,sans-serif\">Consejo de Acreditaci\u00f3n en Ciencias Administrativas, Contables y Afines (CACECA)<\/span><span lang=\"ES-MX\" style=\"font-family:Arial,sans-serif\">.<\/span><\/p>\n<p class=\"MsoNormal\" style=\"font-style:normal;font-weight:400;letter-spacing:normal;margin:0cm0cm0.0001pt;font-size:12pt;font-family:Calibri,sans-serif;text-align:left\"><span lang=\"ES-MX\" style=\"font-family:Arial,sans-serif\">La directora de este organismo acad\u00e9mico universitario, Norma Gonz\u00e1lez Corona, precis\u00f3 que la acreditaci\u00f3n tiene una vigencia de cinco a\u00f1os. \u201cEn 2006 los Comit\u00e9s Interinstitucionales para la Evaluaci\u00f3n de la Educaci\u00f3n Superior (CIEES) reconocieron la calidad de este programa acad\u00e9mico, acreditado en 2008 por CACECA y reacreditado por primera vez en 2013\u201d.<\/span><\/p>\n<p class=\"MsoNormal\" style=\"font-style:normal;font-weight:400;letter-spacing:normal;margin:0cm0cm0.0001pt;font-size:12pt;font-family:Calibri,sans-serif;text-align:left\"><span lang=\"ES-MX\" style=\"font-family:Arial,sans-serif\">La instancia acreditadora, refiri\u00f3, evalu\u00f3 el plan de estudios, el equipamiento, la calidad del personal docente, el nivel acad\u00e9mico de los alumnos, as\u00ed como el trabajo de investigaci\u00f3n, la vinculaci\u00f3n y extensi\u00f3n de este espacio universitario.<\/span><\/p>\n<p class=\"MsoNormal\" style=\"font-style:normal;font-weight:400;letter-spacing:normal;margin:0cm0cm0.0001pt;font-size:12pt;font-family:Calibri,sans-serif;text-align:left\"><span lang=\"ES-MX\" style=\"font-family:Arial,sans-serif\">Norma Gonz\u00e1lez Corona destac\u00f3 que todos los programas acad\u00e9micos del Centro Universitario UAEM Valle de Teotihuac\u00e1n est\u00e1n acreditados. \u201cOtorgamos educaci\u00f3n de calidad a todos los j\u00f3venes que realizan estudios en este campus de la Aut\u00f3noma mexiquense\u201d.<\/span><\/p>\n<p class=\"MsoNormal\" style=\"font-style:normal;font-weight:400;letter-spacing:normal;margin:0cm0cm0.0001pt;font-size:12pt;font-family:Calibri,sans-serif;text-align:left\"><span lang=\"ES-MX\" style=\"font-family:Arial,sans-serif\">En la actualidad, detall\u00f3, la matr\u00edcula asciende a los 177 estudiantes y los egresados de este campus se insertan en instancias p\u00fablicas y despachos contables privados, lo cual robustece la vinculaci\u00f3n de la UAEM con el sector productivo.<\/span><\/p>\n<p class=\"MsoNormal\" style=\"font-style:normal;font-weight:400;letter-spacing:normal;margin:0cm0cm0.0001pt;font-size:12pt;font-family:Calibri,sans-serif;text-align:left\"><span lang=\"ES-MX\" style=\"font-family:Arial,sans-serif\">Abund\u00f3 que la Licenciatura en Contadur\u00eda cuenta con un cuerpo acad\u00e9mico registrado ante la Secretar\u00eda de Educaci\u00f3n P\u00fablica y una plantilla de 25 profesores, de los cuales, ocho tienen estudios de doctorado y cinco de maestr\u00eda.<\/span><\/p>\n<p class=\"MsoNormal\" style=\"font-style:normal;font-weight:400;letter-spacing:normal;margin:0cm0cm0.0001pt;font-size:12pt;font-family:Calibri,sans-serif;text-align:left\"><span lang=\"ES-MX\" style=\"font-family:Arial,sans-serif\">Finalmente, Norma Gonz\u00e1lez Corona indic\u00f3 que la acreditaci\u00f3n de CACECA refrenda la calidad educativa de la m\u00e1xima casa de estudios mexiquense en los \u00e1mbitos nacional e internacional.<\/span><\/p>\n","protected":false},"excerpt":{"rendered":"<p>\u00b7 El Centro Universitario UAEM Valle de Teotihuac\u00e1n logr\u00f3 la segunda reacreditaci\u00f3n para el programa<\/p>\n","protected":false},"author":1,"featured_media":3221,"comment_status":"open","ping_status":"open","sticky":false,"template":"","format":"standard","meta":{"footnotes":""},"categories":[3],"tags":[25],"class_list":["post-3222","post","type-post","status-publish","format-standard","has-post-thumbnail","hentry","category-estatales","tag-uaem"],"yoast_head":"<!-- This site is optimized with the Yoast SEO plugin v25.3 - https:\/\/yoast.com\/wordpress\/plugins\/seo\/ -->\n<title>CACECA reacredit\u00f3 programa acad\u00e9mico de UAEM - Volcanes<\/title>\n<meta name=\"robots\" content=\"index, follow, max-snippet:-1, max-image-preview:large, max-video-preview:-1\" \/>\n<link rel=\"canonical\" href=\"https:\/\/volcanes.net\/?p=3222\" \/>\n<meta property=\"og:locale\" content=\"es_MX\" \/>\n<meta property=\"og:type\" content=\"article\" \/>\n<meta property=\"og:title\" content=\"CACECA reacredit\u00f3 programa acad\u00e9mico de UAEM - Volcanes\" \/>\n<meta property=\"og:description\" content=\"\u00b7 El Centro Universitario UAEM Valle de Teotihuac\u00e1n logr\u00f3 la segunda reacreditaci\u00f3n para el programa\" \/>\n<meta property=\"og:url\" content=\"https:\/\/volcanes.net\/?p=3222\" \/>\n<meta property=\"og:site_name\" content=\"Volcanes\" \/>\n<meta property=\"article:publisher\" content=\"https:\/\/www.facebook.com\/volcanes.net\/\" \/>\n<meta property=\"article:published_time\" content=\"2019-01-10T03:44:39+00:00\" \/>\n<meta property=\"og:image\" content=\"https:\/\/volcanes.net\/wp-content\/uploads\/2019\/01\/1547091715327479.jpg\" \/>\n\t<meta property=\"og:image:width\" content=\"1024\" \/>\n\t<meta property=\"og:image:height\" content=\"683\" \/>\n\t<meta property=\"og:image:type\" content=\"image\/jpeg\" \/>\n<meta name=\"author\" content=\"admin\" \/>\n<meta name=\"twitter:card\" content=\"summary_large_image\" \/>\n<meta name=\"twitter:label1\" content=\"Escrito por\" \/>\n\t<meta name=\"twitter:data1\" content=\"admin\" \/>\n\t<meta name=\"twitter:label2\" content=\"Tiempo de lectura\" \/>\n\t<meta name=\"twitter:data2\" content=\"2 minutos\" \/>\n<script type=\"application\/ld+json\" class=\"yoast-schema-graph\">{\"@context\":\"https:\/\/schema.org\",\"@graph\":[{\"@type\":\"Article\",\"@id\":\"https:\/\/volcanes.net\/?p=3222#article\",\"isPartOf\":{\"@id\":\"https:\/\/volcanes.net\/?p=3222\"},\"author\":{\"name\":\"admin\",\"@id\":\"https:\/\/volcanes.net\/#\/schema\/person\/4bf0f383940966a4abd53f5048c0e6b9\"},\"headline\":\"CACECA reacredit\u00f3 programa acad\u00e9mico de UAEM\",\"datePublished\":\"2019-01-10T03:44:39+00:00\",\"mainEntityOfPage\":{\"@id\":\"https:\/\/volcanes.net\/?p=3222\"},\"wordCount\":323,\"commentCount\":0,\"publisher\":{\"@id\":\"https:\/\/volcanes.net\/#organization\"},\"image\":{\"@id\":\"https:\/\/volcanes.net\/?p=3222#primaryimage\"},\"thumbnailUrl\":\"https:\/\/volcanes.net\/wp-content\/uploads\/2019\/01\/1547091715327479.jpg\",\"keywords\":[\"UAEM\"],\"articleSection\":[\"Estatales\"],\"inLanguage\":\"es\",\"potentialAction\":[{\"@type\":\"CommentAction\",\"name\":\"Comment\",\"target\":[\"https:\/\/volcanes.net\/?p=3222#respond\"]}]},{\"@type\":\"WebPage\",\"@id\":\"https:\/\/volcanes.net\/?p=3222\",\"url\":\"https:\/\/volcanes.net\/?p=3222\",\"name\":\"CACECA reacredit\u00f3 programa acad\u00e9mico de UAEM - Volcanes\",\"isPartOf\":{\"@id\":\"https:\/\/volcanes.net\/#website\"},\"primaryImageOfPage\":{\"@id\":\"https:\/\/volcanes.net\/?p=3222#primaryimage\"},\"image\":{\"@id\":\"https:\/\/volcanes.net\/?p=3222#primaryimage\"},\"thumbnailUrl\":\"https:\/\/volcanes.net\/wp-content\/uploads\/2019\/01\/1547091715327479.jpg\",\"datePublished\":\"2019-01-10T03:44:39+00:00\",\"breadcrumb\":{\"@id\":\"https:\/\/volcanes.net\/?p=3222#breadcrumb\"},\"inLanguage\":\"es\",\"potentialAction\":[{\"@type\":\"ReadAction\",\"target\":[\"https:\/\/volcanes.net\/?p=3222\"]}]},{\"@type\":\"ImageObject\",\"inLanguage\":\"es\",\"@id\":\"https:\/\/volcanes.net\/?p=3222#primaryimage\",\"url\":\"https:\/\/volcanes.net\/wp-content\/uploads\/2019\/01\/1547091715327479.jpg\",\"contentUrl\":\"https:\/\/volcanes.net\/wp-content\/uploads\/2019\/01\/1547091715327479.jpg\",\"width\":1024,\"height\":683},{\"@type\":\"BreadcrumbList\",\"@id\":\"https:\/\/volcanes.net\/?p=3222#breadcrumb\",\"itemListElement\":[{\"@type\":\"ListItem\",\"position\":1,\"name\":\"Portada\",\"item\":\"https:\/\/volcanes.net\/\"},{\"@type\":\"ListItem\",\"position\":2,\"name\":\"CACECA reacredit\u00f3 programa acad\u00e9mico de UAEM\"}]},{\"@type\":\"WebSite\",\"@id\":\"https:\/\/volcanes.net\/#website\",\"url\":\"https:\/\/volcanes.net\/\",\"name\":\"Volcanes.Net\",\"description\":\"Periodismo Profesional\",\"publisher\":{\"@id\":\"https:\/\/volcanes.net\/#organization\"},\"potentialAction\":[{\"@type\":\"SearchAction\",\"target\":{\"@type\":\"EntryPoint\",\"urlTemplate\":\"https:\/\/volcanes.net\/?s={search_term_string}\"},\"query-input\":{\"@type\":\"PropertyValueSpecification\",\"valueRequired\":true,\"valueName\":\"search_term_string\"}}],\"inLanguage\":\"es\"},{\"@type\":\"Organization\",\"@id\":\"https:\/\/volcanes.net\/#organization\",\"name\":\"Grupo Volcanes\",\"url\":\"https:\/\/volcanes.net\/\",\"logo\":{\"@type\":\"ImageObject\",\"inLanguage\":\"es\",\"@id\":\"https:\/\/volcanes.net\/#\/schema\/logo\/image\/\",\"url\":\"http:\/\/volcanes.net\/wp-content\/uploads\/2017\/12\/Avatar2.jpg\",\"contentUrl\":\"http:\/\/volcanes.net\/wp-content\/uploads\/2017\/12\/Avatar2.jpg\",\"width\":378,\"height\":378,\"caption\":\"Grupo Volcanes\"},\"image\":{\"@id\":\"https:\/\/volcanes.net\/#\/schema\/logo\/image\/\"},\"sameAs\":[\"https:\/\/www.facebook.com\/volcanes.net\/\"]},{\"@type\":\"Person\",\"@id\":\"https:\/\/volcanes.net\/#\/schema\/person\/4bf0f383940966a4abd53f5048c0e6b9\",\"name\":\"admin\",\"image\":{\"@type\":\"ImageObject\",\"inLanguage\":\"es\",\"@id\":\"https:\/\/volcanes.net\/#\/schema\/person\/image\/\",\"url\":\"https:\/\/secure.gravatar.com\/avatar\/ca004e6cba8462b8cb7abc86e382930c?s=96&d=mm&r=g\",\"contentUrl\":\"https:\/\/secure.gravatar.com\/avatar\/ca004e6cba8462b8cb7abc86e382930c?s=96&d=mm&r=g\",\"caption\":\"admin\"}}]}<\/script>\n<!-- \/ Yoast SEO plugin. -->","yoast_head_json":{"title":"CACECA reacredit\u00f3 programa acad\u00e9mico de UAEM - Volcanes","robots":{"index":"index","follow":"follow","max-snippet":"max-snippet:-1","max-image-preview":"max-image-preview:large","max-video-preview":"max-video-preview:-1"},"canonical":"https:\/\/volcanes.net\/?p=3222","og_locale":"es_MX","og_type":"article","og_title":"CACECA reacredit\u00f3 programa acad\u00e9mico de UAEM - Volcanes","og_description":"\u00b7 El Centro Universitario UAEM Valle de Teotihuac\u00e1n logr\u00f3 la segunda reacreditaci\u00f3n para el programa","og_url":"https:\/\/volcanes.net\/?p=3222","og_site_name":"Volcanes","article_publisher":"https:\/\/www.facebook.com\/volcanes.net\/","article_published_time":"2019-01-10T03:44:39+00:00","og_image":[{"width":1024,"height":683,"url":"https:\/\/volcanes.net\/wp-content\/uploads\/2019\/01\/1547091715327479.jpg","type":"image\/jpeg"}],"author":"admin","twitter_card":"summary_large_image","twitter_misc":{"Escrito por":"admin","Tiempo de lectura":"2 minutos"},"schema":{"@context":"https:\/\/schema.org","@graph":[{"@type":"Article","@id":"https:\/\/volcanes.net\/?p=3222#article","isPartOf":{"@id":"https:\/\/volcanes.net\/?p=3222"},"author":{"name":"admin","@id":"https:\/\/volcanes.net\/#\/schema\/person\/4bf0f383940966a4abd53f5048c0e6b9"},"headline":"CACECA reacredit\u00f3 programa acad\u00e9mico de UAEM","datePublished":"2019-01-10T03:44:39+00:00","mainEntityOfPage":{"@id":"https:\/\/volcanes.net\/?p=3222"},"wordCount":323,"commentCount":0,"publisher":{"@id":"https:\/\/volcanes.net\/#organization"},"image":{"@id":"https:\/\/volcanes.net\/?p=3222#primaryimage"},"thumbnailUrl":"https:\/\/volcanes.net\/wp-content\/uploads\/2019\/01\/1547091715327479.jpg","keywords":["UAEM"],"articleSection":["Estatales"],"inLanguage":"es","potentialAction":[{"@type":"CommentAction","name":"Comment","target":["https:\/\/volcanes.net\/?p=3222#respond"]}]},{"@type":"WebPage","@id":"https:\/\/volcanes.net\/?p=3222","url":"https:\/\/volcanes.net\/?p=3222","name":"CACECA reacredit\u00f3 programa acad\u00e9mico de UAEM - Volcanes","isPartOf":{"@id":"https:\/\/volcanes.net\/#website"},"primaryImageOfPage":{"@id":"https:\/\/volcanes.net\/?p=3222#primaryimage"},"image":{"@id":"https:\/\/volcanes.net\/?p=3222#primaryimage"},"thumbnailUrl":"https:\/\/volcanes.net\/wp-content\/uploads\/2019\/01\/1547091715327479.jpg","datePublished":"2019-01-10T03:44:39+00:00","breadcrumb":{"@id":"https:\/\/volcanes.net\/?p=3222#breadcrumb"},"inLanguage":"es","potentialAction":[{"@type":"ReadAction","target":["https:\/\/volcanes.net\/?p=3222"]}]},{"@type":"ImageObject","inLanguage":"es","@id":"https:\/\/volcanes.net\/?p=3222#primaryimage","url":"https:\/\/volcanes.net\/wp-content\/uploads\/2019\/01\/1547091715327479.jpg","contentUrl":"https:\/\/volcanes.net\/wp-content\/uploads\/2019\/01\/1547091715327479.jpg","width":1024,"height":683},{"@type":"BreadcrumbList","@id":"https:\/\/volcanes.net\/?p=3222#breadcrumb","itemListElement":[{"@type":"ListItem","position":1,"name":"Portada","item":"https:\/\/volcanes.net\/"},{"@type":"ListItem","position":2,"name":"CACECA reacredit\u00f3 programa acad\u00e9mico de UAEM"}]},{"@type":"WebSite","@id":"https:\/\/volcanes.net\/#website","url":"https:\/\/volcanes.net\/","name":"Volcanes.Net","description":"Periodismo Profesional","publisher":{"@id":"https:\/\/volcanes.net\/#organization"},"potentialAction":[{"@type":"SearchAction","target":{"@type":"EntryPoint","urlTemplate":"https:\/\/volcanes.net\/?s={search_term_string}"},"query-input":{"@type":"PropertyValueSpecification","valueRequired":true,"valueName":"search_term_string"}}],"inLanguage":"es"},{"@type":"Organization","@id":"https:\/\/volcanes.net\/#organization","name":"Grupo Volcanes","url":"https:\/\/volcanes.net\/","logo":{"@type":"ImageObject","inLanguage":"es","@id":"https:\/\/volcanes.net\/#\/schema\/logo\/image\/","url":"http:\/\/volcanes.net\/wp-content\/uploads\/2017\/12\/Avatar2.jpg","contentUrl":"http:\/\/volcanes.net\/wp-content\/uploads\/2017\/12\/Avatar2.jpg","width":378,"height":378,"caption":"Grupo Volcanes"},"image":{"@id":"https:\/\/volcanes.net\/#\/schema\/logo\/image\/"},"sameAs":["https:\/\/www.facebook.com\/volcanes.net\/"]},{"@type":"Person","@id":"https:\/\/volcanes.net\/#\/schema\/person\/4bf0f383940966a4abd53f5048c0e6b9","name":"admin","image":{"@type":"ImageObject","inLanguage":"es","@id":"https:\/\/volcanes.net\/#\/schema\/person\/image\/","url":"https:\/\/secure.gravatar.com\/avatar\/ca004e6cba8462b8cb7abc86e382930c?s=96&d=mm&r=g","contentUrl":"https:\/\/secure.gravatar.com\/avatar\/ca004e6cba8462b8cb7abc86e382930c?s=96&d=mm&r=g","caption":"admin"}}]}},"_links":{"self":[{"href":"https:\/\/volcanes.net\/index.php?rest_route=\/wp\/v2\/posts\/3222"}],"collection":[{"href":"https:\/\/volcanes.net\/index.php?rest_route=\/wp\/v2\/posts"}],"about":[{"href":"https:\/\/volcanes.net\/index.php?rest_route=\/wp\/v2\/types\/post"}],"author":[{"embeddable":true,"href":"https:\/\/volcanes.net\/index.php?rest_route=\/wp\/v2\/users\/1"}],"replies":[{"embeddable":true,"href":"https:\/\/volcanes.net\/index.php?rest_route=%2Fwp%2Fv2%2Fcomments&post=3222"}],"version-history":[{"count":1,"href":"https:\/\/volcanes.net\/index.php?rest_route=\/wp\/v2\/posts\/3222\/revisions"}],"predecessor-version":[{"id":3223,"href":"https:\/\/volcanes.net\/index.php?rest_route=\/wp\/v2\/posts\/3222\/revisions\/3223"}],"wp:featuredmedia":[{"embeddable":true,"href":"https:\/\/volcanes.net\/index.php?rest_route=\/wp\/v2\/media\/3221"}],"wp:attachment":[{"href":"https:\/\/volcanes.net\/index.php?rest_route=%2Fwp%2Fv2%2Fmedia&parent=3222"}],"wp:term":[{"taxonomy":"category","embeddable":true,"href":"https:\/\/volcanes.net\/index.php?rest_route=%2Fwp%2Fv2%2Fcategories&post=3222"},{"taxonomy":"post_tag","embeddable":true,"href":"https:\/\/volcanes.net\/index.php?rest_route=%2Fwp%2Fv2%2Ftags&post=3222"}],"curies":[{"name":"wp","href":"https:\/\/api.w.org\/{rel}","templated":true}]}}