{"id":3228,"date":"2019-01-10T04:12:37","date_gmt":"2019-01-10T04:12:37","guid":{"rendered":"http:\/\/volcanes.net\/?p=3228"},"modified":"2019-01-10T04:12:37","modified_gmt":"2019-01-10T04:12:37","slug":"esposa-del-alcalde-de-ozumba-no-sera-la-presidenta-del-dif","status":"publish","type":"post","link":"https:\/\/volcanes.net\/?p=3228","title":{"rendered":"Esposa del alcalde de Ozumba no ser\u00e1 la presidenta del DIF"},"content":{"rendered":"<div style=\"margin-top: 0px; margin-bottom: 0px;\" class=\"sharethis-inline-share-buttons\" ><\/div><p>* Mart\u00ednez Castillo inform\u00f3 que la decisi\u00f3n fue por la edad de los hijos que tienen, edad en la que requieren mayor atenci\u00f3n de los padres, por ello fue que decidieron, esta ser\u00eda la mejor forma para estar al tanto de ellos, enfatizando que \u201cEl \u00e9xito en la vida no compensa el fracaso en el hogar\u201d<br \/>\nOzumba, M\u00e9x.- Una de las primeras acciones de la nueva administraci\u00f3n municipal de Ozumba encabezada por el presidente municipal constitucional, Valent\u00edn Mart\u00ednez Castillo fue realizaci\u00f3n de la sesi\u00f3n de cabildo abierta que se realiz\u00f3 en el sal\u00f3n de ex-presidentes, fue ah\u00ed que se le tom\u00f3 protesta a quienes ser\u00e1n los nuevos funcionarios a cargo de las diferentes direcciones de esta administraci\u00f3n municipal para el periodo 2019-2021.<br \/>\nQuedando pendiente la direcci\u00f3n del DIF Municipal y la Contralor\u00eda municipal, debido a que los regidores votaron en contra de las propuestas del edil, Valent\u00edn Mart\u00ednez Castillo.<br \/>\nEntre los cargos asignados y protestados por los nuevos funcionarios se encuentra el contador p\u00fablico H\u00e9ctor Hern\u00e1ndez Valencia como Tesorero del ayuntamiento; mientras que en el cargo de presidenta de la Junta de Gobierno del Sistema Municipal para el Desarrollo Integral (DIF) lo ocupar\u00e1 la madre del alcalde, Gomita Edith Castillo Enr\u00edquez.<br \/>\nLuego de las interrogantes que surgieron del por qu\u00e9 ser\u00e1 la madre del funcionario y no la esposa quien ocupar\u00e1 la titularidad del sistema DIF, el alcalde Mart\u00ednez Castillo inform\u00f3 que la decisi\u00f3n fue por la edad de los hijos que tienen, edad en la que requieren mayor atenci\u00f3n de los padres, por ello fue que decidieron esta ser\u00eda la mejor forma para estar al tanto de ellos, enfatizando que \u201cEl \u00e9xito en la vida no compensa el fracaso en el hogar\u201d.<br \/>\nTranscendi\u00f3 que la direcci\u00f3n de Bienestar social estar\u00e1 a cargo de Alma Alicia Nizizahua Morgan; Francisco Flores Garc\u00eda ser\u00e1 responsable de la direcci\u00f3n de Gobierno y Participaci\u00f3n Ciudadana; Carlos Uriel Montiel Cantoral ser\u00e1 el director de Servicios Urbanos y ecolog\u00eda; Juan Carlos Trova Rojas fungir\u00e1 como director de desarrollo Econ\u00f3mico; el ingeniero Narciso Mendoza Castillo en obras y gesti\u00f3n urbana.<br \/>\nEl ciudadano H\u00e9ctor Rojas Castillo ser\u00e1 el Comisario de Protecci\u00f3n y Seguridad Ciudadana; Rogelio Guzm\u00e1n G\u00f3mez estar\u00e1 en la comisi\u00f3n Departamento de Catastro y Predial; por su puesto Maribel Rueda Le\u00f3n estar\u00e1 al frente como coordinadora de Oficial\u00edas y Oficial\u00eda Mediadora; Israel Carmona D\u00edaz en la direcci\u00f3n de la Unidad de Planeaci\u00f3n; Rogelio Guzm\u00e1n G\u00f3mez Director de Catastro y Predial.<br \/>\nOrlando Hern\u00e1ndez Rocha como director del Instituto Municipal de Cultura F\u00edsica y de Deporte, mientras que Jos\u00e9 Luis Gonz\u00e1lez Valencia ser\u00e1 el secretario del Ayuntamiento.<\/p>\n","protected":false},"excerpt":{"rendered":"<p>* Mart\u00ednez Castillo inform\u00f3 que la decisi\u00f3n fue por la edad de los hijos que<\/p>\n","protected":false},"author":1,"featured_media":3227,"comment_status":"open","ping_status":"open","sticky":false,"template":"","format":"standard","meta":{"footnotes":""},"categories":[1],"tags":[14],"class_list":["post-3228","post","type-post","status-publish","format-standard","has-post-thumbnail","hentry","category-municipales","tag-ozumba"],"yoast_head":"<!-- This site is optimized with the Yoast SEO plugin v25.3 - https:\/\/yoast.com\/wordpress\/plugins\/seo\/ -->\n<title>Esposa del alcalde de Ozumba no ser\u00e1 la presidenta del DIF - Volcanes<\/title>\n<meta name=\"robots\" content=\"index, follow, max-snippet:-1, max-image-preview:large, max-video-preview:-1\" \/>\n<link rel=\"canonical\" href=\"https:\/\/volcanes.net\/?p=3228\" \/>\n<meta property=\"og:locale\" content=\"es_MX\" \/>\n<meta property=\"og:type\" content=\"article\" \/>\n<meta property=\"og:title\" content=\"Esposa del alcalde de Ozumba no ser\u00e1 la presidenta del DIF - Volcanes\" \/>\n<meta property=\"og:description\" content=\"* Mart\u00ednez Castillo inform\u00f3 que la decisi\u00f3n fue por la edad de los hijos que\" \/>\n<meta property=\"og:url\" content=\"https:\/\/volcanes.net\/?p=3228\" \/>\n<meta property=\"og:site_name\" content=\"Volcanes\" \/>\n<meta property=\"article:publisher\" content=\"https:\/\/www.facebook.com\/volcanes.net\/\" \/>\n<meta property=\"article:published_time\" content=\"2019-01-10T04:12:37+00:00\" \/>\n<meta property=\"og:image\" content=\"https:\/\/volcanes.net\/wp-content\/uploads\/2019\/01\/1547093523956606.jpg\" \/>\n\t<meta property=\"og:image:width\" content=\"224\" \/>\n\t<meta property=\"og:image:height\" content=\"168\" \/>\n\t<meta property=\"og:image:type\" content=\"image\/jpeg\" \/>\n<meta name=\"author\" content=\"admin\" \/>\n<meta name=\"twitter:card\" content=\"summary_large_image\" \/>\n<meta name=\"twitter:label1\" content=\"Escrito por\" \/>\n\t<meta name=\"twitter:data1\" content=\"admin\" \/>\n\t<meta name=\"twitter:label2\" content=\"Tiempo de lectura\" \/>\n\t<meta name=\"twitter:data2\" content=\"2 minutos\" \/>\n<script type=\"application\/ld+json\" class=\"yoast-schema-graph\">{\"@context\":\"https:\/\/schema.org\",\"@graph\":[{\"@type\":\"Article\",\"@id\":\"https:\/\/volcanes.net\/?p=3228#article\",\"isPartOf\":{\"@id\":\"https:\/\/volcanes.net\/?p=3228\"},\"author\":{\"name\":\"admin\",\"@id\":\"https:\/\/volcanes.net\/#\/schema\/person\/4bf0f383940966a4abd53f5048c0e6b9\"},\"headline\":\"Esposa del alcalde de Ozumba no ser\u00e1 la presidenta del DIF\",\"datePublished\":\"2019-01-10T04:12:37+00:00\",\"mainEntityOfPage\":{\"@id\":\"https:\/\/volcanes.net\/?p=3228\"},\"wordCount\":487,\"commentCount\":0,\"publisher\":{\"@id\":\"https:\/\/volcanes.net\/#organization\"},\"image\":{\"@id\":\"https:\/\/volcanes.net\/?p=3228#primaryimage\"},\"thumbnailUrl\":\"https:\/\/volcanes.net\/wp-content\/uploads\/2019\/01\/1547093523956606.jpg\",\"keywords\":[\"Ozumba\"],\"articleSection\":[\"Municipales\"],\"inLanguage\":\"es\",\"potentialAction\":[{\"@type\":\"CommentAction\",\"name\":\"Comment\",\"target\":[\"https:\/\/volcanes.net\/?p=3228#respond\"]}]},{\"@type\":\"WebPage\",\"@id\":\"https:\/\/volcanes.net\/?p=3228\",\"url\":\"https:\/\/volcanes.net\/?p=3228\",\"name\":\"Esposa del alcalde de Ozumba no ser\u00e1 la presidenta del DIF - Volcanes\",\"isPartOf\":{\"@id\":\"https:\/\/volcanes.net\/#website\"},\"primaryImageOfPage\":{\"@id\":\"https:\/\/volcanes.net\/?p=3228#primaryimage\"},\"image\":{\"@id\":\"https:\/\/volcanes.net\/?p=3228#primaryimage\"},\"thumbnailUrl\":\"https:\/\/volcanes.net\/wp-content\/uploads\/2019\/01\/1547093523956606.jpg\",\"datePublished\":\"2019-01-10T04:12:37+00:00\",\"breadcrumb\":{\"@id\":\"https:\/\/volcanes.net\/?p=3228#breadcrumb\"},\"inLanguage\":\"es\",\"potentialAction\":[{\"@type\":\"ReadAction\",\"target\":[\"https:\/\/volcanes.net\/?p=3228\"]}]},{\"@type\":\"ImageObject\",\"inLanguage\":\"es\",\"@id\":\"https:\/\/volcanes.net\/?p=3228#primaryimage\",\"url\":\"https:\/\/volcanes.net\/wp-content\/uploads\/2019\/01\/1547093523956606.jpg\",\"contentUrl\":\"https:\/\/volcanes.net\/wp-content\/uploads\/2019\/01\/1547093523956606.jpg\",\"width\":224,\"height\":168},{\"@type\":\"BreadcrumbList\",\"@id\":\"https:\/\/volcanes.net\/?p=3228#breadcrumb\",\"itemListElement\":[{\"@type\":\"ListItem\",\"position\":1,\"name\":\"Portada\",\"item\":\"https:\/\/volcanes.net\/\"},{\"@type\":\"ListItem\",\"position\":2,\"name\":\"Esposa del alcalde de Ozumba no ser\u00e1 la presidenta del DIF\"}]},{\"@type\":\"WebSite\",\"@id\":\"https:\/\/volcanes.net\/#website\",\"url\":\"https:\/\/volcanes.net\/\",\"name\":\"Volcanes.Net\",\"description\":\"Periodismo Profesional\",\"publisher\":{\"@id\":\"https:\/\/volcanes.net\/#organization\"},\"potentialAction\":[{\"@type\":\"SearchAction\",\"target\":{\"@type\":\"EntryPoint\",\"urlTemplate\":\"https:\/\/volcanes.net\/?s={search_term_string}\"},\"query-input\":{\"@type\":\"PropertyValueSpecification\",\"valueRequired\":true,\"valueName\":\"search_term_string\"}}],\"inLanguage\":\"es\"},{\"@type\":\"Organization\",\"@id\":\"https:\/\/volcanes.net\/#organization\",\"name\":\"Grupo Volcanes\",\"url\":\"https:\/\/volcanes.net\/\",\"logo\":{\"@type\":\"ImageObject\",\"inLanguage\":\"es\",\"@id\":\"https:\/\/volcanes.net\/#\/schema\/logo\/image\/\",\"url\":\"http:\/\/volcanes.net\/wp-content\/uploads\/2017\/12\/Avatar2.jpg\",\"contentUrl\":\"http:\/\/volcanes.net\/wp-content\/uploads\/2017\/12\/Avatar2.jpg\",\"width\":378,\"height\":378,\"caption\":\"Grupo Volcanes\"},\"image\":{\"@id\":\"https:\/\/volcanes.net\/#\/schema\/logo\/image\/\"},\"sameAs\":[\"https:\/\/www.facebook.com\/volcanes.net\/\"]},{\"@type\":\"Person\",\"@id\":\"https:\/\/volcanes.net\/#\/schema\/person\/4bf0f383940966a4abd53f5048c0e6b9\",\"name\":\"admin\",\"image\":{\"@type\":\"ImageObject\",\"inLanguage\":\"es\",\"@id\":\"https:\/\/volcanes.net\/#\/schema\/person\/image\/\",\"url\":\"https:\/\/secure.gravatar.com\/avatar\/ca004e6cba8462b8cb7abc86e382930c?s=96&d=mm&r=g\",\"contentUrl\":\"https:\/\/secure.gravatar.com\/avatar\/ca004e6cba8462b8cb7abc86e382930c?s=96&d=mm&r=g\",\"caption\":\"admin\"}}]}<\/script>\n<!-- \/ Yoast SEO plugin. -->","yoast_head_json":{"title":"Esposa del alcalde de Ozumba no ser\u00e1 la presidenta del DIF - Volcanes","robots":{"index":"index","follow":"follow","max-snippet":"max-snippet:-1","max-image-preview":"max-image-preview:large","max-video-preview":"max-video-preview:-1"},"canonical":"https:\/\/volcanes.net\/?p=3228","og_locale":"es_MX","og_type":"article","og_title":"Esposa del alcalde de Ozumba no ser\u00e1 la presidenta del DIF - Volcanes","og_description":"* Mart\u00ednez Castillo inform\u00f3 que la decisi\u00f3n fue por la edad de los hijos que","og_url":"https:\/\/volcanes.net\/?p=3228","og_site_name":"Volcanes","article_publisher":"https:\/\/www.facebook.com\/volcanes.net\/","article_published_time":"2019-01-10T04:12:37+00:00","og_image":[{"width":224,"height":168,"url":"https:\/\/volcanes.net\/wp-content\/uploads\/2019\/01\/1547093523956606.jpg","type":"image\/jpeg"}],"author":"admin","twitter_card":"summary_large_image","twitter_misc":{"Escrito por":"admin","Tiempo de lectura":"2 minutos"},"schema":{"@context":"https:\/\/schema.org","@graph":[{"@type":"Article","@id":"https:\/\/volcanes.net\/?p=3228#article","isPartOf":{"@id":"https:\/\/volcanes.net\/?p=3228"},"author":{"name":"admin","@id":"https:\/\/volcanes.net\/#\/schema\/person\/4bf0f383940966a4abd53f5048c0e6b9"},"headline":"Esposa del alcalde de Ozumba no ser\u00e1 la presidenta del DIF","datePublished":"2019-01-10T04:12:37+00:00","mainEntityOfPage":{"@id":"https:\/\/volcanes.net\/?p=3228"},"wordCount":487,"commentCount":0,"publisher":{"@id":"https:\/\/volcanes.net\/#organization"},"image":{"@id":"https:\/\/volcanes.net\/?p=3228#primaryimage"},"thumbnailUrl":"https:\/\/volcanes.net\/wp-content\/uploads\/2019\/01\/1547093523956606.jpg","keywords":["Ozumba"],"articleSection":["Municipales"],"inLanguage":"es","potentialAction":[{"@type":"CommentAction","name":"Comment","target":["https:\/\/volcanes.net\/?p=3228#respond"]}]},{"@type":"WebPage","@id":"https:\/\/volcanes.net\/?p=3228","url":"https:\/\/volcanes.net\/?p=3228","name":"Esposa del alcalde de Ozumba no ser\u00e1 la presidenta del DIF - Volcanes","isPartOf":{"@id":"https:\/\/volcanes.net\/#website"},"primaryImageOfPage":{"@id":"https:\/\/volcanes.net\/?p=3228#primaryimage"},"image":{"@id":"https:\/\/volcanes.net\/?p=3228#primaryimage"},"thumbnailUrl":"https:\/\/volcanes.net\/wp-content\/uploads\/2019\/01\/1547093523956606.jpg","datePublished":"2019-01-10T04:12:37+00:00","breadcrumb":{"@id":"https:\/\/volcanes.net\/?p=3228#breadcrumb"},"inLanguage":"es","potentialAction":[{"@type":"ReadAction","target":["https:\/\/volcanes.net\/?p=3228"]}]},{"@type":"ImageObject","inLanguage":"es","@id":"https:\/\/volcanes.net\/?p=3228#primaryimage","url":"https:\/\/volcanes.net\/wp-content\/uploads\/2019\/01\/1547093523956606.jpg","contentUrl":"https:\/\/volcanes.net\/wp-content\/uploads\/2019\/01\/1547093523956606.jpg","width":224,"height":168},{"@type":"BreadcrumbList","@id":"https:\/\/volcanes.net\/?p=3228#breadcrumb","itemListElement":[{"@type":"ListItem","position":1,"name":"Portada","item":"https:\/\/volcanes.net\/"},{"@type":"ListItem","position":2,"name":"Esposa del alcalde de Ozumba no ser\u00e1 la presidenta del DIF"}]},{"@type":"WebSite","@id":"https:\/\/volcanes.net\/#website","url":"https:\/\/volcanes.net\/","name":"Volcanes.Net","description":"Periodismo Profesional","publisher":{"@id":"https:\/\/volcanes.net\/#organization"},"potentialAction":[{"@type":"SearchAction","target":{"@type":"EntryPoint","urlTemplate":"https:\/\/volcanes.net\/?s={search_term_string}"},"query-input":{"@type":"PropertyValueSpecification","valueRequired":true,"valueName":"search_term_string"}}],"inLanguage":"es"},{"@type":"Organization","@id":"https:\/\/volcanes.net\/#organization","name":"Grupo Volcanes","url":"https:\/\/volcanes.net\/","logo":{"@type":"ImageObject","inLanguage":"es","@id":"https:\/\/volcanes.net\/#\/schema\/logo\/image\/","url":"http:\/\/volcanes.net\/wp-content\/uploads\/2017\/12\/Avatar2.jpg","contentUrl":"http:\/\/volcanes.net\/wp-content\/uploads\/2017\/12\/Avatar2.jpg","width":378,"height":378,"caption":"Grupo Volcanes"},"image":{"@id":"https:\/\/volcanes.net\/#\/schema\/logo\/image\/"},"sameAs":["https:\/\/www.facebook.com\/volcanes.net\/"]},{"@type":"Person","@id":"https:\/\/volcanes.net\/#\/schema\/person\/4bf0f383940966a4abd53f5048c0e6b9","name":"admin","image":{"@type":"ImageObject","inLanguage":"es","@id":"https:\/\/volcanes.net\/#\/schema\/person\/image\/","url":"https:\/\/secure.gravatar.com\/avatar\/ca004e6cba8462b8cb7abc86e382930c?s=96&d=mm&r=g","contentUrl":"https:\/\/secure.gravatar.com\/avatar\/ca004e6cba8462b8cb7abc86e382930c?s=96&d=mm&r=g","caption":"admin"}}]}},"_links":{"self":[{"href":"https:\/\/volcanes.net\/index.php?rest_route=\/wp\/v2\/posts\/3228"}],"collection":[{"href":"https:\/\/volcanes.net\/index.php?rest_route=\/wp\/v2\/posts"}],"about":[{"href":"https:\/\/volcanes.net\/index.php?rest_route=\/wp\/v2\/types\/post"}],"author":[{"embeddable":true,"href":"https:\/\/volcanes.net\/index.php?rest_route=\/wp\/v2\/users\/1"}],"replies":[{"embeddable":true,"href":"https:\/\/volcanes.net\/index.php?rest_route=%2Fwp%2Fv2%2Fcomments&post=3228"}],"version-history":[{"count":1,"href":"https:\/\/volcanes.net\/index.php?rest_route=\/wp\/v2\/posts\/3228\/revisions"}],"predecessor-version":[{"id":3229,"href":"https:\/\/volcanes.net\/index.php?rest_route=\/wp\/v2\/posts\/3228\/revisions\/3229"}],"wp:featuredmedia":[{"embeddable":true,"href":"https:\/\/volcanes.net\/index.php?rest_route=\/wp\/v2\/media\/3227"}],"wp:attachment":[{"href":"https:\/\/volcanes.net\/index.php?rest_route=%2Fwp%2Fv2%2Fmedia&parent=3228"}],"wp:term":[{"taxonomy":"category","embeddable":true,"href":"https:\/\/volcanes.net\/index.php?rest_route=%2Fwp%2Fv2%2Fcategories&post=3228"},{"taxonomy":"post_tag","embeddable":true,"href":"https:\/\/volcanes.net\/index.php?rest_route=%2Fwp%2Fv2%2Ftags&post=3228"}],"curies":[{"name":"wp","href":"https:\/\/api.w.org\/{rel}","templated":true}]}}