{"id":324,"date":"2018-01-09T21:13:51","date_gmt":"2018-01-09T21:13:51","guid":{"rendered":"http:\/\/volcanes.net\/?p=324"},"modified":"2018-01-09T21:13:51","modified_gmt":"2018-01-09T21:13:51","slug":"gobierno-capitalino-cambia-formato-de-plataforma-para-la-reconstruccion","status":"publish","type":"post","link":"https:\/\/volcanes.net\/?p=324","title":{"rendered":"Gobierno capitalino cambia formato de plataforma para la reconstrucci\u00f3n"},"content":{"rendered":"<div style=\"margin-top: 0px; margin-bottom: 0px;\" class=\"sharethis-inline-share-buttons\" ><\/div><p>El jefe de gobierno de la Ciudad de M\u00e9xico, Miguel \u00c1ngel Mancera, manifest\u00f3 que su administraci\u00f3n dar\u00e1 a conocer pr\u00f3ximamente el nuevo formato de la Plataforma CDMX con el Programa de Reconstrucci\u00f3n.<\/p>\n<p>\u201cEl programa hablar\u00e1 del cumplimiento de tareas, de los diferentes censos que se exigen por parte de la ley, estar\u00e1n cubiertos todos los planteamientos que hace la misma ley para que sea incluyente y amplio en cuanto a la proyecci\u00f3n\u201d, inform\u00f3.<\/p>\n<p>En el Sal\u00f3n Murales del Antiguo Palacio del Ayuntamiento, indic\u00f3 que es un programa que tendr\u00e1 una parte de la resiliencia, de la transparencia, las nuevas normas, directrices de construcci\u00f3n y ser\u00e1 extenso, adem\u00e1s de que establecer\u00e1 metas y objetivos.<\/p>\n<p>Agreg\u00f3 que \u201cla Plataforma CDMX lo que busca y lo que ordena la ley es que d\u00e9 certeza jur\u00eddica. Lo que est\u00e9 en la plataforma, es lo que ya habr\u00e1 pasado por todas las depuraciones, es decir, que te sirva el dictamen final, la fotograf\u00eda, el antecedente, la causa, los datos que se van a tener ah\u00ed\u201d.<\/p>\n<p>Como parte de la Reconstrucci\u00f3n 2018 en la Ciudad de M\u00e9xico, dijo que ayer se dio el banderazo de salida a camiones de volteo y la participaci\u00f3n de dos\u00a0mil personas del Sindicato \u00danico de Trabajadores del Gobierno de la Ciudad de M\u00e9xico para realizar jornadas nocturnas de retiro de 400 toneladas de cascajo.<\/p>\n<p>Adem\u00e1s se iniciaron labores de barrido, balizamiento de vialidades, poda y pinta de fachadas en cuatro pueblos: Santa Mar\u00eda Nativitas, San Gregorio Atlapulco, Santa Cruz Acalpixca y San Luis Tlaxialtemalco, en Xochimilco.<\/p>\n<p>Mancera Espinosa inform\u00f3\u00a0que \u201clas demoliciones de viviendas afectadas estar\u00e1n en esta tarea tambi\u00e9n respaldadas con el retiro de cascajo\u201d.<\/p>\n<p>Hizo un llamado a la poblaci\u00f3n para que no\u00a0 abandone en la v\u00eda p\u00fablica los \u00e1rboles de Navidad naturales y que acudan a los puntos ubicados en las 16 delegaciones y centros comerciales para entregarlos y reciclarlos.<\/p>\n<p>Explic\u00f3 que gracias a los helic\u00f3pteros que adquiri\u00f3 esta administraci\u00f3n, se logr\u00f3 un ahorro del 70 por ciento en operaciones y mantenimiento, por lo que actualmente se cuenta con 13 de estas aeronaves trabajando, lo que permite brindar un buen n\u00famero de servicios.<\/p>\n<p>\u201cYo creo que vale la pena rescatar la informaci\u00f3n, que no mucha gente la conoce, sobre de cu\u00e1ntos servicios de ambulancia otorga el agrupamiernto de C\u00f3ndores, no s\u00f3lo a la Ciudad de M\u00e9xico, sino tambi\u00e9n a las inmediaciones de la capital del pa\u00eds\u201d, subray\u00f3.<\/p>\n<p>Detall\u00f3 que como parte de la campa\u00f1a de vacunaci\u00f3n de invierno se han aplicado 925 mil 232 dosis contra la influenza, lo que corresponde a 74 por ciento de la meta de un mill\u00f3n 239 mil 641 inmunizaciones para esta temporada.<\/p>\n","protected":false},"excerpt":{"rendered":"<p>El jefe de gobierno de la Ciudad de M\u00e9xico, Miguel \u00c1ngel Mancera, manifest\u00f3 que su<\/p>\n","protected":false},"author":1,"featured_media":316,"comment_status":"open","ping_status":"open","sticky":false,"template":"","format":"standard","meta":{"footnotes":""},"categories":[1],"tags":[28],"class_list":["post-324","post","type-post","status-publish","format-standard","has-post-thumbnail","hentry","category-municipales","tag-cdmx"],"yoast_head":"<!-- This site is optimized with the Yoast SEO plugin v25.3 - https:\/\/yoast.com\/wordpress\/plugins\/seo\/ -->\n<title>Gobierno capitalino cambia formato de plataforma para la reconstrucci\u00f3n - Volcanes<\/title>\n<meta name=\"robots\" content=\"index, follow, max-snippet:-1, max-image-preview:large, max-video-preview:-1\" \/>\n<link rel=\"canonical\" href=\"https:\/\/volcanes.net\/?p=324\" \/>\n<meta property=\"og:locale\" content=\"es_MX\" \/>\n<meta property=\"og:type\" content=\"article\" \/>\n<meta property=\"og:title\" content=\"Gobierno capitalino cambia formato de plataforma para la reconstrucci\u00f3n - Volcanes\" \/>\n<meta property=\"og:description\" content=\"El jefe de gobierno de la Ciudad de M\u00e9xico, Miguel \u00c1ngel Mancera, manifest\u00f3 que su\" \/>\n<meta property=\"og:url\" content=\"https:\/\/volcanes.net\/?p=324\" \/>\n<meta property=\"og:site_name\" content=\"Volcanes\" \/>\n<meta property=\"article:publisher\" content=\"https:\/\/www.facebook.com\/volcanes.net\/\" \/>\n<meta property=\"article:published_time\" content=\"2018-01-09T21:13:51+00:00\" \/>\n<meta property=\"og:image\" content=\"https:\/\/volcanes.net\/wp-content\/uploads\/2018\/01\/mancera.jpg\" \/>\n\t<meta property=\"og:image:width\" content=\"400\" \/>\n\t<meta property=\"og:image:height\" content=\"200\" \/>\n\t<meta property=\"og:image:type\" content=\"image\/jpeg\" \/>\n<meta name=\"author\" content=\"admin\" \/>\n<meta name=\"twitter:card\" content=\"summary_large_image\" \/>\n<meta name=\"twitter:label1\" content=\"Escrito por\" \/>\n\t<meta name=\"twitter:data1\" content=\"admin\" \/>\n\t<meta name=\"twitter:label2\" content=\"Tiempo de lectura\" \/>\n\t<meta name=\"twitter:data2\" content=\"2 minutos\" \/>\n<script type=\"application\/ld+json\" class=\"yoast-schema-graph\">{\"@context\":\"https:\/\/schema.org\",\"@graph\":[{\"@type\":\"Article\",\"@id\":\"https:\/\/volcanes.net\/?p=324#article\",\"isPartOf\":{\"@id\":\"https:\/\/volcanes.net\/?p=324\"},\"author\":{\"name\":\"admin\",\"@id\":\"https:\/\/volcanes.net\/#\/schema\/person\/4bf0f383940966a4abd53f5048c0e6b9\"},\"headline\":\"Gobierno capitalino cambia formato de plataforma para la reconstrucci\u00f3n\",\"datePublished\":\"2018-01-09T21:13:51+00:00\",\"mainEntityOfPage\":{\"@id\":\"https:\/\/volcanes.net\/?p=324\"},\"wordCount\":476,\"commentCount\":0,\"publisher\":{\"@id\":\"https:\/\/volcanes.net\/#organization\"},\"image\":{\"@id\":\"https:\/\/volcanes.net\/?p=324#primaryimage\"},\"thumbnailUrl\":\"https:\/\/volcanes.net\/wp-content\/uploads\/2018\/01\/mancera.jpg\",\"keywords\":[\"CDMX\"],\"articleSection\":[\"Municipales\"],\"inLanguage\":\"es\",\"potentialAction\":[{\"@type\":\"CommentAction\",\"name\":\"Comment\",\"target\":[\"https:\/\/volcanes.net\/?p=324#respond\"]}]},{\"@type\":\"WebPage\",\"@id\":\"https:\/\/volcanes.net\/?p=324\",\"url\":\"https:\/\/volcanes.net\/?p=324\",\"name\":\"Gobierno capitalino cambia formato de plataforma para la reconstrucci\u00f3n - Volcanes\",\"isPartOf\":{\"@id\":\"https:\/\/volcanes.net\/#website\"},\"primaryImageOfPage\":{\"@id\":\"https:\/\/volcanes.net\/?p=324#primaryimage\"},\"image\":{\"@id\":\"https:\/\/volcanes.net\/?p=324#primaryimage\"},\"thumbnailUrl\":\"https:\/\/volcanes.net\/wp-content\/uploads\/2018\/01\/mancera.jpg\",\"datePublished\":\"2018-01-09T21:13:51+00:00\",\"breadcrumb\":{\"@id\":\"https:\/\/volcanes.net\/?p=324#breadcrumb\"},\"inLanguage\":\"es\",\"potentialAction\":[{\"@type\":\"ReadAction\",\"target\":[\"https:\/\/volcanes.net\/?p=324\"]}]},{\"@type\":\"ImageObject\",\"inLanguage\":\"es\",\"@id\":\"https:\/\/volcanes.net\/?p=324#primaryimage\",\"url\":\"https:\/\/volcanes.net\/wp-content\/uploads\/2018\/01\/mancera.jpg\",\"contentUrl\":\"https:\/\/volcanes.net\/wp-content\/uploads\/2018\/01\/mancera.jpg\",\"width\":400,\"height\":200},{\"@type\":\"BreadcrumbList\",\"@id\":\"https:\/\/volcanes.net\/?p=324#breadcrumb\",\"itemListElement\":[{\"@type\":\"ListItem\",\"position\":1,\"name\":\"Portada\",\"item\":\"https:\/\/volcanes.net\/\"},{\"@type\":\"ListItem\",\"position\":2,\"name\":\"Gobierno capitalino cambia formato de plataforma para la reconstrucci\u00f3n\"}]},{\"@type\":\"WebSite\",\"@id\":\"https:\/\/volcanes.net\/#website\",\"url\":\"https:\/\/volcanes.net\/\",\"name\":\"Volcanes.Net\",\"description\":\"Periodismo Profesional\",\"publisher\":{\"@id\":\"https:\/\/volcanes.net\/#organization\"},\"potentialAction\":[{\"@type\":\"SearchAction\",\"target\":{\"@type\":\"EntryPoint\",\"urlTemplate\":\"https:\/\/volcanes.net\/?s={search_term_string}\"},\"query-input\":{\"@type\":\"PropertyValueSpecification\",\"valueRequired\":true,\"valueName\":\"search_term_string\"}}],\"inLanguage\":\"es\"},{\"@type\":\"Organization\",\"@id\":\"https:\/\/volcanes.net\/#organization\",\"name\":\"Grupo Volcanes\",\"url\":\"https:\/\/volcanes.net\/\",\"logo\":{\"@type\":\"ImageObject\",\"inLanguage\":\"es\",\"@id\":\"https:\/\/volcanes.net\/#\/schema\/logo\/image\/\",\"url\":\"http:\/\/volcanes.net\/wp-content\/uploads\/2017\/12\/Avatar2.jpg\",\"contentUrl\":\"http:\/\/volcanes.net\/wp-content\/uploads\/2017\/12\/Avatar2.jpg\",\"width\":378,\"height\":378,\"caption\":\"Grupo Volcanes\"},\"image\":{\"@id\":\"https:\/\/volcanes.net\/#\/schema\/logo\/image\/\"},\"sameAs\":[\"https:\/\/www.facebook.com\/volcanes.net\/\"]},{\"@type\":\"Person\",\"@id\":\"https:\/\/volcanes.net\/#\/schema\/person\/4bf0f383940966a4abd53f5048c0e6b9\",\"name\":\"admin\",\"image\":{\"@type\":\"ImageObject\",\"inLanguage\":\"es\",\"@id\":\"https:\/\/volcanes.net\/#\/schema\/person\/image\/\",\"url\":\"https:\/\/secure.gravatar.com\/avatar\/ca004e6cba8462b8cb7abc86e382930c?s=96&d=mm&r=g\",\"contentUrl\":\"https:\/\/secure.gravatar.com\/avatar\/ca004e6cba8462b8cb7abc86e382930c?s=96&d=mm&r=g\",\"caption\":\"admin\"}}]}<\/script>\n<!-- \/ Yoast SEO plugin. -->","yoast_head_json":{"title":"Gobierno capitalino cambia formato de plataforma para la reconstrucci\u00f3n - Volcanes","robots":{"index":"index","follow":"follow","max-snippet":"max-snippet:-1","max-image-preview":"max-image-preview:large","max-video-preview":"max-video-preview:-1"},"canonical":"https:\/\/volcanes.net\/?p=324","og_locale":"es_MX","og_type":"article","og_title":"Gobierno capitalino cambia formato de plataforma para la reconstrucci\u00f3n - Volcanes","og_description":"El jefe de gobierno de la Ciudad de M\u00e9xico, Miguel \u00c1ngel Mancera, manifest\u00f3 que su","og_url":"https:\/\/volcanes.net\/?p=324","og_site_name":"Volcanes","article_publisher":"https:\/\/www.facebook.com\/volcanes.net\/","article_published_time":"2018-01-09T21:13:51+00:00","og_image":[{"width":400,"height":200,"url":"https:\/\/volcanes.net\/wp-content\/uploads\/2018\/01\/mancera.jpg","type":"image\/jpeg"}],"author":"admin","twitter_card":"summary_large_image","twitter_misc":{"Escrito por":"admin","Tiempo de lectura":"2 minutos"},"schema":{"@context":"https:\/\/schema.org","@graph":[{"@type":"Article","@id":"https:\/\/volcanes.net\/?p=324#article","isPartOf":{"@id":"https:\/\/volcanes.net\/?p=324"},"author":{"name":"admin","@id":"https:\/\/volcanes.net\/#\/schema\/person\/4bf0f383940966a4abd53f5048c0e6b9"},"headline":"Gobierno capitalino cambia formato de plataforma para la reconstrucci\u00f3n","datePublished":"2018-01-09T21:13:51+00:00","mainEntityOfPage":{"@id":"https:\/\/volcanes.net\/?p=324"},"wordCount":476,"commentCount":0,"publisher":{"@id":"https:\/\/volcanes.net\/#organization"},"image":{"@id":"https:\/\/volcanes.net\/?p=324#primaryimage"},"thumbnailUrl":"https:\/\/volcanes.net\/wp-content\/uploads\/2018\/01\/mancera.jpg","keywords":["CDMX"],"articleSection":["Municipales"],"inLanguage":"es","potentialAction":[{"@type":"CommentAction","name":"Comment","target":["https:\/\/volcanes.net\/?p=324#respond"]}]},{"@type":"WebPage","@id":"https:\/\/volcanes.net\/?p=324","url":"https:\/\/volcanes.net\/?p=324","name":"Gobierno capitalino cambia formato de plataforma para la reconstrucci\u00f3n - Volcanes","isPartOf":{"@id":"https:\/\/volcanes.net\/#website"},"primaryImageOfPage":{"@id":"https:\/\/volcanes.net\/?p=324#primaryimage"},"image":{"@id":"https:\/\/volcanes.net\/?p=324#primaryimage"},"thumbnailUrl":"https:\/\/volcanes.net\/wp-content\/uploads\/2018\/01\/mancera.jpg","datePublished":"2018-01-09T21:13:51+00:00","breadcrumb":{"@id":"https:\/\/volcanes.net\/?p=324#breadcrumb"},"inLanguage":"es","potentialAction":[{"@type":"ReadAction","target":["https:\/\/volcanes.net\/?p=324"]}]},{"@type":"ImageObject","inLanguage":"es","@id":"https:\/\/volcanes.net\/?p=324#primaryimage","url":"https:\/\/volcanes.net\/wp-content\/uploads\/2018\/01\/mancera.jpg","contentUrl":"https:\/\/volcanes.net\/wp-content\/uploads\/2018\/01\/mancera.jpg","width":400,"height":200},{"@type":"BreadcrumbList","@id":"https:\/\/volcanes.net\/?p=324#breadcrumb","itemListElement":[{"@type":"ListItem","position":1,"name":"Portada","item":"https:\/\/volcanes.net\/"},{"@type":"ListItem","position":2,"name":"Gobierno capitalino cambia formato de plataforma para la reconstrucci\u00f3n"}]},{"@type":"WebSite","@id":"https:\/\/volcanes.net\/#website","url":"https:\/\/volcanes.net\/","name":"Volcanes.Net","description":"Periodismo Profesional","publisher":{"@id":"https:\/\/volcanes.net\/#organization"},"potentialAction":[{"@type":"SearchAction","target":{"@type":"EntryPoint","urlTemplate":"https:\/\/volcanes.net\/?s={search_term_string}"},"query-input":{"@type":"PropertyValueSpecification","valueRequired":true,"valueName":"search_term_string"}}],"inLanguage":"es"},{"@type":"Organization","@id":"https:\/\/volcanes.net\/#organization","name":"Grupo Volcanes","url":"https:\/\/volcanes.net\/","logo":{"@type":"ImageObject","inLanguage":"es","@id":"https:\/\/volcanes.net\/#\/schema\/logo\/image\/","url":"http:\/\/volcanes.net\/wp-content\/uploads\/2017\/12\/Avatar2.jpg","contentUrl":"http:\/\/volcanes.net\/wp-content\/uploads\/2017\/12\/Avatar2.jpg","width":378,"height":378,"caption":"Grupo Volcanes"},"image":{"@id":"https:\/\/volcanes.net\/#\/schema\/logo\/image\/"},"sameAs":["https:\/\/www.facebook.com\/volcanes.net\/"]},{"@type":"Person","@id":"https:\/\/volcanes.net\/#\/schema\/person\/4bf0f383940966a4abd53f5048c0e6b9","name":"admin","image":{"@type":"ImageObject","inLanguage":"es","@id":"https:\/\/volcanes.net\/#\/schema\/person\/image\/","url":"https:\/\/secure.gravatar.com\/avatar\/ca004e6cba8462b8cb7abc86e382930c?s=96&d=mm&r=g","contentUrl":"https:\/\/secure.gravatar.com\/avatar\/ca004e6cba8462b8cb7abc86e382930c?s=96&d=mm&r=g","caption":"admin"}}]}},"_links":{"self":[{"href":"https:\/\/volcanes.net\/index.php?rest_route=\/wp\/v2\/posts\/324"}],"collection":[{"href":"https:\/\/volcanes.net\/index.php?rest_route=\/wp\/v2\/posts"}],"about":[{"href":"https:\/\/volcanes.net\/index.php?rest_route=\/wp\/v2\/types\/post"}],"author":[{"embeddable":true,"href":"https:\/\/volcanes.net\/index.php?rest_route=\/wp\/v2\/users\/1"}],"replies":[{"embeddable":true,"href":"https:\/\/volcanes.net\/index.php?rest_route=%2Fwp%2Fv2%2Fcomments&post=324"}],"version-history":[{"count":1,"href":"https:\/\/volcanes.net\/index.php?rest_route=\/wp\/v2\/posts\/324\/revisions"}],"predecessor-version":[{"id":325,"href":"https:\/\/volcanes.net\/index.php?rest_route=\/wp\/v2\/posts\/324\/revisions\/325"}],"wp:featuredmedia":[{"embeddable":true,"href":"https:\/\/volcanes.net\/index.php?rest_route=\/wp\/v2\/media\/316"}],"wp:attachment":[{"href":"https:\/\/volcanes.net\/index.php?rest_route=%2Fwp%2Fv2%2Fmedia&parent=324"}],"wp:term":[{"taxonomy":"category","embeddable":true,"href":"https:\/\/volcanes.net\/index.php?rest_route=%2Fwp%2Fv2%2Fcategories&post=324"},{"taxonomy":"post_tag","embeddable":true,"href":"https:\/\/volcanes.net\/index.php?rest_route=%2Fwp%2Fv2%2Ftags&post=324"}],"curies":[{"name":"wp","href":"https:\/\/api.w.org\/{rel}","templated":true}]}}