{"id":3256,"date":"2019-01-10T23:15:03","date_gmt":"2019-01-10T23:15:03","guid":{"rendered":"http:\/\/volcanes.net\/?p=3256"},"modified":"2019-01-10T23:15:03","modified_gmt":"2019-01-10T23:15:03","slug":"gobierno-invertira-recursos-como-nunca-antes-en-bienestar-lopez-obrador","status":"publish","type":"post","link":"https:\/\/volcanes.net\/?p=3256","title":{"rendered":"Gobierno invertir\u00e1 recursos como nunca antes en bienestar L\u00f3pez Obrador"},"content":{"rendered":"<div style=\"margin-top: 0px; margin-bottom: 0px;\" class=\"sharethis-inline-share-buttons\" ><\/div><p>El presidente Andr\u00e9s Manuel L\u00f3pez Obrador inform\u00f3 que en la actual administraci\u00f3n se destinar\u00e1n recursos, como nunca antes, para conseguir el bienestar de la sociedad, y asever\u00f3 que se cuenta con el presupuesto suficiente para ello.<\/p>\n<p>\u201cSe van a destinar muchos recursos para el bienestar del pueblo, como nunca se hab\u00eda hecho en el pa\u00eds\u201d, expres\u00f3 al encabezar el inicio del programa J\u00f3venes Construyendo el Futuro, donde asever\u00f3 que toda persona que necesite dinero va a tener ingresos y no habr\u00e1 necesidad de delinquir, \u201cvamos a dar muchas oportunidades de trabajo\u201d.<\/p>\n<p>Acompa\u00f1ado por la titular de la Secretar\u00eda del Trabajo y Previsi\u00f3n Social (STPS), Luisa Mar\u00eda Alcalde Luj\u00e1n, el mandatario federal enfatiz\u00f3 que \u201cse va a atender a todos, se va a escuchar a todos, se va a respetar a todos, pero se le va a dar preferencia a la gente humilde\u201d.<\/p>\n<p>En el acto, que inici\u00f3 con un minuto de silencio por el fallecimiento de Alfredo del Mazo Gonz\u00e1lez, padre del gobernador de la entidad, asever\u00f3 que \u201cno hay l\u00edmite, es decir, se plante\u00f3 apoyar a dos millones 600 mil j\u00f3venes como aprendices; que van a capacitarse y tendr\u00e1n un ingreso asegurado mientras se est\u00e1n formando, de tres mil 600 pesos mensuales\u201d.<\/p>\n<p>Record\u00f3 que \u201cya se autorizaron 44 mil millones de pesos para este programa; y si pasamos de la meta de dos millones 600 mil, habr\u00e1 presupuesto porque lo que queremos es que los j\u00f3venes tengan garantizado el derecho al estudio y el derecho al trabajo\u201d.<\/p>\n<p>Explic\u00f3 que en este programa, que dar\u00e1 atenci\u00f3n especial a todos los j\u00f3venes, se cuenta con la participaci\u00f3n de empresarios, comerciantes, prestadores de servicios, due\u00f1os de talleres, de peque\u00f1as empresas, en donde existe gente que decide ser tutor para estos j\u00f3venes.<\/p>\n<p>El Ejecutivo federal enfatiz\u00f3 que si un tutor acepta esta responsabilidad ayuda, ya que va a ense\u00f1ar, tarea en la que dedicar\u00e1 tiempo y contribuir\u00e1 a moralizar, \u201ca imprimir valores al joven, eso es muy importante, fortalecer valores morales, culturales, espirituales, un verdadero maestro\u201d.<\/p>\n<p>L\u00f3pez Obrador dej\u00f3 claro que \u201ces en serio que vamos a limpiar de corrupci\u00f3n al gobierno\u2026 y ya empezamos; tenemos que acabar con la corrupci\u00f3n no s\u00f3lo por razones de \u00edndole moral, sino porque tambi\u00e9n debemos evitar que el dinero del pueblo se vaya por el ca\u00f1o de la corrupci\u00f3n\u201d, por lo que llam\u00f3 a \u201cque todos juntos sigamos adelante\u201d.<\/p>\n<p>En este marco, el presidente de M\u00e9xico hizo referencia al combate al robo de combustible, que est\u00e1 ligado al flagelo de la corrupci\u00f3n, y enfatiz\u00f3 que no se dar\u00e1 ni un paso atr\u00e1s, \u201cles digo que el que se aflige se afloja y nosotros no nos vamos a afligir en el combate a la corrupci\u00f3n\u201d.<\/p>\n<p>Por ello reiter\u00f3 su llamado a \u201cque la gente nos siga ayudando, que tenga paciencia, que si tiene gasolina en su tanque, mientras se normaliza el abasto, que cuide lo que tiene de gasolina, que si ya le hace falta, pues entonces s\u00ed, que con paciencia vaya y haga la fila\u201d.<\/p>\n<p>Confi\u00f3 que pronto se resolver\u00e1 el tema, \u201cporque, repito, hay gasolina, es un asunto de la distribuci\u00f3n interna para que no se roben la gasolina orde\u00f1ando los ductos; ya estamos con un plan de traslado, de transporte de gasolina con pipas para que todas las gasoliner\u00edas tengan abasto suficiente, en tanto se normaliza esta situaci\u00f3n\u201d.<\/p>\n<p>\u201cQue todos los ciudadanos contribuyan porque as\u00ed, entre todos, combatimos la corrupci\u00f3n, y no nos vamos a dejar, vamos a seguir adelante, ni un paso atr\u00e1s, ni siquiera para tomar impulso\u201d, expres\u00f3 ante funcionarios de su gobierno y habitantes de este municipio mexiquense.<\/p>\n<p>A su vez, la secretaria del Trabajo, Luisa Mar\u00eda Alcalde, record\u00f3 que para hacer posible el programa J\u00f3venes Construyendo el Futuro se trabaj\u00f3 tocando puerta por puerta, firmando convenios de colaboraci\u00f3n con empresas y creando una plataforma digital que permiti\u00f3 ser m\u00e1s eficientes en el manejo de la informaci\u00f3n.<\/p>\n<p>Destac\u00f3 que es un plan que busca transformar la vida de los j\u00f3venes y apuesta a que los que egresen del mismo no s\u00f3lo tengan mayores habilidades para el trabajo, sino que tengan m\u00e1s seguridad en que ser\u00e1n capaces de lograr sus prop\u00f3sitos.<\/p>\n<p>La funcionaria federal refiri\u00f3 que las tarjetas que entreg\u00f3 en este evento, de manera simb\u00f3lica, el presidente Andr\u00e9s Manuel L\u00f3pez Obrador a un grupo de j\u00f3venes, tendr\u00e1n recursos a partir de que comience su capacitaci\u00f3n.<\/p>\n","protected":false},"excerpt":{"rendered":"<p>El presidente Andr\u00e9s Manuel L\u00f3pez Obrador inform\u00f3 que en la actual administraci\u00f3n se destinar\u00e1n recursos,<\/p>\n","protected":false},"author":1,"featured_media":3257,"comment_status":"open","ping_status":"open","sticky":false,"template":"","format":"standard","meta":{"footnotes":""},"categories":[1],"tags":[44],"class_list":["post-3256","post","type-post","status-publish","format-standard","has-post-thumbnail","hentry","category-municipales","tag-gobierno-de-la-republica"],"yoast_head":"<!-- This site is optimized with the Yoast SEO plugin v25.3 - https:\/\/yoast.com\/wordpress\/plugins\/seo\/ -->\n<title>Gobierno invertir\u00e1 recursos como nunca antes en bienestar L\u00f3pez Obrador - Volcanes<\/title>\n<meta name=\"robots\" content=\"index, follow, max-snippet:-1, max-image-preview:large, max-video-preview:-1\" \/>\n<link rel=\"canonical\" href=\"https:\/\/volcanes.net\/?p=3256\" \/>\n<meta property=\"og:locale\" content=\"es_MX\" \/>\n<meta property=\"og:type\" content=\"article\" \/>\n<meta property=\"og:title\" content=\"Gobierno invertir\u00e1 recursos como nunca antes en bienestar L\u00f3pez Obrador - Volcanes\" \/>\n<meta property=\"og:description\" content=\"El presidente Andr\u00e9s Manuel L\u00f3pez Obrador inform\u00f3 que en la actual administraci\u00f3n se destinar\u00e1n recursos,\" \/>\n<meta property=\"og:url\" content=\"https:\/\/volcanes.net\/?p=3256\" \/>\n<meta property=\"og:site_name\" content=\"Volcanes\" \/>\n<meta property=\"article:publisher\" content=\"https:\/\/www.facebook.com\/volcanes.net\/\" \/>\n<meta property=\"article:published_time\" content=\"2019-01-10T23:15:03+00:00\" \/>\n<meta property=\"og:image\" content=\"https:\/\/volcanes.net\/wp-content\/uploads\/2019\/01\/amlo-3.jpg\" \/>\n\t<meta property=\"og:image:width\" content=\"550\" \/>\n\t<meta property=\"og:image:height\" content=\"369\" \/>\n\t<meta property=\"og:image:type\" content=\"image\/jpeg\" \/>\n<meta name=\"author\" content=\"admin\" \/>\n<meta name=\"twitter:card\" content=\"summary_large_image\" \/>\n<meta name=\"twitter:label1\" content=\"Escrito por\" \/>\n\t<meta name=\"twitter:data1\" content=\"admin\" \/>\n\t<meta name=\"twitter:label2\" content=\"Tiempo de lectura\" \/>\n\t<meta name=\"twitter:data2\" content=\"4 minutos\" \/>\n<script type=\"application\/ld+json\" class=\"yoast-schema-graph\">{\"@context\":\"https:\/\/schema.org\",\"@graph\":[{\"@type\":\"Article\",\"@id\":\"https:\/\/volcanes.net\/?p=3256#article\",\"isPartOf\":{\"@id\":\"https:\/\/volcanes.net\/?p=3256\"},\"author\":{\"name\":\"admin\",\"@id\":\"https:\/\/volcanes.net\/#\/schema\/person\/4bf0f383940966a4abd53f5048c0e6b9\"},\"headline\":\"Gobierno invertir\u00e1 recursos como nunca antes en bienestar L\u00f3pez Obrador\",\"datePublished\":\"2019-01-10T23:15:03+00:00\",\"mainEntityOfPage\":{\"@id\":\"https:\/\/volcanes.net\/?p=3256\"},\"wordCount\":789,\"commentCount\":0,\"publisher\":{\"@id\":\"https:\/\/volcanes.net\/#organization\"},\"image\":{\"@id\":\"https:\/\/volcanes.net\/?p=3256#primaryimage\"},\"thumbnailUrl\":\"https:\/\/volcanes.net\/wp-content\/uploads\/2019\/01\/amlo-3.jpg\",\"keywords\":[\"Gobierno de la Rep\u00fablica\"],\"articleSection\":[\"Municipales\"],\"inLanguage\":\"es\",\"potentialAction\":[{\"@type\":\"CommentAction\",\"name\":\"Comment\",\"target\":[\"https:\/\/volcanes.net\/?p=3256#respond\"]}]},{\"@type\":\"WebPage\",\"@id\":\"https:\/\/volcanes.net\/?p=3256\",\"url\":\"https:\/\/volcanes.net\/?p=3256\",\"name\":\"Gobierno invertir\u00e1 recursos como nunca antes en bienestar L\u00f3pez Obrador - Volcanes\",\"isPartOf\":{\"@id\":\"https:\/\/volcanes.net\/#website\"},\"primaryImageOfPage\":{\"@id\":\"https:\/\/volcanes.net\/?p=3256#primaryimage\"},\"image\":{\"@id\":\"https:\/\/volcanes.net\/?p=3256#primaryimage\"},\"thumbnailUrl\":\"https:\/\/volcanes.net\/wp-content\/uploads\/2019\/01\/amlo-3.jpg\",\"datePublished\":\"2019-01-10T23:15:03+00:00\",\"breadcrumb\":{\"@id\":\"https:\/\/volcanes.net\/?p=3256#breadcrumb\"},\"inLanguage\":\"es\",\"potentialAction\":[{\"@type\":\"ReadAction\",\"target\":[\"https:\/\/volcanes.net\/?p=3256\"]}]},{\"@type\":\"ImageObject\",\"inLanguage\":\"es\",\"@id\":\"https:\/\/volcanes.net\/?p=3256#primaryimage\",\"url\":\"https:\/\/volcanes.net\/wp-content\/uploads\/2019\/01\/amlo-3.jpg\",\"contentUrl\":\"https:\/\/volcanes.net\/wp-content\/uploads\/2019\/01\/amlo-3.jpg\",\"width\":550,\"height\":369},{\"@type\":\"BreadcrumbList\",\"@id\":\"https:\/\/volcanes.net\/?p=3256#breadcrumb\",\"itemListElement\":[{\"@type\":\"ListItem\",\"position\":1,\"name\":\"Portada\",\"item\":\"https:\/\/volcanes.net\/\"},{\"@type\":\"ListItem\",\"position\":2,\"name\":\"Gobierno invertir\u00e1 recursos como nunca antes en bienestar L\u00f3pez Obrador\"}]},{\"@type\":\"WebSite\",\"@id\":\"https:\/\/volcanes.net\/#website\",\"url\":\"https:\/\/volcanes.net\/\",\"name\":\"Volcanes.Net\",\"description\":\"Periodismo Profesional\",\"publisher\":{\"@id\":\"https:\/\/volcanes.net\/#organization\"},\"potentialAction\":[{\"@type\":\"SearchAction\",\"target\":{\"@type\":\"EntryPoint\",\"urlTemplate\":\"https:\/\/volcanes.net\/?s={search_term_string}\"},\"query-input\":{\"@type\":\"PropertyValueSpecification\",\"valueRequired\":true,\"valueName\":\"search_term_string\"}}],\"inLanguage\":\"es\"},{\"@type\":\"Organization\",\"@id\":\"https:\/\/volcanes.net\/#organization\",\"name\":\"Grupo Volcanes\",\"url\":\"https:\/\/volcanes.net\/\",\"logo\":{\"@type\":\"ImageObject\",\"inLanguage\":\"es\",\"@id\":\"https:\/\/volcanes.net\/#\/schema\/logo\/image\/\",\"url\":\"http:\/\/volcanes.net\/wp-content\/uploads\/2017\/12\/Avatar2.jpg\",\"contentUrl\":\"http:\/\/volcanes.net\/wp-content\/uploads\/2017\/12\/Avatar2.jpg\",\"width\":378,\"height\":378,\"caption\":\"Grupo Volcanes\"},\"image\":{\"@id\":\"https:\/\/volcanes.net\/#\/schema\/logo\/image\/\"},\"sameAs\":[\"https:\/\/www.facebook.com\/volcanes.net\/\"]},{\"@type\":\"Person\",\"@id\":\"https:\/\/volcanes.net\/#\/schema\/person\/4bf0f383940966a4abd53f5048c0e6b9\",\"name\":\"admin\",\"image\":{\"@type\":\"ImageObject\",\"inLanguage\":\"es\",\"@id\":\"https:\/\/volcanes.net\/#\/schema\/person\/image\/\",\"url\":\"https:\/\/secure.gravatar.com\/avatar\/ca004e6cba8462b8cb7abc86e382930c?s=96&d=mm&r=g\",\"contentUrl\":\"https:\/\/secure.gravatar.com\/avatar\/ca004e6cba8462b8cb7abc86e382930c?s=96&d=mm&r=g\",\"caption\":\"admin\"}}]}<\/script>\n<!-- \/ Yoast SEO plugin. -->","yoast_head_json":{"title":"Gobierno invertir\u00e1 recursos como nunca antes en bienestar L\u00f3pez Obrador - Volcanes","robots":{"index":"index","follow":"follow","max-snippet":"max-snippet:-1","max-image-preview":"max-image-preview:large","max-video-preview":"max-video-preview:-1"},"canonical":"https:\/\/volcanes.net\/?p=3256","og_locale":"es_MX","og_type":"article","og_title":"Gobierno invertir\u00e1 recursos como nunca antes en bienestar L\u00f3pez Obrador - Volcanes","og_description":"El presidente Andr\u00e9s Manuel L\u00f3pez Obrador inform\u00f3 que en la actual administraci\u00f3n se destinar\u00e1n recursos,","og_url":"https:\/\/volcanes.net\/?p=3256","og_site_name":"Volcanes","article_publisher":"https:\/\/www.facebook.com\/volcanes.net\/","article_published_time":"2019-01-10T23:15:03+00:00","og_image":[{"width":550,"height":369,"url":"https:\/\/volcanes.net\/wp-content\/uploads\/2019\/01\/amlo-3.jpg","type":"image\/jpeg"}],"author":"admin","twitter_card":"summary_large_image","twitter_misc":{"Escrito por":"admin","Tiempo de lectura":"4 minutos"},"schema":{"@context":"https:\/\/schema.org","@graph":[{"@type":"Article","@id":"https:\/\/volcanes.net\/?p=3256#article","isPartOf":{"@id":"https:\/\/volcanes.net\/?p=3256"},"author":{"name":"admin","@id":"https:\/\/volcanes.net\/#\/schema\/person\/4bf0f383940966a4abd53f5048c0e6b9"},"headline":"Gobierno invertir\u00e1 recursos como nunca antes en bienestar L\u00f3pez Obrador","datePublished":"2019-01-10T23:15:03+00:00","mainEntityOfPage":{"@id":"https:\/\/volcanes.net\/?p=3256"},"wordCount":789,"commentCount":0,"publisher":{"@id":"https:\/\/volcanes.net\/#organization"},"image":{"@id":"https:\/\/volcanes.net\/?p=3256#primaryimage"},"thumbnailUrl":"https:\/\/volcanes.net\/wp-content\/uploads\/2019\/01\/amlo-3.jpg","keywords":["Gobierno de la Rep\u00fablica"],"articleSection":["Municipales"],"inLanguage":"es","potentialAction":[{"@type":"CommentAction","name":"Comment","target":["https:\/\/volcanes.net\/?p=3256#respond"]}]},{"@type":"WebPage","@id":"https:\/\/volcanes.net\/?p=3256","url":"https:\/\/volcanes.net\/?p=3256","name":"Gobierno invertir\u00e1 recursos como nunca antes en bienestar L\u00f3pez Obrador - Volcanes","isPartOf":{"@id":"https:\/\/volcanes.net\/#website"},"primaryImageOfPage":{"@id":"https:\/\/volcanes.net\/?p=3256#primaryimage"},"image":{"@id":"https:\/\/volcanes.net\/?p=3256#primaryimage"},"thumbnailUrl":"https:\/\/volcanes.net\/wp-content\/uploads\/2019\/01\/amlo-3.jpg","datePublished":"2019-01-10T23:15:03+00:00","breadcrumb":{"@id":"https:\/\/volcanes.net\/?p=3256#breadcrumb"},"inLanguage":"es","potentialAction":[{"@type":"ReadAction","target":["https:\/\/volcanes.net\/?p=3256"]}]},{"@type":"ImageObject","inLanguage":"es","@id":"https:\/\/volcanes.net\/?p=3256#primaryimage","url":"https:\/\/volcanes.net\/wp-content\/uploads\/2019\/01\/amlo-3.jpg","contentUrl":"https:\/\/volcanes.net\/wp-content\/uploads\/2019\/01\/amlo-3.jpg","width":550,"height":369},{"@type":"BreadcrumbList","@id":"https:\/\/volcanes.net\/?p=3256#breadcrumb","itemListElement":[{"@type":"ListItem","position":1,"name":"Portada","item":"https:\/\/volcanes.net\/"},{"@type":"ListItem","position":2,"name":"Gobierno invertir\u00e1 recursos como nunca antes en bienestar L\u00f3pez Obrador"}]},{"@type":"WebSite","@id":"https:\/\/volcanes.net\/#website","url":"https:\/\/volcanes.net\/","name":"Volcanes.Net","description":"Periodismo Profesional","publisher":{"@id":"https:\/\/volcanes.net\/#organization"},"potentialAction":[{"@type":"SearchAction","target":{"@type":"EntryPoint","urlTemplate":"https:\/\/volcanes.net\/?s={search_term_string}"},"query-input":{"@type":"PropertyValueSpecification","valueRequired":true,"valueName":"search_term_string"}}],"inLanguage":"es"},{"@type":"Organization","@id":"https:\/\/volcanes.net\/#organization","name":"Grupo Volcanes","url":"https:\/\/volcanes.net\/","logo":{"@type":"ImageObject","inLanguage":"es","@id":"https:\/\/volcanes.net\/#\/schema\/logo\/image\/","url":"http:\/\/volcanes.net\/wp-content\/uploads\/2017\/12\/Avatar2.jpg","contentUrl":"http:\/\/volcanes.net\/wp-content\/uploads\/2017\/12\/Avatar2.jpg","width":378,"height":378,"caption":"Grupo Volcanes"},"image":{"@id":"https:\/\/volcanes.net\/#\/schema\/logo\/image\/"},"sameAs":["https:\/\/www.facebook.com\/volcanes.net\/"]},{"@type":"Person","@id":"https:\/\/volcanes.net\/#\/schema\/person\/4bf0f383940966a4abd53f5048c0e6b9","name":"admin","image":{"@type":"ImageObject","inLanguage":"es","@id":"https:\/\/volcanes.net\/#\/schema\/person\/image\/","url":"https:\/\/secure.gravatar.com\/avatar\/ca004e6cba8462b8cb7abc86e382930c?s=96&d=mm&r=g","contentUrl":"https:\/\/secure.gravatar.com\/avatar\/ca004e6cba8462b8cb7abc86e382930c?s=96&d=mm&r=g","caption":"admin"}}]}},"_links":{"self":[{"href":"https:\/\/volcanes.net\/index.php?rest_route=\/wp\/v2\/posts\/3256"}],"collection":[{"href":"https:\/\/volcanes.net\/index.php?rest_route=\/wp\/v2\/posts"}],"about":[{"href":"https:\/\/volcanes.net\/index.php?rest_route=\/wp\/v2\/types\/post"}],"author":[{"embeddable":true,"href":"https:\/\/volcanes.net\/index.php?rest_route=\/wp\/v2\/users\/1"}],"replies":[{"embeddable":true,"href":"https:\/\/volcanes.net\/index.php?rest_route=%2Fwp%2Fv2%2Fcomments&post=3256"}],"version-history":[{"count":1,"href":"https:\/\/volcanes.net\/index.php?rest_route=\/wp\/v2\/posts\/3256\/revisions"}],"predecessor-version":[{"id":3258,"href":"https:\/\/volcanes.net\/index.php?rest_route=\/wp\/v2\/posts\/3256\/revisions\/3258"}],"wp:featuredmedia":[{"embeddable":true,"href":"https:\/\/volcanes.net\/index.php?rest_route=\/wp\/v2\/media\/3257"}],"wp:attachment":[{"href":"https:\/\/volcanes.net\/index.php?rest_route=%2Fwp%2Fv2%2Fmedia&parent=3256"}],"wp:term":[{"taxonomy":"category","embeddable":true,"href":"https:\/\/volcanes.net\/index.php?rest_route=%2Fwp%2Fv2%2Fcategories&post=3256"},{"taxonomy":"post_tag","embeddable":true,"href":"https:\/\/volcanes.net\/index.php?rest_route=%2Fwp%2Fv2%2Ftags&post=3256"}],"curies":[{"name":"wp","href":"https:\/\/api.w.org\/{rel}","templated":true}]}}