{"id":326,"date":"2018-01-09T21:15:05","date_gmt":"2018-01-09T21:15:05","guid":{"rendered":"http:\/\/volcanes.net\/?p=326"},"modified":"2018-01-09T21:15:05","modified_gmt":"2018-01-09T21:15:05","slug":"coalicion-con-el-pri-es-congruente-afirma-nueva-alianza","status":"publish","type":"post","link":"https:\/\/volcanes.net\/?p=326","title":{"rendered":"Coalici\u00f3n con el PRI es congruente, afirma Nueva Alianza"},"content":{"rendered":"<div style=\"margin-top: 0px; margin-bottom: 0px;\" class=\"sharethis-inline-share-buttons\" ><\/div><p>El presidente nacional de Nueva Alianza, Luis Castro Obreg\u00f3n asegur\u00f3 que la coalici\u00f3n electoral con el Partido Revolucionario Institucional (PRI) es congruente con la plataforma pol\u00edtica del instituto a su cargo.<\/p>\n<p>\u201cLa decisi\u00f3n de conformar una coalici\u00f3n tiene una explicaci\u00f3n, lo relevante no es la disputa de personalidades, es que hay dos proyectos de naci\u00f3n que compiten por definir ese rumbo de M\u00e9xico, y en congruencia con la plataforma de Nueva Alianza, debe subirse al tren de alta velocidad de desarrollo sostenible y no a una locomotora de vapor que vaya en sentido contrario al de la historia\u201d, dijo.<\/p>\n<p>En reuni\u00f3n con periodistas, Castro Obreg\u00f3n explic\u00f3 que en todos los estudios de opini\u00f3n, a pesar de la crisis de partidos, Nueva Alianza tiene una correlaci\u00f3n mayor de positivos y capacidad para generar confianza en un escenario re\u00f1ido; por ello consider\u00f3 que su partido, \u201char\u00e1 la diferencia\u201d y contribuir\u00e1 a la calidad del debate.<\/p>\n<p>Se\u00f1al\u00f3 que la violencia es una de las asignaturas pendientes en el pa\u00eds, debajo de la pobreza y la desigualdad, y que es obligaci\u00f3n del Estado garantizarla a todos los ciudadanos, por ello \u201cNueva Alianza no exige mayor seguridad a los pol\u00edticos, sino el Estado debe proteger al ciudadano\u201d.<\/p>\n<p>Asimismo alert\u00f3 que en otros pa\u00edses, el malestar social que \u201cclama venganza y polariza\u201d se ha convertido, consider\u00f3, en errores como el triunfo de Donald Trump en los Estados Unidos, la salida de la Uni\u00f3n Europea por parte de Gran Breta\u00f1a o el rechazo al primer acuerdo de paz en Colombia.<\/p>\n<p>En M\u00e9xico, estim\u00f3, existe enojo en la sociedad por el problema econ\u00f3mico, por la calidad de la democracia que no ha sido capaz de canalizar toda la energ\u00eda social y. por la mala calidad de la \u00e9lite pol\u00edtica o representativa.<\/p>\n<p>Mencion\u00f3 que Nueva Alianza ir\u00e1 en coalici\u00f3n para la candidatura presidencial pero \u00a0competir\u00e1 por su cuenta en 17 estados con candidatos independientes; las otras alianzas estatales ser\u00e1n parciales, tambi\u00e9n en el Senado, mientras \u00a0en la C\u00e1mara de Diputados ser\u00e1 flexible y depender\u00e1 del Consejo Nacional de Nueva Alianza.<\/p>\n","protected":false},"excerpt":{"rendered":"<p>El presidente nacional de Nueva Alianza, Luis Castro Obreg\u00f3n asegur\u00f3 que la coalici\u00f3n electoral con<\/p>\n","protected":false},"author":1,"featured_media":315,"comment_status":"open","ping_status":"open","sticky":false,"template":"","format":"standard","meta":{"footnotes":""},"categories":[1],"tags":[54],"class_list":["post-326","post","type-post","status-publish","format-standard","has-post-thumbnail","hentry","category-municipales","tag-nueva-alianza"],"yoast_head":"<!-- This site is optimized with the Yoast SEO plugin v25.3 - https:\/\/yoast.com\/wordpress\/plugins\/seo\/ -->\n<title>Coalici\u00f3n con el PRI es congruente, afirma Nueva Alianza - Volcanes<\/title>\n<meta name=\"robots\" content=\"index, follow, max-snippet:-1, max-image-preview:large, max-video-preview:-1\" \/>\n<link rel=\"canonical\" href=\"https:\/\/volcanes.net\/?p=326\" \/>\n<meta property=\"og:locale\" content=\"es_MX\" \/>\n<meta property=\"og:type\" content=\"article\" \/>\n<meta property=\"og:title\" content=\"Coalici\u00f3n con el PRI es congruente, afirma Nueva Alianza - Volcanes\" \/>\n<meta property=\"og:description\" content=\"El presidente nacional de Nueva Alianza, Luis Castro Obreg\u00f3n asegur\u00f3 que la coalici\u00f3n electoral con\" \/>\n<meta property=\"og:url\" content=\"https:\/\/volcanes.net\/?p=326\" \/>\n<meta property=\"og:site_name\" content=\"Volcanes\" \/>\n<meta property=\"article:publisher\" content=\"https:\/\/www.facebook.com\/volcanes.net\/\" \/>\n<meta property=\"article:published_time\" content=\"2018-01-09T21:15:05+00:00\" \/>\n<meta property=\"og:image\" content=\"https:\/\/volcanes.net\/wp-content\/uploads\/2018\/01\/luis_castro_obregon.jpg\" \/>\n\t<meta property=\"og:image:width\" content=\"400\" \/>\n\t<meta property=\"og:image:height\" content=\"200\" \/>\n\t<meta property=\"og:image:type\" content=\"image\/jpeg\" \/>\n<meta name=\"author\" content=\"admin\" \/>\n<meta name=\"twitter:card\" content=\"summary_large_image\" \/>\n<meta name=\"twitter:label1\" content=\"Escrito por\" \/>\n\t<meta name=\"twitter:data1\" content=\"admin\" \/>\n\t<meta name=\"twitter:label2\" content=\"Tiempo de lectura\" \/>\n\t<meta name=\"twitter:data2\" content=\"2 minutos\" \/>\n<script type=\"application\/ld+json\" class=\"yoast-schema-graph\">{\"@context\":\"https:\/\/schema.org\",\"@graph\":[{\"@type\":\"Article\",\"@id\":\"https:\/\/volcanes.net\/?p=326#article\",\"isPartOf\":{\"@id\":\"https:\/\/volcanes.net\/?p=326\"},\"author\":{\"name\":\"admin\",\"@id\":\"https:\/\/volcanes.net\/#\/schema\/person\/4bf0f383940966a4abd53f5048c0e6b9\"},\"headline\":\"Coalici\u00f3n con el PRI es congruente, afirma Nueva Alianza\",\"datePublished\":\"2018-01-09T21:15:05+00:00\",\"mainEntityOfPage\":{\"@id\":\"https:\/\/volcanes.net\/?p=326\"},\"wordCount\":378,\"commentCount\":0,\"publisher\":{\"@id\":\"https:\/\/volcanes.net\/#organization\"},\"image\":{\"@id\":\"https:\/\/volcanes.net\/?p=326#primaryimage\"},\"thumbnailUrl\":\"https:\/\/volcanes.net\/wp-content\/uploads\/2018\/01\/luis_castro_obregon.jpg\",\"keywords\":[\"Nueva Alianza\"],\"articleSection\":[\"Municipales\"],\"inLanguage\":\"es\",\"potentialAction\":[{\"@type\":\"CommentAction\",\"name\":\"Comment\",\"target\":[\"https:\/\/volcanes.net\/?p=326#respond\"]}]},{\"@type\":\"WebPage\",\"@id\":\"https:\/\/volcanes.net\/?p=326\",\"url\":\"https:\/\/volcanes.net\/?p=326\",\"name\":\"Coalici\u00f3n con el PRI es congruente, afirma Nueva Alianza - Volcanes\",\"isPartOf\":{\"@id\":\"https:\/\/volcanes.net\/#website\"},\"primaryImageOfPage\":{\"@id\":\"https:\/\/volcanes.net\/?p=326#primaryimage\"},\"image\":{\"@id\":\"https:\/\/volcanes.net\/?p=326#primaryimage\"},\"thumbnailUrl\":\"https:\/\/volcanes.net\/wp-content\/uploads\/2018\/01\/luis_castro_obregon.jpg\",\"datePublished\":\"2018-01-09T21:15:05+00:00\",\"breadcrumb\":{\"@id\":\"https:\/\/volcanes.net\/?p=326#breadcrumb\"},\"inLanguage\":\"es\",\"potentialAction\":[{\"@type\":\"ReadAction\",\"target\":[\"https:\/\/volcanes.net\/?p=326\"]}]},{\"@type\":\"ImageObject\",\"inLanguage\":\"es\",\"@id\":\"https:\/\/volcanes.net\/?p=326#primaryimage\",\"url\":\"https:\/\/volcanes.net\/wp-content\/uploads\/2018\/01\/luis_castro_obregon.jpg\",\"contentUrl\":\"https:\/\/volcanes.net\/wp-content\/uploads\/2018\/01\/luis_castro_obregon.jpg\",\"width\":400,\"height\":200},{\"@type\":\"BreadcrumbList\",\"@id\":\"https:\/\/volcanes.net\/?p=326#breadcrumb\",\"itemListElement\":[{\"@type\":\"ListItem\",\"position\":1,\"name\":\"Portada\",\"item\":\"https:\/\/volcanes.net\/\"},{\"@type\":\"ListItem\",\"position\":2,\"name\":\"Coalici\u00f3n con el PRI es congruente, afirma Nueva Alianza\"}]},{\"@type\":\"WebSite\",\"@id\":\"https:\/\/volcanes.net\/#website\",\"url\":\"https:\/\/volcanes.net\/\",\"name\":\"Volcanes.Net\",\"description\":\"Periodismo Profesional\",\"publisher\":{\"@id\":\"https:\/\/volcanes.net\/#organization\"},\"potentialAction\":[{\"@type\":\"SearchAction\",\"target\":{\"@type\":\"EntryPoint\",\"urlTemplate\":\"https:\/\/volcanes.net\/?s={search_term_string}\"},\"query-input\":{\"@type\":\"PropertyValueSpecification\",\"valueRequired\":true,\"valueName\":\"search_term_string\"}}],\"inLanguage\":\"es\"},{\"@type\":\"Organization\",\"@id\":\"https:\/\/volcanes.net\/#organization\",\"name\":\"Grupo Volcanes\",\"url\":\"https:\/\/volcanes.net\/\",\"logo\":{\"@type\":\"ImageObject\",\"inLanguage\":\"es\",\"@id\":\"https:\/\/volcanes.net\/#\/schema\/logo\/image\/\",\"url\":\"http:\/\/volcanes.net\/wp-content\/uploads\/2017\/12\/Avatar2.jpg\",\"contentUrl\":\"http:\/\/volcanes.net\/wp-content\/uploads\/2017\/12\/Avatar2.jpg\",\"width\":378,\"height\":378,\"caption\":\"Grupo Volcanes\"},\"image\":{\"@id\":\"https:\/\/volcanes.net\/#\/schema\/logo\/image\/\"},\"sameAs\":[\"https:\/\/www.facebook.com\/volcanes.net\/\"]},{\"@type\":\"Person\",\"@id\":\"https:\/\/volcanes.net\/#\/schema\/person\/4bf0f383940966a4abd53f5048c0e6b9\",\"name\":\"admin\",\"image\":{\"@type\":\"ImageObject\",\"inLanguage\":\"es\",\"@id\":\"https:\/\/volcanes.net\/#\/schema\/person\/image\/\",\"url\":\"https:\/\/secure.gravatar.com\/avatar\/ca004e6cba8462b8cb7abc86e382930c?s=96&d=mm&r=g\",\"contentUrl\":\"https:\/\/secure.gravatar.com\/avatar\/ca004e6cba8462b8cb7abc86e382930c?s=96&d=mm&r=g\",\"caption\":\"admin\"}}]}<\/script>\n<!-- \/ Yoast SEO plugin. -->","yoast_head_json":{"title":"Coalici\u00f3n con el PRI es congruente, afirma Nueva Alianza - Volcanes","robots":{"index":"index","follow":"follow","max-snippet":"max-snippet:-1","max-image-preview":"max-image-preview:large","max-video-preview":"max-video-preview:-1"},"canonical":"https:\/\/volcanes.net\/?p=326","og_locale":"es_MX","og_type":"article","og_title":"Coalici\u00f3n con el PRI es congruente, afirma Nueva Alianza - Volcanes","og_description":"El presidente nacional de Nueva Alianza, Luis Castro Obreg\u00f3n asegur\u00f3 que la coalici\u00f3n electoral con","og_url":"https:\/\/volcanes.net\/?p=326","og_site_name":"Volcanes","article_publisher":"https:\/\/www.facebook.com\/volcanes.net\/","article_published_time":"2018-01-09T21:15:05+00:00","og_image":[{"width":400,"height":200,"url":"https:\/\/volcanes.net\/wp-content\/uploads\/2018\/01\/luis_castro_obregon.jpg","type":"image\/jpeg"}],"author":"admin","twitter_card":"summary_large_image","twitter_misc":{"Escrito por":"admin","Tiempo de lectura":"2 minutos"},"schema":{"@context":"https:\/\/schema.org","@graph":[{"@type":"Article","@id":"https:\/\/volcanes.net\/?p=326#article","isPartOf":{"@id":"https:\/\/volcanes.net\/?p=326"},"author":{"name":"admin","@id":"https:\/\/volcanes.net\/#\/schema\/person\/4bf0f383940966a4abd53f5048c0e6b9"},"headline":"Coalici\u00f3n con el PRI es congruente, afirma Nueva Alianza","datePublished":"2018-01-09T21:15:05+00:00","mainEntityOfPage":{"@id":"https:\/\/volcanes.net\/?p=326"},"wordCount":378,"commentCount":0,"publisher":{"@id":"https:\/\/volcanes.net\/#organization"},"image":{"@id":"https:\/\/volcanes.net\/?p=326#primaryimage"},"thumbnailUrl":"https:\/\/volcanes.net\/wp-content\/uploads\/2018\/01\/luis_castro_obregon.jpg","keywords":["Nueva Alianza"],"articleSection":["Municipales"],"inLanguage":"es","potentialAction":[{"@type":"CommentAction","name":"Comment","target":["https:\/\/volcanes.net\/?p=326#respond"]}]},{"@type":"WebPage","@id":"https:\/\/volcanes.net\/?p=326","url":"https:\/\/volcanes.net\/?p=326","name":"Coalici\u00f3n con el PRI es congruente, afirma Nueva Alianza - Volcanes","isPartOf":{"@id":"https:\/\/volcanes.net\/#website"},"primaryImageOfPage":{"@id":"https:\/\/volcanes.net\/?p=326#primaryimage"},"image":{"@id":"https:\/\/volcanes.net\/?p=326#primaryimage"},"thumbnailUrl":"https:\/\/volcanes.net\/wp-content\/uploads\/2018\/01\/luis_castro_obregon.jpg","datePublished":"2018-01-09T21:15:05+00:00","breadcrumb":{"@id":"https:\/\/volcanes.net\/?p=326#breadcrumb"},"inLanguage":"es","potentialAction":[{"@type":"ReadAction","target":["https:\/\/volcanes.net\/?p=326"]}]},{"@type":"ImageObject","inLanguage":"es","@id":"https:\/\/volcanes.net\/?p=326#primaryimage","url":"https:\/\/volcanes.net\/wp-content\/uploads\/2018\/01\/luis_castro_obregon.jpg","contentUrl":"https:\/\/volcanes.net\/wp-content\/uploads\/2018\/01\/luis_castro_obregon.jpg","width":400,"height":200},{"@type":"BreadcrumbList","@id":"https:\/\/volcanes.net\/?p=326#breadcrumb","itemListElement":[{"@type":"ListItem","position":1,"name":"Portada","item":"https:\/\/volcanes.net\/"},{"@type":"ListItem","position":2,"name":"Coalici\u00f3n con el PRI es congruente, afirma Nueva Alianza"}]},{"@type":"WebSite","@id":"https:\/\/volcanes.net\/#website","url":"https:\/\/volcanes.net\/","name":"Volcanes.Net","description":"Periodismo Profesional","publisher":{"@id":"https:\/\/volcanes.net\/#organization"},"potentialAction":[{"@type":"SearchAction","target":{"@type":"EntryPoint","urlTemplate":"https:\/\/volcanes.net\/?s={search_term_string}"},"query-input":{"@type":"PropertyValueSpecification","valueRequired":true,"valueName":"search_term_string"}}],"inLanguage":"es"},{"@type":"Organization","@id":"https:\/\/volcanes.net\/#organization","name":"Grupo Volcanes","url":"https:\/\/volcanes.net\/","logo":{"@type":"ImageObject","inLanguage":"es","@id":"https:\/\/volcanes.net\/#\/schema\/logo\/image\/","url":"http:\/\/volcanes.net\/wp-content\/uploads\/2017\/12\/Avatar2.jpg","contentUrl":"http:\/\/volcanes.net\/wp-content\/uploads\/2017\/12\/Avatar2.jpg","width":378,"height":378,"caption":"Grupo Volcanes"},"image":{"@id":"https:\/\/volcanes.net\/#\/schema\/logo\/image\/"},"sameAs":["https:\/\/www.facebook.com\/volcanes.net\/"]},{"@type":"Person","@id":"https:\/\/volcanes.net\/#\/schema\/person\/4bf0f383940966a4abd53f5048c0e6b9","name":"admin","image":{"@type":"ImageObject","inLanguage":"es","@id":"https:\/\/volcanes.net\/#\/schema\/person\/image\/","url":"https:\/\/secure.gravatar.com\/avatar\/ca004e6cba8462b8cb7abc86e382930c?s=96&d=mm&r=g","contentUrl":"https:\/\/secure.gravatar.com\/avatar\/ca004e6cba8462b8cb7abc86e382930c?s=96&d=mm&r=g","caption":"admin"}}]}},"_links":{"self":[{"href":"https:\/\/volcanes.net\/index.php?rest_route=\/wp\/v2\/posts\/326"}],"collection":[{"href":"https:\/\/volcanes.net\/index.php?rest_route=\/wp\/v2\/posts"}],"about":[{"href":"https:\/\/volcanes.net\/index.php?rest_route=\/wp\/v2\/types\/post"}],"author":[{"embeddable":true,"href":"https:\/\/volcanes.net\/index.php?rest_route=\/wp\/v2\/users\/1"}],"replies":[{"embeddable":true,"href":"https:\/\/volcanes.net\/index.php?rest_route=%2Fwp%2Fv2%2Fcomments&post=326"}],"version-history":[{"count":1,"href":"https:\/\/volcanes.net\/index.php?rest_route=\/wp\/v2\/posts\/326\/revisions"}],"predecessor-version":[{"id":327,"href":"https:\/\/volcanes.net\/index.php?rest_route=\/wp\/v2\/posts\/326\/revisions\/327"}],"wp:featuredmedia":[{"embeddable":true,"href":"https:\/\/volcanes.net\/index.php?rest_route=\/wp\/v2\/media\/315"}],"wp:attachment":[{"href":"https:\/\/volcanes.net\/index.php?rest_route=%2Fwp%2Fv2%2Fmedia&parent=326"}],"wp:term":[{"taxonomy":"category","embeddable":true,"href":"https:\/\/volcanes.net\/index.php?rest_route=%2Fwp%2Fv2%2Fcategories&post=326"},{"taxonomy":"post_tag","embeddable":true,"href":"https:\/\/volcanes.net\/index.php?rest_route=%2Fwp%2Fv2%2Ftags&post=326"}],"curies":[{"name":"wp","href":"https:\/\/api.w.org\/{rel}","templated":true}]}}