{"id":3280,"date":"2019-01-10T00:38:00","date_gmt":"2019-01-10T00:38:00","guid":{"rendered":"http:\/\/volcanes.net\/?p=3280"},"modified":"2019-01-11T00:40:55","modified_gmt":"2019-01-11T00:40:55","slug":"el-ccmb-arranca-el-mes-de-enero-con-conferencias-talleres-musica-exposiciones-y-proyecciones-de-cine","status":"publish","type":"post","link":"https:\/\/volcanes.net\/?p=3280","title":{"rendered":"El #CCMB arranca el mes de enero con conferencias, talleres, m\u00fasica, exposiciones y proyecciones de cine"},"content":{"rendered":"<div style=\"margin-top: 0px; margin-bottom: 0px;\" class=\"sharethis-inline-share-buttons\" ><\/div><p>El Centro Cultural Mexiquense Bicentenario (CCMB) inicia el mes de enero con conferencias, talleres, m\u00fasica, exposiciones y cine.<\/p>\n<p>Con el apoyo del Gobierno mexiquense, a trav\u00e9s de la Secretar\u00eda de Cultura, se presentar\u00e1n actividades dirigidas a toda la familia, con el prop\u00f3sito de que desarrollen sus habilidades art\u00edsticas y conozcan m\u00e1s de personajes que han marcado la historia del arte mundial.<\/p>\n<p>El 10 de enero a las 12:30 horas se impartir\u00e1 la conferencia-taller \u201cLos primeros ojos hacia el espacio: Galileo Galilei\u201d, impartido por el Planetario de Chimalhuac\u00e1n en el Auditorio de Museo.<\/p>\n<p>Despu\u00e9s inicia el Ciclo de cine-debate \u201cEl amor en los tiempos del tri\u00e1ngulo\u201d, con la pel\u00edcula \u201cVicky Cristina Barcelona\u201d (2008), del Director Woody Allen.<\/p>\n<p>Con motivo del aniversario luctuoso de la artista Tina Modotti, el 11 de enero a las 16:00 horas, en el Auditorio del Museo, se impartir\u00e1 la conferencia \u201cTina Modotti: de actriz a fot\u00f3grafa, sus a\u00f1os en M\u00e9xico\u201d.<\/p>\n<p>El 12 de enero, en el pasillo de Museo y Galer\u00eda, a las 12:00 horas, el p\u00fablico podr\u00e1 conocer del proceso para hacer una c\u00e1mara fotogr\u00e1fica con el taller \u201cCrea tu propia c\u00e1mara\u201d.<\/p>\n<p>Los domingos familiares del CCMB, el 13 de enero, inician a las 10:00 horas con el taller de Hatha Yoga, a las 11:00 horas el taller de ajedrez y a las 12:00 horas, el danz\u00f3n en el \u00c1rea de Talleres.<\/p>\n<p>A partir de las 13:00 horas el concierto \u201cEl buen rock nunca muere\u201d, con la presentaci\u00f3n del grupo La Gamboneta, banda formada en 2016 por cuatro j\u00f3venes que se han presentado en diversos foros y festivales de municipios de la Zona Oriente del Estado de M\u00e9xico como Texcoco, Ecatepec, Nezahualc\u00f3yotl, Chimalhuac\u00e1n y Chicoloapan.<\/p>\n<p>Tambi\u00e9n estar\u00e1 Za\u00edn Rock, grupo de rock influenciado por un sonido post rock, y que a finales de 2017 grab\u00f3 su primer EP en \u201cBlack Bedroom Records\u201d.<\/p>\n<p>Adem\u00e1s, contin\u00faan las exposiciones de \u201cPicasso. La estela infinita\u201d, \u201cEnse\u00f1anzas silenciosas\u201d de Mary Jane Miller, \u201cRetrato de ausencia\u201d, de Jazzamoart, y \u201cDelirium Iluminae\u201d, de \u00c1ngel Boliver, en el Museo del CCMB.<\/p>\n<p>Los horarios son de martes a s\u00e1bado de 10:00 a 18:00 horas y domingo de 10:00 a 15:00 horas, en el Centro Cultural Mexiquense Bicentenario ubicado en el Km14.3, Carretera Federal M\u00e9xico-Texcoco, esq. Manuel Gonz\u00e1lez, Antiguo Rancho Nextlalpan S\/N, Coatlinch\u00e1n, Texcoco, Estado de M\u00e9xico.<\/p>\n","protected":false},"excerpt":{"rendered":"<p>El Centro Cultural Mexiquense Bicentenario (CCMB) inicia el mes de enero con conferencias, talleres, m\u00fasica,<\/p>\n","protected":false},"author":1,"featured_media":3279,"comment_status":"open","ping_status":"open","sticky":false,"template":"","format":"standard","meta":{"footnotes":""},"categories":[1],"tags":[22],"class_list":["post-3280","post","type-post","status-publish","format-standard","has-post-thumbnail","hentry","category-municipales","tag-texcoco"],"yoast_head":"<!-- This site is optimized with the Yoast SEO plugin v25.3 - https:\/\/yoast.com\/wordpress\/plugins\/seo\/ -->\n<title>El #CCMB arranca el mes de enero con conferencias, talleres, m\u00fasica, exposiciones y proyecciones de cine - Volcanes<\/title>\n<meta name=\"robots\" content=\"index, follow, max-snippet:-1, max-image-preview:large, max-video-preview:-1\" \/>\n<link rel=\"canonical\" href=\"https:\/\/volcanes.net\/?p=3280\" \/>\n<meta property=\"og:locale\" content=\"es_MX\" \/>\n<meta property=\"og:type\" content=\"article\" \/>\n<meta property=\"og:title\" content=\"El #CCMB arranca el mes de enero con conferencias, talleres, m\u00fasica, exposiciones y proyecciones de cine - Volcanes\" \/>\n<meta property=\"og:description\" content=\"El Centro Cultural Mexiquense Bicentenario (CCMB) inicia el mes de enero con conferencias, talleres, m\u00fasica,\" \/>\n<meta property=\"og:url\" content=\"https:\/\/volcanes.net\/?p=3280\" \/>\n<meta property=\"og:site_name\" content=\"Volcanes\" \/>\n<meta property=\"article:publisher\" content=\"https:\/\/www.facebook.com\/volcanes.net\/\" \/>\n<meta property=\"article:published_time\" content=\"2019-01-10T00:38:00+00:00\" \/>\n<meta property=\"article:modified_time\" content=\"2019-01-11T00:40:55+00:00\" \/>\n<meta property=\"og:image\" content=\"https:\/\/volcanes.net\/wp-content\/uploads\/2019\/01\/WhatsApp-Image-2019-01-10-at-10.17.28-AM-680x453.jpeg\" \/>\n\t<meta property=\"og:image:width\" content=\"680\" \/>\n\t<meta property=\"og:image:height\" content=\"453\" \/>\n\t<meta property=\"og:image:type\" content=\"image\/jpeg\" \/>\n<meta name=\"author\" content=\"admin\" \/>\n<meta name=\"twitter:card\" content=\"summary_large_image\" \/>\n<meta name=\"twitter:label1\" content=\"Escrito por\" \/>\n\t<meta name=\"twitter:data1\" content=\"admin\" \/>\n\t<meta name=\"twitter:label2\" content=\"Tiempo de lectura\" \/>\n\t<meta name=\"twitter:data2\" content=\"2 minutos\" \/>\n<script type=\"application\/ld+json\" class=\"yoast-schema-graph\">{\"@context\":\"https:\/\/schema.org\",\"@graph\":[{\"@type\":\"Article\",\"@id\":\"https:\/\/volcanes.net\/?p=3280#article\",\"isPartOf\":{\"@id\":\"https:\/\/volcanes.net\/?p=3280\"},\"author\":{\"name\":\"admin\",\"@id\":\"https:\/\/volcanes.net\/#\/schema\/person\/4bf0f383940966a4abd53f5048c0e6b9\"},\"headline\":\"El #CCMB arranca el mes de enero con conferencias, talleres, m\u00fasica, exposiciones y proyecciones de cine\",\"datePublished\":\"2019-01-10T00:38:00+00:00\",\"dateModified\":\"2019-01-11T00:40:55+00:00\",\"mainEntityOfPage\":{\"@id\":\"https:\/\/volcanes.net\/?p=3280\"},\"wordCount\":416,\"commentCount\":0,\"publisher\":{\"@id\":\"https:\/\/volcanes.net\/#organization\"},\"image\":{\"@id\":\"https:\/\/volcanes.net\/?p=3280#primaryimage\"},\"thumbnailUrl\":\"https:\/\/volcanes.net\/wp-content\/uploads\/2019\/01\/WhatsApp-Image-2019-01-10-at-10.17.28-AM-680x453.jpeg\",\"keywords\":[\"Texcoco\"],\"articleSection\":[\"Municipales\"],\"inLanguage\":\"es\",\"potentialAction\":[{\"@type\":\"CommentAction\",\"name\":\"Comment\",\"target\":[\"https:\/\/volcanes.net\/?p=3280#respond\"]}]},{\"@type\":\"WebPage\",\"@id\":\"https:\/\/volcanes.net\/?p=3280\",\"url\":\"https:\/\/volcanes.net\/?p=3280\",\"name\":\"El #CCMB arranca el mes de enero con conferencias, talleres, m\u00fasica, exposiciones y proyecciones de cine - Volcanes\",\"isPartOf\":{\"@id\":\"https:\/\/volcanes.net\/#website\"},\"primaryImageOfPage\":{\"@id\":\"https:\/\/volcanes.net\/?p=3280#primaryimage\"},\"image\":{\"@id\":\"https:\/\/volcanes.net\/?p=3280#primaryimage\"},\"thumbnailUrl\":\"https:\/\/volcanes.net\/wp-content\/uploads\/2019\/01\/WhatsApp-Image-2019-01-10-at-10.17.28-AM-680x453.jpeg\",\"datePublished\":\"2019-01-10T00:38:00+00:00\",\"dateModified\":\"2019-01-11T00:40:55+00:00\",\"breadcrumb\":{\"@id\":\"https:\/\/volcanes.net\/?p=3280#breadcrumb\"},\"inLanguage\":\"es\",\"potentialAction\":[{\"@type\":\"ReadAction\",\"target\":[\"https:\/\/volcanes.net\/?p=3280\"]}]},{\"@type\":\"ImageObject\",\"inLanguage\":\"es\",\"@id\":\"https:\/\/volcanes.net\/?p=3280#primaryimage\",\"url\":\"https:\/\/volcanes.net\/wp-content\/uploads\/2019\/01\/WhatsApp-Image-2019-01-10-at-10.17.28-AM-680x453.jpeg\",\"contentUrl\":\"https:\/\/volcanes.net\/wp-content\/uploads\/2019\/01\/WhatsApp-Image-2019-01-10-at-10.17.28-AM-680x453.jpeg\",\"width\":680,\"height\":453},{\"@type\":\"BreadcrumbList\",\"@id\":\"https:\/\/volcanes.net\/?p=3280#breadcrumb\",\"itemListElement\":[{\"@type\":\"ListItem\",\"position\":1,\"name\":\"Portada\",\"item\":\"https:\/\/volcanes.net\/\"},{\"@type\":\"ListItem\",\"position\":2,\"name\":\"El #CCMB arranca el mes de enero con conferencias, talleres, m\u00fasica, exposiciones y proyecciones de cine\"}]},{\"@type\":\"WebSite\",\"@id\":\"https:\/\/volcanes.net\/#website\",\"url\":\"https:\/\/volcanes.net\/\",\"name\":\"Volcanes.Net\",\"description\":\"Periodismo Profesional\",\"publisher\":{\"@id\":\"https:\/\/volcanes.net\/#organization\"},\"potentialAction\":[{\"@type\":\"SearchAction\",\"target\":{\"@type\":\"EntryPoint\",\"urlTemplate\":\"https:\/\/volcanes.net\/?s={search_term_string}\"},\"query-input\":{\"@type\":\"PropertyValueSpecification\",\"valueRequired\":true,\"valueName\":\"search_term_string\"}}],\"inLanguage\":\"es\"},{\"@type\":\"Organization\",\"@id\":\"https:\/\/volcanes.net\/#organization\",\"name\":\"Grupo Volcanes\",\"url\":\"https:\/\/volcanes.net\/\",\"logo\":{\"@type\":\"ImageObject\",\"inLanguage\":\"es\",\"@id\":\"https:\/\/volcanes.net\/#\/schema\/logo\/image\/\",\"url\":\"http:\/\/volcanes.net\/wp-content\/uploads\/2017\/12\/Avatar2.jpg\",\"contentUrl\":\"http:\/\/volcanes.net\/wp-content\/uploads\/2017\/12\/Avatar2.jpg\",\"width\":378,\"height\":378,\"caption\":\"Grupo Volcanes\"},\"image\":{\"@id\":\"https:\/\/volcanes.net\/#\/schema\/logo\/image\/\"},\"sameAs\":[\"https:\/\/www.facebook.com\/volcanes.net\/\"]},{\"@type\":\"Person\",\"@id\":\"https:\/\/volcanes.net\/#\/schema\/person\/4bf0f383940966a4abd53f5048c0e6b9\",\"name\":\"admin\",\"image\":{\"@type\":\"ImageObject\",\"inLanguage\":\"es\",\"@id\":\"https:\/\/volcanes.net\/#\/schema\/person\/image\/\",\"url\":\"https:\/\/secure.gravatar.com\/avatar\/ca004e6cba8462b8cb7abc86e382930c?s=96&d=mm&r=g\",\"contentUrl\":\"https:\/\/secure.gravatar.com\/avatar\/ca004e6cba8462b8cb7abc86e382930c?s=96&d=mm&r=g\",\"caption\":\"admin\"}}]}<\/script>\n<!-- \/ Yoast SEO plugin. -->","yoast_head_json":{"title":"El #CCMB arranca el mes de enero con conferencias, talleres, m\u00fasica, exposiciones y proyecciones de cine - Volcanes","robots":{"index":"index","follow":"follow","max-snippet":"max-snippet:-1","max-image-preview":"max-image-preview:large","max-video-preview":"max-video-preview:-1"},"canonical":"https:\/\/volcanes.net\/?p=3280","og_locale":"es_MX","og_type":"article","og_title":"El #CCMB arranca el mes de enero con conferencias, talleres, m\u00fasica, exposiciones y proyecciones de cine - Volcanes","og_description":"El Centro Cultural Mexiquense Bicentenario (CCMB) inicia el mes de enero con conferencias, talleres, m\u00fasica,","og_url":"https:\/\/volcanes.net\/?p=3280","og_site_name":"Volcanes","article_publisher":"https:\/\/www.facebook.com\/volcanes.net\/","article_published_time":"2019-01-10T00:38:00+00:00","article_modified_time":"2019-01-11T00:40:55+00:00","og_image":[{"width":680,"height":453,"url":"https:\/\/volcanes.net\/wp-content\/uploads\/2019\/01\/WhatsApp-Image-2019-01-10-at-10.17.28-AM-680x453.jpeg","type":"image\/jpeg"}],"author":"admin","twitter_card":"summary_large_image","twitter_misc":{"Escrito por":"admin","Tiempo de lectura":"2 minutos"},"schema":{"@context":"https:\/\/schema.org","@graph":[{"@type":"Article","@id":"https:\/\/volcanes.net\/?p=3280#article","isPartOf":{"@id":"https:\/\/volcanes.net\/?p=3280"},"author":{"name":"admin","@id":"https:\/\/volcanes.net\/#\/schema\/person\/4bf0f383940966a4abd53f5048c0e6b9"},"headline":"El #CCMB arranca el mes de enero con conferencias, talleres, m\u00fasica, exposiciones y proyecciones de cine","datePublished":"2019-01-10T00:38:00+00:00","dateModified":"2019-01-11T00:40:55+00:00","mainEntityOfPage":{"@id":"https:\/\/volcanes.net\/?p=3280"},"wordCount":416,"commentCount":0,"publisher":{"@id":"https:\/\/volcanes.net\/#organization"},"image":{"@id":"https:\/\/volcanes.net\/?p=3280#primaryimage"},"thumbnailUrl":"https:\/\/volcanes.net\/wp-content\/uploads\/2019\/01\/WhatsApp-Image-2019-01-10-at-10.17.28-AM-680x453.jpeg","keywords":["Texcoco"],"articleSection":["Municipales"],"inLanguage":"es","potentialAction":[{"@type":"CommentAction","name":"Comment","target":["https:\/\/volcanes.net\/?p=3280#respond"]}]},{"@type":"WebPage","@id":"https:\/\/volcanes.net\/?p=3280","url":"https:\/\/volcanes.net\/?p=3280","name":"El #CCMB arranca el mes de enero con conferencias, talleres, m\u00fasica, exposiciones y proyecciones de cine - Volcanes","isPartOf":{"@id":"https:\/\/volcanes.net\/#website"},"primaryImageOfPage":{"@id":"https:\/\/volcanes.net\/?p=3280#primaryimage"},"image":{"@id":"https:\/\/volcanes.net\/?p=3280#primaryimage"},"thumbnailUrl":"https:\/\/volcanes.net\/wp-content\/uploads\/2019\/01\/WhatsApp-Image-2019-01-10-at-10.17.28-AM-680x453.jpeg","datePublished":"2019-01-10T00:38:00+00:00","dateModified":"2019-01-11T00:40:55+00:00","breadcrumb":{"@id":"https:\/\/volcanes.net\/?p=3280#breadcrumb"},"inLanguage":"es","potentialAction":[{"@type":"ReadAction","target":["https:\/\/volcanes.net\/?p=3280"]}]},{"@type":"ImageObject","inLanguage":"es","@id":"https:\/\/volcanes.net\/?p=3280#primaryimage","url":"https:\/\/volcanes.net\/wp-content\/uploads\/2019\/01\/WhatsApp-Image-2019-01-10-at-10.17.28-AM-680x453.jpeg","contentUrl":"https:\/\/volcanes.net\/wp-content\/uploads\/2019\/01\/WhatsApp-Image-2019-01-10-at-10.17.28-AM-680x453.jpeg","width":680,"height":453},{"@type":"BreadcrumbList","@id":"https:\/\/volcanes.net\/?p=3280#breadcrumb","itemListElement":[{"@type":"ListItem","position":1,"name":"Portada","item":"https:\/\/volcanes.net\/"},{"@type":"ListItem","position":2,"name":"El #CCMB arranca el mes de enero con conferencias, talleres, m\u00fasica, exposiciones y proyecciones de cine"}]},{"@type":"WebSite","@id":"https:\/\/volcanes.net\/#website","url":"https:\/\/volcanes.net\/","name":"Volcanes.Net","description":"Periodismo Profesional","publisher":{"@id":"https:\/\/volcanes.net\/#organization"},"potentialAction":[{"@type":"SearchAction","target":{"@type":"EntryPoint","urlTemplate":"https:\/\/volcanes.net\/?s={search_term_string}"},"query-input":{"@type":"PropertyValueSpecification","valueRequired":true,"valueName":"search_term_string"}}],"inLanguage":"es"},{"@type":"Organization","@id":"https:\/\/volcanes.net\/#organization","name":"Grupo Volcanes","url":"https:\/\/volcanes.net\/","logo":{"@type":"ImageObject","inLanguage":"es","@id":"https:\/\/volcanes.net\/#\/schema\/logo\/image\/","url":"http:\/\/volcanes.net\/wp-content\/uploads\/2017\/12\/Avatar2.jpg","contentUrl":"http:\/\/volcanes.net\/wp-content\/uploads\/2017\/12\/Avatar2.jpg","width":378,"height":378,"caption":"Grupo Volcanes"},"image":{"@id":"https:\/\/volcanes.net\/#\/schema\/logo\/image\/"},"sameAs":["https:\/\/www.facebook.com\/volcanes.net\/"]},{"@type":"Person","@id":"https:\/\/volcanes.net\/#\/schema\/person\/4bf0f383940966a4abd53f5048c0e6b9","name":"admin","image":{"@type":"ImageObject","inLanguage":"es","@id":"https:\/\/volcanes.net\/#\/schema\/person\/image\/","url":"https:\/\/secure.gravatar.com\/avatar\/ca004e6cba8462b8cb7abc86e382930c?s=96&d=mm&r=g","contentUrl":"https:\/\/secure.gravatar.com\/avatar\/ca004e6cba8462b8cb7abc86e382930c?s=96&d=mm&r=g","caption":"admin"}}]}},"_links":{"self":[{"href":"https:\/\/volcanes.net\/index.php?rest_route=\/wp\/v2\/posts\/3280"}],"collection":[{"href":"https:\/\/volcanes.net\/index.php?rest_route=\/wp\/v2\/posts"}],"about":[{"href":"https:\/\/volcanes.net\/index.php?rest_route=\/wp\/v2\/types\/post"}],"author":[{"embeddable":true,"href":"https:\/\/volcanes.net\/index.php?rest_route=\/wp\/v2\/users\/1"}],"replies":[{"embeddable":true,"href":"https:\/\/volcanes.net\/index.php?rest_route=%2Fwp%2Fv2%2Fcomments&post=3280"}],"version-history":[{"count":1,"href":"https:\/\/volcanes.net\/index.php?rest_route=\/wp\/v2\/posts\/3280\/revisions"}],"predecessor-version":[{"id":3281,"href":"https:\/\/volcanes.net\/index.php?rest_route=\/wp\/v2\/posts\/3280\/revisions\/3281"}],"wp:featuredmedia":[{"embeddable":true,"href":"https:\/\/volcanes.net\/index.php?rest_route=\/wp\/v2\/media\/3279"}],"wp:attachment":[{"href":"https:\/\/volcanes.net\/index.php?rest_route=%2Fwp%2Fv2%2Fmedia&parent=3280"}],"wp:term":[{"taxonomy":"category","embeddable":true,"href":"https:\/\/volcanes.net\/index.php?rest_route=%2Fwp%2Fv2%2Fcategories&post=3280"},{"taxonomy":"post_tag","embeddable":true,"href":"https:\/\/volcanes.net\/index.php?rest_route=%2Fwp%2Fv2%2Ftags&post=3280"}],"curies":[{"name":"wp","href":"https:\/\/api.w.org\/{rel}","templated":true}]}}