{"id":3288,"date":"2019-01-11T01:30:44","date_gmt":"2019-01-11T01:30:44","guid":{"rendered":"http:\/\/volcanes.net\/?p=3288"},"modified":"2019-01-11T01:35:27","modified_gmt":"2019-01-11T01:35:27","slug":"premio-estatal-de-ciencia-y-tecnologia-2018-para-investigadora-uaem","status":"publish","type":"post","link":"https:\/\/volcanes.net\/?p=3288","title":{"rendered":"Premio Estatal de Ciencia y Tecnolog\u00eda 2018 para investigadora UAEM"},"content":{"rendered":"<div style=\"margin-top: 0px; margin-bottom: 0px;\" class=\"sharethis-inline-share-buttons\" ><\/div><p align=\"center\" class=\"MsoNormal\" style=\"font-style:normal;font-weight:400;letter-spacing:normal;text-indent:0px;font-size:12pt;font-family:Calibri,sans-serif;text-align:center\"><span lang=\"ES-TRAD\" style=\"font-size:11pt;font-family:Symbol\">\u00b7<span style=\"font-size:7pt;line-height:normal;font-family:\">        <span> <\/span><\/span><\/span><span lang=\"ES-TRAD\" style=\"font-size:11pt;font-family:Arial,sans-serif\"><i>En el \u00e1rea de Ciencias Naturales y Exactas, Dora Alicia Sol\u00eds Casados gan\u00f3 este reconocimiento del<\/i><span><i> <\/i><\/span><\/span><span lang=\"ES-TRAD\" style=\"font-size:11pt;font-family:Arial,sans-serif;color:black\"><i>Consejo Mexiquense de Ciencia y Tecnolog\u00eda (COMECyT).<\/i><\/span><span lang=\"ES-TRAD\" style=\"font-size:11pt;font-family:\"><i><\/i><\/span><\/p>\n<p class=\"m_-2232146458168434027gmail-MsoListParagraphCxSpLast\" style=\"font-style:normal;font-weight:400;letter-spacing:normal;text-indent:0px;font-size:12pt;font-family:Calibri,sans-serif;text-align:left\"><span lang=\"ES-TRAD\" style=\"font-family:Arial,sans-serif;color:black\"> <\/span><\/p>\n<p class=\"MsoNormal\" style=\"font-style:normal;font-weight:400;letter-spacing:normal;text-indent:0px;font-size:12pt;font-family:Calibri,sans-serif;text-align:left\"><span lang=\"ES-MX\" style=\"font-family:Arial,sans-serif\"><b>Toluca, M\u00e9x. \u2013 10 de enero de 2019.<\/b><\/span><span lang=\"ES-MX\" style=\"font-family:Arial,sans-serif\"><span> <\/span>Dora Alicia Sol\u00eds Casados, investigadora de la Universidad Aut\u00f3noma del Estado de M\u00e9xico, gan\u00f3 el Premio Estatal de Ciencia y Tecnolog\u00eda 2018, en el \u00e1rea de Ciencias Naturales y Exactas,<span> <\/span><\/span><span lang=\"ES-MX\" style=\"font-family:Arial,sans-serif;color:black\">del Consejo Mexiquense de Ciencia y Tecnolog\u00eda (COMECyT).<\/span><\/p>\n<p class=\"MsoNormal\" style=\"font-style:normal;font-weight:400;letter-spacing:normal;margin:0cm0cm0.0001pt;font-size:12pt;font-family:Calibri,sans-serif;text-align:left\"><span lang=\"ES-MX\" style=\"font-family:Arial,sans-serif\">Este es un reconocimiento a su destacada trayectoria en el campo de la investigaci\u00f3n, desde donde contribuye al dise\u00f1o de catalizadores destinados a disminuir la contaminaci\u00f3n ambiental.<\/span><\/p>\n<p class=\"MsoNormal\" style=\"font-style:normal;font-weight:400;letter-spacing:normal;text-indent:0px;font-size:12pt;font-family:Calibri,sans-serif;text-align:left\"><span lang=\"ES-MX\" style=\"font-family:Arial,sans-serif\">            La integrante Nivel II del Sistema Nacional de Investigadores (SNI) enfoca su trabajo al dise\u00f1o de materiales que tienen como objetivo acelerar o retrasar una reacci\u00f3n qu\u00edmica, principalmente con el objetivo de remover compuestos de azufre en gasolinas, as\u00ed como degradar o remover compuestos org\u00e1nicos en aguas residuales.<\/span><\/p>\n<p class=\"MsoNormal\" style=\"font-style:normal;font-weight:400;letter-spacing:normal;margin:0cm0cm0.0001pt;font-size:12pt;font-family:Calibri,sans-serif;text-align:left\"><span lang=\"ES-MX\" style=\"font-family:Arial,sans-serif\">Sol\u00eds Casados, responsable del Laboratorio de Nanotecnolog\u00eda del Centro Conjunto de Investigaci\u00f3n en Qu\u00edmica Sustentable UAEM-UNAM, se\u00f1al\u00f3 que los 12 a\u00f1os de labor profesional que tiene en la UAEM han sido intensos y satisfactorios, pues le han brindado la oportunidad de incidir en la formaci\u00f3n acad\u00e9mica de los j\u00f3venes, de profesionales altamente especializados.<\/span><\/p>\n<p class=\"MsoNormal\" style=\"font-style:normal;font-weight:400;letter-spacing:normal;text-indent:0px;font-size:12pt;font-family:Calibri,sans-serif;text-align:left\"><span lang=\"ES-MX\" style=\"font-family:Arial,sans-serif\">            Subray\u00f3 que gran parte de su esfuerzo est\u00e1 centrado en motivar a los estudiantes para que se sumen a la investigaci\u00f3n en el campo de la ciencia de los materiales, especialmente en el \u00e1rea de cat\u00e1lisis, cuyo estudio es relativamente nuevo en el pa\u00eds y representa un reto profesional, pues implica contar con conocimiento en las \u00e1reas de la qu\u00edmica, ingenier\u00eda, matem\u00e1ticas y f\u00edsica.<\/span><\/p>\n<p class=\"MsoNormal\" style=\"font-style:normal;font-weight:400;letter-spacing:normal;text-indent:0px;font-size:12pt;font-family:Calibri,sans-serif;text-align:left\"><span lang=\"ES-MX\" style=\"font-family:Arial,sans-serif\">            La acad\u00e9mica, tambi\u00e9n coordinadora de los programas de Maestr\u00eda y Doctorado en Ciencias de Materiales de la UAEM, ha publicado en diversas revistas y libros de car\u00e1cter nacional e internacional. Ha participado como evaluadora y arbitro en revistas de prestigio internacional como Catalysis Today, Journal of the Mexican Chemical Society y Applied Catalysis.<\/span><\/p>\n<p class=\"MsoNormal\" style=\"font-style:normal;font-weight:400;letter-spacing:normal;text-indent:0px;font-size:12pt;font-family:Calibri,sans-serif;text-align:left\"><span lang=\"ES-MX\" style=\"font-family:Arial,sans-serif\">            Dora Alicia Sol\u00eds Casados enfatiz\u00f3 que en la Universidad Aut\u00f3noma del Estado de M\u00e9xico encontr\u00f3 el espacio ideal para dedicarse a la investigaci\u00f3n, con el apoyo total para la recepci\u00f3n de infraestructura e instrumental.<\/span><\/p>\n","protected":false},"excerpt":{"rendered":"<p>\u00b7 En el \u00e1rea de Ciencias Naturales y Exactas, Dora Alicia Sol\u00eds Casados gan\u00f3 este<\/p>\n","protected":false},"author":1,"featured_media":3297,"comment_status":"open","ping_status":"open","sticky":false,"template":"","format":"standard","meta":{"footnotes":""},"categories":[1],"tags":[25],"class_list":["post-3288","post","type-post","status-publish","format-standard","has-post-thumbnail","hentry","category-municipales","tag-uaem"],"yoast_head":"<!-- This site is optimized with the Yoast SEO plugin v25.3 - https:\/\/yoast.com\/wordpress\/plugins\/seo\/ -->\n<title>Premio Estatal de Ciencia y Tecnolog\u00eda 2018 para investigadora UAEM - Volcanes<\/title>\n<meta name=\"robots\" content=\"index, follow, max-snippet:-1, max-image-preview:large, max-video-preview:-1\" \/>\n<link rel=\"canonical\" href=\"https:\/\/volcanes.net\/?p=3288\" \/>\n<meta property=\"og:locale\" content=\"es_MX\" \/>\n<meta property=\"og:type\" content=\"article\" \/>\n<meta property=\"og:title\" content=\"Premio Estatal de Ciencia y Tecnolog\u00eda 2018 para investigadora UAEM - Volcanes\" \/>\n<meta property=\"og:description\" content=\"\u00b7 En el \u00e1rea de Ciencias Naturales y Exactas, Dora Alicia Sol\u00eds Casados gan\u00f3 este\" \/>\n<meta property=\"og:url\" content=\"https:\/\/volcanes.net\/?p=3288\" \/>\n<meta property=\"og:site_name\" content=\"Volcanes\" \/>\n<meta property=\"article:publisher\" content=\"https:\/\/www.facebook.com\/volcanes.net\/\" \/>\n<meta property=\"article:published_time\" content=\"2019-01-11T01:30:44+00:00\" \/>\n<meta property=\"article:modified_time\" content=\"2019-01-11T01:35:27+00:00\" \/>\n<meta property=\"og:image\" content=\"https:\/\/volcanes.net\/wp-content\/uploads\/2019\/01\/1547170206408981.jpg\" \/>\n\t<meta property=\"og:image:width\" content=\"1771\" \/>\n\t<meta property=\"og:image:height\" content=\"1181\" \/>\n\t<meta property=\"og:image:type\" content=\"image\/jpeg\" \/>\n<meta name=\"author\" content=\"admin\" \/>\n<meta name=\"twitter:card\" content=\"summary_large_image\" \/>\n<meta name=\"twitter:label1\" content=\"Escrito por\" \/>\n\t<meta name=\"twitter:data1\" content=\"admin\" \/>\n\t<meta name=\"twitter:label2\" content=\"Tiempo de lectura\" \/>\n\t<meta name=\"twitter:data2\" content=\"2 minutos\" \/>\n<script type=\"application\/ld+json\" class=\"yoast-schema-graph\">{\"@context\":\"https:\/\/schema.org\",\"@graph\":[{\"@type\":\"Article\",\"@id\":\"https:\/\/volcanes.net\/?p=3288#article\",\"isPartOf\":{\"@id\":\"https:\/\/volcanes.net\/?p=3288\"},\"author\":{\"name\":\"admin\",\"@id\":\"https:\/\/volcanes.net\/#\/schema\/person\/4bf0f383940966a4abd53f5048c0e6b9\"},\"headline\":\"Premio Estatal de Ciencia y Tecnolog\u00eda 2018 para investigadora UAEM\",\"datePublished\":\"2019-01-11T01:30:44+00:00\",\"dateModified\":\"2019-01-11T01:35:27+00:00\",\"mainEntityOfPage\":{\"@id\":\"https:\/\/volcanes.net\/?p=3288\"},\"wordCount\":393,\"commentCount\":0,\"publisher\":{\"@id\":\"https:\/\/volcanes.net\/#organization\"},\"image\":{\"@id\":\"https:\/\/volcanes.net\/?p=3288#primaryimage\"},\"thumbnailUrl\":\"https:\/\/volcanes.net\/wp-content\/uploads\/2019\/01\/1547170206408981.jpg\",\"keywords\":[\"UAEM\"],\"articleSection\":[\"Municipales\"],\"inLanguage\":\"es\",\"potentialAction\":[{\"@type\":\"CommentAction\",\"name\":\"Comment\",\"target\":[\"https:\/\/volcanes.net\/?p=3288#respond\"]}]},{\"@type\":\"WebPage\",\"@id\":\"https:\/\/volcanes.net\/?p=3288\",\"url\":\"https:\/\/volcanes.net\/?p=3288\",\"name\":\"Premio Estatal de Ciencia y Tecnolog\u00eda 2018 para investigadora UAEM - Volcanes\",\"isPartOf\":{\"@id\":\"https:\/\/volcanes.net\/#website\"},\"primaryImageOfPage\":{\"@id\":\"https:\/\/volcanes.net\/?p=3288#primaryimage\"},\"image\":{\"@id\":\"https:\/\/volcanes.net\/?p=3288#primaryimage\"},\"thumbnailUrl\":\"https:\/\/volcanes.net\/wp-content\/uploads\/2019\/01\/1547170206408981.jpg\",\"datePublished\":\"2019-01-11T01:30:44+00:00\",\"dateModified\":\"2019-01-11T01:35:27+00:00\",\"breadcrumb\":{\"@id\":\"https:\/\/volcanes.net\/?p=3288#breadcrumb\"},\"inLanguage\":\"es\",\"potentialAction\":[{\"@type\":\"ReadAction\",\"target\":[\"https:\/\/volcanes.net\/?p=3288\"]}]},{\"@type\":\"ImageObject\",\"inLanguage\":\"es\",\"@id\":\"https:\/\/volcanes.net\/?p=3288#primaryimage\",\"url\":\"https:\/\/volcanes.net\/wp-content\/uploads\/2019\/01\/1547170206408981.jpg\",\"contentUrl\":\"https:\/\/volcanes.net\/wp-content\/uploads\/2019\/01\/1547170206408981.jpg\",\"width\":1771,\"height\":1181},{\"@type\":\"BreadcrumbList\",\"@id\":\"https:\/\/volcanes.net\/?p=3288#breadcrumb\",\"itemListElement\":[{\"@type\":\"ListItem\",\"position\":1,\"name\":\"Portada\",\"item\":\"https:\/\/volcanes.net\/\"},{\"@type\":\"ListItem\",\"position\":2,\"name\":\"Premio Estatal de Ciencia y Tecnolog\u00eda 2018 para investigadora UAEM\"}]},{\"@type\":\"WebSite\",\"@id\":\"https:\/\/volcanes.net\/#website\",\"url\":\"https:\/\/volcanes.net\/\",\"name\":\"Volcanes.Net\",\"description\":\"Periodismo Profesional\",\"publisher\":{\"@id\":\"https:\/\/volcanes.net\/#organization\"},\"potentialAction\":[{\"@type\":\"SearchAction\",\"target\":{\"@type\":\"EntryPoint\",\"urlTemplate\":\"https:\/\/volcanes.net\/?s={search_term_string}\"},\"query-input\":{\"@type\":\"PropertyValueSpecification\",\"valueRequired\":true,\"valueName\":\"search_term_string\"}}],\"inLanguage\":\"es\"},{\"@type\":\"Organization\",\"@id\":\"https:\/\/volcanes.net\/#organization\",\"name\":\"Grupo Volcanes\",\"url\":\"https:\/\/volcanes.net\/\",\"logo\":{\"@type\":\"ImageObject\",\"inLanguage\":\"es\",\"@id\":\"https:\/\/volcanes.net\/#\/schema\/logo\/image\/\",\"url\":\"http:\/\/volcanes.net\/wp-content\/uploads\/2017\/12\/Avatar2.jpg\",\"contentUrl\":\"http:\/\/volcanes.net\/wp-content\/uploads\/2017\/12\/Avatar2.jpg\",\"width\":378,\"height\":378,\"caption\":\"Grupo Volcanes\"},\"image\":{\"@id\":\"https:\/\/volcanes.net\/#\/schema\/logo\/image\/\"},\"sameAs\":[\"https:\/\/www.facebook.com\/volcanes.net\/\"]},{\"@type\":\"Person\",\"@id\":\"https:\/\/volcanes.net\/#\/schema\/person\/4bf0f383940966a4abd53f5048c0e6b9\",\"name\":\"admin\",\"image\":{\"@type\":\"ImageObject\",\"inLanguage\":\"es\",\"@id\":\"https:\/\/volcanes.net\/#\/schema\/person\/image\/\",\"url\":\"https:\/\/secure.gravatar.com\/avatar\/ca004e6cba8462b8cb7abc86e382930c?s=96&d=mm&r=g\",\"contentUrl\":\"https:\/\/secure.gravatar.com\/avatar\/ca004e6cba8462b8cb7abc86e382930c?s=96&d=mm&r=g\",\"caption\":\"admin\"}}]}<\/script>\n<!-- \/ Yoast SEO plugin. -->","yoast_head_json":{"title":"Premio Estatal de Ciencia y Tecnolog\u00eda 2018 para investigadora UAEM - Volcanes","robots":{"index":"index","follow":"follow","max-snippet":"max-snippet:-1","max-image-preview":"max-image-preview:large","max-video-preview":"max-video-preview:-1"},"canonical":"https:\/\/volcanes.net\/?p=3288","og_locale":"es_MX","og_type":"article","og_title":"Premio Estatal de Ciencia y Tecnolog\u00eda 2018 para investigadora UAEM - Volcanes","og_description":"\u00b7 En el \u00e1rea de Ciencias Naturales y Exactas, Dora Alicia Sol\u00eds Casados gan\u00f3 este","og_url":"https:\/\/volcanes.net\/?p=3288","og_site_name":"Volcanes","article_publisher":"https:\/\/www.facebook.com\/volcanes.net\/","article_published_time":"2019-01-11T01:30:44+00:00","article_modified_time":"2019-01-11T01:35:27+00:00","og_image":[{"width":1771,"height":1181,"url":"https:\/\/volcanes.net\/wp-content\/uploads\/2019\/01\/1547170206408981.jpg","type":"image\/jpeg"}],"author":"admin","twitter_card":"summary_large_image","twitter_misc":{"Escrito por":"admin","Tiempo de lectura":"2 minutos"},"schema":{"@context":"https:\/\/schema.org","@graph":[{"@type":"Article","@id":"https:\/\/volcanes.net\/?p=3288#article","isPartOf":{"@id":"https:\/\/volcanes.net\/?p=3288"},"author":{"name":"admin","@id":"https:\/\/volcanes.net\/#\/schema\/person\/4bf0f383940966a4abd53f5048c0e6b9"},"headline":"Premio Estatal de Ciencia y Tecnolog\u00eda 2018 para investigadora UAEM","datePublished":"2019-01-11T01:30:44+00:00","dateModified":"2019-01-11T01:35:27+00:00","mainEntityOfPage":{"@id":"https:\/\/volcanes.net\/?p=3288"},"wordCount":393,"commentCount":0,"publisher":{"@id":"https:\/\/volcanes.net\/#organization"},"image":{"@id":"https:\/\/volcanes.net\/?p=3288#primaryimage"},"thumbnailUrl":"https:\/\/volcanes.net\/wp-content\/uploads\/2019\/01\/1547170206408981.jpg","keywords":["UAEM"],"articleSection":["Municipales"],"inLanguage":"es","potentialAction":[{"@type":"CommentAction","name":"Comment","target":["https:\/\/volcanes.net\/?p=3288#respond"]}]},{"@type":"WebPage","@id":"https:\/\/volcanes.net\/?p=3288","url":"https:\/\/volcanes.net\/?p=3288","name":"Premio Estatal de Ciencia y Tecnolog\u00eda 2018 para investigadora UAEM - Volcanes","isPartOf":{"@id":"https:\/\/volcanes.net\/#website"},"primaryImageOfPage":{"@id":"https:\/\/volcanes.net\/?p=3288#primaryimage"},"image":{"@id":"https:\/\/volcanes.net\/?p=3288#primaryimage"},"thumbnailUrl":"https:\/\/volcanes.net\/wp-content\/uploads\/2019\/01\/1547170206408981.jpg","datePublished":"2019-01-11T01:30:44+00:00","dateModified":"2019-01-11T01:35:27+00:00","breadcrumb":{"@id":"https:\/\/volcanes.net\/?p=3288#breadcrumb"},"inLanguage":"es","potentialAction":[{"@type":"ReadAction","target":["https:\/\/volcanes.net\/?p=3288"]}]},{"@type":"ImageObject","inLanguage":"es","@id":"https:\/\/volcanes.net\/?p=3288#primaryimage","url":"https:\/\/volcanes.net\/wp-content\/uploads\/2019\/01\/1547170206408981.jpg","contentUrl":"https:\/\/volcanes.net\/wp-content\/uploads\/2019\/01\/1547170206408981.jpg","width":1771,"height":1181},{"@type":"BreadcrumbList","@id":"https:\/\/volcanes.net\/?p=3288#breadcrumb","itemListElement":[{"@type":"ListItem","position":1,"name":"Portada","item":"https:\/\/volcanes.net\/"},{"@type":"ListItem","position":2,"name":"Premio Estatal de Ciencia y Tecnolog\u00eda 2018 para investigadora UAEM"}]},{"@type":"WebSite","@id":"https:\/\/volcanes.net\/#website","url":"https:\/\/volcanes.net\/","name":"Volcanes.Net","description":"Periodismo Profesional","publisher":{"@id":"https:\/\/volcanes.net\/#organization"},"potentialAction":[{"@type":"SearchAction","target":{"@type":"EntryPoint","urlTemplate":"https:\/\/volcanes.net\/?s={search_term_string}"},"query-input":{"@type":"PropertyValueSpecification","valueRequired":true,"valueName":"search_term_string"}}],"inLanguage":"es"},{"@type":"Organization","@id":"https:\/\/volcanes.net\/#organization","name":"Grupo Volcanes","url":"https:\/\/volcanes.net\/","logo":{"@type":"ImageObject","inLanguage":"es","@id":"https:\/\/volcanes.net\/#\/schema\/logo\/image\/","url":"http:\/\/volcanes.net\/wp-content\/uploads\/2017\/12\/Avatar2.jpg","contentUrl":"http:\/\/volcanes.net\/wp-content\/uploads\/2017\/12\/Avatar2.jpg","width":378,"height":378,"caption":"Grupo Volcanes"},"image":{"@id":"https:\/\/volcanes.net\/#\/schema\/logo\/image\/"},"sameAs":["https:\/\/www.facebook.com\/volcanes.net\/"]},{"@type":"Person","@id":"https:\/\/volcanes.net\/#\/schema\/person\/4bf0f383940966a4abd53f5048c0e6b9","name":"admin","image":{"@type":"ImageObject","inLanguage":"es","@id":"https:\/\/volcanes.net\/#\/schema\/person\/image\/","url":"https:\/\/secure.gravatar.com\/avatar\/ca004e6cba8462b8cb7abc86e382930c?s=96&d=mm&r=g","contentUrl":"https:\/\/secure.gravatar.com\/avatar\/ca004e6cba8462b8cb7abc86e382930c?s=96&d=mm&r=g","caption":"admin"}}]}},"_links":{"self":[{"href":"https:\/\/volcanes.net\/index.php?rest_route=\/wp\/v2\/posts\/3288"}],"collection":[{"href":"https:\/\/volcanes.net\/index.php?rest_route=\/wp\/v2\/posts"}],"about":[{"href":"https:\/\/volcanes.net\/index.php?rest_route=\/wp\/v2\/types\/post"}],"author":[{"embeddable":true,"href":"https:\/\/volcanes.net\/index.php?rest_route=\/wp\/v2\/users\/1"}],"replies":[{"embeddable":true,"href":"https:\/\/volcanes.net\/index.php?rest_route=%2Fwp%2Fv2%2Fcomments&post=3288"}],"version-history":[{"count":1,"href":"https:\/\/volcanes.net\/index.php?rest_route=\/wp\/v2\/posts\/3288\/revisions"}],"predecessor-version":[{"id":3289,"href":"https:\/\/volcanes.net\/index.php?rest_route=\/wp\/v2\/posts\/3288\/revisions\/3289"}],"wp:featuredmedia":[{"embeddable":true,"href":"https:\/\/volcanes.net\/index.php?rest_route=\/wp\/v2\/media\/3297"}],"wp:attachment":[{"href":"https:\/\/volcanes.net\/index.php?rest_route=%2Fwp%2Fv2%2Fmedia&parent=3288"}],"wp:term":[{"taxonomy":"category","embeddable":true,"href":"https:\/\/volcanes.net\/index.php?rest_route=%2Fwp%2Fv2%2Fcategories&post=3288"},{"taxonomy":"post_tag","embeddable":true,"href":"https:\/\/volcanes.net\/index.php?rest_route=%2Fwp%2Fv2%2Ftags&post=3288"}],"curies":[{"name":"wp","href":"https:\/\/api.w.org\/{rel}","templated":true}]}}