{"id":33,"date":"2017-08-07T02:25:29","date_gmt":"2017-08-07T02:25:29","guid":{"rendered":"http:\/\/volcanes.net\/?p=33"},"modified":"2017-08-07T02:25:42","modified_gmt":"2017-08-07T02:25:42","slug":"firman-la-dgprs-y-serjuv-convenio-en-apoyo-de-los-jovenes-de-la-quinta-del-bosque","status":"publish","type":"post","link":"https:\/\/volcanes.net\/?p=33","title":{"rendered":"Firman la DGPRS y SERJUV convenio en apoyo de los j\u00f3venes de la Quinta del Bosque"},"content":{"rendered":"<div style=\"margin-top: 0px; margin-bottom: 0px;\" class=\"sharethis-inline-share-buttons\" ><\/div><p>La Direcci\u00f3n General de Prevenci\u00f3n y Reinserci\u00f3n Social, de la Comisi\u00f3n Estatal de Seguridad Ciudadana (CES), \u00a0y la Asociaci\u00f3n Civil Servicios a la Juventud, firmaron un convenio de participaci\u00f3n en apoyo a los adolescentes y adultos j\u00f3venes privados de su libertad, quienes recibir\u00e1n cursos de capacitaci\u00f3n que les ayudar\u00e1n al momento de ser externados y evitar que reincidan.<\/p>\n<p>Al respecto, Luis Arias Gonz\u00e1lez, titular del Sistema Penitenciario mexiquense, reconoci\u00f3 que los j\u00f3venes que se encuentran en internamiento en la Quinta del Bosque, gozar\u00e1n de la implementaci\u00f3n de proyectos en materia de ingl\u00e9s b\u00e1sico, electricidad residencial y reposter\u00eda, lo que permitir\u00e1 a su externamiento, tener una mejor calidad de vida en pro de ellos y sus familias.<\/p>\n<p>Asimismo se efectu\u00f3 la entrega de reconocimientos a m\u00e1s de 60 adolescentes y adultos j\u00f3venes, quienes concluyeron dicha capacitaci\u00f3n en el ciclo 2016-2017. Por su parte, Gustavo Hern\u00e1ndez Ver\u00e1stica, director general de Servicios a la Juventud A.C., expres\u00f3 que este es el inicio de ayudar a los j\u00f3venes a pensar qu\u00e9 hacer de su vida al momento de dejar las instalaciones de la Quinta del Bosque y otorgarles una segunda oportunidad abriendo espacios de reinserci\u00f3n e inclusi\u00f3n para que las decisiones tomadas en el pasado, simplemente sean un trago amargo del que hay que aprender a salir adelante.<\/p>\n<p>Por otra parte, Tere Lanzagorta Bonilla, directora de Youth Build International y J\u00f3venes con Rumbo Reinserci\u00f3n Social, se\u00f1al\u00f3 con benepl\u00e1cito que desde 2016, el programa tiene como objetivo la vinculaci\u00f3n de los j\u00f3venes en conflicto con la ley, con espacios seguros durante su proceso de reinserci\u00f3n, fortaleciendo sus habilidades y desarrollo de una red de apoyo para que supere las dificultades que ha encontrado en su vida.<\/p>\n","protected":false},"excerpt":{"rendered":"<p>La Direcci\u00f3n General de Prevenci\u00f3n y Reinserci\u00f3n Social, de la Comisi\u00f3n Estatal de Seguridad Ciudadana<\/p>\n","protected":false},"author":1,"featured_media":34,"comment_status":"open","ping_status":"open","sticky":false,"template":"","format":"standard","meta":{"footnotes":""},"categories":[3],"tags":[],"class_list":["post-33","post","type-post","status-publish","format-standard","has-post-thumbnail","hentry","category-estatales"],"yoast_head":"<!-- This site is optimized with the Yoast SEO plugin v25.3 - https:\/\/yoast.com\/wordpress\/plugins\/seo\/ -->\n<title>Firman la DGPRS y SERJUV convenio en apoyo de los j\u00f3venes de la Quinta del Bosque - Volcanes<\/title>\n<meta name=\"robots\" content=\"index, follow, max-snippet:-1, max-image-preview:large, max-video-preview:-1\" \/>\n<link rel=\"canonical\" href=\"https:\/\/volcanes.net\/?p=33\" \/>\n<meta property=\"og:locale\" content=\"es_MX\" \/>\n<meta property=\"og:type\" content=\"article\" \/>\n<meta property=\"og:title\" content=\"Firman la DGPRS y SERJUV convenio en apoyo de los j\u00f3venes de la Quinta del Bosque - Volcanes\" \/>\n<meta property=\"og:description\" content=\"La Direcci\u00f3n General de Prevenci\u00f3n y Reinserci\u00f3n Social, de la Comisi\u00f3n Estatal de Seguridad Ciudadana\" \/>\n<meta property=\"og:url\" content=\"https:\/\/volcanes.net\/?p=33\" \/>\n<meta property=\"og:site_name\" content=\"Volcanes\" \/>\n<meta property=\"article:publisher\" content=\"https:\/\/www.facebook.com\/volcanes.net\/\" \/>\n<meta property=\"article:published_time\" content=\"2017-08-07T02:25:29+00:00\" \/>\n<meta property=\"article:modified_time\" content=\"2017-08-07T02:25:42+00:00\" \/>\n<meta property=\"og:image\" content=\"https:\/\/volcanes.net\/wp-content\/uploads\/2017\/08\/2017-08-03-PHOTO-00000156.jpg\" \/>\n\t<meta property=\"og:image:width\" content=\"448\" \/>\n\t<meta property=\"og:image:height\" content=\"299\" \/>\n\t<meta property=\"og:image:type\" content=\"image\/jpeg\" \/>\n<meta name=\"author\" content=\"admin\" \/>\n<meta name=\"twitter:card\" content=\"summary_large_image\" \/>\n<meta name=\"twitter:label1\" content=\"Escrito por\" \/>\n\t<meta name=\"twitter:data1\" content=\"admin\" \/>\n\t<meta name=\"twitter:label2\" content=\"Tiempo de lectura\" \/>\n\t<meta name=\"twitter:data2\" content=\"2 minutos\" \/>\n<script type=\"application\/ld+json\" class=\"yoast-schema-graph\">{\"@context\":\"https:\/\/schema.org\",\"@graph\":[{\"@type\":\"Article\",\"@id\":\"https:\/\/volcanes.net\/?p=33#article\",\"isPartOf\":{\"@id\":\"https:\/\/volcanes.net\/?p=33\"},\"author\":{\"name\":\"admin\",\"@id\":\"https:\/\/volcanes.net\/#\/schema\/person\/4bf0f383940966a4abd53f5048c0e6b9\"},\"headline\":\"Firman la DGPRS y SERJUV convenio en apoyo de los j\u00f3venes de la Quinta del Bosque\",\"datePublished\":\"2017-08-07T02:25:29+00:00\",\"dateModified\":\"2017-08-07T02:25:42+00:00\",\"mainEntityOfPage\":{\"@id\":\"https:\/\/volcanes.net\/?p=33\"},\"wordCount\":329,\"commentCount\":0,\"publisher\":{\"@id\":\"https:\/\/volcanes.net\/#organization\"},\"image\":{\"@id\":\"https:\/\/volcanes.net\/?p=33#primaryimage\"},\"thumbnailUrl\":\"https:\/\/volcanes.net\/wp-content\/uploads\/2017\/08\/2017-08-03-PHOTO-00000156.jpg\",\"articleSection\":[\"Estatales\"],\"inLanguage\":\"es\",\"potentialAction\":[{\"@type\":\"CommentAction\",\"name\":\"Comment\",\"target\":[\"https:\/\/volcanes.net\/?p=33#respond\"]}]},{\"@type\":\"WebPage\",\"@id\":\"https:\/\/volcanes.net\/?p=33\",\"url\":\"https:\/\/volcanes.net\/?p=33\",\"name\":\"Firman la DGPRS y SERJUV convenio en apoyo de los j\u00f3venes de la Quinta del Bosque - Volcanes\",\"isPartOf\":{\"@id\":\"https:\/\/volcanes.net\/#website\"},\"primaryImageOfPage\":{\"@id\":\"https:\/\/volcanes.net\/?p=33#primaryimage\"},\"image\":{\"@id\":\"https:\/\/volcanes.net\/?p=33#primaryimage\"},\"thumbnailUrl\":\"https:\/\/volcanes.net\/wp-content\/uploads\/2017\/08\/2017-08-03-PHOTO-00000156.jpg\",\"datePublished\":\"2017-08-07T02:25:29+00:00\",\"dateModified\":\"2017-08-07T02:25:42+00:00\",\"breadcrumb\":{\"@id\":\"https:\/\/volcanes.net\/?p=33#breadcrumb\"},\"inLanguage\":\"es\",\"potentialAction\":[{\"@type\":\"ReadAction\",\"target\":[\"https:\/\/volcanes.net\/?p=33\"]}]},{\"@type\":\"ImageObject\",\"inLanguage\":\"es\",\"@id\":\"https:\/\/volcanes.net\/?p=33#primaryimage\",\"url\":\"https:\/\/volcanes.net\/wp-content\/uploads\/2017\/08\/2017-08-03-PHOTO-00000156.jpg\",\"contentUrl\":\"https:\/\/volcanes.net\/wp-content\/uploads\/2017\/08\/2017-08-03-PHOTO-00000156.jpg\",\"width\":448,\"height\":299},{\"@type\":\"BreadcrumbList\",\"@id\":\"https:\/\/volcanes.net\/?p=33#breadcrumb\",\"itemListElement\":[{\"@type\":\"ListItem\",\"position\":1,\"name\":\"Portada\",\"item\":\"https:\/\/volcanes.net\/\"},{\"@type\":\"ListItem\",\"position\":2,\"name\":\"Firman la DGPRS y SERJUV convenio en apoyo de los j\u00f3venes de la Quinta del Bosque\"}]},{\"@type\":\"WebSite\",\"@id\":\"https:\/\/volcanes.net\/#website\",\"url\":\"https:\/\/volcanes.net\/\",\"name\":\"Volcanes.Net\",\"description\":\"Periodismo Profesional\",\"publisher\":{\"@id\":\"https:\/\/volcanes.net\/#organization\"},\"potentialAction\":[{\"@type\":\"SearchAction\",\"target\":{\"@type\":\"EntryPoint\",\"urlTemplate\":\"https:\/\/volcanes.net\/?s={search_term_string}\"},\"query-input\":{\"@type\":\"PropertyValueSpecification\",\"valueRequired\":true,\"valueName\":\"search_term_string\"}}],\"inLanguage\":\"es\"},{\"@type\":\"Organization\",\"@id\":\"https:\/\/volcanes.net\/#organization\",\"name\":\"Grupo Volcanes\",\"url\":\"https:\/\/volcanes.net\/\",\"logo\":{\"@type\":\"ImageObject\",\"inLanguage\":\"es\",\"@id\":\"https:\/\/volcanes.net\/#\/schema\/logo\/image\/\",\"url\":\"http:\/\/volcanes.net\/wp-content\/uploads\/2017\/12\/Avatar2.jpg\",\"contentUrl\":\"http:\/\/volcanes.net\/wp-content\/uploads\/2017\/12\/Avatar2.jpg\",\"width\":378,\"height\":378,\"caption\":\"Grupo Volcanes\"},\"image\":{\"@id\":\"https:\/\/volcanes.net\/#\/schema\/logo\/image\/\"},\"sameAs\":[\"https:\/\/www.facebook.com\/volcanes.net\/\"]},{\"@type\":\"Person\",\"@id\":\"https:\/\/volcanes.net\/#\/schema\/person\/4bf0f383940966a4abd53f5048c0e6b9\",\"name\":\"admin\",\"image\":{\"@type\":\"ImageObject\",\"inLanguage\":\"es\",\"@id\":\"https:\/\/volcanes.net\/#\/schema\/person\/image\/\",\"url\":\"https:\/\/secure.gravatar.com\/avatar\/ca004e6cba8462b8cb7abc86e382930c?s=96&d=mm&r=g\",\"contentUrl\":\"https:\/\/secure.gravatar.com\/avatar\/ca004e6cba8462b8cb7abc86e382930c?s=96&d=mm&r=g\",\"caption\":\"admin\"}}]}<\/script>\n<!-- \/ Yoast SEO plugin. -->","yoast_head_json":{"title":"Firman la DGPRS y SERJUV convenio en apoyo de los j\u00f3venes de la Quinta del Bosque - Volcanes","robots":{"index":"index","follow":"follow","max-snippet":"max-snippet:-1","max-image-preview":"max-image-preview:large","max-video-preview":"max-video-preview:-1"},"canonical":"https:\/\/volcanes.net\/?p=33","og_locale":"es_MX","og_type":"article","og_title":"Firman la DGPRS y SERJUV convenio en apoyo de los j\u00f3venes de la Quinta del Bosque - Volcanes","og_description":"La Direcci\u00f3n General de Prevenci\u00f3n y Reinserci\u00f3n Social, de la Comisi\u00f3n Estatal de Seguridad Ciudadana","og_url":"https:\/\/volcanes.net\/?p=33","og_site_name":"Volcanes","article_publisher":"https:\/\/www.facebook.com\/volcanes.net\/","article_published_time":"2017-08-07T02:25:29+00:00","article_modified_time":"2017-08-07T02:25:42+00:00","og_image":[{"width":448,"height":299,"url":"https:\/\/volcanes.net\/wp-content\/uploads\/2017\/08\/2017-08-03-PHOTO-00000156.jpg","type":"image\/jpeg"}],"author":"admin","twitter_card":"summary_large_image","twitter_misc":{"Escrito por":"admin","Tiempo de lectura":"2 minutos"},"schema":{"@context":"https:\/\/schema.org","@graph":[{"@type":"Article","@id":"https:\/\/volcanes.net\/?p=33#article","isPartOf":{"@id":"https:\/\/volcanes.net\/?p=33"},"author":{"name":"admin","@id":"https:\/\/volcanes.net\/#\/schema\/person\/4bf0f383940966a4abd53f5048c0e6b9"},"headline":"Firman la DGPRS y SERJUV convenio en apoyo de los j\u00f3venes de la Quinta del Bosque","datePublished":"2017-08-07T02:25:29+00:00","dateModified":"2017-08-07T02:25:42+00:00","mainEntityOfPage":{"@id":"https:\/\/volcanes.net\/?p=33"},"wordCount":329,"commentCount":0,"publisher":{"@id":"https:\/\/volcanes.net\/#organization"},"image":{"@id":"https:\/\/volcanes.net\/?p=33#primaryimage"},"thumbnailUrl":"https:\/\/volcanes.net\/wp-content\/uploads\/2017\/08\/2017-08-03-PHOTO-00000156.jpg","articleSection":["Estatales"],"inLanguage":"es","potentialAction":[{"@type":"CommentAction","name":"Comment","target":["https:\/\/volcanes.net\/?p=33#respond"]}]},{"@type":"WebPage","@id":"https:\/\/volcanes.net\/?p=33","url":"https:\/\/volcanes.net\/?p=33","name":"Firman la DGPRS y SERJUV convenio en apoyo de los j\u00f3venes de la Quinta del Bosque - Volcanes","isPartOf":{"@id":"https:\/\/volcanes.net\/#website"},"primaryImageOfPage":{"@id":"https:\/\/volcanes.net\/?p=33#primaryimage"},"image":{"@id":"https:\/\/volcanes.net\/?p=33#primaryimage"},"thumbnailUrl":"https:\/\/volcanes.net\/wp-content\/uploads\/2017\/08\/2017-08-03-PHOTO-00000156.jpg","datePublished":"2017-08-07T02:25:29+00:00","dateModified":"2017-08-07T02:25:42+00:00","breadcrumb":{"@id":"https:\/\/volcanes.net\/?p=33#breadcrumb"},"inLanguage":"es","potentialAction":[{"@type":"ReadAction","target":["https:\/\/volcanes.net\/?p=33"]}]},{"@type":"ImageObject","inLanguage":"es","@id":"https:\/\/volcanes.net\/?p=33#primaryimage","url":"https:\/\/volcanes.net\/wp-content\/uploads\/2017\/08\/2017-08-03-PHOTO-00000156.jpg","contentUrl":"https:\/\/volcanes.net\/wp-content\/uploads\/2017\/08\/2017-08-03-PHOTO-00000156.jpg","width":448,"height":299},{"@type":"BreadcrumbList","@id":"https:\/\/volcanes.net\/?p=33#breadcrumb","itemListElement":[{"@type":"ListItem","position":1,"name":"Portada","item":"https:\/\/volcanes.net\/"},{"@type":"ListItem","position":2,"name":"Firman la DGPRS y SERJUV convenio en apoyo de los j\u00f3venes de la Quinta del Bosque"}]},{"@type":"WebSite","@id":"https:\/\/volcanes.net\/#website","url":"https:\/\/volcanes.net\/","name":"Volcanes.Net","description":"Periodismo Profesional","publisher":{"@id":"https:\/\/volcanes.net\/#organization"},"potentialAction":[{"@type":"SearchAction","target":{"@type":"EntryPoint","urlTemplate":"https:\/\/volcanes.net\/?s={search_term_string}"},"query-input":{"@type":"PropertyValueSpecification","valueRequired":true,"valueName":"search_term_string"}}],"inLanguage":"es"},{"@type":"Organization","@id":"https:\/\/volcanes.net\/#organization","name":"Grupo Volcanes","url":"https:\/\/volcanes.net\/","logo":{"@type":"ImageObject","inLanguage":"es","@id":"https:\/\/volcanes.net\/#\/schema\/logo\/image\/","url":"http:\/\/volcanes.net\/wp-content\/uploads\/2017\/12\/Avatar2.jpg","contentUrl":"http:\/\/volcanes.net\/wp-content\/uploads\/2017\/12\/Avatar2.jpg","width":378,"height":378,"caption":"Grupo Volcanes"},"image":{"@id":"https:\/\/volcanes.net\/#\/schema\/logo\/image\/"},"sameAs":["https:\/\/www.facebook.com\/volcanes.net\/"]},{"@type":"Person","@id":"https:\/\/volcanes.net\/#\/schema\/person\/4bf0f383940966a4abd53f5048c0e6b9","name":"admin","image":{"@type":"ImageObject","inLanguage":"es","@id":"https:\/\/volcanes.net\/#\/schema\/person\/image\/","url":"https:\/\/secure.gravatar.com\/avatar\/ca004e6cba8462b8cb7abc86e382930c?s=96&d=mm&r=g","contentUrl":"https:\/\/secure.gravatar.com\/avatar\/ca004e6cba8462b8cb7abc86e382930c?s=96&d=mm&r=g","caption":"admin"}}]}},"_links":{"self":[{"href":"https:\/\/volcanes.net\/index.php?rest_route=\/wp\/v2\/posts\/33"}],"collection":[{"href":"https:\/\/volcanes.net\/index.php?rest_route=\/wp\/v2\/posts"}],"about":[{"href":"https:\/\/volcanes.net\/index.php?rest_route=\/wp\/v2\/types\/post"}],"author":[{"embeddable":true,"href":"https:\/\/volcanes.net\/index.php?rest_route=\/wp\/v2\/users\/1"}],"replies":[{"embeddable":true,"href":"https:\/\/volcanes.net\/index.php?rest_route=%2Fwp%2Fv2%2Fcomments&post=33"}],"version-history":[{"count":1,"href":"https:\/\/volcanes.net\/index.php?rest_route=\/wp\/v2\/posts\/33\/revisions"}],"predecessor-version":[{"id":35,"href":"https:\/\/volcanes.net\/index.php?rest_route=\/wp\/v2\/posts\/33\/revisions\/35"}],"wp:featuredmedia":[{"embeddable":true,"href":"https:\/\/volcanes.net\/index.php?rest_route=\/wp\/v2\/media\/34"}],"wp:attachment":[{"href":"https:\/\/volcanes.net\/index.php?rest_route=%2Fwp%2Fv2%2Fmedia&parent=33"}],"wp:term":[{"taxonomy":"category","embeddable":true,"href":"https:\/\/volcanes.net\/index.php?rest_route=%2Fwp%2Fv2%2Fcategories&post=33"},{"taxonomy":"post_tag","embeddable":true,"href":"https:\/\/volcanes.net\/index.php?rest_route=%2Fwp%2Fv2%2Ftags&post=33"}],"curies":[{"name":"wp","href":"https:\/\/api.w.org\/{rel}","templated":true}]}}