{"id":330,"date":"2018-01-09T21:21:50","date_gmt":"2018-01-09T21:21:50","guid":{"rendered":"http:\/\/volcanes.net\/?p=330"},"modified":"2018-01-09T21:21:50","modified_gmt":"2018-01-09T21:21:50","slug":"chihuahua-vive-ola-de-violencia-mientras-corral-hace-politica-nuno-mayer","status":"publish","type":"post","link":"https:\/\/volcanes.net\/?p=330","title":{"rendered":"Chihuahua vive ola de violencia mientras Corral hace pol\u00edtica Nu\u00f1o Mayer"},"content":{"rendered":"<div style=\"margin-top: 0px; margin-bottom: 0px;\" class=\"sharethis-inline-share-buttons\" ><\/div><p>Las declaraciones del gobernador de Chihuahua, Javier Corral, forman parte de una cortina de humo, pues mientras hace pol\u00edtica en la Ciudad de M\u00e9xico, esa entidad vive una violencia desbordada, asever\u00f3\u00a0Aurelio Nu\u00f1o Mayer.<\/p>\n<p>El coordinador de campa\u00f1a de Jos\u00e9 Antonio Meade, precandidato presidencial del partido Revolucionario Institucional (PRI), dijo que\u00a0desde que Javier Corral tom\u00f3 posesi\u00f3n como gobernador de Chihuahua, los \u00edndices de violencia han incrementado en esa entidad.<\/p>\n<p>En entrevista con Luis C\u00e1rdenas, en MVSNoticias, Nu\u00f1o Mayer se\u00f1al\u00f3 que los abogados de Alejandro Guti\u00e9rrez, exsecretario nacional adjunto del PRI, presentaron una demanda en la que se\u00f1alan que su cliente es torturado para tener confesiones que impliquen a Manlio Fabio Beltrones y a otros personajes.<\/p>\n<p>Indic\u00f3 que si esta denuncia fuera ratificada por un juez, \u201cestar\u00edamos ante un acto monstruoso en el que Javier Corral recurre a la tortura para poder incidir y poder meterse en la elecci\u00f3n\u201d.<\/p>\n<p>\u201cEstamos frente a un acto simplemente electoral, una cortina de humo y con consecuencias muy terribles; una muy clara es el descuido que est\u00e1 teniendo Javier Corral en Chihuahua y despu\u00e9s esta acusaci\u00f3n inadmisible y terrible para el pa\u00eds\u201d, sostuvo.<\/p>\n<p>Aurelio Nu\u00f1o sostuvo que la corrupci\u00f3n es uno de los problemas m\u00e1s serios que tiene M\u00e9xico, que est\u00e1 muy enraizado no s\u00f3lo en la pol\u00edtica sino en otros \u00e1mbitos de la sociedad.<\/p>\n<p>Es fundamental, dijo, avanzar en este tema para que M\u00e9xico pueda tener m\u00e1s paz, eficiencia econ\u00f3mica, progresar en varios sentidos y como sociedad superar muchos problemas.<\/p>\n<p>\u201cLos grandes temas del pa\u00edses se tienen que hacer con mucha inteligencia, con mucha estrategia, con mucho conocimiento; son temas complejos, no son f\u00e1ciles como lo quiere hacer creer Andr\u00e9s Manuel L\u00f3pez Obrador\u201d, enfatiz\u00f3.<\/p>\n<p>Puntualiz\u00f3 que la educaci\u00f3n es una gran herramienta para combatir la corrupci\u00f3n, pero junto con ello se debe acabar con la pobreza y la desigualdad que tanto da\u00f1an al pa\u00eds.<\/p>\n","protected":false},"excerpt":{"rendered":"<p>Las declaraciones del gobernador de Chihuahua, Javier Corral, forman parte de una cortina de humo,<\/p>\n","protected":false},"author":1,"featured_media":331,"comment_status":"open","ping_status":"open","sticky":false,"template":"","format":"standard","meta":{"footnotes":""},"categories":[1],"tags":[55,10],"class_list":["post-330","post","type-post","status-publish","format-standard","has-post-thumbnail","hentry","category-municipales","tag-chihuahua","tag-pri"],"yoast_head":"<!-- This site is optimized with the Yoast SEO plugin v25.3 - https:\/\/yoast.com\/wordpress\/plugins\/seo\/ -->\n<title>Chihuahua vive ola de violencia mientras Corral hace pol\u00edtica Nu\u00f1o Mayer - Volcanes<\/title>\n<meta name=\"robots\" content=\"index, follow, max-snippet:-1, max-image-preview:large, max-video-preview:-1\" \/>\n<link rel=\"canonical\" href=\"https:\/\/volcanes.net\/?p=330\" \/>\n<meta property=\"og:locale\" content=\"es_MX\" \/>\n<meta property=\"og:type\" content=\"article\" \/>\n<meta property=\"og:title\" content=\"Chihuahua vive ola de violencia mientras Corral hace pol\u00edtica Nu\u00f1o Mayer - Volcanes\" \/>\n<meta property=\"og:description\" content=\"Las declaraciones del gobernador de Chihuahua, Javier Corral, forman parte de una cortina de humo,\" \/>\n<meta property=\"og:url\" content=\"https:\/\/volcanes.net\/?p=330\" \/>\n<meta property=\"og:site_name\" content=\"Volcanes\" \/>\n<meta property=\"article:publisher\" content=\"https:\/\/www.facebook.com\/volcanes.net\/\" \/>\n<meta property=\"article:published_time\" content=\"2018-01-09T21:21:50+00:00\" \/>\n<meta property=\"og:image\" content=\"https:\/\/volcanes.net\/wp-content\/uploads\/2018\/01\/nuc3b1o1.jpg\" \/>\n\t<meta property=\"og:image:width\" content=\"549\" \/>\n\t<meta property=\"og:image:height\" content=\"368\" \/>\n\t<meta property=\"og:image:type\" content=\"image\/jpeg\" \/>\n<meta name=\"author\" content=\"admin\" \/>\n<meta name=\"twitter:card\" content=\"summary_large_image\" \/>\n<meta name=\"twitter:label1\" content=\"Escrito por\" \/>\n\t<meta name=\"twitter:data1\" content=\"admin\" \/>\n\t<meta name=\"twitter:label2\" content=\"Tiempo de lectura\" \/>\n\t<meta name=\"twitter:data2\" content=\"2 minutos\" \/>\n<script type=\"application\/ld+json\" class=\"yoast-schema-graph\">{\"@context\":\"https:\/\/schema.org\",\"@graph\":[{\"@type\":\"Article\",\"@id\":\"https:\/\/volcanes.net\/?p=330#article\",\"isPartOf\":{\"@id\":\"https:\/\/volcanes.net\/?p=330\"},\"author\":{\"name\":\"admin\",\"@id\":\"https:\/\/volcanes.net\/#\/schema\/person\/4bf0f383940966a4abd53f5048c0e6b9\"},\"headline\":\"Chihuahua vive ola de violencia mientras Corral hace pol\u00edtica Nu\u00f1o Mayer\",\"datePublished\":\"2018-01-09T21:21:50+00:00\",\"mainEntityOfPage\":{\"@id\":\"https:\/\/volcanes.net\/?p=330\"},\"wordCount\":356,\"commentCount\":0,\"publisher\":{\"@id\":\"https:\/\/volcanes.net\/#organization\"},\"image\":{\"@id\":\"https:\/\/volcanes.net\/?p=330#primaryimage\"},\"thumbnailUrl\":\"https:\/\/volcanes.net\/wp-content\/uploads\/2018\/01\/nuc3b1o1.jpg\",\"keywords\":[\"Chihuahua\",\"PRI\"],\"articleSection\":[\"Municipales\"],\"inLanguage\":\"es\",\"potentialAction\":[{\"@type\":\"CommentAction\",\"name\":\"Comment\",\"target\":[\"https:\/\/volcanes.net\/?p=330#respond\"]}]},{\"@type\":\"WebPage\",\"@id\":\"https:\/\/volcanes.net\/?p=330\",\"url\":\"https:\/\/volcanes.net\/?p=330\",\"name\":\"Chihuahua vive ola de violencia mientras Corral hace pol\u00edtica Nu\u00f1o Mayer - Volcanes\",\"isPartOf\":{\"@id\":\"https:\/\/volcanes.net\/#website\"},\"primaryImageOfPage\":{\"@id\":\"https:\/\/volcanes.net\/?p=330#primaryimage\"},\"image\":{\"@id\":\"https:\/\/volcanes.net\/?p=330#primaryimage\"},\"thumbnailUrl\":\"https:\/\/volcanes.net\/wp-content\/uploads\/2018\/01\/nuc3b1o1.jpg\",\"datePublished\":\"2018-01-09T21:21:50+00:00\",\"breadcrumb\":{\"@id\":\"https:\/\/volcanes.net\/?p=330#breadcrumb\"},\"inLanguage\":\"es\",\"potentialAction\":[{\"@type\":\"ReadAction\",\"target\":[\"https:\/\/volcanes.net\/?p=330\"]}]},{\"@type\":\"ImageObject\",\"inLanguage\":\"es\",\"@id\":\"https:\/\/volcanes.net\/?p=330#primaryimage\",\"url\":\"https:\/\/volcanes.net\/wp-content\/uploads\/2018\/01\/nuc3b1o1.jpg\",\"contentUrl\":\"https:\/\/volcanes.net\/wp-content\/uploads\/2018\/01\/nuc3b1o1.jpg\",\"width\":549,\"height\":368},{\"@type\":\"BreadcrumbList\",\"@id\":\"https:\/\/volcanes.net\/?p=330#breadcrumb\",\"itemListElement\":[{\"@type\":\"ListItem\",\"position\":1,\"name\":\"Portada\",\"item\":\"https:\/\/volcanes.net\/\"},{\"@type\":\"ListItem\",\"position\":2,\"name\":\"Chihuahua vive ola de violencia mientras Corral hace pol\u00edtica Nu\u00f1o Mayer\"}]},{\"@type\":\"WebSite\",\"@id\":\"https:\/\/volcanes.net\/#website\",\"url\":\"https:\/\/volcanes.net\/\",\"name\":\"Volcanes.Net\",\"description\":\"Periodismo Profesional\",\"publisher\":{\"@id\":\"https:\/\/volcanes.net\/#organization\"},\"potentialAction\":[{\"@type\":\"SearchAction\",\"target\":{\"@type\":\"EntryPoint\",\"urlTemplate\":\"https:\/\/volcanes.net\/?s={search_term_string}\"},\"query-input\":{\"@type\":\"PropertyValueSpecification\",\"valueRequired\":true,\"valueName\":\"search_term_string\"}}],\"inLanguage\":\"es\"},{\"@type\":\"Organization\",\"@id\":\"https:\/\/volcanes.net\/#organization\",\"name\":\"Grupo Volcanes\",\"url\":\"https:\/\/volcanes.net\/\",\"logo\":{\"@type\":\"ImageObject\",\"inLanguage\":\"es\",\"@id\":\"https:\/\/volcanes.net\/#\/schema\/logo\/image\/\",\"url\":\"http:\/\/volcanes.net\/wp-content\/uploads\/2017\/12\/Avatar2.jpg\",\"contentUrl\":\"http:\/\/volcanes.net\/wp-content\/uploads\/2017\/12\/Avatar2.jpg\",\"width\":378,\"height\":378,\"caption\":\"Grupo Volcanes\"},\"image\":{\"@id\":\"https:\/\/volcanes.net\/#\/schema\/logo\/image\/\"},\"sameAs\":[\"https:\/\/www.facebook.com\/volcanes.net\/\"]},{\"@type\":\"Person\",\"@id\":\"https:\/\/volcanes.net\/#\/schema\/person\/4bf0f383940966a4abd53f5048c0e6b9\",\"name\":\"admin\",\"image\":{\"@type\":\"ImageObject\",\"inLanguage\":\"es\",\"@id\":\"https:\/\/volcanes.net\/#\/schema\/person\/image\/\",\"url\":\"https:\/\/secure.gravatar.com\/avatar\/ca004e6cba8462b8cb7abc86e382930c?s=96&d=mm&r=g\",\"contentUrl\":\"https:\/\/secure.gravatar.com\/avatar\/ca004e6cba8462b8cb7abc86e382930c?s=96&d=mm&r=g\",\"caption\":\"admin\"}}]}<\/script>\n<!-- \/ Yoast SEO plugin. -->","yoast_head_json":{"title":"Chihuahua vive ola de violencia mientras Corral hace pol\u00edtica Nu\u00f1o Mayer - Volcanes","robots":{"index":"index","follow":"follow","max-snippet":"max-snippet:-1","max-image-preview":"max-image-preview:large","max-video-preview":"max-video-preview:-1"},"canonical":"https:\/\/volcanes.net\/?p=330","og_locale":"es_MX","og_type":"article","og_title":"Chihuahua vive ola de violencia mientras Corral hace pol\u00edtica Nu\u00f1o Mayer - Volcanes","og_description":"Las declaraciones del gobernador de Chihuahua, Javier Corral, forman parte de una cortina de humo,","og_url":"https:\/\/volcanes.net\/?p=330","og_site_name":"Volcanes","article_publisher":"https:\/\/www.facebook.com\/volcanes.net\/","article_published_time":"2018-01-09T21:21:50+00:00","og_image":[{"width":549,"height":368,"url":"https:\/\/volcanes.net\/wp-content\/uploads\/2018\/01\/nuc3b1o1.jpg","type":"image\/jpeg"}],"author":"admin","twitter_card":"summary_large_image","twitter_misc":{"Escrito por":"admin","Tiempo de lectura":"2 minutos"},"schema":{"@context":"https:\/\/schema.org","@graph":[{"@type":"Article","@id":"https:\/\/volcanes.net\/?p=330#article","isPartOf":{"@id":"https:\/\/volcanes.net\/?p=330"},"author":{"name":"admin","@id":"https:\/\/volcanes.net\/#\/schema\/person\/4bf0f383940966a4abd53f5048c0e6b9"},"headline":"Chihuahua vive ola de violencia mientras Corral hace pol\u00edtica Nu\u00f1o Mayer","datePublished":"2018-01-09T21:21:50+00:00","mainEntityOfPage":{"@id":"https:\/\/volcanes.net\/?p=330"},"wordCount":356,"commentCount":0,"publisher":{"@id":"https:\/\/volcanes.net\/#organization"},"image":{"@id":"https:\/\/volcanes.net\/?p=330#primaryimage"},"thumbnailUrl":"https:\/\/volcanes.net\/wp-content\/uploads\/2018\/01\/nuc3b1o1.jpg","keywords":["Chihuahua","PRI"],"articleSection":["Municipales"],"inLanguage":"es","potentialAction":[{"@type":"CommentAction","name":"Comment","target":["https:\/\/volcanes.net\/?p=330#respond"]}]},{"@type":"WebPage","@id":"https:\/\/volcanes.net\/?p=330","url":"https:\/\/volcanes.net\/?p=330","name":"Chihuahua vive ola de violencia mientras Corral hace pol\u00edtica Nu\u00f1o Mayer - Volcanes","isPartOf":{"@id":"https:\/\/volcanes.net\/#website"},"primaryImageOfPage":{"@id":"https:\/\/volcanes.net\/?p=330#primaryimage"},"image":{"@id":"https:\/\/volcanes.net\/?p=330#primaryimage"},"thumbnailUrl":"https:\/\/volcanes.net\/wp-content\/uploads\/2018\/01\/nuc3b1o1.jpg","datePublished":"2018-01-09T21:21:50+00:00","breadcrumb":{"@id":"https:\/\/volcanes.net\/?p=330#breadcrumb"},"inLanguage":"es","potentialAction":[{"@type":"ReadAction","target":["https:\/\/volcanes.net\/?p=330"]}]},{"@type":"ImageObject","inLanguage":"es","@id":"https:\/\/volcanes.net\/?p=330#primaryimage","url":"https:\/\/volcanes.net\/wp-content\/uploads\/2018\/01\/nuc3b1o1.jpg","contentUrl":"https:\/\/volcanes.net\/wp-content\/uploads\/2018\/01\/nuc3b1o1.jpg","width":549,"height":368},{"@type":"BreadcrumbList","@id":"https:\/\/volcanes.net\/?p=330#breadcrumb","itemListElement":[{"@type":"ListItem","position":1,"name":"Portada","item":"https:\/\/volcanes.net\/"},{"@type":"ListItem","position":2,"name":"Chihuahua vive ola de violencia mientras Corral hace pol\u00edtica Nu\u00f1o Mayer"}]},{"@type":"WebSite","@id":"https:\/\/volcanes.net\/#website","url":"https:\/\/volcanes.net\/","name":"Volcanes.Net","description":"Periodismo Profesional","publisher":{"@id":"https:\/\/volcanes.net\/#organization"},"potentialAction":[{"@type":"SearchAction","target":{"@type":"EntryPoint","urlTemplate":"https:\/\/volcanes.net\/?s={search_term_string}"},"query-input":{"@type":"PropertyValueSpecification","valueRequired":true,"valueName":"search_term_string"}}],"inLanguage":"es"},{"@type":"Organization","@id":"https:\/\/volcanes.net\/#organization","name":"Grupo Volcanes","url":"https:\/\/volcanes.net\/","logo":{"@type":"ImageObject","inLanguage":"es","@id":"https:\/\/volcanes.net\/#\/schema\/logo\/image\/","url":"http:\/\/volcanes.net\/wp-content\/uploads\/2017\/12\/Avatar2.jpg","contentUrl":"http:\/\/volcanes.net\/wp-content\/uploads\/2017\/12\/Avatar2.jpg","width":378,"height":378,"caption":"Grupo Volcanes"},"image":{"@id":"https:\/\/volcanes.net\/#\/schema\/logo\/image\/"},"sameAs":["https:\/\/www.facebook.com\/volcanes.net\/"]},{"@type":"Person","@id":"https:\/\/volcanes.net\/#\/schema\/person\/4bf0f383940966a4abd53f5048c0e6b9","name":"admin","image":{"@type":"ImageObject","inLanguage":"es","@id":"https:\/\/volcanes.net\/#\/schema\/person\/image\/","url":"https:\/\/secure.gravatar.com\/avatar\/ca004e6cba8462b8cb7abc86e382930c?s=96&d=mm&r=g","contentUrl":"https:\/\/secure.gravatar.com\/avatar\/ca004e6cba8462b8cb7abc86e382930c?s=96&d=mm&r=g","caption":"admin"}}]}},"_links":{"self":[{"href":"https:\/\/volcanes.net\/index.php?rest_route=\/wp\/v2\/posts\/330"}],"collection":[{"href":"https:\/\/volcanes.net\/index.php?rest_route=\/wp\/v2\/posts"}],"about":[{"href":"https:\/\/volcanes.net\/index.php?rest_route=\/wp\/v2\/types\/post"}],"author":[{"embeddable":true,"href":"https:\/\/volcanes.net\/index.php?rest_route=\/wp\/v2\/users\/1"}],"replies":[{"embeddable":true,"href":"https:\/\/volcanes.net\/index.php?rest_route=%2Fwp%2Fv2%2Fcomments&post=330"}],"version-history":[{"count":1,"href":"https:\/\/volcanes.net\/index.php?rest_route=\/wp\/v2\/posts\/330\/revisions"}],"predecessor-version":[{"id":332,"href":"https:\/\/volcanes.net\/index.php?rest_route=\/wp\/v2\/posts\/330\/revisions\/332"}],"wp:featuredmedia":[{"embeddable":true,"href":"https:\/\/volcanes.net\/index.php?rest_route=\/wp\/v2\/media\/331"}],"wp:attachment":[{"href":"https:\/\/volcanes.net\/index.php?rest_route=%2Fwp%2Fv2%2Fmedia&parent=330"}],"wp:term":[{"taxonomy":"category","embeddable":true,"href":"https:\/\/volcanes.net\/index.php?rest_route=%2Fwp%2Fv2%2Fcategories&post=330"},{"taxonomy":"post_tag","embeddable":true,"href":"https:\/\/volcanes.net\/index.php?rest_route=%2Fwp%2Fv2%2Ftags&post=330"}],"curies":[{"name":"wp","href":"https:\/\/api.w.org\/{rel}","templated":true}]}}