{"id":3305,"date":"2019-01-11T02:02:23","date_gmt":"2019-01-11T02:02:23","guid":{"rendered":"http:\/\/volcanes.net\/?p=3305"},"modified":"2019-01-11T02:02:23","modified_gmt":"2019-01-11T02:02:23","slug":"ecatepec-sin-agua","status":"publish","type":"post","link":"https:\/\/volcanes.net\/?p=3305","title":{"rendered":"Ecatepec sin agua"},"content":{"rendered":"<div style=\"margin-top: 0px; margin-bottom: 0px;\" class=\"sharethis-inline-share-buttons\" ><\/div><div class=\"MobileFullEntry__header\" style=\"font-family:-apple-system,BlinkMacSystemFont,Roboto,sans-serif;font-size:16px;font-style:normal;font-weight:400;letter-spacing:normal;text-align:left\">\n<div class=\"MobileFullEntry__title\" style=\"clear:both;font-size:1.5rem;font-weight:700;line-height:1.25em;margin-bottom:0.5rem;margin-top:0.5rem;text-decoration:none\">&#8211; Vecinos de diversas colonias llevan un mes sin el servicio; adquieren el l\u00edquido mediante pipas particulares a un alto precio<\/div>\n<\/div>\n<div class=\"MobileFullEntry__body\" style=\"font-size:16px;line-height:1.65em;margin-top:1.5rem;font-family:\">\n<div class=\"entryBody content\" id=\"SvrIk50F3AnKi4TRm1MIOPBmkdEsX6zyTxDUa3\/6Zn8=_168399ff0d6:15c0cc7:3a104d3b_entryBody\">\n<div>\n<div>\n<div><\/div>\n<div>ECATEPEC, M\u00e9x.- El desabasto de agua potable en colonias de Ecatepec se ha recrudecido afectando a miles de familias de la zona de Xalostoc, sobre todo en las colonias Villa de Guadalupe y Valle de Guadalupe, entre otras.<\/div>\n<p><img decoding=\"async\" class=\"full\" id=\"image1\" src=\"http:\/\/static.wixstatic.com\/media\/3ec576_5bfcb3e6606e4b62ab32a8a939af48bf~mv2.jpg\" data-pre-sourced=\"yes\" data-sourced=\"yes\" data-original=\"http:\/\/static.wixstatic.com\/media\/3ec576_5bfcb3e6606e4b62ab32a8a939af48bf~mv2.jpg\" data-src=\"http:\/\/static.wixstatic.com\/media\/3ec576_5bfcb3e6606e4b62ab32a8a939af48bf~mv2.jpg\" data-presizing=\"skipped.unknown\" data-loaded=\"yes\" data-sized=\"yes\" data-sizing=\"resized.full\" style=\"margin-top: 1.5rem;margin-bottom: 1.5rem;max-width: 100%;width: 328px;height: 135px\"><\/p>\n<div>Habitantes denuncian que llevan un mes sin el suministro del vital l\u00edquido y aunque han acatado medidas de ahorro de agua, ya es insostenible la situaci\u00f3n, debido a que es un insumo de primera necesidad.\n<\/div>\n<div>En un inicio se mencion\u00f3 que el recorte se debi\u00f3 a el reemplazo de una v\u00e1lvula de la red de distribuci\u00f3n en la zona y que al concluir los trabajos se restablecer\u00eda, sin que esto hasta el momento se haya cumplido.<\/div>\n<div>En tanto, los pobladores han tenido que adquirir agua a trav\u00e9s de pipas privadas, pagando por metro c\u00fabico hasta 180 pesos, situaci\u00f3n que merma considerablemente su econom\u00eda y es por ello que exigen a las autoridades municipales se encarguen de dar pronta soluci\u00f3n a la problem\u00e1tica.<\/div>\n<\/div>\n<\/div>\n<\/div>\n<\/div>\n","protected":false},"excerpt":{"rendered":"<p>&#8211; Vecinos de diversas colonias llevan un mes sin el servicio; adquieren el l\u00edquido mediante<\/p>\n","protected":false},"author":1,"featured_media":3304,"comment_status":"open","ping_status":"open","sticky":false,"template":"","format":"standard","meta":{"footnotes":""},"categories":[1],"tags":[63],"class_list":["post-3305","post","type-post","status-publish","format-standard","has-post-thumbnail","hentry","category-municipales","tag-ecatepec"],"yoast_head":"<!-- This site is optimized with the Yoast SEO plugin v25.3 - https:\/\/yoast.com\/wordpress\/plugins\/seo\/ -->\n<title>Ecatepec sin agua - Volcanes<\/title>\n<meta name=\"robots\" content=\"index, follow, max-snippet:-1, max-image-preview:large, max-video-preview:-1\" \/>\n<link rel=\"canonical\" href=\"https:\/\/volcanes.net\/?p=3305\" \/>\n<meta property=\"og:locale\" content=\"es_MX\" \/>\n<meta property=\"og:type\" content=\"article\" \/>\n<meta property=\"og:title\" content=\"Ecatepec sin agua - Volcanes\" \/>\n<meta property=\"og:description\" content=\"&#8211; Vecinos de diversas colonias llevan un mes sin el servicio; adquieren el l\u00edquido mediante\" \/>\n<meta property=\"og:url\" content=\"https:\/\/volcanes.net\/?p=3305\" \/>\n<meta property=\"og:site_name\" content=\"Volcanes\" \/>\n<meta property=\"article:publisher\" content=\"https:\/\/www.facebook.com\/volcanes.net\/\" \/>\n<meta property=\"article:published_time\" content=\"2019-01-11T02:02:23+00:00\" \/>\n<meta property=\"og:image\" content=\"https:\/\/volcanes.net\/wp-content\/uploads\/2019\/01\/3ec576_5bfcb3e6606e4b62ab32a8a939af48bf_mv2.jpg\" \/>\n\t<meta property=\"og:image:width\" content=\"700\" \/>\n\t<meta property=\"og:image:height\" content=\"290\" \/>\n\t<meta property=\"og:image:type\" content=\"image\/jpeg\" \/>\n<meta name=\"author\" content=\"admin\" \/>\n<meta name=\"twitter:card\" content=\"summary_large_image\" \/>\n<meta name=\"twitter:label1\" content=\"Escrito por\" \/>\n\t<meta name=\"twitter:data1\" content=\"admin\" \/>\n\t<meta name=\"twitter:label2\" content=\"Tiempo de lectura\" \/>\n\t<meta name=\"twitter:data2\" content=\"1 minuto\" \/>\n<script type=\"application\/ld+json\" class=\"yoast-schema-graph\">{\"@context\":\"https:\/\/schema.org\",\"@graph\":[{\"@type\":\"Article\",\"@id\":\"https:\/\/volcanes.net\/?p=3305#article\",\"isPartOf\":{\"@id\":\"https:\/\/volcanes.net\/?p=3305\"},\"author\":{\"name\":\"admin\",\"@id\":\"https:\/\/volcanes.net\/#\/schema\/person\/4bf0f383940966a4abd53f5048c0e6b9\"},\"headline\":\"Ecatepec sin agua\",\"datePublished\":\"2019-01-11T02:02:23+00:00\",\"mainEntityOfPage\":{\"@id\":\"https:\/\/volcanes.net\/?p=3305\"},\"wordCount\":197,\"commentCount\":0,\"publisher\":{\"@id\":\"https:\/\/volcanes.net\/#organization\"},\"image\":{\"@id\":\"https:\/\/volcanes.net\/?p=3305#primaryimage\"},\"thumbnailUrl\":\"https:\/\/volcanes.net\/wp-content\/uploads\/2019\/01\/3ec576_5bfcb3e6606e4b62ab32a8a939af48bf_mv2.jpg\",\"keywords\":[\"Ecatepec\"],\"articleSection\":[\"Municipales\"],\"inLanguage\":\"es\",\"potentialAction\":[{\"@type\":\"CommentAction\",\"name\":\"Comment\",\"target\":[\"https:\/\/volcanes.net\/?p=3305#respond\"]}]},{\"@type\":\"WebPage\",\"@id\":\"https:\/\/volcanes.net\/?p=3305\",\"url\":\"https:\/\/volcanes.net\/?p=3305\",\"name\":\"Ecatepec sin agua - Volcanes\",\"isPartOf\":{\"@id\":\"https:\/\/volcanes.net\/#website\"},\"primaryImageOfPage\":{\"@id\":\"https:\/\/volcanes.net\/?p=3305#primaryimage\"},\"image\":{\"@id\":\"https:\/\/volcanes.net\/?p=3305#primaryimage\"},\"thumbnailUrl\":\"https:\/\/volcanes.net\/wp-content\/uploads\/2019\/01\/3ec576_5bfcb3e6606e4b62ab32a8a939af48bf_mv2.jpg\",\"datePublished\":\"2019-01-11T02:02:23+00:00\",\"breadcrumb\":{\"@id\":\"https:\/\/volcanes.net\/?p=3305#breadcrumb\"},\"inLanguage\":\"es\",\"potentialAction\":[{\"@type\":\"ReadAction\",\"target\":[\"https:\/\/volcanes.net\/?p=3305\"]}]},{\"@type\":\"ImageObject\",\"inLanguage\":\"es\",\"@id\":\"https:\/\/volcanes.net\/?p=3305#primaryimage\",\"url\":\"https:\/\/volcanes.net\/wp-content\/uploads\/2019\/01\/3ec576_5bfcb3e6606e4b62ab32a8a939af48bf_mv2.jpg\",\"contentUrl\":\"https:\/\/volcanes.net\/wp-content\/uploads\/2019\/01\/3ec576_5bfcb3e6606e4b62ab32a8a939af48bf_mv2.jpg\",\"width\":700,\"height\":290},{\"@type\":\"BreadcrumbList\",\"@id\":\"https:\/\/volcanes.net\/?p=3305#breadcrumb\",\"itemListElement\":[{\"@type\":\"ListItem\",\"position\":1,\"name\":\"Portada\",\"item\":\"https:\/\/volcanes.net\/\"},{\"@type\":\"ListItem\",\"position\":2,\"name\":\"Ecatepec sin agua\"}]},{\"@type\":\"WebSite\",\"@id\":\"https:\/\/volcanes.net\/#website\",\"url\":\"https:\/\/volcanes.net\/\",\"name\":\"Volcanes.Net\",\"description\":\"Periodismo Profesional\",\"publisher\":{\"@id\":\"https:\/\/volcanes.net\/#organization\"},\"potentialAction\":[{\"@type\":\"SearchAction\",\"target\":{\"@type\":\"EntryPoint\",\"urlTemplate\":\"https:\/\/volcanes.net\/?s={search_term_string}\"},\"query-input\":{\"@type\":\"PropertyValueSpecification\",\"valueRequired\":true,\"valueName\":\"search_term_string\"}}],\"inLanguage\":\"es\"},{\"@type\":\"Organization\",\"@id\":\"https:\/\/volcanes.net\/#organization\",\"name\":\"Grupo Volcanes\",\"url\":\"https:\/\/volcanes.net\/\",\"logo\":{\"@type\":\"ImageObject\",\"inLanguage\":\"es\",\"@id\":\"https:\/\/volcanes.net\/#\/schema\/logo\/image\/\",\"url\":\"http:\/\/volcanes.net\/wp-content\/uploads\/2017\/12\/Avatar2.jpg\",\"contentUrl\":\"http:\/\/volcanes.net\/wp-content\/uploads\/2017\/12\/Avatar2.jpg\",\"width\":378,\"height\":378,\"caption\":\"Grupo Volcanes\"},\"image\":{\"@id\":\"https:\/\/volcanes.net\/#\/schema\/logo\/image\/\"},\"sameAs\":[\"https:\/\/www.facebook.com\/volcanes.net\/\"]},{\"@type\":\"Person\",\"@id\":\"https:\/\/volcanes.net\/#\/schema\/person\/4bf0f383940966a4abd53f5048c0e6b9\",\"name\":\"admin\",\"image\":{\"@type\":\"ImageObject\",\"inLanguage\":\"es\",\"@id\":\"https:\/\/volcanes.net\/#\/schema\/person\/image\/\",\"url\":\"https:\/\/secure.gravatar.com\/avatar\/ca004e6cba8462b8cb7abc86e382930c?s=96&d=mm&r=g\",\"contentUrl\":\"https:\/\/secure.gravatar.com\/avatar\/ca004e6cba8462b8cb7abc86e382930c?s=96&d=mm&r=g\",\"caption\":\"admin\"}}]}<\/script>\n<!-- \/ Yoast SEO plugin. -->","yoast_head_json":{"title":"Ecatepec sin agua - Volcanes","robots":{"index":"index","follow":"follow","max-snippet":"max-snippet:-1","max-image-preview":"max-image-preview:large","max-video-preview":"max-video-preview:-1"},"canonical":"https:\/\/volcanes.net\/?p=3305","og_locale":"es_MX","og_type":"article","og_title":"Ecatepec sin agua - Volcanes","og_description":"&#8211; Vecinos de diversas colonias llevan un mes sin el servicio; adquieren el l\u00edquido mediante","og_url":"https:\/\/volcanes.net\/?p=3305","og_site_name":"Volcanes","article_publisher":"https:\/\/www.facebook.com\/volcanes.net\/","article_published_time":"2019-01-11T02:02:23+00:00","og_image":[{"width":700,"height":290,"url":"https:\/\/volcanes.net\/wp-content\/uploads\/2019\/01\/3ec576_5bfcb3e6606e4b62ab32a8a939af48bf_mv2.jpg","type":"image\/jpeg"}],"author":"admin","twitter_card":"summary_large_image","twitter_misc":{"Escrito por":"admin","Tiempo de lectura":"1 minuto"},"schema":{"@context":"https:\/\/schema.org","@graph":[{"@type":"Article","@id":"https:\/\/volcanes.net\/?p=3305#article","isPartOf":{"@id":"https:\/\/volcanes.net\/?p=3305"},"author":{"name":"admin","@id":"https:\/\/volcanes.net\/#\/schema\/person\/4bf0f383940966a4abd53f5048c0e6b9"},"headline":"Ecatepec sin agua","datePublished":"2019-01-11T02:02:23+00:00","mainEntityOfPage":{"@id":"https:\/\/volcanes.net\/?p=3305"},"wordCount":197,"commentCount":0,"publisher":{"@id":"https:\/\/volcanes.net\/#organization"},"image":{"@id":"https:\/\/volcanes.net\/?p=3305#primaryimage"},"thumbnailUrl":"https:\/\/volcanes.net\/wp-content\/uploads\/2019\/01\/3ec576_5bfcb3e6606e4b62ab32a8a939af48bf_mv2.jpg","keywords":["Ecatepec"],"articleSection":["Municipales"],"inLanguage":"es","potentialAction":[{"@type":"CommentAction","name":"Comment","target":["https:\/\/volcanes.net\/?p=3305#respond"]}]},{"@type":"WebPage","@id":"https:\/\/volcanes.net\/?p=3305","url":"https:\/\/volcanes.net\/?p=3305","name":"Ecatepec sin agua - Volcanes","isPartOf":{"@id":"https:\/\/volcanes.net\/#website"},"primaryImageOfPage":{"@id":"https:\/\/volcanes.net\/?p=3305#primaryimage"},"image":{"@id":"https:\/\/volcanes.net\/?p=3305#primaryimage"},"thumbnailUrl":"https:\/\/volcanes.net\/wp-content\/uploads\/2019\/01\/3ec576_5bfcb3e6606e4b62ab32a8a939af48bf_mv2.jpg","datePublished":"2019-01-11T02:02:23+00:00","breadcrumb":{"@id":"https:\/\/volcanes.net\/?p=3305#breadcrumb"},"inLanguage":"es","potentialAction":[{"@type":"ReadAction","target":["https:\/\/volcanes.net\/?p=3305"]}]},{"@type":"ImageObject","inLanguage":"es","@id":"https:\/\/volcanes.net\/?p=3305#primaryimage","url":"https:\/\/volcanes.net\/wp-content\/uploads\/2019\/01\/3ec576_5bfcb3e6606e4b62ab32a8a939af48bf_mv2.jpg","contentUrl":"https:\/\/volcanes.net\/wp-content\/uploads\/2019\/01\/3ec576_5bfcb3e6606e4b62ab32a8a939af48bf_mv2.jpg","width":700,"height":290},{"@type":"BreadcrumbList","@id":"https:\/\/volcanes.net\/?p=3305#breadcrumb","itemListElement":[{"@type":"ListItem","position":1,"name":"Portada","item":"https:\/\/volcanes.net\/"},{"@type":"ListItem","position":2,"name":"Ecatepec sin agua"}]},{"@type":"WebSite","@id":"https:\/\/volcanes.net\/#website","url":"https:\/\/volcanes.net\/","name":"Volcanes.Net","description":"Periodismo Profesional","publisher":{"@id":"https:\/\/volcanes.net\/#organization"},"potentialAction":[{"@type":"SearchAction","target":{"@type":"EntryPoint","urlTemplate":"https:\/\/volcanes.net\/?s={search_term_string}"},"query-input":{"@type":"PropertyValueSpecification","valueRequired":true,"valueName":"search_term_string"}}],"inLanguage":"es"},{"@type":"Organization","@id":"https:\/\/volcanes.net\/#organization","name":"Grupo Volcanes","url":"https:\/\/volcanes.net\/","logo":{"@type":"ImageObject","inLanguage":"es","@id":"https:\/\/volcanes.net\/#\/schema\/logo\/image\/","url":"http:\/\/volcanes.net\/wp-content\/uploads\/2017\/12\/Avatar2.jpg","contentUrl":"http:\/\/volcanes.net\/wp-content\/uploads\/2017\/12\/Avatar2.jpg","width":378,"height":378,"caption":"Grupo Volcanes"},"image":{"@id":"https:\/\/volcanes.net\/#\/schema\/logo\/image\/"},"sameAs":["https:\/\/www.facebook.com\/volcanes.net\/"]},{"@type":"Person","@id":"https:\/\/volcanes.net\/#\/schema\/person\/4bf0f383940966a4abd53f5048c0e6b9","name":"admin","image":{"@type":"ImageObject","inLanguage":"es","@id":"https:\/\/volcanes.net\/#\/schema\/person\/image\/","url":"https:\/\/secure.gravatar.com\/avatar\/ca004e6cba8462b8cb7abc86e382930c?s=96&d=mm&r=g","contentUrl":"https:\/\/secure.gravatar.com\/avatar\/ca004e6cba8462b8cb7abc86e382930c?s=96&d=mm&r=g","caption":"admin"}}]}},"_links":{"self":[{"href":"https:\/\/volcanes.net\/index.php?rest_route=\/wp\/v2\/posts\/3305"}],"collection":[{"href":"https:\/\/volcanes.net\/index.php?rest_route=\/wp\/v2\/posts"}],"about":[{"href":"https:\/\/volcanes.net\/index.php?rest_route=\/wp\/v2\/types\/post"}],"author":[{"embeddable":true,"href":"https:\/\/volcanes.net\/index.php?rest_route=\/wp\/v2\/users\/1"}],"replies":[{"embeddable":true,"href":"https:\/\/volcanes.net\/index.php?rest_route=%2Fwp%2Fv2%2Fcomments&post=3305"}],"version-history":[{"count":1,"href":"https:\/\/volcanes.net\/index.php?rest_route=\/wp\/v2\/posts\/3305\/revisions"}],"predecessor-version":[{"id":3306,"href":"https:\/\/volcanes.net\/index.php?rest_route=\/wp\/v2\/posts\/3305\/revisions\/3306"}],"wp:featuredmedia":[{"embeddable":true,"href":"https:\/\/volcanes.net\/index.php?rest_route=\/wp\/v2\/media\/3304"}],"wp:attachment":[{"href":"https:\/\/volcanes.net\/index.php?rest_route=%2Fwp%2Fv2%2Fmedia&parent=3305"}],"wp:term":[{"taxonomy":"category","embeddable":true,"href":"https:\/\/volcanes.net\/index.php?rest_route=%2Fwp%2Fv2%2Fcategories&post=3305"},{"taxonomy":"post_tag","embeddable":true,"href":"https:\/\/volcanes.net\/index.php?rest_route=%2Fwp%2Fv2%2Ftags&post=3305"}],"curies":[{"name":"wp","href":"https:\/\/api.w.org\/{rel}","templated":true}]}}