{"id":3316,"date":"2019-01-11T12:39:37","date_gmt":"2019-01-11T12:39:37","guid":{"rendered":"http:\/\/volcanes.net\/?p=3316"},"modified":"2019-01-11T12:39:37","modified_gmt":"2019-01-11T12:39:37","slug":"apoyan-a-juventud-de-tlalnepantla","status":"publish","type":"post","link":"https:\/\/volcanes.net\/?p=3316","title":{"rendered":"Apoyan a juventud de Tlalnepantla"},"content":{"rendered":"<div style=\"margin-top: 0px; margin-bottom: 0px;\" class=\"sharethis-inline-share-buttons\" ><\/div><div class=\"MobileFullEntry__header\" style=\"font-family:-apple-system,BlinkMacSystemFont,Roboto,sans-serif;font-size:16px;font-style:normal;font-weight:400;letter-spacing:normal;text-align:left\">\n<div class=\"annotationsHolder decoration-holder\">.- A trav\u00e9s del programa J\u00f3venes Construyendo el Futuro, promovido por el gobierno del presidente Andr\u00e9s Manuel L\u00f3pez Obrador<\/div>\n<\/div>\n<div class=\"MobileFullEntry__body\" style=\"font-size:16px;line-height:1.65em;margin-top:1.5rem;font-family:\">\n<div class=\"entryBody content\" id=\"SvrIk50F3AnKi4TRm1MIOPBmkdEsX6zyTxDUa3\/6Zn8=_1683c356a91:18f3c78:c2ce2e2e_entryBody\">\n<div>\n<div>\n<div><\/div>\n<div>.- El alcalde Raciel P\u00e9rez Cruz atestigu\u00f3 la entrega de las primeras tarjetas a los j\u00f3venes que fueron entregadas por el Ejecutivo Federal<\/div>\n<div>TLALNEPANTLA, M\u00e9x.- Habitantes de la Tierra de En Medio son los primeros beneficiarios del programa federal \u201cJ\u00f3venes construyendo el futuro\u201d, programa que el Presidente de la Rep\u00fablica, Andr\u00e9s Manuel L\u00f3pez Obrador, puso en marcha en esta ciudad.<\/div>\n<div>Acompa\u00f1ado por el Presidente Municipal de Tlalnepantla de Baz, Raciel P\u00e9rez Cruz, el mandatario Federal entreg\u00f3 las primeras tarjetas a los tlalnepantlenses que en los pr\u00f3ximos d\u00edas iniciar\u00e1n su capacitaci\u00f3n laboral en algunas de las empresas y negocios que se han adherido a este programa.<\/div>\n<div>Al dirigirse a los tlalnepantlenses que se dieron cita en la plaza c\u00edvica Dr. Gustavo Baz Prada, el Presidente de la Rep\u00fablica anunci\u00f3 que aqu\u00ed inician los distintos programas que el gobierno Federal llevar\u00e1 a cabo en beneficio de todos los mexicanos.<\/div>\n<div>\u201cSe destinar\u00e1n muchos recursos para el bienestar del pueblo, como nunca antes se hab\u00eda hecho, se va a escuchar y atender a todos los mexicanos, pero primero los pobres\u201d, afirm\u00f3.<\/div>\n<p>En el evento, en el que tambi\u00e9n estuvo presente la secretaria del Trabajo y Previsi\u00f3n Social, Luisa Mar\u00eda Alcalde Luj\u00e1n, el presidente L\u00f3pez Obrador inform\u00f3 que para este programa ya se tienen destinados 44 mil millones de pesos; sin embargo, si la meta de dos millones 600 mil j\u00f3venes inscritos se supera, se contar\u00e1 con mayor presupuesto.<\/p>\n<div>Los tlalnepantlenses Bel\u00e9m Macera y No\u00e9 Trinidad Maldonado, fueron dos de los primeros j\u00f3venes que recibieron la tarjeta en la que se depositar\u00e1 la beca, una vez que comiencen su capacitaci\u00f3n.<\/div>\n<\/div>\n<\/div>\n<\/div>\n<\/div>\n","protected":false},"excerpt":{"rendered":"<p>.- A trav\u00e9s del programa J\u00f3venes Construyendo el Futuro, promovido por el gobierno del presidente<\/p>\n","protected":false},"author":1,"featured_media":3315,"comment_status":"open","ping_status":"open","sticky":false,"template":"","format":"standard","meta":{"footnotes":""},"categories":[1],"tags":[92],"class_list":["post-3316","post","type-post","status-publish","format-standard","has-post-thumbnail","hentry","category-municipales","tag-tlalnepantla"],"yoast_head":"<!-- This site is optimized with the Yoast SEO plugin v25.3 - https:\/\/yoast.com\/wordpress\/plugins\/seo\/ -->\n<title>Apoyan a juventud de Tlalnepantla - Volcanes<\/title>\n<meta name=\"robots\" content=\"index, follow, max-snippet:-1, max-image-preview:large, max-video-preview:-1\" \/>\n<link rel=\"canonical\" href=\"https:\/\/volcanes.net\/?p=3316\" \/>\n<meta property=\"og:locale\" content=\"es_MX\" \/>\n<meta property=\"og:type\" content=\"article\" \/>\n<meta property=\"og:title\" content=\"Apoyan a juventud de Tlalnepantla - Volcanes\" \/>\n<meta property=\"og:description\" content=\".- A trav\u00e9s del programa J\u00f3venes Construyendo el Futuro, promovido por el gobierno del presidente\" \/>\n<meta property=\"og:url\" content=\"https:\/\/volcanes.net\/?p=3316\" \/>\n<meta property=\"og:site_name\" content=\"Volcanes\" \/>\n<meta property=\"article:publisher\" content=\"https:\/\/www.facebook.com\/volcanes.net\/\" \/>\n<meta property=\"article:published_time\" content=\"2019-01-11T12:39:37+00:00\" \/>\n<meta property=\"og:image\" content=\"https:\/\/volcanes.net\/wp-content\/uploads\/2019\/01\/QXxs4OIb3RCRWn-yMn5drHZZhYafJ7QTF3IVscRS-VjJ-yZch48CgkuqB1ZLKUqHEPnUckusrce_Ea3l1ni2Tot0SQs0.jpeg\" \/>\n\t<meta property=\"og:image:width\" content=\"1280\" \/>\n\t<meta property=\"og:image:height\" content=\"813\" \/>\n\t<meta property=\"og:image:type\" content=\"image\/jpeg\" \/>\n<meta name=\"author\" content=\"admin\" \/>\n<meta name=\"twitter:card\" content=\"summary_large_image\" \/>\n<meta name=\"twitter:label1\" content=\"Escrito por\" \/>\n\t<meta name=\"twitter:data1\" content=\"admin\" \/>\n\t<meta name=\"twitter:label2\" content=\"Tiempo de lectura\" \/>\n\t<meta name=\"twitter:data2\" content=\"2 minutos\" \/>\n<script type=\"application\/ld+json\" class=\"yoast-schema-graph\">{\"@context\":\"https:\/\/schema.org\",\"@graph\":[{\"@type\":\"Article\",\"@id\":\"https:\/\/volcanes.net\/?p=3316#article\",\"isPartOf\":{\"@id\":\"https:\/\/volcanes.net\/?p=3316\"},\"author\":{\"name\":\"admin\",\"@id\":\"https:\/\/volcanes.net\/#\/schema\/person\/4bf0f383940966a4abd53f5048c0e6b9\"},\"headline\":\"Apoyan a juventud de Tlalnepantla\",\"datePublished\":\"2019-01-11T12:39:37+00:00\",\"mainEntityOfPage\":{\"@id\":\"https:\/\/volcanes.net\/?p=3316\"},\"wordCount\":318,\"commentCount\":0,\"publisher\":{\"@id\":\"https:\/\/volcanes.net\/#organization\"},\"image\":{\"@id\":\"https:\/\/volcanes.net\/?p=3316#primaryimage\"},\"thumbnailUrl\":\"https:\/\/volcanes.net\/wp-content\/uploads\/2019\/01\/QXxs4OIb3RCRWn-yMn5drHZZhYafJ7QTF3IVscRS-VjJ-yZch48CgkuqB1ZLKUqHEPnUckusrce_Ea3l1ni2Tot0SQs0.jpeg\",\"keywords\":[\"Tlalnepantla\"],\"articleSection\":[\"Municipales\"],\"inLanguage\":\"es\",\"potentialAction\":[{\"@type\":\"CommentAction\",\"name\":\"Comment\",\"target\":[\"https:\/\/volcanes.net\/?p=3316#respond\"]}]},{\"@type\":\"WebPage\",\"@id\":\"https:\/\/volcanes.net\/?p=3316\",\"url\":\"https:\/\/volcanes.net\/?p=3316\",\"name\":\"Apoyan a juventud de Tlalnepantla - Volcanes\",\"isPartOf\":{\"@id\":\"https:\/\/volcanes.net\/#website\"},\"primaryImageOfPage\":{\"@id\":\"https:\/\/volcanes.net\/?p=3316#primaryimage\"},\"image\":{\"@id\":\"https:\/\/volcanes.net\/?p=3316#primaryimage\"},\"thumbnailUrl\":\"https:\/\/volcanes.net\/wp-content\/uploads\/2019\/01\/QXxs4OIb3RCRWn-yMn5drHZZhYafJ7QTF3IVscRS-VjJ-yZch48CgkuqB1ZLKUqHEPnUckusrce_Ea3l1ni2Tot0SQs0.jpeg\",\"datePublished\":\"2019-01-11T12:39:37+00:00\",\"breadcrumb\":{\"@id\":\"https:\/\/volcanes.net\/?p=3316#breadcrumb\"},\"inLanguage\":\"es\",\"potentialAction\":[{\"@type\":\"ReadAction\",\"target\":[\"https:\/\/volcanes.net\/?p=3316\"]}]},{\"@type\":\"ImageObject\",\"inLanguage\":\"es\",\"@id\":\"https:\/\/volcanes.net\/?p=3316#primaryimage\",\"url\":\"https:\/\/volcanes.net\/wp-content\/uploads\/2019\/01\/QXxs4OIb3RCRWn-yMn5drHZZhYafJ7QTF3IVscRS-VjJ-yZch48CgkuqB1ZLKUqHEPnUckusrce_Ea3l1ni2Tot0SQs0.jpeg\",\"contentUrl\":\"https:\/\/volcanes.net\/wp-content\/uploads\/2019\/01\/QXxs4OIb3RCRWn-yMn5drHZZhYafJ7QTF3IVscRS-VjJ-yZch48CgkuqB1ZLKUqHEPnUckusrce_Ea3l1ni2Tot0SQs0.jpeg\",\"width\":1280,\"height\":813},{\"@type\":\"BreadcrumbList\",\"@id\":\"https:\/\/volcanes.net\/?p=3316#breadcrumb\",\"itemListElement\":[{\"@type\":\"ListItem\",\"position\":1,\"name\":\"Portada\",\"item\":\"https:\/\/volcanes.net\/\"},{\"@type\":\"ListItem\",\"position\":2,\"name\":\"Apoyan a juventud de Tlalnepantla\"}]},{\"@type\":\"WebSite\",\"@id\":\"https:\/\/volcanes.net\/#website\",\"url\":\"https:\/\/volcanes.net\/\",\"name\":\"Volcanes.Net\",\"description\":\"Periodismo Profesional\",\"publisher\":{\"@id\":\"https:\/\/volcanes.net\/#organization\"},\"potentialAction\":[{\"@type\":\"SearchAction\",\"target\":{\"@type\":\"EntryPoint\",\"urlTemplate\":\"https:\/\/volcanes.net\/?s={search_term_string}\"},\"query-input\":{\"@type\":\"PropertyValueSpecification\",\"valueRequired\":true,\"valueName\":\"search_term_string\"}}],\"inLanguage\":\"es\"},{\"@type\":\"Organization\",\"@id\":\"https:\/\/volcanes.net\/#organization\",\"name\":\"Grupo Volcanes\",\"url\":\"https:\/\/volcanes.net\/\",\"logo\":{\"@type\":\"ImageObject\",\"inLanguage\":\"es\",\"@id\":\"https:\/\/volcanes.net\/#\/schema\/logo\/image\/\",\"url\":\"http:\/\/volcanes.net\/wp-content\/uploads\/2017\/12\/Avatar2.jpg\",\"contentUrl\":\"http:\/\/volcanes.net\/wp-content\/uploads\/2017\/12\/Avatar2.jpg\",\"width\":378,\"height\":378,\"caption\":\"Grupo Volcanes\"},\"image\":{\"@id\":\"https:\/\/volcanes.net\/#\/schema\/logo\/image\/\"},\"sameAs\":[\"https:\/\/www.facebook.com\/volcanes.net\/\"]},{\"@type\":\"Person\",\"@id\":\"https:\/\/volcanes.net\/#\/schema\/person\/4bf0f383940966a4abd53f5048c0e6b9\",\"name\":\"admin\",\"image\":{\"@type\":\"ImageObject\",\"inLanguage\":\"es\",\"@id\":\"https:\/\/volcanes.net\/#\/schema\/person\/image\/\",\"url\":\"https:\/\/secure.gravatar.com\/avatar\/ca004e6cba8462b8cb7abc86e382930c?s=96&d=mm&r=g\",\"contentUrl\":\"https:\/\/secure.gravatar.com\/avatar\/ca004e6cba8462b8cb7abc86e382930c?s=96&d=mm&r=g\",\"caption\":\"admin\"}}]}<\/script>\n<!-- \/ Yoast SEO plugin. -->","yoast_head_json":{"title":"Apoyan a juventud de Tlalnepantla - Volcanes","robots":{"index":"index","follow":"follow","max-snippet":"max-snippet:-1","max-image-preview":"max-image-preview:large","max-video-preview":"max-video-preview:-1"},"canonical":"https:\/\/volcanes.net\/?p=3316","og_locale":"es_MX","og_type":"article","og_title":"Apoyan a juventud de Tlalnepantla - Volcanes","og_description":".- A trav\u00e9s del programa J\u00f3venes Construyendo el Futuro, promovido por el gobierno del presidente","og_url":"https:\/\/volcanes.net\/?p=3316","og_site_name":"Volcanes","article_publisher":"https:\/\/www.facebook.com\/volcanes.net\/","article_published_time":"2019-01-11T12:39:37+00:00","og_image":[{"width":1280,"height":813,"url":"https:\/\/volcanes.net\/wp-content\/uploads\/2019\/01\/QXxs4OIb3RCRWn-yMn5drHZZhYafJ7QTF3IVscRS-VjJ-yZch48CgkuqB1ZLKUqHEPnUckusrce_Ea3l1ni2Tot0SQs0.jpeg","type":"image\/jpeg"}],"author":"admin","twitter_card":"summary_large_image","twitter_misc":{"Escrito por":"admin","Tiempo de lectura":"2 minutos"},"schema":{"@context":"https:\/\/schema.org","@graph":[{"@type":"Article","@id":"https:\/\/volcanes.net\/?p=3316#article","isPartOf":{"@id":"https:\/\/volcanes.net\/?p=3316"},"author":{"name":"admin","@id":"https:\/\/volcanes.net\/#\/schema\/person\/4bf0f383940966a4abd53f5048c0e6b9"},"headline":"Apoyan a juventud de Tlalnepantla","datePublished":"2019-01-11T12:39:37+00:00","mainEntityOfPage":{"@id":"https:\/\/volcanes.net\/?p=3316"},"wordCount":318,"commentCount":0,"publisher":{"@id":"https:\/\/volcanes.net\/#organization"},"image":{"@id":"https:\/\/volcanes.net\/?p=3316#primaryimage"},"thumbnailUrl":"https:\/\/volcanes.net\/wp-content\/uploads\/2019\/01\/QXxs4OIb3RCRWn-yMn5drHZZhYafJ7QTF3IVscRS-VjJ-yZch48CgkuqB1ZLKUqHEPnUckusrce_Ea3l1ni2Tot0SQs0.jpeg","keywords":["Tlalnepantla"],"articleSection":["Municipales"],"inLanguage":"es","potentialAction":[{"@type":"CommentAction","name":"Comment","target":["https:\/\/volcanes.net\/?p=3316#respond"]}]},{"@type":"WebPage","@id":"https:\/\/volcanes.net\/?p=3316","url":"https:\/\/volcanes.net\/?p=3316","name":"Apoyan a juventud de Tlalnepantla - Volcanes","isPartOf":{"@id":"https:\/\/volcanes.net\/#website"},"primaryImageOfPage":{"@id":"https:\/\/volcanes.net\/?p=3316#primaryimage"},"image":{"@id":"https:\/\/volcanes.net\/?p=3316#primaryimage"},"thumbnailUrl":"https:\/\/volcanes.net\/wp-content\/uploads\/2019\/01\/QXxs4OIb3RCRWn-yMn5drHZZhYafJ7QTF3IVscRS-VjJ-yZch48CgkuqB1ZLKUqHEPnUckusrce_Ea3l1ni2Tot0SQs0.jpeg","datePublished":"2019-01-11T12:39:37+00:00","breadcrumb":{"@id":"https:\/\/volcanes.net\/?p=3316#breadcrumb"},"inLanguage":"es","potentialAction":[{"@type":"ReadAction","target":["https:\/\/volcanes.net\/?p=3316"]}]},{"@type":"ImageObject","inLanguage":"es","@id":"https:\/\/volcanes.net\/?p=3316#primaryimage","url":"https:\/\/volcanes.net\/wp-content\/uploads\/2019\/01\/QXxs4OIb3RCRWn-yMn5drHZZhYafJ7QTF3IVscRS-VjJ-yZch48CgkuqB1ZLKUqHEPnUckusrce_Ea3l1ni2Tot0SQs0.jpeg","contentUrl":"https:\/\/volcanes.net\/wp-content\/uploads\/2019\/01\/QXxs4OIb3RCRWn-yMn5drHZZhYafJ7QTF3IVscRS-VjJ-yZch48CgkuqB1ZLKUqHEPnUckusrce_Ea3l1ni2Tot0SQs0.jpeg","width":1280,"height":813},{"@type":"BreadcrumbList","@id":"https:\/\/volcanes.net\/?p=3316#breadcrumb","itemListElement":[{"@type":"ListItem","position":1,"name":"Portada","item":"https:\/\/volcanes.net\/"},{"@type":"ListItem","position":2,"name":"Apoyan a juventud de Tlalnepantla"}]},{"@type":"WebSite","@id":"https:\/\/volcanes.net\/#website","url":"https:\/\/volcanes.net\/","name":"Volcanes.Net","description":"Periodismo Profesional","publisher":{"@id":"https:\/\/volcanes.net\/#organization"},"potentialAction":[{"@type":"SearchAction","target":{"@type":"EntryPoint","urlTemplate":"https:\/\/volcanes.net\/?s={search_term_string}"},"query-input":{"@type":"PropertyValueSpecification","valueRequired":true,"valueName":"search_term_string"}}],"inLanguage":"es"},{"@type":"Organization","@id":"https:\/\/volcanes.net\/#organization","name":"Grupo Volcanes","url":"https:\/\/volcanes.net\/","logo":{"@type":"ImageObject","inLanguage":"es","@id":"https:\/\/volcanes.net\/#\/schema\/logo\/image\/","url":"http:\/\/volcanes.net\/wp-content\/uploads\/2017\/12\/Avatar2.jpg","contentUrl":"http:\/\/volcanes.net\/wp-content\/uploads\/2017\/12\/Avatar2.jpg","width":378,"height":378,"caption":"Grupo Volcanes"},"image":{"@id":"https:\/\/volcanes.net\/#\/schema\/logo\/image\/"},"sameAs":["https:\/\/www.facebook.com\/volcanes.net\/"]},{"@type":"Person","@id":"https:\/\/volcanes.net\/#\/schema\/person\/4bf0f383940966a4abd53f5048c0e6b9","name":"admin","image":{"@type":"ImageObject","inLanguage":"es","@id":"https:\/\/volcanes.net\/#\/schema\/person\/image\/","url":"https:\/\/secure.gravatar.com\/avatar\/ca004e6cba8462b8cb7abc86e382930c?s=96&d=mm&r=g","contentUrl":"https:\/\/secure.gravatar.com\/avatar\/ca004e6cba8462b8cb7abc86e382930c?s=96&d=mm&r=g","caption":"admin"}}]}},"_links":{"self":[{"href":"https:\/\/volcanes.net\/index.php?rest_route=\/wp\/v2\/posts\/3316"}],"collection":[{"href":"https:\/\/volcanes.net\/index.php?rest_route=\/wp\/v2\/posts"}],"about":[{"href":"https:\/\/volcanes.net\/index.php?rest_route=\/wp\/v2\/types\/post"}],"author":[{"embeddable":true,"href":"https:\/\/volcanes.net\/index.php?rest_route=\/wp\/v2\/users\/1"}],"replies":[{"embeddable":true,"href":"https:\/\/volcanes.net\/index.php?rest_route=%2Fwp%2Fv2%2Fcomments&post=3316"}],"version-history":[{"count":1,"href":"https:\/\/volcanes.net\/index.php?rest_route=\/wp\/v2\/posts\/3316\/revisions"}],"predecessor-version":[{"id":3317,"href":"https:\/\/volcanes.net\/index.php?rest_route=\/wp\/v2\/posts\/3316\/revisions\/3317"}],"wp:featuredmedia":[{"embeddable":true,"href":"https:\/\/volcanes.net\/index.php?rest_route=\/wp\/v2\/media\/3315"}],"wp:attachment":[{"href":"https:\/\/volcanes.net\/index.php?rest_route=%2Fwp%2Fv2%2Fmedia&parent=3316"}],"wp:term":[{"taxonomy":"category","embeddable":true,"href":"https:\/\/volcanes.net\/index.php?rest_route=%2Fwp%2Fv2%2Fcategories&post=3316"},{"taxonomy":"post_tag","embeddable":true,"href":"https:\/\/volcanes.net\/index.php?rest_route=%2Fwp%2Fv2%2Ftags&post=3316"}],"curies":[{"name":"wp","href":"https:\/\/api.w.org\/{rel}","templated":true}]}}