{"id":3358,"date":"2019-01-14T00:51:18","date_gmt":"2019-01-14T00:51:18","guid":{"rendered":"http:\/\/volcanes.net\/?p=3358"},"modified":"2019-01-14T00:51:18","modified_gmt":"2019-01-14T00:51:18","slug":"en-marcha-la-cuarta-transformacion-para-valle-de-chalco","status":"publish","type":"post","link":"https:\/\/volcanes.net\/?p=3358","title":{"rendered":"En marcha la cuarta transformaci\u00f3n para Valle de Chalco"},"content":{"rendered":"<div style=\"margin-top: 0px; margin-bottom: 0px;\" class=\"sharethis-inline-share-buttons\" ><\/div><p>Con la euforia que aplic\u00f3 el actual Presidente de M\u00e9xico, licenciado Andr\u00e9s Manuel L\u00f3pez Obrador, al momento de buscar el voto a favor, con esa misma lleg\u00f3 a Valle de Chalco Solidaridad, a responder por los compromisos y poner en marcha en dicho sector del Estado, la tan nombrada cuarta transformaci\u00f3n.<br \/>\nQuiere decir que seguramente el reto de trabajo que acecha al Presidente de los Mexicanos, no provoca cambio en su persona, de lo contrario el vigor de cumplirle a su pueblo, le lleva a no solamente poner en marcha, el programa de apoyos a la poblaci\u00f3n adulta mayor.<br \/>\nPues tambi\u00e9n le lleva a anunciar capacitaci\u00f3n en cualquier clase de oficio, que decida aprender la juventud, el requisito es solamente encontrar familiar o vecino, que asuma el compromiso, de convertirse en instructor del prospecto a dominar tal o cual oficio.<br \/>\nEn la agenda de trabajo del Presidente L\u00f3pez Obrador, no escapa la ni\u00f1ez, que tambi\u00e9n reclama apoyo econ\u00f3mico, a fin de evitar ausentismo en el sal\u00f3n de clase, lo que quiere decir que en la agenda de trabajo del presidente de M\u00e9xico, se enlista a todos los sectores de la sociedad.<br \/>\nTras asumir el compromiso de retornar enseguida, para saber c\u00f3mo avanzan los programas, as\u00ed mismo reiter\u00f3 el compromiso de acercar el sistema colectivo metro, para prestar servicio a los municipios de Valle de Chalco, Ixtapaluca y Chalco, con corrida que inicie en Iztapalapa.<\/p>\n","protected":false},"excerpt":{"rendered":"<p>Con la euforia que aplic\u00f3 el actual Presidente de M\u00e9xico, licenciado Andr\u00e9s Manuel L\u00f3pez Obrador,<\/p>\n","protected":false},"author":1,"featured_media":3357,"comment_status":"open","ping_status":"open","sticky":false,"template":"","format":"standard","meta":{"footnotes":""},"categories":[1],"tags":[5],"class_list":["post-3358","post","type-post","status-publish","format-standard","has-post-thumbnail","hentry","category-municipales","tag-valle-de-chalco"],"yoast_head":"<!-- This site is optimized with the Yoast SEO plugin v25.3 - https:\/\/yoast.com\/wordpress\/plugins\/seo\/ -->\n<title>En marcha la cuarta transformaci\u00f3n para Valle de Chalco - Volcanes<\/title>\n<meta name=\"robots\" content=\"index, follow, max-snippet:-1, max-image-preview:large, max-video-preview:-1\" \/>\n<link rel=\"canonical\" href=\"https:\/\/volcanes.net\/?p=3358\" \/>\n<meta property=\"og:locale\" content=\"es_MX\" \/>\n<meta property=\"og:type\" content=\"article\" \/>\n<meta property=\"og:title\" content=\"En marcha la cuarta transformaci\u00f3n para Valle de Chalco - Volcanes\" \/>\n<meta property=\"og:description\" content=\"Con la euforia que aplic\u00f3 el actual Presidente de M\u00e9xico, licenciado Andr\u00e9s Manuel L\u00f3pez Obrador,\" \/>\n<meta property=\"og:url\" content=\"https:\/\/volcanes.net\/?p=3358\" \/>\n<meta property=\"og:site_name\" content=\"Volcanes\" \/>\n<meta property=\"article:publisher\" content=\"https:\/\/www.facebook.com\/volcanes.net\/\" \/>\n<meta property=\"article:published_time\" content=\"2019-01-14T00:51:18+00:00\" \/>\n<meta property=\"og:image\" content=\"https:\/\/volcanes.net\/wp-content\/uploads\/2019\/01\/FB_IMG_1547426956015.jpg\" \/>\n\t<meta property=\"og:image:width\" content=\"720\" \/>\n\t<meta property=\"og:image:height\" content=\"399\" \/>\n\t<meta property=\"og:image:type\" content=\"image\/jpeg\" \/>\n<meta name=\"author\" content=\"admin\" \/>\n<meta name=\"twitter:card\" content=\"summary_large_image\" \/>\n<meta name=\"twitter:label1\" content=\"Escrito por\" \/>\n\t<meta name=\"twitter:data1\" content=\"admin\" \/>\n\t<meta name=\"twitter:label2\" content=\"Tiempo de lectura\" \/>\n\t<meta name=\"twitter:data2\" content=\"1 minuto\" \/>\n<script type=\"application\/ld+json\" class=\"yoast-schema-graph\">{\"@context\":\"https:\/\/schema.org\",\"@graph\":[{\"@type\":\"Article\",\"@id\":\"https:\/\/volcanes.net\/?p=3358#article\",\"isPartOf\":{\"@id\":\"https:\/\/volcanes.net\/?p=3358\"},\"author\":{\"name\":\"admin\",\"@id\":\"https:\/\/volcanes.net\/#\/schema\/person\/4bf0f383940966a4abd53f5048c0e6b9\"},\"headline\":\"En marcha la cuarta transformaci\u00f3n para Valle de Chalco\",\"datePublished\":\"2019-01-14T00:51:18+00:00\",\"mainEntityOfPage\":{\"@id\":\"https:\/\/volcanes.net\/?p=3358\"},\"wordCount\":258,\"commentCount\":0,\"publisher\":{\"@id\":\"https:\/\/volcanes.net\/#organization\"},\"image\":{\"@id\":\"https:\/\/volcanes.net\/?p=3358#primaryimage\"},\"thumbnailUrl\":\"https:\/\/volcanes.net\/wp-content\/uploads\/2019\/01\/FB_IMG_1547426956015.jpg\",\"keywords\":[\"Valle de Chalco\"],\"articleSection\":[\"Municipales\"],\"inLanguage\":\"es\",\"potentialAction\":[{\"@type\":\"CommentAction\",\"name\":\"Comment\",\"target\":[\"https:\/\/volcanes.net\/?p=3358#respond\"]}]},{\"@type\":\"WebPage\",\"@id\":\"https:\/\/volcanes.net\/?p=3358\",\"url\":\"https:\/\/volcanes.net\/?p=3358\",\"name\":\"En marcha la cuarta transformaci\u00f3n para Valle de Chalco - Volcanes\",\"isPartOf\":{\"@id\":\"https:\/\/volcanes.net\/#website\"},\"primaryImageOfPage\":{\"@id\":\"https:\/\/volcanes.net\/?p=3358#primaryimage\"},\"image\":{\"@id\":\"https:\/\/volcanes.net\/?p=3358#primaryimage\"},\"thumbnailUrl\":\"https:\/\/volcanes.net\/wp-content\/uploads\/2019\/01\/FB_IMG_1547426956015.jpg\",\"datePublished\":\"2019-01-14T00:51:18+00:00\",\"breadcrumb\":{\"@id\":\"https:\/\/volcanes.net\/?p=3358#breadcrumb\"},\"inLanguage\":\"es\",\"potentialAction\":[{\"@type\":\"ReadAction\",\"target\":[\"https:\/\/volcanes.net\/?p=3358\"]}]},{\"@type\":\"ImageObject\",\"inLanguage\":\"es\",\"@id\":\"https:\/\/volcanes.net\/?p=3358#primaryimage\",\"url\":\"https:\/\/volcanes.net\/wp-content\/uploads\/2019\/01\/FB_IMG_1547426956015.jpg\",\"contentUrl\":\"https:\/\/volcanes.net\/wp-content\/uploads\/2019\/01\/FB_IMG_1547426956015.jpg\",\"width\":720,\"height\":399},{\"@type\":\"BreadcrumbList\",\"@id\":\"https:\/\/volcanes.net\/?p=3358#breadcrumb\",\"itemListElement\":[{\"@type\":\"ListItem\",\"position\":1,\"name\":\"Portada\",\"item\":\"https:\/\/volcanes.net\/\"},{\"@type\":\"ListItem\",\"position\":2,\"name\":\"En marcha la cuarta transformaci\u00f3n para Valle de Chalco\"}]},{\"@type\":\"WebSite\",\"@id\":\"https:\/\/volcanes.net\/#website\",\"url\":\"https:\/\/volcanes.net\/\",\"name\":\"Volcanes.Net\",\"description\":\"Periodismo Profesional\",\"publisher\":{\"@id\":\"https:\/\/volcanes.net\/#organization\"},\"potentialAction\":[{\"@type\":\"SearchAction\",\"target\":{\"@type\":\"EntryPoint\",\"urlTemplate\":\"https:\/\/volcanes.net\/?s={search_term_string}\"},\"query-input\":{\"@type\":\"PropertyValueSpecification\",\"valueRequired\":true,\"valueName\":\"search_term_string\"}}],\"inLanguage\":\"es\"},{\"@type\":\"Organization\",\"@id\":\"https:\/\/volcanes.net\/#organization\",\"name\":\"Grupo Volcanes\",\"url\":\"https:\/\/volcanes.net\/\",\"logo\":{\"@type\":\"ImageObject\",\"inLanguage\":\"es\",\"@id\":\"https:\/\/volcanes.net\/#\/schema\/logo\/image\/\",\"url\":\"http:\/\/volcanes.net\/wp-content\/uploads\/2017\/12\/Avatar2.jpg\",\"contentUrl\":\"http:\/\/volcanes.net\/wp-content\/uploads\/2017\/12\/Avatar2.jpg\",\"width\":378,\"height\":378,\"caption\":\"Grupo Volcanes\"},\"image\":{\"@id\":\"https:\/\/volcanes.net\/#\/schema\/logo\/image\/\"},\"sameAs\":[\"https:\/\/www.facebook.com\/volcanes.net\/\"]},{\"@type\":\"Person\",\"@id\":\"https:\/\/volcanes.net\/#\/schema\/person\/4bf0f383940966a4abd53f5048c0e6b9\",\"name\":\"admin\",\"image\":{\"@type\":\"ImageObject\",\"inLanguage\":\"es\",\"@id\":\"https:\/\/volcanes.net\/#\/schema\/person\/image\/\",\"url\":\"https:\/\/secure.gravatar.com\/avatar\/ca004e6cba8462b8cb7abc86e382930c?s=96&d=mm&r=g\",\"contentUrl\":\"https:\/\/secure.gravatar.com\/avatar\/ca004e6cba8462b8cb7abc86e382930c?s=96&d=mm&r=g\",\"caption\":\"admin\"}}]}<\/script>\n<!-- \/ Yoast SEO plugin. -->","yoast_head_json":{"title":"En marcha la cuarta transformaci\u00f3n para Valle de Chalco - Volcanes","robots":{"index":"index","follow":"follow","max-snippet":"max-snippet:-1","max-image-preview":"max-image-preview:large","max-video-preview":"max-video-preview:-1"},"canonical":"https:\/\/volcanes.net\/?p=3358","og_locale":"es_MX","og_type":"article","og_title":"En marcha la cuarta transformaci\u00f3n para Valle de Chalco - Volcanes","og_description":"Con la euforia que aplic\u00f3 el actual Presidente de M\u00e9xico, licenciado Andr\u00e9s Manuel L\u00f3pez Obrador,","og_url":"https:\/\/volcanes.net\/?p=3358","og_site_name":"Volcanes","article_publisher":"https:\/\/www.facebook.com\/volcanes.net\/","article_published_time":"2019-01-14T00:51:18+00:00","og_image":[{"width":720,"height":399,"url":"https:\/\/volcanes.net\/wp-content\/uploads\/2019\/01\/FB_IMG_1547426956015.jpg","type":"image\/jpeg"}],"author":"admin","twitter_card":"summary_large_image","twitter_misc":{"Escrito por":"admin","Tiempo de lectura":"1 minuto"},"schema":{"@context":"https:\/\/schema.org","@graph":[{"@type":"Article","@id":"https:\/\/volcanes.net\/?p=3358#article","isPartOf":{"@id":"https:\/\/volcanes.net\/?p=3358"},"author":{"name":"admin","@id":"https:\/\/volcanes.net\/#\/schema\/person\/4bf0f383940966a4abd53f5048c0e6b9"},"headline":"En marcha la cuarta transformaci\u00f3n para Valle de Chalco","datePublished":"2019-01-14T00:51:18+00:00","mainEntityOfPage":{"@id":"https:\/\/volcanes.net\/?p=3358"},"wordCount":258,"commentCount":0,"publisher":{"@id":"https:\/\/volcanes.net\/#organization"},"image":{"@id":"https:\/\/volcanes.net\/?p=3358#primaryimage"},"thumbnailUrl":"https:\/\/volcanes.net\/wp-content\/uploads\/2019\/01\/FB_IMG_1547426956015.jpg","keywords":["Valle de Chalco"],"articleSection":["Municipales"],"inLanguage":"es","potentialAction":[{"@type":"CommentAction","name":"Comment","target":["https:\/\/volcanes.net\/?p=3358#respond"]}]},{"@type":"WebPage","@id":"https:\/\/volcanes.net\/?p=3358","url":"https:\/\/volcanes.net\/?p=3358","name":"En marcha la cuarta transformaci\u00f3n para Valle de Chalco - Volcanes","isPartOf":{"@id":"https:\/\/volcanes.net\/#website"},"primaryImageOfPage":{"@id":"https:\/\/volcanes.net\/?p=3358#primaryimage"},"image":{"@id":"https:\/\/volcanes.net\/?p=3358#primaryimage"},"thumbnailUrl":"https:\/\/volcanes.net\/wp-content\/uploads\/2019\/01\/FB_IMG_1547426956015.jpg","datePublished":"2019-01-14T00:51:18+00:00","breadcrumb":{"@id":"https:\/\/volcanes.net\/?p=3358#breadcrumb"},"inLanguage":"es","potentialAction":[{"@type":"ReadAction","target":["https:\/\/volcanes.net\/?p=3358"]}]},{"@type":"ImageObject","inLanguage":"es","@id":"https:\/\/volcanes.net\/?p=3358#primaryimage","url":"https:\/\/volcanes.net\/wp-content\/uploads\/2019\/01\/FB_IMG_1547426956015.jpg","contentUrl":"https:\/\/volcanes.net\/wp-content\/uploads\/2019\/01\/FB_IMG_1547426956015.jpg","width":720,"height":399},{"@type":"BreadcrumbList","@id":"https:\/\/volcanes.net\/?p=3358#breadcrumb","itemListElement":[{"@type":"ListItem","position":1,"name":"Portada","item":"https:\/\/volcanes.net\/"},{"@type":"ListItem","position":2,"name":"En marcha la cuarta transformaci\u00f3n para Valle de Chalco"}]},{"@type":"WebSite","@id":"https:\/\/volcanes.net\/#website","url":"https:\/\/volcanes.net\/","name":"Volcanes.Net","description":"Periodismo Profesional","publisher":{"@id":"https:\/\/volcanes.net\/#organization"},"potentialAction":[{"@type":"SearchAction","target":{"@type":"EntryPoint","urlTemplate":"https:\/\/volcanes.net\/?s={search_term_string}"},"query-input":{"@type":"PropertyValueSpecification","valueRequired":true,"valueName":"search_term_string"}}],"inLanguage":"es"},{"@type":"Organization","@id":"https:\/\/volcanes.net\/#organization","name":"Grupo Volcanes","url":"https:\/\/volcanes.net\/","logo":{"@type":"ImageObject","inLanguage":"es","@id":"https:\/\/volcanes.net\/#\/schema\/logo\/image\/","url":"http:\/\/volcanes.net\/wp-content\/uploads\/2017\/12\/Avatar2.jpg","contentUrl":"http:\/\/volcanes.net\/wp-content\/uploads\/2017\/12\/Avatar2.jpg","width":378,"height":378,"caption":"Grupo Volcanes"},"image":{"@id":"https:\/\/volcanes.net\/#\/schema\/logo\/image\/"},"sameAs":["https:\/\/www.facebook.com\/volcanes.net\/"]},{"@type":"Person","@id":"https:\/\/volcanes.net\/#\/schema\/person\/4bf0f383940966a4abd53f5048c0e6b9","name":"admin","image":{"@type":"ImageObject","inLanguage":"es","@id":"https:\/\/volcanes.net\/#\/schema\/person\/image\/","url":"https:\/\/secure.gravatar.com\/avatar\/ca004e6cba8462b8cb7abc86e382930c?s=96&d=mm&r=g","contentUrl":"https:\/\/secure.gravatar.com\/avatar\/ca004e6cba8462b8cb7abc86e382930c?s=96&d=mm&r=g","caption":"admin"}}]}},"_links":{"self":[{"href":"https:\/\/volcanes.net\/index.php?rest_route=\/wp\/v2\/posts\/3358"}],"collection":[{"href":"https:\/\/volcanes.net\/index.php?rest_route=\/wp\/v2\/posts"}],"about":[{"href":"https:\/\/volcanes.net\/index.php?rest_route=\/wp\/v2\/types\/post"}],"author":[{"embeddable":true,"href":"https:\/\/volcanes.net\/index.php?rest_route=\/wp\/v2\/users\/1"}],"replies":[{"embeddable":true,"href":"https:\/\/volcanes.net\/index.php?rest_route=%2Fwp%2Fv2%2Fcomments&post=3358"}],"version-history":[{"count":1,"href":"https:\/\/volcanes.net\/index.php?rest_route=\/wp\/v2\/posts\/3358\/revisions"}],"predecessor-version":[{"id":3359,"href":"https:\/\/volcanes.net\/index.php?rest_route=\/wp\/v2\/posts\/3358\/revisions\/3359"}],"wp:featuredmedia":[{"embeddable":true,"href":"https:\/\/volcanes.net\/index.php?rest_route=\/wp\/v2\/media\/3357"}],"wp:attachment":[{"href":"https:\/\/volcanes.net\/index.php?rest_route=%2Fwp%2Fv2%2Fmedia&parent=3358"}],"wp:term":[{"taxonomy":"category","embeddable":true,"href":"https:\/\/volcanes.net\/index.php?rest_route=%2Fwp%2Fv2%2Fcategories&post=3358"},{"taxonomy":"post_tag","embeddable":true,"href":"https:\/\/volcanes.net\/index.php?rest_route=%2Fwp%2Fv2%2Ftags&post=3358"}],"curies":[{"name":"wp","href":"https:\/\/api.w.org\/{rel}","templated":true}]}}