{"id":3366,"date":"2019-01-14T03:33:34","date_gmt":"2019-01-14T03:33:34","guid":{"rendered":"http:\/\/volcanes.net\/?p=3366"},"modified":"2019-01-14T03:33:34","modified_gmt":"2019-01-14T03:33:34","slug":"inicio-el-programa-pension-para-el-bienestar-de-las-personas-adultas-mayores","status":"publish","type":"post","link":"https:\/\/volcanes.net\/?p=3366","title":{"rendered":"Inici\u00f3 el Programa Pensi\u00f3n para el Bienestar de las Personas Adultas Mayores"},"content":{"rendered":"<div style=\"margin-top: 0px; margin-bottom: 0px;\" class=\"sharethis-inline-share-buttons\" ><\/div><p><span style=\"font-size:14pt;line-height:21.1717px;font-family:Arial,sans-serif\"><u>El Gobierno de M\u00e9xico puso en operaci\u00f3n el Programa Pensi\u00f3n para el Bienestar de las Personas Adultas Mayores, que tiene como objetivo apoyar con mil 275 pesos mensuales a 8.5 millones de personas de este grupo de la poblaci\u00f3n, en especial a los m\u00e1s pobres.<\/u><\/span><\/p>\n<p class=\"MsoNormal\" style=\"font-family:sans-serif;font-size:12.8px;font-style:normal;font-weight:400;letter-spacing:normal;text-indent:0px;text-align:left\"><span style=\"font-size:14pt;line-height:21.1717px;font-family:Arial,sans-serif\"> <\/span><\/p>\n<p class=\"MsoNormal\" style=\"font-family:sans-serif;font-size:12.8px;font-style:normal;font-weight:400;letter-spacing:normal;text-indent:0px;text-align:left\"><span style=\"font-size:14pt;line-height:21.1717px;font-family:Arial,sans-serif\"><u>Durante el evento, encabezado por el Presidente Andr\u00e9s Manuel L\u00f3pez Obrador, la Secretaria de Bienestar, Mar\u00eda Luisa Albores Gonz\u00e1lez, dijo que \u201ces una alegr\u00eda presentar aqu\u00ed este programa porque bien sabemos que se inici\u00f3 en lugares que no son ind\u00edgenas pero que hoy, por justicia social, se entregar\u00e1 a las personas a partir 65 a\u00f1os en los pueblos originarios\u201d.<\/u><\/span><u><\/u><\/p>\n<p class=\"MsoNormal\" style=\"font-family:sans-serif;font-size:12.8px;font-style:normal;font-weight:400;letter-spacing:normal;text-indent:0px;text-align:left\"><span style=\"font-size:14pt;line-height:21.1717px;font-family:Arial,sans-serif\"> <\/span><\/p>\n<p class=\"MsoNormal\" style=\"font-family:sans-serif;font-size:12.8px;font-style:normal;font-weight:400;letter-spacing:normal;text-indent:0px;text-align:left\"><span style=\"font-size:14pt;line-height:21.1717px;font-family:Arial,sans-serif\"><u>Resalt\u00f3 que al otorg\u00e1rsele la calidad universal quedar\u00e1 establecida en la Constituci\u00f3n Pol\u00edtica de M\u00e9xico, \u201ccon lo cual se reconoce el esfuerzo de quienes son gu\u00edas y maestros de nuestras vidas\u201d.<\/u><\/span><u><\/u><\/p>\n<p class=\"MsoNormal\" style=\"font-family:sans-serif;font-size:12.8px;font-style:normal;font-weight:400;letter-spacing:normal;text-indent:0px;text-align:left\"><span style=\"font-size:14pt;line-height:21.1717px;font-family:Arial,sans-serif\"> <\/span><\/p>\n<p class=\"MsoNormal\" style=\"font-family:sans-serif;font-size:12.8px;font-style:normal;font-weight:400;letter-spacing:normal;text-indent:0px;text-align:left\"><span style=\"font-size:14pt;line-height:21.1717px;font-family:Arial,sans-serif\"><u>Por su parte, la subsecretaria de Bienestar, Ariadna Montiel Reyes, record\u00f3 que en el a\u00f1o 2000, el entonces Jefe de Gobierno de la Ciudad de M\u00e9xico, Andr\u00e9s Manuel L\u00f3pez Obrador, inici\u00f3 la pol\u00edtica de atenci\u00f3n a los adultos mayores, \u201cpol\u00edtica que hoy se extiende a todo el pa\u00eds\u201d.<\/u><\/span><u><\/u><\/p>\n<p class=\"MsoNormal\" style=\"font-family:sans-serif;font-size:12.8px;font-style:normal;font-weight:400;letter-spacing:normal;text-indent:0px;text-align:left\"><span style=\"font-size:14pt;line-height:21.1717px;font-family:Arial,sans-serif\"> <\/span><\/p>\n<p class=\"MsoNormal\" style=\"font-family:sans-serif;font-size:12.8px;font-style:normal;font-weight:400;letter-spacing:normal;text-indent:0px;text-align:left\"><span style=\"font-size:14pt;line-height:21.1717px;font-family:Arial,sans-serif\"><u>Afirm\u00f3 que con la entrega de recursos, el Gobierno de M\u00e9xico reconoce el esfuerzo de los adultos mayores a lo largo de su vida.<\/u><\/span><u><\/u><\/p>\n<p class=\"MsoNormal\" style=\"font-family:sans-serif;font-size:12.8px;font-style:normal;font-weight:400;letter-spacing:normal;text-indent:0px;text-align:left\"><span style=\"font-size:14pt;line-height:21.1717px;font-family:Arial,sans-serif\"> <\/span><\/p>\n<p class=\"MsoNormal\" style=\"font-family:sans-serif;font-size:12.8px;font-style:normal;font-weight:400;letter-spacing:normal;text-indent:0px;text-align:left\"><span style=\"font-size:14pt;line-height:21.1717px;font-family:Arial,sans-serif\"><u>En el pa\u00eds, cuatro de cada diez personas de 65 a\u00f1os y m\u00e1s son pobres y 629 mil viven en pobreza extrema, por lo que no cuentan con los medios suficientes para vivir con la dignidad, tranquilidad y felicidad que merecen. Con esta pensi\u00f3n tendr\u00e1n un apoyo importante.<\/u><\/span><u><\/u><\/p>\n<p class=\"MsoNormal\" style=\"font-family:sans-serif;font-size:12.8px;font-style:normal;font-weight:400;letter-spacing:normal;text-indent:0px;text-align:left\"><span style=\"font-size:14pt;line-height:21.1717px;font-family:Arial,sans-serif\"> <\/span><\/p>\n<p class=\"MsoNormal\" style=\"font-family:sans-serif;font-size:12.8px;font-style:normal;font-weight:400;letter-spacing:normal;text-indent:0px;text-align:left\"><span style=\"font-size:14pt;line-height:21.1717px;font-family:Arial,sans-serif\"><u>Este programa duplica la pensi\u00f3n anterior y la convierte en un derecho universal. El monto ser\u00e1 de mil 275 pesos mensuales, que se pagar\u00e1 cada dos meses, de manera directa a los derechohabientes de 65 a\u00f1os y m\u00e1s en comunidades ind\u00edgenas y 68 a\u00f1os y m\u00e1s en el resto del pa\u00eds.<\/u><\/span><u><\/u><\/p>\n<p class=\"MsoNormal\" style=\"font-family:sans-serif;font-size:12.8px;font-style:normal;font-weight:400;letter-spacing:normal;text-indent:0px;text-align:left\"><span style=\"font-size:14pt;line-height:21.1717px;font-family:Arial,sans-serif\"> <\/span><\/p>\n<p class=\"MsoNormal\" style=\"font-family:sans-serif;font-size:12.8px;font-style:normal;font-weight:400;letter-spacing:normal;text-indent:0px;text-align:left\"><span style=\"font-size:14pt;line-height:21.1717px;font-family:Arial,sans-serif\"><u>Las personas de entre 65 y 67 a\u00f1os de edad que actualmente est\u00e1n registradas en el Programa, mantendr\u00e1n su derecho, al igual que las que reciben pensi\u00f3n del IMSS y del ISSSTE.<\/u><\/span><u><\/u><\/p>\n<p class=\"MsoNormal\" style=\"font-family:sans-serif;font-size:12.8px;font-style:normal;font-weight:400;letter-spacing:normal;text-indent:0px;text-align:left\"><span style=\"font-size:14pt;line-height:21.1717px;font-family:Arial,sans-serif\"> <\/span><\/p>\n<p class=\"MsoNormal\" style=\"font-family:sans-serif;font-size:12.8px;font-style:normal;font-weight:400;letter-spacing:normal;text-indent:0px;text-align:left\"><span style=\"font-size:14pt;line-height:21.1717px;font-family:Arial,sans-serif\"><u>Las personas que deseen inscribirse al Programa s\u00f3lo tendr\u00e1n que presentar una identificaci\u00f3n oficial.<\/u><\/span><u><\/u><\/p>\n<p class=\"MsoNormal\" style=\"font-family:sans-serif;font-size:12.8px;font-style:normal;font-weight:400;letter-spacing:normal;text-indent:0px;text-align:left\"><span style=\"font-size:14pt;line-height:21.1717px;font-family:Arial,sans-serif\"> <\/span><\/p>\n<p class=\"MsoNormal\" style=\"font-family:sans-serif;font-size:12.8px;font-style:normal;font-weight:400;letter-spacing:normal;text-indent:0px;text-align:left\"><span style=\"font-size:14pt;line-height:21.1717px;font-family:Arial,sans-serif\">El Programa se enmarca en la pol\u00edtica de Bienestar de la administraci\u00f3n del Presidente Andr\u00e9s Manuel L\u00f3pez Obrador, y tambi\u00e9n es un reconocimiento del Estado mexicano a la aportaci\u00f3n que a lo largo de su vida las personas adultas mayores han hecho al pa\u00eds.<\/span><\/p>\n","protected":false},"excerpt":{"rendered":"<p>El Gobierno de M\u00e9xico puso en operaci\u00f3n el Programa Pensi\u00f3n para el Bienestar de las<\/p>\n","protected":false},"author":1,"featured_media":3357,"comment_status":"open","ping_status":"open","sticky":false,"template":"","format":"standard","meta":{"footnotes":""},"categories":[1],"tags":[5],"class_list":["post-3366","post","type-post","status-publish","format-standard","has-post-thumbnail","hentry","category-municipales","tag-valle-de-chalco"],"yoast_head":"<!-- This site is optimized with the Yoast SEO plugin v25.3 - https:\/\/yoast.com\/wordpress\/plugins\/seo\/ -->\n<title>Inici\u00f3 el Programa Pensi\u00f3n para el Bienestar de las Personas Adultas Mayores - Volcanes<\/title>\n<meta name=\"robots\" content=\"index, follow, max-snippet:-1, max-image-preview:large, max-video-preview:-1\" \/>\n<link rel=\"canonical\" href=\"https:\/\/volcanes.net\/?p=3366\" \/>\n<meta property=\"og:locale\" content=\"es_MX\" \/>\n<meta property=\"og:type\" content=\"article\" \/>\n<meta property=\"og:title\" content=\"Inici\u00f3 el Programa Pensi\u00f3n para el Bienestar de las Personas Adultas Mayores - Volcanes\" \/>\n<meta property=\"og:description\" content=\"El Gobierno de M\u00e9xico puso en operaci\u00f3n el Programa Pensi\u00f3n para el Bienestar de las\" \/>\n<meta property=\"og:url\" content=\"https:\/\/volcanes.net\/?p=3366\" \/>\n<meta property=\"og:site_name\" content=\"Volcanes\" \/>\n<meta property=\"article:publisher\" content=\"https:\/\/www.facebook.com\/volcanes.net\/\" \/>\n<meta property=\"article:published_time\" content=\"2019-01-14T03:33:34+00:00\" \/>\n<meta property=\"og:image\" content=\"https:\/\/volcanes.net\/wp-content\/uploads\/2019\/01\/FB_IMG_1547426956015.jpg\" \/>\n\t<meta property=\"og:image:width\" content=\"720\" \/>\n\t<meta property=\"og:image:height\" content=\"399\" \/>\n\t<meta property=\"og:image:type\" content=\"image\/jpeg\" \/>\n<meta name=\"author\" content=\"admin\" \/>\n<meta name=\"twitter:card\" content=\"summary_large_image\" \/>\n<meta name=\"twitter:label1\" content=\"Escrito por\" \/>\n\t<meta name=\"twitter:data1\" content=\"admin\" \/>\n\t<meta name=\"twitter:label2\" content=\"Tiempo de lectura\" \/>\n\t<meta name=\"twitter:data2\" content=\"2 minutos\" \/>\n<script type=\"application\/ld+json\" class=\"yoast-schema-graph\">{\"@context\":\"https:\/\/schema.org\",\"@graph\":[{\"@type\":\"Article\",\"@id\":\"https:\/\/volcanes.net\/?p=3366#article\",\"isPartOf\":{\"@id\":\"https:\/\/volcanes.net\/?p=3366\"},\"author\":{\"name\":\"admin\",\"@id\":\"https:\/\/volcanes.net\/#\/schema\/person\/4bf0f383940966a4abd53f5048c0e6b9\"},\"headline\":\"Inici\u00f3 el Programa Pensi\u00f3n para el Bienestar de las Personas Adultas Mayores\",\"datePublished\":\"2019-01-14T03:33:34+00:00\",\"mainEntityOfPage\":{\"@id\":\"https:\/\/volcanes.net\/?p=3366\"},\"wordCount\":450,\"commentCount\":0,\"publisher\":{\"@id\":\"https:\/\/volcanes.net\/#organization\"},\"image\":{\"@id\":\"https:\/\/volcanes.net\/?p=3366#primaryimage\"},\"thumbnailUrl\":\"https:\/\/volcanes.net\/wp-content\/uploads\/2019\/01\/FB_IMG_1547426956015.jpg\",\"keywords\":[\"Valle de Chalco\"],\"articleSection\":[\"Municipales\"],\"inLanguage\":\"es\",\"potentialAction\":[{\"@type\":\"CommentAction\",\"name\":\"Comment\",\"target\":[\"https:\/\/volcanes.net\/?p=3366#respond\"]}]},{\"@type\":\"WebPage\",\"@id\":\"https:\/\/volcanes.net\/?p=3366\",\"url\":\"https:\/\/volcanes.net\/?p=3366\",\"name\":\"Inici\u00f3 el Programa Pensi\u00f3n para el Bienestar de las Personas Adultas Mayores - Volcanes\",\"isPartOf\":{\"@id\":\"https:\/\/volcanes.net\/#website\"},\"primaryImageOfPage\":{\"@id\":\"https:\/\/volcanes.net\/?p=3366#primaryimage\"},\"image\":{\"@id\":\"https:\/\/volcanes.net\/?p=3366#primaryimage\"},\"thumbnailUrl\":\"https:\/\/volcanes.net\/wp-content\/uploads\/2019\/01\/FB_IMG_1547426956015.jpg\",\"datePublished\":\"2019-01-14T03:33:34+00:00\",\"breadcrumb\":{\"@id\":\"https:\/\/volcanes.net\/?p=3366#breadcrumb\"},\"inLanguage\":\"es\",\"potentialAction\":[{\"@type\":\"ReadAction\",\"target\":[\"https:\/\/volcanes.net\/?p=3366\"]}]},{\"@type\":\"ImageObject\",\"inLanguage\":\"es\",\"@id\":\"https:\/\/volcanes.net\/?p=3366#primaryimage\",\"url\":\"https:\/\/volcanes.net\/wp-content\/uploads\/2019\/01\/FB_IMG_1547426956015.jpg\",\"contentUrl\":\"https:\/\/volcanes.net\/wp-content\/uploads\/2019\/01\/FB_IMG_1547426956015.jpg\",\"width\":720,\"height\":399},{\"@type\":\"BreadcrumbList\",\"@id\":\"https:\/\/volcanes.net\/?p=3366#breadcrumb\",\"itemListElement\":[{\"@type\":\"ListItem\",\"position\":1,\"name\":\"Portada\",\"item\":\"https:\/\/volcanes.net\/\"},{\"@type\":\"ListItem\",\"position\":2,\"name\":\"Inici\u00f3 el Programa Pensi\u00f3n para el Bienestar de las Personas Adultas Mayores\"}]},{\"@type\":\"WebSite\",\"@id\":\"https:\/\/volcanes.net\/#website\",\"url\":\"https:\/\/volcanes.net\/\",\"name\":\"Volcanes.Net\",\"description\":\"Periodismo Profesional\",\"publisher\":{\"@id\":\"https:\/\/volcanes.net\/#organization\"},\"potentialAction\":[{\"@type\":\"SearchAction\",\"target\":{\"@type\":\"EntryPoint\",\"urlTemplate\":\"https:\/\/volcanes.net\/?s={search_term_string}\"},\"query-input\":{\"@type\":\"PropertyValueSpecification\",\"valueRequired\":true,\"valueName\":\"search_term_string\"}}],\"inLanguage\":\"es\"},{\"@type\":\"Organization\",\"@id\":\"https:\/\/volcanes.net\/#organization\",\"name\":\"Grupo Volcanes\",\"url\":\"https:\/\/volcanes.net\/\",\"logo\":{\"@type\":\"ImageObject\",\"inLanguage\":\"es\",\"@id\":\"https:\/\/volcanes.net\/#\/schema\/logo\/image\/\",\"url\":\"http:\/\/volcanes.net\/wp-content\/uploads\/2017\/12\/Avatar2.jpg\",\"contentUrl\":\"http:\/\/volcanes.net\/wp-content\/uploads\/2017\/12\/Avatar2.jpg\",\"width\":378,\"height\":378,\"caption\":\"Grupo Volcanes\"},\"image\":{\"@id\":\"https:\/\/volcanes.net\/#\/schema\/logo\/image\/\"},\"sameAs\":[\"https:\/\/www.facebook.com\/volcanes.net\/\"]},{\"@type\":\"Person\",\"@id\":\"https:\/\/volcanes.net\/#\/schema\/person\/4bf0f383940966a4abd53f5048c0e6b9\",\"name\":\"admin\",\"image\":{\"@type\":\"ImageObject\",\"inLanguage\":\"es\",\"@id\":\"https:\/\/volcanes.net\/#\/schema\/person\/image\/\",\"url\":\"https:\/\/secure.gravatar.com\/avatar\/ca004e6cba8462b8cb7abc86e382930c?s=96&d=mm&r=g\",\"contentUrl\":\"https:\/\/secure.gravatar.com\/avatar\/ca004e6cba8462b8cb7abc86e382930c?s=96&d=mm&r=g\",\"caption\":\"admin\"}}]}<\/script>\n<!-- \/ Yoast SEO plugin. -->","yoast_head_json":{"title":"Inici\u00f3 el Programa Pensi\u00f3n para el Bienestar de las Personas Adultas Mayores - Volcanes","robots":{"index":"index","follow":"follow","max-snippet":"max-snippet:-1","max-image-preview":"max-image-preview:large","max-video-preview":"max-video-preview:-1"},"canonical":"https:\/\/volcanes.net\/?p=3366","og_locale":"es_MX","og_type":"article","og_title":"Inici\u00f3 el Programa Pensi\u00f3n para el Bienestar de las Personas Adultas Mayores - Volcanes","og_description":"El Gobierno de M\u00e9xico puso en operaci\u00f3n el Programa Pensi\u00f3n para el Bienestar de las","og_url":"https:\/\/volcanes.net\/?p=3366","og_site_name":"Volcanes","article_publisher":"https:\/\/www.facebook.com\/volcanes.net\/","article_published_time":"2019-01-14T03:33:34+00:00","og_image":[{"width":720,"height":399,"url":"https:\/\/volcanes.net\/wp-content\/uploads\/2019\/01\/FB_IMG_1547426956015.jpg","type":"image\/jpeg"}],"author":"admin","twitter_card":"summary_large_image","twitter_misc":{"Escrito por":"admin","Tiempo de lectura":"2 minutos"},"schema":{"@context":"https:\/\/schema.org","@graph":[{"@type":"Article","@id":"https:\/\/volcanes.net\/?p=3366#article","isPartOf":{"@id":"https:\/\/volcanes.net\/?p=3366"},"author":{"name":"admin","@id":"https:\/\/volcanes.net\/#\/schema\/person\/4bf0f383940966a4abd53f5048c0e6b9"},"headline":"Inici\u00f3 el Programa Pensi\u00f3n para el Bienestar de las Personas Adultas Mayores","datePublished":"2019-01-14T03:33:34+00:00","mainEntityOfPage":{"@id":"https:\/\/volcanes.net\/?p=3366"},"wordCount":450,"commentCount":0,"publisher":{"@id":"https:\/\/volcanes.net\/#organization"},"image":{"@id":"https:\/\/volcanes.net\/?p=3366#primaryimage"},"thumbnailUrl":"https:\/\/volcanes.net\/wp-content\/uploads\/2019\/01\/FB_IMG_1547426956015.jpg","keywords":["Valle de Chalco"],"articleSection":["Municipales"],"inLanguage":"es","potentialAction":[{"@type":"CommentAction","name":"Comment","target":["https:\/\/volcanes.net\/?p=3366#respond"]}]},{"@type":"WebPage","@id":"https:\/\/volcanes.net\/?p=3366","url":"https:\/\/volcanes.net\/?p=3366","name":"Inici\u00f3 el Programa Pensi\u00f3n para el Bienestar de las Personas Adultas Mayores - Volcanes","isPartOf":{"@id":"https:\/\/volcanes.net\/#website"},"primaryImageOfPage":{"@id":"https:\/\/volcanes.net\/?p=3366#primaryimage"},"image":{"@id":"https:\/\/volcanes.net\/?p=3366#primaryimage"},"thumbnailUrl":"https:\/\/volcanes.net\/wp-content\/uploads\/2019\/01\/FB_IMG_1547426956015.jpg","datePublished":"2019-01-14T03:33:34+00:00","breadcrumb":{"@id":"https:\/\/volcanes.net\/?p=3366#breadcrumb"},"inLanguage":"es","potentialAction":[{"@type":"ReadAction","target":["https:\/\/volcanes.net\/?p=3366"]}]},{"@type":"ImageObject","inLanguage":"es","@id":"https:\/\/volcanes.net\/?p=3366#primaryimage","url":"https:\/\/volcanes.net\/wp-content\/uploads\/2019\/01\/FB_IMG_1547426956015.jpg","contentUrl":"https:\/\/volcanes.net\/wp-content\/uploads\/2019\/01\/FB_IMG_1547426956015.jpg","width":720,"height":399},{"@type":"BreadcrumbList","@id":"https:\/\/volcanes.net\/?p=3366#breadcrumb","itemListElement":[{"@type":"ListItem","position":1,"name":"Portada","item":"https:\/\/volcanes.net\/"},{"@type":"ListItem","position":2,"name":"Inici\u00f3 el Programa Pensi\u00f3n para el Bienestar de las Personas Adultas Mayores"}]},{"@type":"WebSite","@id":"https:\/\/volcanes.net\/#website","url":"https:\/\/volcanes.net\/","name":"Volcanes.Net","description":"Periodismo Profesional","publisher":{"@id":"https:\/\/volcanes.net\/#organization"},"potentialAction":[{"@type":"SearchAction","target":{"@type":"EntryPoint","urlTemplate":"https:\/\/volcanes.net\/?s={search_term_string}"},"query-input":{"@type":"PropertyValueSpecification","valueRequired":true,"valueName":"search_term_string"}}],"inLanguage":"es"},{"@type":"Organization","@id":"https:\/\/volcanes.net\/#organization","name":"Grupo Volcanes","url":"https:\/\/volcanes.net\/","logo":{"@type":"ImageObject","inLanguage":"es","@id":"https:\/\/volcanes.net\/#\/schema\/logo\/image\/","url":"http:\/\/volcanes.net\/wp-content\/uploads\/2017\/12\/Avatar2.jpg","contentUrl":"http:\/\/volcanes.net\/wp-content\/uploads\/2017\/12\/Avatar2.jpg","width":378,"height":378,"caption":"Grupo Volcanes"},"image":{"@id":"https:\/\/volcanes.net\/#\/schema\/logo\/image\/"},"sameAs":["https:\/\/www.facebook.com\/volcanes.net\/"]},{"@type":"Person","@id":"https:\/\/volcanes.net\/#\/schema\/person\/4bf0f383940966a4abd53f5048c0e6b9","name":"admin","image":{"@type":"ImageObject","inLanguage":"es","@id":"https:\/\/volcanes.net\/#\/schema\/person\/image\/","url":"https:\/\/secure.gravatar.com\/avatar\/ca004e6cba8462b8cb7abc86e382930c?s=96&d=mm&r=g","contentUrl":"https:\/\/secure.gravatar.com\/avatar\/ca004e6cba8462b8cb7abc86e382930c?s=96&d=mm&r=g","caption":"admin"}}]}},"_links":{"self":[{"href":"https:\/\/volcanes.net\/index.php?rest_route=\/wp\/v2\/posts\/3366"}],"collection":[{"href":"https:\/\/volcanes.net\/index.php?rest_route=\/wp\/v2\/posts"}],"about":[{"href":"https:\/\/volcanes.net\/index.php?rest_route=\/wp\/v2\/types\/post"}],"author":[{"embeddable":true,"href":"https:\/\/volcanes.net\/index.php?rest_route=\/wp\/v2\/users\/1"}],"replies":[{"embeddable":true,"href":"https:\/\/volcanes.net\/index.php?rest_route=%2Fwp%2Fv2%2Fcomments&post=3366"}],"version-history":[{"count":1,"href":"https:\/\/volcanes.net\/index.php?rest_route=\/wp\/v2\/posts\/3366\/revisions"}],"predecessor-version":[{"id":3367,"href":"https:\/\/volcanes.net\/index.php?rest_route=\/wp\/v2\/posts\/3366\/revisions\/3367"}],"wp:featuredmedia":[{"embeddable":true,"href":"https:\/\/volcanes.net\/index.php?rest_route=\/wp\/v2\/media\/3357"}],"wp:attachment":[{"href":"https:\/\/volcanes.net\/index.php?rest_route=%2Fwp%2Fv2%2Fmedia&parent=3366"}],"wp:term":[{"taxonomy":"category","embeddable":true,"href":"https:\/\/volcanes.net\/index.php?rest_route=%2Fwp%2Fv2%2Fcategories&post=3366"},{"taxonomy":"post_tag","embeddable":true,"href":"https:\/\/volcanes.net\/index.php?rest_route=%2Fwp%2Fv2%2Ftags&post=3366"}],"curies":[{"name":"wp","href":"https:\/\/api.w.org\/{rel}","templated":true}]}}