{"id":3374,"date":"2019-01-15T13:57:55","date_gmt":"2019-01-15T13:57:55","guid":{"rendered":"http:\/\/volcanes.net\/?p=3374"},"modified":"2019-01-15T13:57:55","modified_gmt":"2019-01-15T13:57:55","slug":"anuncian-programa-permanente-en-neza-seguridad-permanente","status":"publish","type":"post","link":"https:\/\/volcanes.net\/?p=3374","title":{"rendered":"Anuncian Programa Permanente &#8220;En Neza Seguridad Permanente&#8221;"},"content":{"rendered":"<div style=\"margin-top: 0px; margin-bottom: 0px;\" class=\"sharethis-inline-share-buttons\" ><\/div><p>El gobierno municipal de Nezahualc\u00f3yotl, anunci\u00f3 esta ma\u00f1ana la instalaci\u00f3n permanente del Programa Permanente *&#8221;En Neza Seguridad en Bici&#8221;*.<\/p>\n<p>Lo que fue un programa emergente, a ra\u00edz de los problemas de desabasto de gasolina, hoy se convirti\u00f3 en una opci\u00f3n real contra el combate a la delincuencia.<\/p>\n<p>Una reducci\u00f3n de casi un 28% en los diversos delitos, a ra\u00edz de la aplicaci\u00f3n del uso de la Bicicleta, como medio de movilidad para los polic\u00edas, motiv\u00f3 a las autoridades municipales a tomar la decisi\u00f3n de instituir este modelo de seguridad para la poblaci\u00f3n.<\/p>\n<p>As\u00ed mismo, para garantizar que est\u00e1 opci\u00f3n se realice de manera profesional, el ayuntamiento de Nezahualc\u00f3yotl, solicit\u00f3 al experto en el uso de la bicicleta, Josafath ser el responsable de capacitar a los m\u00e1s de 200 polic\u00edas considerados para el grupo de Ciclopolic\u00edas.<\/p>\n<p>El capacitador, quien actualmente presta sus servicios en el municipio de Aguascalientes, en d\u00f3nde, desde 1999 llevan esta pr\u00e1ctica de seguridad en bicicletas, compartir\u00e1 sus conocimientos con los polic\u00edas de Nezahualc\u00f3yotl durante un mes.<\/p>\n<p>Para el experto, el mayor beneficio del uso de la bicicleta en materia de seguridad, es la proximidad con la ciudadan\u00eda, el tiempo de respuesta a una emergencia y el sigilo con el que laboran, lo que da mejores resultados en el combate a la delincuencia.<\/p>\n<p>El alcalde Juan Hugo de la Rosa, mencion\u00f3 que aparte de capacitar a los polic\u00edas en el uso de la bicicleta, se seleccionar\u00e1 a un grupo de los m\u00e1s calificados para que a su vez ellos reciban instrucci\u00f3n m\u00e1s especializada y as\u00ed convertirlos en capacitadores.<\/p>\n<p>Para el buen uso y mejor desempe\u00f1o de los polic\u00edas en su nueva labor, estos requerir\u00e1n Bicicletas de monta\u00f1a, casco de protecci\u00f3n, luces nocturnas, fornitura propia para polic\u00edas, chalecos livianos, y kit de herramientas, son parte del equipo que deben portar los polic\u00edas en Bicicleta y la recomendaci\u00f3n de cobertura de 2 kil\u00f3metros a la redonda por binomio o trinomio.<\/p>\n<p>Con la implementaci\u00f3n de este programa, se pretende que incluso se tenga un ahorro en el consumo de gasolina, hasta en un 30% y la vida \u00fatil de las propias patrullas.<\/p>\n<p>Hasta el momento se ha logrado detener principalmente, a delincuentes que se dedican al robo a transe\u00fantes, a comercios y a automovilistas.<\/p>\n","protected":false},"excerpt":{"rendered":"<p>El gobierno municipal de Nezahualc\u00f3yotl, anunci\u00f3 esta ma\u00f1ana la instalaci\u00f3n permanente del Programa Permanente *&#8221;En<\/p>\n","protected":false},"author":1,"featured_media":3373,"comment_status":"open","ping_status":"open","sticky":false,"template":"","format":"standard","meta":{"footnotes":""},"categories":[1],"tags":[21],"class_list":["post-3374","post","type-post","status-publish","format-standard","has-post-thumbnail","hentry","category-municipales","tag-nezahualcoyotl"],"yoast_head":"<!-- This site is optimized with the Yoast SEO plugin v25.3 - https:\/\/yoast.com\/wordpress\/plugins\/seo\/ -->\n<title>Anuncian Programa Permanente &quot;En Neza Seguridad Permanente&quot; - Volcanes<\/title>\n<meta name=\"robots\" content=\"index, follow, max-snippet:-1, max-image-preview:large, max-video-preview:-1\" \/>\n<link rel=\"canonical\" href=\"https:\/\/volcanes.net\/?p=3374\" \/>\n<meta property=\"og:locale\" content=\"es_MX\" \/>\n<meta property=\"og:type\" content=\"article\" \/>\n<meta property=\"og:title\" content=\"Anuncian Programa Permanente &quot;En Neza Seguridad Permanente&quot; - Volcanes\" \/>\n<meta property=\"og:description\" content=\"El gobierno municipal de Nezahualc\u00f3yotl, anunci\u00f3 esta ma\u00f1ana la instalaci\u00f3n permanente del Programa Permanente *&#8221;En\" \/>\n<meta property=\"og:url\" content=\"https:\/\/volcanes.net\/?p=3374\" \/>\n<meta property=\"og:site_name\" content=\"Volcanes\" \/>\n<meta property=\"article:publisher\" content=\"https:\/\/www.facebook.com\/volcanes.net\/\" \/>\n<meta property=\"article:published_time\" content=\"2019-01-15T13:57:55+00:00\" \/>\n<meta property=\"og:image\" content=\"https:\/\/volcanes.net\/wp-content\/uploads\/2019\/01\/IMG_20190115_075646_331.jpg\" \/>\n\t<meta property=\"og:image:width\" content=\"584\" \/>\n\t<meta property=\"og:image:height\" content=\"569\" \/>\n\t<meta property=\"og:image:type\" content=\"image\/jpeg\" \/>\n<meta name=\"author\" content=\"admin\" \/>\n<meta name=\"twitter:card\" content=\"summary_large_image\" \/>\n<meta name=\"twitter:label1\" content=\"Escrito por\" \/>\n\t<meta name=\"twitter:data1\" content=\"admin\" \/>\n\t<meta name=\"twitter:label2\" content=\"Tiempo de lectura\" \/>\n\t<meta name=\"twitter:data2\" content=\"2 minutos\" \/>\n<script type=\"application\/ld+json\" class=\"yoast-schema-graph\">{\"@context\":\"https:\/\/schema.org\",\"@graph\":[{\"@type\":\"Article\",\"@id\":\"https:\/\/volcanes.net\/?p=3374#article\",\"isPartOf\":{\"@id\":\"https:\/\/volcanes.net\/?p=3374\"},\"author\":{\"name\":\"admin\",\"@id\":\"https:\/\/volcanes.net\/#\/schema\/person\/4bf0f383940966a4abd53f5048c0e6b9\"},\"headline\":\"Anuncian Programa Permanente &#8220;En Neza Seguridad Permanente&#8221;\",\"datePublished\":\"2019-01-15T13:57:55+00:00\",\"mainEntityOfPage\":{\"@id\":\"https:\/\/volcanes.net\/?p=3374\"},\"wordCount\":411,\"commentCount\":0,\"publisher\":{\"@id\":\"https:\/\/volcanes.net\/#organization\"},\"image\":{\"@id\":\"https:\/\/volcanes.net\/?p=3374#primaryimage\"},\"thumbnailUrl\":\"https:\/\/volcanes.net\/wp-content\/uploads\/2019\/01\/IMG_20190115_075646_331.jpg\",\"keywords\":[\"Nezahualc\u00f3yotl\"],\"articleSection\":[\"Municipales\"],\"inLanguage\":\"es\",\"potentialAction\":[{\"@type\":\"CommentAction\",\"name\":\"Comment\",\"target\":[\"https:\/\/volcanes.net\/?p=3374#respond\"]}]},{\"@type\":\"WebPage\",\"@id\":\"https:\/\/volcanes.net\/?p=3374\",\"url\":\"https:\/\/volcanes.net\/?p=3374\",\"name\":\"Anuncian Programa Permanente \\\"En Neza Seguridad Permanente\\\" - Volcanes\",\"isPartOf\":{\"@id\":\"https:\/\/volcanes.net\/#website\"},\"primaryImageOfPage\":{\"@id\":\"https:\/\/volcanes.net\/?p=3374#primaryimage\"},\"image\":{\"@id\":\"https:\/\/volcanes.net\/?p=3374#primaryimage\"},\"thumbnailUrl\":\"https:\/\/volcanes.net\/wp-content\/uploads\/2019\/01\/IMG_20190115_075646_331.jpg\",\"datePublished\":\"2019-01-15T13:57:55+00:00\",\"breadcrumb\":{\"@id\":\"https:\/\/volcanes.net\/?p=3374#breadcrumb\"},\"inLanguage\":\"es\",\"potentialAction\":[{\"@type\":\"ReadAction\",\"target\":[\"https:\/\/volcanes.net\/?p=3374\"]}]},{\"@type\":\"ImageObject\",\"inLanguage\":\"es\",\"@id\":\"https:\/\/volcanes.net\/?p=3374#primaryimage\",\"url\":\"https:\/\/volcanes.net\/wp-content\/uploads\/2019\/01\/IMG_20190115_075646_331.jpg\",\"contentUrl\":\"https:\/\/volcanes.net\/wp-content\/uploads\/2019\/01\/IMG_20190115_075646_331.jpg\",\"width\":584,\"height\":569},{\"@type\":\"BreadcrumbList\",\"@id\":\"https:\/\/volcanes.net\/?p=3374#breadcrumb\",\"itemListElement\":[{\"@type\":\"ListItem\",\"position\":1,\"name\":\"Portada\",\"item\":\"https:\/\/volcanes.net\/\"},{\"@type\":\"ListItem\",\"position\":2,\"name\":\"Anuncian Programa Permanente &#8220;En Neza Seguridad Permanente&#8221;\"}]},{\"@type\":\"WebSite\",\"@id\":\"https:\/\/volcanes.net\/#website\",\"url\":\"https:\/\/volcanes.net\/\",\"name\":\"Volcanes.Net\",\"description\":\"Periodismo Profesional\",\"publisher\":{\"@id\":\"https:\/\/volcanes.net\/#organization\"},\"potentialAction\":[{\"@type\":\"SearchAction\",\"target\":{\"@type\":\"EntryPoint\",\"urlTemplate\":\"https:\/\/volcanes.net\/?s={search_term_string}\"},\"query-input\":{\"@type\":\"PropertyValueSpecification\",\"valueRequired\":true,\"valueName\":\"search_term_string\"}}],\"inLanguage\":\"es\"},{\"@type\":\"Organization\",\"@id\":\"https:\/\/volcanes.net\/#organization\",\"name\":\"Grupo Volcanes\",\"url\":\"https:\/\/volcanes.net\/\",\"logo\":{\"@type\":\"ImageObject\",\"inLanguage\":\"es\",\"@id\":\"https:\/\/volcanes.net\/#\/schema\/logo\/image\/\",\"url\":\"http:\/\/volcanes.net\/wp-content\/uploads\/2017\/12\/Avatar2.jpg\",\"contentUrl\":\"http:\/\/volcanes.net\/wp-content\/uploads\/2017\/12\/Avatar2.jpg\",\"width\":378,\"height\":378,\"caption\":\"Grupo Volcanes\"},\"image\":{\"@id\":\"https:\/\/volcanes.net\/#\/schema\/logo\/image\/\"},\"sameAs\":[\"https:\/\/www.facebook.com\/volcanes.net\/\"]},{\"@type\":\"Person\",\"@id\":\"https:\/\/volcanes.net\/#\/schema\/person\/4bf0f383940966a4abd53f5048c0e6b9\",\"name\":\"admin\",\"image\":{\"@type\":\"ImageObject\",\"inLanguage\":\"es\",\"@id\":\"https:\/\/volcanes.net\/#\/schema\/person\/image\/\",\"url\":\"https:\/\/secure.gravatar.com\/avatar\/ca004e6cba8462b8cb7abc86e382930c?s=96&d=mm&r=g\",\"contentUrl\":\"https:\/\/secure.gravatar.com\/avatar\/ca004e6cba8462b8cb7abc86e382930c?s=96&d=mm&r=g\",\"caption\":\"admin\"}}]}<\/script>\n<!-- \/ Yoast SEO plugin. -->","yoast_head_json":{"title":"Anuncian Programa Permanente \"En Neza Seguridad Permanente\" - Volcanes","robots":{"index":"index","follow":"follow","max-snippet":"max-snippet:-1","max-image-preview":"max-image-preview:large","max-video-preview":"max-video-preview:-1"},"canonical":"https:\/\/volcanes.net\/?p=3374","og_locale":"es_MX","og_type":"article","og_title":"Anuncian Programa Permanente \"En Neza Seguridad Permanente\" - Volcanes","og_description":"El gobierno municipal de Nezahualc\u00f3yotl, anunci\u00f3 esta ma\u00f1ana la instalaci\u00f3n permanente del Programa Permanente *&#8221;En","og_url":"https:\/\/volcanes.net\/?p=3374","og_site_name":"Volcanes","article_publisher":"https:\/\/www.facebook.com\/volcanes.net\/","article_published_time":"2019-01-15T13:57:55+00:00","og_image":[{"width":584,"height":569,"url":"https:\/\/volcanes.net\/wp-content\/uploads\/2019\/01\/IMG_20190115_075646_331.jpg","type":"image\/jpeg"}],"author":"admin","twitter_card":"summary_large_image","twitter_misc":{"Escrito por":"admin","Tiempo de lectura":"2 minutos"},"schema":{"@context":"https:\/\/schema.org","@graph":[{"@type":"Article","@id":"https:\/\/volcanes.net\/?p=3374#article","isPartOf":{"@id":"https:\/\/volcanes.net\/?p=3374"},"author":{"name":"admin","@id":"https:\/\/volcanes.net\/#\/schema\/person\/4bf0f383940966a4abd53f5048c0e6b9"},"headline":"Anuncian Programa Permanente &#8220;En Neza Seguridad Permanente&#8221;","datePublished":"2019-01-15T13:57:55+00:00","mainEntityOfPage":{"@id":"https:\/\/volcanes.net\/?p=3374"},"wordCount":411,"commentCount":0,"publisher":{"@id":"https:\/\/volcanes.net\/#organization"},"image":{"@id":"https:\/\/volcanes.net\/?p=3374#primaryimage"},"thumbnailUrl":"https:\/\/volcanes.net\/wp-content\/uploads\/2019\/01\/IMG_20190115_075646_331.jpg","keywords":["Nezahualc\u00f3yotl"],"articleSection":["Municipales"],"inLanguage":"es","potentialAction":[{"@type":"CommentAction","name":"Comment","target":["https:\/\/volcanes.net\/?p=3374#respond"]}]},{"@type":"WebPage","@id":"https:\/\/volcanes.net\/?p=3374","url":"https:\/\/volcanes.net\/?p=3374","name":"Anuncian Programa Permanente \"En Neza Seguridad Permanente\" - Volcanes","isPartOf":{"@id":"https:\/\/volcanes.net\/#website"},"primaryImageOfPage":{"@id":"https:\/\/volcanes.net\/?p=3374#primaryimage"},"image":{"@id":"https:\/\/volcanes.net\/?p=3374#primaryimage"},"thumbnailUrl":"https:\/\/volcanes.net\/wp-content\/uploads\/2019\/01\/IMG_20190115_075646_331.jpg","datePublished":"2019-01-15T13:57:55+00:00","breadcrumb":{"@id":"https:\/\/volcanes.net\/?p=3374#breadcrumb"},"inLanguage":"es","potentialAction":[{"@type":"ReadAction","target":["https:\/\/volcanes.net\/?p=3374"]}]},{"@type":"ImageObject","inLanguage":"es","@id":"https:\/\/volcanes.net\/?p=3374#primaryimage","url":"https:\/\/volcanes.net\/wp-content\/uploads\/2019\/01\/IMG_20190115_075646_331.jpg","contentUrl":"https:\/\/volcanes.net\/wp-content\/uploads\/2019\/01\/IMG_20190115_075646_331.jpg","width":584,"height":569},{"@type":"BreadcrumbList","@id":"https:\/\/volcanes.net\/?p=3374#breadcrumb","itemListElement":[{"@type":"ListItem","position":1,"name":"Portada","item":"https:\/\/volcanes.net\/"},{"@type":"ListItem","position":2,"name":"Anuncian Programa Permanente &#8220;En Neza Seguridad Permanente&#8221;"}]},{"@type":"WebSite","@id":"https:\/\/volcanes.net\/#website","url":"https:\/\/volcanes.net\/","name":"Volcanes.Net","description":"Periodismo Profesional","publisher":{"@id":"https:\/\/volcanes.net\/#organization"},"potentialAction":[{"@type":"SearchAction","target":{"@type":"EntryPoint","urlTemplate":"https:\/\/volcanes.net\/?s={search_term_string}"},"query-input":{"@type":"PropertyValueSpecification","valueRequired":true,"valueName":"search_term_string"}}],"inLanguage":"es"},{"@type":"Organization","@id":"https:\/\/volcanes.net\/#organization","name":"Grupo Volcanes","url":"https:\/\/volcanes.net\/","logo":{"@type":"ImageObject","inLanguage":"es","@id":"https:\/\/volcanes.net\/#\/schema\/logo\/image\/","url":"http:\/\/volcanes.net\/wp-content\/uploads\/2017\/12\/Avatar2.jpg","contentUrl":"http:\/\/volcanes.net\/wp-content\/uploads\/2017\/12\/Avatar2.jpg","width":378,"height":378,"caption":"Grupo Volcanes"},"image":{"@id":"https:\/\/volcanes.net\/#\/schema\/logo\/image\/"},"sameAs":["https:\/\/www.facebook.com\/volcanes.net\/"]},{"@type":"Person","@id":"https:\/\/volcanes.net\/#\/schema\/person\/4bf0f383940966a4abd53f5048c0e6b9","name":"admin","image":{"@type":"ImageObject","inLanguage":"es","@id":"https:\/\/volcanes.net\/#\/schema\/person\/image\/","url":"https:\/\/secure.gravatar.com\/avatar\/ca004e6cba8462b8cb7abc86e382930c?s=96&d=mm&r=g","contentUrl":"https:\/\/secure.gravatar.com\/avatar\/ca004e6cba8462b8cb7abc86e382930c?s=96&d=mm&r=g","caption":"admin"}}]}},"_links":{"self":[{"href":"https:\/\/volcanes.net\/index.php?rest_route=\/wp\/v2\/posts\/3374"}],"collection":[{"href":"https:\/\/volcanes.net\/index.php?rest_route=\/wp\/v2\/posts"}],"about":[{"href":"https:\/\/volcanes.net\/index.php?rest_route=\/wp\/v2\/types\/post"}],"author":[{"embeddable":true,"href":"https:\/\/volcanes.net\/index.php?rest_route=\/wp\/v2\/users\/1"}],"replies":[{"embeddable":true,"href":"https:\/\/volcanes.net\/index.php?rest_route=%2Fwp%2Fv2%2Fcomments&post=3374"}],"version-history":[{"count":1,"href":"https:\/\/volcanes.net\/index.php?rest_route=\/wp\/v2\/posts\/3374\/revisions"}],"predecessor-version":[{"id":3375,"href":"https:\/\/volcanes.net\/index.php?rest_route=\/wp\/v2\/posts\/3374\/revisions\/3375"}],"wp:featuredmedia":[{"embeddable":true,"href":"https:\/\/volcanes.net\/index.php?rest_route=\/wp\/v2\/media\/3373"}],"wp:attachment":[{"href":"https:\/\/volcanes.net\/index.php?rest_route=%2Fwp%2Fv2%2Fmedia&parent=3374"}],"wp:term":[{"taxonomy":"category","embeddable":true,"href":"https:\/\/volcanes.net\/index.php?rest_route=%2Fwp%2Fv2%2Fcategories&post=3374"},{"taxonomy":"post_tag","embeddable":true,"href":"https:\/\/volcanes.net\/index.php?rest_route=%2Fwp%2Fv2%2Ftags&post=3374"}],"curies":[{"name":"wp","href":"https:\/\/api.w.org\/{rel}","templated":true}]}}