{"id":3376,"date":"2019-01-15T23:40:38","date_gmt":"2019-01-15T23:40:38","guid":{"rendered":"http:\/\/volcanes.net\/?p=3376"},"modified":"2019-01-15T23:40:38","modified_gmt":"2019-01-15T23:40:38","slug":"martin-luther-king-jr-el-hombre-que-lucho-por-los-derechos-civiles-de-los-afroamericanos-i-have-a-dream","status":"publish","type":"post","link":"https:\/\/volcanes.net\/?p=3376","title":{"rendered":"Martin Luther King Jr., el hombre que luch\u00f3 por los derechos civiles de los afroamericanos\u2026 \u201cI have a dream\u201d"},"content":{"rendered":"<div style=\"margin-top: 0px; margin-bottom: 0px;\" class=\"sharethis-inline-share-buttons\" ><\/div><p>Martin Luther King naci\u00f3 en Atlanta el 15 de enero de 1929 y falleci\u00f3 el 14 de abril de 1968, asesinado en Memphis; fue un pastor estadounidense de la iglesia bautista. Tambi\u00e9n fue el activista que desarroll\u00f3 una labor crucial al frente del movimiento por los derechos de los afroamericanos, adem\u00e1s particip\u00f3 como activista en protestas como la guerra de Vietnam.<\/p>\n<p>En 1964 fue acreedor a un Premio Nobel de la Paz ya que encamin\u00f3 el fin de la segregaci\u00f3n racial y discriminaci\u00f3n, a trav\u00e9s de la pacificaci\u00f3n sin ning\u00fan acto violento.<\/p>\n<p>Es recordado como uno de los mayores l\u00edderes y h\u00e9roes de la historia de\u00a0<a href=\"https:\/\/es.wikipedia.org\/wiki\/Estados_Unidos\">Estados Unidos<\/a> y en la moderna historia de la\u00a0<a href=\"https:\/\/es.wikipedia.org\/wiki\/No_violencia\">no violencia<\/a>. \u00bfSab\u00edas que se le concedi\u00f3 a t\u00edtulo p\u00f3stumo la\u00a0<a href=\"https:\/\/es.wikipedia.org\/wiki\/Medalla_Presidencial_de_la_Libertad\">Medalla Presidencial de la Libertad<\/a>\u00a0por\u00a0<a href=\"https:\/\/es.wikipedia.org\/wiki\/Jimmy_Carter\">Jimmy Carter<\/a>\u00a0en\u00a0<a href=\"https:\/\/es.wikipedia.org\/wiki\/1977\">1977<\/a>\u00a0y la\u00a0<a href=\"https:\/\/es.wikipedia.org\/wiki\/Medalla_de_oro_del_congreso_de_los_Estados_Unidos\">medalla de oro del Congreso de los Estados Unidos<\/a> en\u00a0<a href=\"https:\/\/es.wikipedia.org\/wiki\/2004\">2004<\/a>? Desde\u00a0<a href=\"https:\/\/es.wikipedia.org\/wiki\/1986\">1986<\/a>, hay un\u00a0<a href=\"https:\/\/es.wikipedia.org\/wiki\/D%C3%ADa_de_Martin_Luther_King_Jr.\">d\u00eda festivo sobre \u00e9l en EEUU. <\/a><\/p>\n","protected":false},"excerpt":{"rendered":"<p>Martin Luther King naci\u00f3 en Atlanta el 15 de enero de 1929 y falleci\u00f3 el<\/p>\n","protected":false},"author":1,"featured_media":3377,"comment_status":"open","ping_status":"open","sticky":false,"template":"","format":"standard","meta":{"footnotes":""},"categories":[1],"tags":[210],"class_list":["post-3376","post","type-post","status-publish","format-standard","has-post-thumbnail","hentry","category-municipales","tag-paz"],"yoast_head":"<!-- This site is optimized with the Yoast SEO plugin v25.3 - https:\/\/yoast.com\/wordpress\/plugins\/seo\/ -->\n<title>Martin Luther King Jr., el hombre que luch\u00f3 por los derechos civiles de los afroamericanos\u2026 \u201cI have a dream\u201d - Volcanes<\/title>\n<meta name=\"robots\" content=\"index, follow, max-snippet:-1, max-image-preview:large, max-video-preview:-1\" \/>\n<link rel=\"canonical\" href=\"https:\/\/volcanes.net\/?p=3376\" \/>\n<meta property=\"og:locale\" content=\"es_MX\" \/>\n<meta property=\"og:type\" content=\"article\" \/>\n<meta property=\"og:title\" content=\"Martin Luther King Jr., el hombre que luch\u00f3 por los derechos civiles de los afroamericanos\u2026 \u201cI have a dream\u201d - Volcanes\" \/>\n<meta property=\"og:description\" content=\"Martin Luther King naci\u00f3 en Atlanta el 15 de enero de 1929 y falleci\u00f3 el\" \/>\n<meta property=\"og:url\" content=\"https:\/\/volcanes.net\/?p=3376\" \/>\n<meta property=\"og:site_name\" content=\"Volcanes\" \/>\n<meta property=\"article:publisher\" content=\"https:\/\/www.facebook.com\/volcanes.net\/\" \/>\n<meta property=\"article:published_time\" content=\"2019-01-15T23:40:38+00:00\" \/>\n<meta property=\"og:image\" content=\"https:\/\/volcanes.net\/wp-content\/uploads\/2019\/01\/Luther-King.jpg\" \/>\n\t<meta property=\"og:image:width\" content=\"181\" \/>\n\t<meta property=\"og:image:height\" content=\"279\" \/>\n\t<meta property=\"og:image:type\" content=\"image\/jpeg\" \/>\n<meta name=\"author\" content=\"admin\" \/>\n<meta name=\"twitter:card\" content=\"summary_large_image\" \/>\n<meta name=\"twitter:label1\" content=\"Escrito por\" \/>\n\t<meta name=\"twitter:data1\" content=\"admin\" \/>\n\t<meta name=\"twitter:label2\" content=\"Tiempo de lectura\" \/>\n\t<meta name=\"twitter:data2\" content=\"1 minuto\" \/>\n<script type=\"application\/ld+json\" class=\"yoast-schema-graph\">{\"@context\":\"https:\/\/schema.org\",\"@graph\":[{\"@type\":\"Article\",\"@id\":\"https:\/\/volcanes.net\/?p=3376#article\",\"isPartOf\":{\"@id\":\"https:\/\/volcanes.net\/?p=3376\"},\"author\":{\"name\":\"admin\",\"@id\":\"https:\/\/volcanes.net\/#\/schema\/person\/4bf0f383940966a4abd53f5048c0e6b9\"},\"headline\":\"Martin Luther King Jr., el hombre que luch\u00f3 por los derechos civiles de los afroamericanos\u2026 \u201cI have a dream\u201d\",\"datePublished\":\"2019-01-15T23:40:38+00:00\",\"mainEntityOfPage\":{\"@id\":\"https:\/\/volcanes.net\/?p=3376\"},\"wordCount\":183,\"commentCount\":0,\"publisher\":{\"@id\":\"https:\/\/volcanes.net\/#organization\"},\"image\":{\"@id\":\"https:\/\/volcanes.net\/?p=3376#primaryimage\"},\"thumbnailUrl\":\"https:\/\/volcanes.net\/wp-content\/uploads\/2019\/01\/Luther-King.jpg\",\"keywords\":[\"paz\"],\"articleSection\":[\"Municipales\"],\"inLanguage\":\"es\",\"potentialAction\":[{\"@type\":\"CommentAction\",\"name\":\"Comment\",\"target\":[\"https:\/\/volcanes.net\/?p=3376#respond\"]}]},{\"@type\":\"WebPage\",\"@id\":\"https:\/\/volcanes.net\/?p=3376\",\"url\":\"https:\/\/volcanes.net\/?p=3376\",\"name\":\"Martin Luther King Jr., el hombre que luch\u00f3 por los derechos civiles de los afroamericanos\u2026 \u201cI have a dream\u201d - Volcanes\",\"isPartOf\":{\"@id\":\"https:\/\/volcanes.net\/#website\"},\"primaryImageOfPage\":{\"@id\":\"https:\/\/volcanes.net\/?p=3376#primaryimage\"},\"image\":{\"@id\":\"https:\/\/volcanes.net\/?p=3376#primaryimage\"},\"thumbnailUrl\":\"https:\/\/volcanes.net\/wp-content\/uploads\/2019\/01\/Luther-King.jpg\",\"datePublished\":\"2019-01-15T23:40:38+00:00\",\"breadcrumb\":{\"@id\":\"https:\/\/volcanes.net\/?p=3376#breadcrumb\"},\"inLanguage\":\"es\",\"potentialAction\":[{\"@type\":\"ReadAction\",\"target\":[\"https:\/\/volcanes.net\/?p=3376\"]}]},{\"@type\":\"ImageObject\",\"inLanguage\":\"es\",\"@id\":\"https:\/\/volcanes.net\/?p=3376#primaryimage\",\"url\":\"https:\/\/volcanes.net\/wp-content\/uploads\/2019\/01\/Luther-King.jpg\",\"contentUrl\":\"https:\/\/volcanes.net\/wp-content\/uploads\/2019\/01\/Luther-King.jpg\",\"width\":181,\"height\":279},{\"@type\":\"BreadcrumbList\",\"@id\":\"https:\/\/volcanes.net\/?p=3376#breadcrumb\",\"itemListElement\":[{\"@type\":\"ListItem\",\"position\":1,\"name\":\"Portada\",\"item\":\"https:\/\/volcanes.net\/\"},{\"@type\":\"ListItem\",\"position\":2,\"name\":\"Martin Luther King Jr., el hombre que luch\u00f3 por los derechos civiles de los afroamericanos\u2026 \u201cI have a dream\u201d\"}]},{\"@type\":\"WebSite\",\"@id\":\"https:\/\/volcanes.net\/#website\",\"url\":\"https:\/\/volcanes.net\/\",\"name\":\"Volcanes.Net\",\"description\":\"Periodismo Profesional\",\"publisher\":{\"@id\":\"https:\/\/volcanes.net\/#organization\"},\"potentialAction\":[{\"@type\":\"SearchAction\",\"target\":{\"@type\":\"EntryPoint\",\"urlTemplate\":\"https:\/\/volcanes.net\/?s={search_term_string}\"},\"query-input\":{\"@type\":\"PropertyValueSpecification\",\"valueRequired\":true,\"valueName\":\"search_term_string\"}}],\"inLanguage\":\"es\"},{\"@type\":\"Organization\",\"@id\":\"https:\/\/volcanes.net\/#organization\",\"name\":\"Grupo Volcanes\",\"url\":\"https:\/\/volcanes.net\/\",\"logo\":{\"@type\":\"ImageObject\",\"inLanguage\":\"es\",\"@id\":\"https:\/\/volcanes.net\/#\/schema\/logo\/image\/\",\"url\":\"http:\/\/volcanes.net\/wp-content\/uploads\/2017\/12\/Avatar2.jpg\",\"contentUrl\":\"http:\/\/volcanes.net\/wp-content\/uploads\/2017\/12\/Avatar2.jpg\",\"width\":378,\"height\":378,\"caption\":\"Grupo Volcanes\"},\"image\":{\"@id\":\"https:\/\/volcanes.net\/#\/schema\/logo\/image\/\"},\"sameAs\":[\"https:\/\/www.facebook.com\/volcanes.net\/\"]},{\"@type\":\"Person\",\"@id\":\"https:\/\/volcanes.net\/#\/schema\/person\/4bf0f383940966a4abd53f5048c0e6b9\",\"name\":\"admin\",\"image\":{\"@type\":\"ImageObject\",\"inLanguage\":\"es\",\"@id\":\"https:\/\/volcanes.net\/#\/schema\/person\/image\/\",\"url\":\"https:\/\/secure.gravatar.com\/avatar\/ca004e6cba8462b8cb7abc86e382930c?s=96&d=mm&r=g\",\"contentUrl\":\"https:\/\/secure.gravatar.com\/avatar\/ca004e6cba8462b8cb7abc86e382930c?s=96&d=mm&r=g\",\"caption\":\"admin\"}}]}<\/script>\n<!-- \/ Yoast SEO plugin. -->","yoast_head_json":{"title":"Martin Luther King Jr., el hombre que luch\u00f3 por los derechos civiles de los afroamericanos\u2026 \u201cI have a dream\u201d - Volcanes","robots":{"index":"index","follow":"follow","max-snippet":"max-snippet:-1","max-image-preview":"max-image-preview:large","max-video-preview":"max-video-preview:-1"},"canonical":"https:\/\/volcanes.net\/?p=3376","og_locale":"es_MX","og_type":"article","og_title":"Martin Luther King Jr., el hombre que luch\u00f3 por los derechos civiles de los afroamericanos\u2026 \u201cI have a dream\u201d - Volcanes","og_description":"Martin Luther King naci\u00f3 en Atlanta el 15 de enero de 1929 y falleci\u00f3 el","og_url":"https:\/\/volcanes.net\/?p=3376","og_site_name":"Volcanes","article_publisher":"https:\/\/www.facebook.com\/volcanes.net\/","article_published_time":"2019-01-15T23:40:38+00:00","og_image":[{"width":181,"height":279,"url":"https:\/\/volcanes.net\/wp-content\/uploads\/2019\/01\/Luther-King.jpg","type":"image\/jpeg"}],"author":"admin","twitter_card":"summary_large_image","twitter_misc":{"Escrito por":"admin","Tiempo de lectura":"1 minuto"},"schema":{"@context":"https:\/\/schema.org","@graph":[{"@type":"Article","@id":"https:\/\/volcanes.net\/?p=3376#article","isPartOf":{"@id":"https:\/\/volcanes.net\/?p=3376"},"author":{"name":"admin","@id":"https:\/\/volcanes.net\/#\/schema\/person\/4bf0f383940966a4abd53f5048c0e6b9"},"headline":"Martin Luther King Jr., el hombre que luch\u00f3 por los derechos civiles de los afroamericanos\u2026 \u201cI have a dream\u201d","datePublished":"2019-01-15T23:40:38+00:00","mainEntityOfPage":{"@id":"https:\/\/volcanes.net\/?p=3376"},"wordCount":183,"commentCount":0,"publisher":{"@id":"https:\/\/volcanes.net\/#organization"},"image":{"@id":"https:\/\/volcanes.net\/?p=3376#primaryimage"},"thumbnailUrl":"https:\/\/volcanes.net\/wp-content\/uploads\/2019\/01\/Luther-King.jpg","keywords":["paz"],"articleSection":["Municipales"],"inLanguage":"es","potentialAction":[{"@type":"CommentAction","name":"Comment","target":["https:\/\/volcanes.net\/?p=3376#respond"]}]},{"@type":"WebPage","@id":"https:\/\/volcanes.net\/?p=3376","url":"https:\/\/volcanes.net\/?p=3376","name":"Martin Luther King Jr., el hombre que luch\u00f3 por los derechos civiles de los afroamericanos\u2026 \u201cI have a dream\u201d - Volcanes","isPartOf":{"@id":"https:\/\/volcanes.net\/#website"},"primaryImageOfPage":{"@id":"https:\/\/volcanes.net\/?p=3376#primaryimage"},"image":{"@id":"https:\/\/volcanes.net\/?p=3376#primaryimage"},"thumbnailUrl":"https:\/\/volcanes.net\/wp-content\/uploads\/2019\/01\/Luther-King.jpg","datePublished":"2019-01-15T23:40:38+00:00","breadcrumb":{"@id":"https:\/\/volcanes.net\/?p=3376#breadcrumb"},"inLanguage":"es","potentialAction":[{"@type":"ReadAction","target":["https:\/\/volcanes.net\/?p=3376"]}]},{"@type":"ImageObject","inLanguage":"es","@id":"https:\/\/volcanes.net\/?p=3376#primaryimage","url":"https:\/\/volcanes.net\/wp-content\/uploads\/2019\/01\/Luther-King.jpg","contentUrl":"https:\/\/volcanes.net\/wp-content\/uploads\/2019\/01\/Luther-King.jpg","width":181,"height":279},{"@type":"BreadcrumbList","@id":"https:\/\/volcanes.net\/?p=3376#breadcrumb","itemListElement":[{"@type":"ListItem","position":1,"name":"Portada","item":"https:\/\/volcanes.net\/"},{"@type":"ListItem","position":2,"name":"Martin Luther King Jr., el hombre que luch\u00f3 por los derechos civiles de los afroamericanos\u2026 \u201cI have a dream\u201d"}]},{"@type":"WebSite","@id":"https:\/\/volcanes.net\/#website","url":"https:\/\/volcanes.net\/","name":"Volcanes.Net","description":"Periodismo Profesional","publisher":{"@id":"https:\/\/volcanes.net\/#organization"},"potentialAction":[{"@type":"SearchAction","target":{"@type":"EntryPoint","urlTemplate":"https:\/\/volcanes.net\/?s={search_term_string}"},"query-input":{"@type":"PropertyValueSpecification","valueRequired":true,"valueName":"search_term_string"}}],"inLanguage":"es"},{"@type":"Organization","@id":"https:\/\/volcanes.net\/#organization","name":"Grupo Volcanes","url":"https:\/\/volcanes.net\/","logo":{"@type":"ImageObject","inLanguage":"es","@id":"https:\/\/volcanes.net\/#\/schema\/logo\/image\/","url":"http:\/\/volcanes.net\/wp-content\/uploads\/2017\/12\/Avatar2.jpg","contentUrl":"http:\/\/volcanes.net\/wp-content\/uploads\/2017\/12\/Avatar2.jpg","width":378,"height":378,"caption":"Grupo Volcanes"},"image":{"@id":"https:\/\/volcanes.net\/#\/schema\/logo\/image\/"},"sameAs":["https:\/\/www.facebook.com\/volcanes.net\/"]},{"@type":"Person","@id":"https:\/\/volcanes.net\/#\/schema\/person\/4bf0f383940966a4abd53f5048c0e6b9","name":"admin","image":{"@type":"ImageObject","inLanguage":"es","@id":"https:\/\/volcanes.net\/#\/schema\/person\/image\/","url":"https:\/\/secure.gravatar.com\/avatar\/ca004e6cba8462b8cb7abc86e382930c?s=96&d=mm&r=g","contentUrl":"https:\/\/secure.gravatar.com\/avatar\/ca004e6cba8462b8cb7abc86e382930c?s=96&d=mm&r=g","caption":"admin"}}]}},"_links":{"self":[{"href":"https:\/\/volcanes.net\/index.php?rest_route=\/wp\/v2\/posts\/3376"}],"collection":[{"href":"https:\/\/volcanes.net\/index.php?rest_route=\/wp\/v2\/posts"}],"about":[{"href":"https:\/\/volcanes.net\/index.php?rest_route=\/wp\/v2\/types\/post"}],"author":[{"embeddable":true,"href":"https:\/\/volcanes.net\/index.php?rest_route=\/wp\/v2\/users\/1"}],"replies":[{"embeddable":true,"href":"https:\/\/volcanes.net\/index.php?rest_route=%2Fwp%2Fv2%2Fcomments&post=3376"}],"version-history":[{"count":1,"href":"https:\/\/volcanes.net\/index.php?rest_route=\/wp\/v2\/posts\/3376\/revisions"}],"predecessor-version":[{"id":3378,"href":"https:\/\/volcanes.net\/index.php?rest_route=\/wp\/v2\/posts\/3376\/revisions\/3378"}],"wp:featuredmedia":[{"embeddable":true,"href":"https:\/\/volcanes.net\/index.php?rest_route=\/wp\/v2\/media\/3377"}],"wp:attachment":[{"href":"https:\/\/volcanes.net\/index.php?rest_route=%2Fwp%2Fv2%2Fmedia&parent=3376"}],"wp:term":[{"taxonomy":"category","embeddable":true,"href":"https:\/\/volcanes.net\/index.php?rest_route=%2Fwp%2Fv2%2Fcategories&post=3376"},{"taxonomy":"post_tag","embeddable":true,"href":"https:\/\/volcanes.net\/index.php?rest_route=%2Fwp%2Fv2%2Ftags&post=3376"}],"curies":[{"name":"wp","href":"https:\/\/api.w.org\/{rel}","templated":true}]}}