{"id":3393,"date":"2019-01-16T00:25:18","date_gmt":"2019-01-16T00:25:18","guid":{"rendered":"http:\/\/volcanes.net\/?p=3393"},"modified":"2019-01-16T00:25:18","modified_gmt":"2019-01-16T00:25:18","slug":"enterate-este-ano-se-destinaran-2-mil-455-millones-de-pesos-para-fortalecer-el-campo-mexiquense","status":"publish","type":"post","link":"https:\/\/volcanes.net\/?p=3393","title":{"rendered":"\u00a1Ent\u00e9rate! Este a\u00f1o se destinar\u00e1n 2 mil 455 millones de pesos para fortalecer el campo mexiquense"},"content":{"rendered":"<div style=\"margin-top: 0px; margin-bottom: 0px;\" class=\"sharethis-inline-share-buttons\" ><\/div><p>Con la finalidad de fortalecer la productividad del campo mexiquense y seguir consolid\u00e1ndolo a nivel nacional, en 2019 el presupuesto destinado a este sector ser\u00e1 de 2 mil 455 millones de pesos, inform\u00f3 el Gobernador Alfredo Del Mazo Maza, durante la entrega de indemnizaciones del Seguro Agr\u00edcola Catastr\u00f3fico.<\/p>\n<p>\u201cSon 2 mil 455 millones de pesos que va a recibir el campo mexiquense este a\u00f1o para fortalecerlos, para apoyarles, para que tengamos un mayor rendimiento para las mujeres y hombres campesinos del Estado de M\u00e9xico\u201d, puntualiz\u00f3.<\/p>\n<p>En esta gira de trabajo, Del Mazo Maza entreg\u00f3 apoyos del Seguro Agr\u00edcola Catastr\u00f3fico a productores de ma\u00edz de los municipios de Soyaniquilpan, Timilpan, Villa del Carb\u00f3n, Aculco, Chapa de Mota, Jilotepec y Polotitl\u00e1n, quienes perdieron parte de su cosecha por fen\u00f3menos climatol\u00f3gicos como heladas, sequ\u00edas, granizadas, aguas torrenciales, entre otros.<\/p>\n<p>\u201cEl d\u00eda de hoy hacemos entrega de este apoyo a quienes perdieron sus cosechas el a\u00f1o pasado, a quienes tuvieron afectaciones en parte de sus cosechas, y gracias a este esfuerzo vamos a estar apoyando a m\u00e1s de 10 mil 500 peque\u00f1os productores del campo mexiquense en todo el estado, con ese compromiso que tenemos; estaremos entregando en los pr\u00f3ximos d\u00edas m\u00e1s de 25 millones de pesos a distintos productores\u201d, detall\u00f3.<\/p>\n<p>Alfredo Del Mazo agreg\u00f3 que tambi\u00e9n se seguir\u00e1 con el impulso de la alta productividad, modalidad que permite tener mayor rendimiento por hect\u00e1rea.<\/p>\n<p>Por ejemplo, dijo, en 2018 en la entidad se logr\u00f3 que las hect\u00e1reas de ma\u00edz rindieran hasta 8.9 toneladas por hect\u00e1rea, cuando el promedio estatal es de 4.3 toneladas por hect\u00e1rea.<\/p>\n<p>El Gobernador mexiquense se\u00f1al\u00f3 que estos resultados se derivan de la fortaleza y el trabajo de las mujeres y hombres que se dedican al campo, por lo que agradeci\u00f3 la labor que llevan a cabo diariamente, ya que por ellos las familias mexiquenses y mexicanas tienen alimentos en sus mesas.<\/p>\n<p>\u201cEstamos muy orgullosos del campo en nuestro querido Estado de M\u00e9xico, el a\u00f1o pasado, el 2018, logramos mantenernos como el principal productor de flores de todo el pa\u00eds, logramos el primer lugar de la producci\u00f3n de haba, de la producci\u00f3n de ch\u00edcharos, y logramos el tercer lugar en la producci\u00f3n de ma\u00edz\u201d, manifest\u00f3.<\/p>\n<p>Asimismo, dese\u00f3 a los productores del campo mexiquense que el pr\u00f3ximo ciclo agr\u00edcola que inicia en marzo, sea exitoso, y reiter\u00f3 el compromiso de la administraci\u00f3n estatal de seguir apoy\u00e1ndolos en lo que requieran, como lo ha sido hasta ahora con la entrega de semilla mejorada, fertilizantes, tecnolog\u00eda, infraestructura hidr\u00e1ulica, insumos y canales de riego, entre otros, adem\u00e1s de que se volver\u00e1 a contratar el Seguro Agr\u00edcola Catastr\u00f3fico, para las m\u00e1s de 500 mil hect\u00e1reas de ma\u00edz con las que cuenta el Estado de M\u00e9xico.<\/p>\n<p>Durante su intervenci\u00f3n, Dar\u00edo Zacar\u00edas Capuchino, Secretario de Desarrollo Agropecuario, destac\u00f3 que con el pago de esta indemnizaci\u00f3n que recibieron los productores que se vieron afectados, se pretende incentivar el desarrollo del campo en la entidad, adem\u00e1s, indic\u00f3 que en la dependencia a su cargo se seguir\u00e1n impulsando las pol\u00edticas p\u00fablicas en esta materia.<\/p>\n","protected":false},"excerpt":{"rendered":"<p>Con la finalidad de fortalecer la productividad del campo mexiquense y seguir consolid\u00e1ndolo a nivel<\/p>\n","protected":false},"author":1,"featured_media":3394,"comment_status":"open","ping_status":"open","sticky":false,"template":"","format":"standard","meta":{"footnotes":""},"categories":[3],"tags":[4],"class_list":["post-3393","post","type-post","status-publish","format-standard","has-post-thumbnail","hentry","category-estatales","tag-gobierno-del-estado-de-mexico"],"yoast_head":"<!-- This site is optimized with the Yoast SEO plugin v25.3 - https:\/\/yoast.com\/wordpress\/plugins\/seo\/ -->\n<title>\u00a1Ent\u00e9rate! Este a\u00f1o se destinar\u00e1n 2 mil 455 millones de pesos para fortalecer el campo mexiquense - Volcanes<\/title>\n<meta name=\"robots\" content=\"index, follow, max-snippet:-1, max-image-preview:large, max-video-preview:-1\" \/>\n<link rel=\"canonical\" href=\"https:\/\/volcanes.net\/?p=3393\" \/>\n<meta property=\"og:locale\" content=\"es_MX\" \/>\n<meta property=\"og:type\" content=\"article\" \/>\n<meta property=\"og:title\" content=\"\u00a1Ent\u00e9rate! Este a\u00f1o se destinar\u00e1n 2 mil 455 millones de pesos para fortalecer el campo mexiquense - Volcanes\" \/>\n<meta property=\"og:description\" content=\"Con la finalidad de fortalecer la productividad del campo mexiquense y seguir consolid\u00e1ndolo a nivel\" \/>\n<meta property=\"og:url\" content=\"https:\/\/volcanes.net\/?p=3393\" \/>\n<meta property=\"og:site_name\" content=\"Volcanes\" \/>\n<meta property=\"article:publisher\" content=\"https:\/\/www.facebook.com\/volcanes.net\/\" \/>\n<meta property=\"article:published_time\" content=\"2019-01-16T00:25:18+00:00\" \/>\n<meta property=\"og:image\" content=\"https:\/\/volcanes.net\/wp-content\/uploads\/2019\/01\/Alfredo-Del-Mazo-Timilpan-1-1-680x471.jpeg\" \/>\n\t<meta property=\"og:image:width\" content=\"680\" \/>\n\t<meta property=\"og:image:height\" content=\"471\" \/>\n\t<meta property=\"og:image:type\" content=\"image\/jpeg\" \/>\n<meta name=\"author\" content=\"admin\" \/>\n<meta name=\"twitter:card\" content=\"summary_large_image\" \/>\n<meta name=\"twitter:label1\" content=\"Escrito por\" \/>\n\t<meta name=\"twitter:data1\" content=\"admin\" \/>\n\t<meta name=\"twitter:label2\" content=\"Tiempo de lectura\" \/>\n\t<meta name=\"twitter:data2\" content=\"3 minutos\" \/>\n<script type=\"application\/ld+json\" class=\"yoast-schema-graph\">{\"@context\":\"https:\/\/schema.org\",\"@graph\":[{\"@type\":\"Article\",\"@id\":\"https:\/\/volcanes.net\/?p=3393#article\",\"isPartOf\":{\"@id\":\"https:\/\/volcanes.net\/?p=3393\"},\"author\":{\"name\":\"admin\",\"@id\":\"https:\/\/volcanes.net\/#\/schema\/person\/4bf0f383940966a4abd53f5048c0e6b9\"},\"headline\":\"\u00a1Ent\u00e9rate! Este a\u00f1o se destinar\u00e1n 2 mil 455 millones de pesos para fortalecer el campo mexiquense\",\"datePublished\":\"2019-01-16T00:25:18+00:00\",\"mainEntityOfPage\":{\"@id\":\"https:\/\/volcanes.net\/?p=3393\"},\"wordCount\":563,\"commentCount\":0,\"publisher\":{\"@id\":\"https:\/\/volcanes.net\/#organization\"},\"image\":{\"@id\":\"https:\/\/volcanes.net\/?p=3393#primaryimage\"},\"thumbnailUrl\":\"https:\/\/volcanes.net\/wp-content\/uploads\/2019\/01\/Alfredo-Del-Mazo-Timilpan-1-1-680x471.jpeg\",\"keywords\":[\"Gobierno del Estado de M\u00e9xico\"],\"articleSection\":[\"Estatales\"],\"inLanguage\":\"es\",\"potentialAction\":[{\"@type\":\"CommentAction\",\"name\":\"Comment\",\"target\":[\"https:\/\/volcanes.net\/?p=3393#respond\"]}]},{\"@type\":\"WebPage\",\"@id\":\"https:\/\/volcanes.net\/?p=3393\",\"url\":\"https:\/\/volcanes.net\/?p=3393\",\"name\":\"\u00a1Ent\u00e9rate! Este a\u00f1o se destinar\u00e1n 2 mil 455 millones de pesos para fortalecer el campo mexiquense - Volcanes\",\"isPartOf\":{\"@id\":\"https:\/\/volcanes.net\/#website\"},\"primaryImageOfPage\":{\"@id\":\"https:\/\/volcanes.net\/?p=3393#primaryimage\"},\"image\":{\"@id\":\"https:\/\/volcanes.net\/?p=3393#primaryimage\"},\"thumbnailUrl\":\"https:\/\/volcanes.net\/wp-content\/uploads\/2019\/01\/Alfredo-Del-Mazo-Timilpan-1-1-680x471.jpeg\",\"datePublished\":\"2019-01-16T00:25:18+00:00\",\"breadcrumb\":{\"@id\":\"https:\/\/volcanes.net\/?p=3393#breadcrumb\"},\"inLanguage\":\"es\",\"potentialAction\":[{\"@type\":\"ReadAction\",\"target\":[\"https:\/\/volcanes.net\/?p=3393\"]}]},{\"@type\":\"ImageObject\",\"inLanguage\":\"es\",\"@id\":\"https:\/\/volcanes.net\/?p=3393#primaryimage\",\"url\":\"https:\/\/volcanes.net\/wp-content\/uploads\/2019\/01\/Alfredo-Del-Mazo-Timilpan-1-1-680x471.jpeg\",\"contentUrl\":\"https:\/\/volcanes.net\/wp-content\/uploads\/2019\/01\/Alfredo-Del-Mazo-Timilpan-1-1-680x471.jpeg\",\"width\":680,\"height\":471},{\"@type\":\"BreadcrumbList\",\"@id\":\"https:\/\/volcanes.net\/?p=3393#breadcrumb\",\"itemListElement\":[{\"@type\":\"ListItem\",\"position\":1,\"name\":\"Portada\",\"item\":\"https:\/\/volcanes.net\/\"},{\"@type\":\"ListItem\",\"position\":2,\"name\":\"\u00a1Ent\u00e9rate! Este a\u00f1o se destinar\u00e1n 2 mil 455 millones de pesos para fortalecer el campo mexiquense\"}]},{\"@type\":\"WebSite\",\"@id\":\"https:\/\/volcanes.net\/#website\",\"url\":\"https:\/\/volcanes.net\/\",\"name\":\"Volcanes.Net\",\"description\":\"Periodismo Profesional\",\"publisher\":{\"@id\":\"https:\/\/volcanes.net\/#organization\"},\"potentialAction\":[{\"@type\":\"SearchAction\",\"target\":{\"@type\":\"EntryPoint\",\"urlTemplate\":\"https:\/\/volcanes.net\/?s={search_term_string}\"},\"query-input\":{\"@type\":\"PropertyValueSpecification\",\"valueRequired\":true,\"valueName\":\"search_term_string\"}}],\"inLanguage\":\"es\"},{\"@type\":\"Organization\",\"@id\":\"https:\/\/volcanes.net\/#organization\",\"name\":\"Grupo Volcanes\",\"url\":\"https:\/\/volcanes.net\/\",\"logo\":{\"@type\":\"ImageObject\",\"inLanguage\":\"es\",\"@id\":\"https:\/\/volcanes.net\/#\/schema\/logo\/image\/\",\"url\":\"http:\/\/volcanes.net\/wp-content\/uploads\/2017\/12\/Avatar2.jpg\",\"contentUrl\":\"http:\/\/volcanes.net\/wp-content\/uploads\/2017\/12\/Avatar2.jpg\",\"width\":378,\"height\":378,\"caption\":\"Grupo Volcanes\"},\"image\":{\"@id\":\"https:\/\/volcanes.net\/#\/schema\/logo\/image\/\"},\"sameAs\":[\"https:\/\/www.facebook.com\/volcanes.net\/\"]},{\"@type\":\"Person\",\"@id\":\"https:\/\/volcanes.net\/#\/schema\/person\/4bf0f383940966a4abd53f5048c0e6b9\",\"name\":\"admin\",\"image\":{\"@type\":\"ImageObject\",\"inLanguage\":\"es\",\"@id\":\"https:\/\/volcanes.net\/#\/schema\/person\/image\/\",\"url\":\"https:\/\/secure.gravatar.com\/avatar\/ca004e6cba8462b8cb7abc86e382930c?s=96&d=mm&r=g\",\"contentUrl\":\"https:\/\/secure.gravatar.com\/avatar\/ca004e6cba8462b8cb7abc86e382930c?s=96&d=mm&r=g\",\"caption\":\"admin\"}}]}<\/script>\n<!-- \/ Yoast SEO plugin. -->","yoast_head_json":{"title":"\u00a1Ent\u00e9rate! Este a\u00f1o se destinar\u00e1n 2 mil 455 millones de pesos para fortalecer el campo mexiquense - Volcanes","robots":{"index":"index","follow":"follow","max-snippet":"max-snippet:-1","max-image-preview":"max-image-preview:large","max-video-preview":"max-video-preview:-1"},"canonical":"https:\/\/volcanes.net\/?p=3393","og_locale":"es_MX","og_type":"article","og_title":"\u00a1Ent\u00e9rate! Este a\u00f1o se destinar\u00e1n 2 mil 455 millones de pesos para fortalecer el campo mexiquense - Volcanes","og_description":"Con la finalidad de fortalecer la productividad del campo mexiquense y seguir consolid\u00e1ndolo a nivel","og_url":"https:\/\/volcanes.net\/?p=3393","og_site_name":"Volcanes","article_publisher":"https:\/\/www.facebook.com\/volcanes.net\/","article_published_time":"2019-01-16T00:25:18+00:00","og_image":[{"width":680,"height":471,"url":"https:\/\/volcanes.net\/wp-content\/uploads\/2019\/01\/Alfredo-Del-Mazo-Timilpan-1-1-680x471.jpeg","type":"image\/jpeg"}],"author":"admin","twitter_card":"summary_large_image","twitter_misc":{"Escrito por":"admin","Tiempo de lectura":"3 minutos"},"schema":{"@context":"https:\/\/schema.org","@graph":[{"@type":"Article","@id":"https:\/\/volcanes.net\/?p=3393#article","isPartOf":{"@id":"https:\/\/volcanes.net\/?p=3393"},"author":{"name":"admin","@id":"https:\/\/volcanes.net\/#\/schema\/person\/4bf0f383940966a4abd53f5048c0e6b9"},"headline":"\u00a1Ent\u00e9rate! Este a\u00f1o se destinar\u00e1n 2 mil 455 millones de pesos para fortalecer el campo mexiquense","datePublished":"2019-01-16T00:25:18+00:00","mainEntityOfPage":{"@id":"https:\/\/volcanes.net\/?p=3393"},"wordCount":563,"commentCount":0,"publisher":{"@id":"https:\/\/volcanes.net\/#organization"},"image":{"@id":"https:\/\/volcanes.net\/?p=3393#primaryimage"},"thumbnailUrl":"https:\/\/volcanes.net\/wp-content\/uploads\/2019\/01\/Alfredo-Del-Mazo-Timilpan-1-1-680x471.jpeg","keywords":["Gobierno del Estado de M\u00e9xico"],"articleSection":["Estatales"],"inLanguage":"es","potentialAction":[{"@type":"CommentAction","name":"Comment","target":["https:\/\/volcanes.net\/?p=3393#respond"]}]},{"@type":"WebPage","@id":"https:\/\/volcanes.net\/?p=3393","url":"https:\/\/volcanes.net\/?p=3393","name":"\u00a1Ent\u00e9rate! Este a\u00f1o se destinar\u00e1n 2 mil 455 millones de pesos para fortalecer el campo mexiquense - Volcanes","isPartOf":{"@id":"https:\/\/volcanes.net\/#website"},"primaryImageOfPage":{"@id":"https:\/\/volcanes.net\/?p=3393#primaryimage"},"image":{"@id":"https:\/\/volcanes.net\/?p=3393#primaryimage"},"thumbnailUrl":"https:\/\/volcanes.net\/wp-content\/uploads\/2019\/01\/Alfredo-Del-Mazo-Timilpan-1-1-680x471.jpeg","datePublished":"2019-01-16T00:25:18+00:00","breadcrumb":{"@id":"https:\/\/volcanes.net\/?p=3393#breadcrumb"},"inLanguage":"es","potentialAction":[{"@type":"ReadAction","target":["https:\/\/volcanes.net\/?p=3393"]}]},{"@type":"ImageObject","inLanguage":"es","@id":"https:\/\/volcanes.net\/?p=3393#primaryimage","url":"https:\/\/volcanes.net\/wp-content\/uploads\/2019\/01\/Alfredo-Del-Mazo-Timilpan-1-1-680x471.jpeg","contentUrl":"https:\/\/volcanes.net\/wp-content\/uploads\/2019\/01\/Alfredo-Del-Mazo-Timilpan-1-1-680x471.jpeg","width":680,"height":471},{"@type":"BreadcrumbList","@id":"https:\/\/volcanes.net\/?p=3393#breadcrumb","itemListElement":[{"@type":"ListItem","position":1,"name":"Portada","item":"https:\/\/volcanes.net\/"},{"@type":"ListItem","position":2,"name":"\u00a1Ent\u00e9rate! Este a\u00f1o se destinar\u00e1n 2 mil 455 millones de pesos para fortalecer el campo mexiquense"}]},{"@type":"WebSite","@id":"https:\/\/volcanes.net\/#website","url":"https:\/\/volcanes.net\/","name":"Volcanes.Net","description":"Periodismo Profesional","publisher":{"@id":"https:\/\/volcanes.net\/#organization"},"potentialAction":[{"@type":"SearchAction","target":{"@type":"EntryPoint","urlTemplate":"https:\/\/volcanes.net\/?s={search_term_string}"},"query-input":{"@type":"PropertyValueSpecification","valueRequired":true,"valueName":"search_term_string"}}],"inLanguage":"es"},{"@type":"Organization","@id":"https:\/\/volcanes.net\/#organization","name":"Grupo Volcanes","url":"https:\/\/volcanes.net\/","logo":{"@type":"ImageObject","inLanguage":"es","@id":"https:\/\/volcanes.net\/#\/schema\/logo\/image\/","url":"http:\/\/volcanes.net\/wp-content\/uploads\/2017\/12\/Avatar2.jpg","contentUrl":"http:\/\/volcanes.net\/wp-content\/uploads\/2017\/12\/Avatar2.jpg","width":378,"height":378,"caption":"Grupo Volcanes"},"image":{"@id":"https:\/\/volcanes.net\/#\/schema\/logo\/image\/"},"sameAs":["https:\/\/www.facebook.com\/volcanes.net\/"]},{"@type":"Person","@id":"https:\/\/volcanes.net\/#\/schema\/person\/4bf0f383940966a4abd53f5048c0e6b9","name":"admin","image":{"@type":"ImageObject","inLanguage":"es","@id":"https:\/\/volcanes.net\/#\/schema\/person\/image\/","url":"https:\/\/secure.gravatar.com\/avatar\/ca004e6cba8462b8cb7abc86e382930c?s=96&d=mm&r=g","contentUrl":"https:\/\/secure.gravatar.com\/avatar\/ca004e6cba8462b8cb7abc86e382930c?s=96&d=mm&r=g","caption":"admin"}}]}},"_links":{"self":[{"href":"https:\/\/volcanes.net\/index.php?rest_route=\/wp\/v2\/posts\/3393"}],"collection":[{"href":"https:\/\/volcanes.net\/index.php?rest_route=\/wp\/v2\/posts"}],"about":[{"href":"https:\/\/volcanes.net\/index.php?rest_route=\/wp\/v2\/types\/post"}],"author":[{"embeddable":true,"href":"https:\/\/volcanes.net\/index.php?rest_route=\/wp\/v2\/users\/1"}],"replies":[{"embeddable":true,"href":"https:\/\/volcanes.net\/index.php?rest_route=%2Fwp%2Fv2%2Fcomments&post=3393"}],"version-history":[{"count":1,"href":"https:\/\/volcanes.net\/index.php?rest_route=\/wp\/v2\/posts\/3393\/revisions"}],"predecessor-version":[{"id":3395,"href":"https:\/\/volcanes.net\/index.php?rest_route=\/wp\/v2\/posts\/3393\/revisions\/3395"}],"wp:featuredmedia":[{"embeddable":true,"href":"https:\/\/volcanes.net\/index.php?rest_route=\/wp\/v2\/media\/3394"}],"wp:attachment":[{"href":"https:\/\/volcanes.net\/index.php?rest_route=%2Fwp%2Fv2%2Fmedia&parent=3393"}],"wp:term":[{"taxonomy":"category","embeddable":true,"href":"https:\/\/volcanes.net\/index.php?rest_route=%2Fwp%2Fv2%2Fcategories&post=3393"},{"taxonomy":"post_tag","embeddable":true,"href":"https:\/\/volcanes.net\/index.php?rest_route=%2Fwp%2Fv2%2Ftags&post=3393"}],"curies":[{"name":"wp","href":"https:\/\/api.w.org\/{rel}","templated":true}]}}