{"id":3397,"date":"2019-01-17T03:25:40","date_gmt":"2019-01-17T03:25:40","guid":{"rendered":"http:\/\/volcanes.net\/?p=3397"},"modified":"2019-01-17T03:25:40","modified_gmt":"2019-01-17T03:25:40","slug":"gobierno-de-amecameca-realiza-operativos-de-seguridad-en-coordinacion-con-los-tres-niveles-de-gobierno","status":"publish","type":"post","link":"https:\/\/volcanes.net\/?p=3397","title":{"rendered":"Gobierno de Amecameca realiza operativos de seguridad en coordinaci\u00f3n con los tres niveles de gobierno"},"content":{"rendered":"<div style=\"margin-top: 0px; margin-bottom: 0px;\" class=\"sharethis-inline-share-buttons\" ><\/div><p>\u2022\t Estas acciones de seguridad se realizan apegadas al Plan de Paz instruido por la Presidencia de M\u00e9xico, atendiendo las quejas de la ciudadan\u00eda<\/p>\n<p>\u2022\tParticipan 30 elementos distribuidos en diferentes puntos con apoyo de patrullajes virtuales.<\/p>\n<p>En apego al Plan de Paz instruido por el Presidente de M\u00e9xico y atendiendo las quejas de la ciudadan\u00eda, la Direcci\u00f3n de Seguridad Ciudadana y Tr\u00e1nsito Vial de Amecameca, participa diariamente en las mesas de trabajo que realiza la Coordinaci\u00f3n Territorial Para la Construcci\u00f3n de la Paz, Regi\u00f3n 1 Amecameca.<\/p>\n<p>Derivado de estos trabajos se efect\u00faan operativos de seguridad en los que participan las autoridades de los tres niveles de gobierno, encabezados por elementos de la Guardia Nacional, en conjunto con elementos de la Polic\u00eda Federal, Polic\u00eda Estatal y Polic\u00eda Municipal.<\/p>\n<p>En total, 30 elementos distribuidos en diferentes puntos, con apoyo de patrullajes virtuales del C2 Municipal y 5 unidades de autotransporte, fijan filtros de revisi\u00f3n de forma aleatoria por el municipio.<\/p>\n<p>La finalidad de estos operativos es brindar mayor seguridad a la ciudadan\u00eda, tema que se encontraba descuidado ya que desde hac\u00eda m\u00e1s de un a\u00f1o estos operativos no se llevaban a cabo.<\/p>\n","protected":false},"excerpt":{"rendered":"<p>\u2022 Estas acciones de seguridad se realizan apegadas al Plan de Paz instruido por la<\/p>\n","protected":false},"author":1,"featured_media":3396,"comment_status":"open","ping_status":"open","sticky":false,"template":"","format":"standard","meta":{"footnotes":""},"categories":[1],"tags":[7],"class_list":["post-3397","post","type-post","status-publish","format-standard","has-post-thumbnail","hentry","category-municipales","tag-amecameca"],"yoast_head":"<!-- This site is optimized with the Yoast SEO plugin v25.3 - https:\/\/yoast.com\/wordpress\/plugins\/seo\/ -->\n<title>Gobierno de Amecameca realiza operativos de seguridad en coordinaci\u00f3n con los tres niveles de gobierno - Volcanes<\/title>\n<meta name=\"robots\" content=\"index, follow, max-snippet:-1, max-image-preview:large, max-video-preview:-1\" \/>\n<link rel=\"canonical\" href=\"https:\/\/volcanes.net\/?p=3397\" \/>\n<meta property=\"og:locale\" content=\"es_MX\" \/>\n<meta property=\"og:type\" content=\"article\" \/>\n<meta property=\"og:title\" content=\"Gobierno de Amecameca realiza operativos de seguridad en coordinaci\u00f3n con los tres niveles de gobierno - Volcanes\" \/>\n<meta property=\"og:description\" content=\"\u2022 Estas acciones de seguridad se realizan apegadas al Plan de Paz instruido por la\" \/>\n<meta property=\"og:url\" content=\"https:\/\/volcanes.net\/?p=3397\" \/>\n<meta property=\"og:site_name\" content=\"Volcanes\" \/>\n<meta property=\"article:publisher\" content=\"https:\/\/www.facebook.com\/volcanes.net\/\" \/>\n<meta property=\"article:published_time\" content=\"2019-01-17T03:25:40+00:00\" \/>\n<meta property=\"og:image\" content=\"https:\/\/volcanes.net\/wp-content\/uploads\/2019\/01\/IMG-20190116-WA0025.jpg\" \/>\n\t<meta property=\"og:image:width\" content=\"1280\" \/>\n\t<meta property=\"og:image:height\" content=\"836\" \/>\n\t<meta property=\"og:image:type\" content=\"image\/jpeg\" \/>\n<meta name=\"author\" content=\"admin\" \/>\n<meta name=\"twitter:card\" content=\"summary_large_image\" \/>\n<meta name=\"twitter:label1\" content=\"Escrito por\" \/>\n\t<meta name=\"twitter:data1\" content=\"admin\" \/>\n\t<meta name=\"twitter:label2\" content=\"Tiempo de lectura\" \/>\n\t<meta name=\"twitter:data2\" content=\"1 minuto\" \/>\n<script type=\"application\/ld+json\" class=\"yoast-schema-graph\">{\"@context\":\"https:\/\/schema.org\",\"@graph\":[{\"@type\":\"Article\",\"@id\":\"https:\/\/volcanes.net\/?p=3397#article\",\"isPartOf\":{\"@id\":\"https:\/\/volcanes.net\/?p=3397\"},\"author\":{\"name\":\"admin\",\"@id\":\"https:\/\/volcanes.net\/#\/schema\/person\/4bf0f383940966a4abd53f5048c0e6b9\"},\"headline\":\"Gobierno de Amecameca realiza operativos de seguridad en coordinaci\u00f3n con los tres niveles de gobierno\",\"datePublished\":\"2019-01-17T03:25:40+00:00\",\"mainEntityOfPage\":{\"@id\":\"https:\/\/volcanes.net\/?p=3397\"},\"wordCount\":219,\"commentCount\":0,\"publisher\":{\"@id\":\"https:\/\/volcanes.net\/#organization\"},\"image\":{\"@id\":\"https:\/\/volcanes.net\/?p=3397#primaryimage\"},\"thumbnailUrl\":\"https:\/\/volcanes.net\/wp-content\/uploads\/2019\/01\/IMG-20190116-WA0025.jpg\",\"keywords\":[\"Amecameca\"],\"articleSection\":[\"Municipales\"],\"inLanguage\":\"es\",\"potentialAction\":[{\"@type\":\"CommentAction\",\"name\":\"Comment\",\"target\":[\"https:\/\/volcanes.net\/?p=3397#respond\"]}]},{\"@type\":\"WebPage\",\"@id\":\"https:\/\/volcanes.net\/?p=3397\",\"url\":\"https:\/\/volcanes.net\/?p=3397\",\"name\":\"Gobierno de Amecameca realiza operativos de seguridad en coordinaci\u00f3n con los tres niveles de gobierno - Volcanes\",\"isPartOf\":{\"@id\":\"https:\/\/volcanes.net\/#website\"},\"primaryImageOfPage\":{\"@id\":\"https:\/\/volcanes.net\/?p=3397#primaryimage\"},\"image\":{\"@id\":\"https:\/\/volcanes.net\/?p=3397#primaryimage\"},\"thumbnailUrl\":\"https:\/\/volcanes.net\/wp-content\/uploads\/2019\/01\/IMG-20190116-WA0025.jpg\",\"datePublished\":\"2019-01-17T03:25:40+00:00\",\"breadcrumb\":{\"@id\":\"https:\/\/volcanes.net\/?p=3397#breadcrumb\"},\"inLanguage\":\"es\",\"potentialAction\":[{\"@type\":\"ReadAction\",\"target\":[\"https:\/\/volcanes.net\/?p=3397\"]}]},{\"@type\":\"ImageObject\",\"inLanguage\":\"es\",\"@id\":\"https:\/\/volcanes.net\/?p=3397#primaryimage\",\"url\":\"https:\/\/volcanes.net\/wp-content\/uploads\/2019\/01\/IMG-20190116-WA0025.jpg\",\"contentUrl\":\"https:\/\/volcanes.net\/wp-content\/uploads\/2019\/01\/IMG-20190116-WA0025.jpg\",\"width\":1280,\"height\":836},{\"@type\":\"BreadcrumbList\",\"@id\":\"https:\/\/volcanes.net\/?p=3397#breadcrumb\",\"itemListElement\":[{\"@type\":\"ListItem\",\"position\":1,\"name\":\"Portada\",\"item\":\"https:\/\/volcanes.net\/\"},{\"@type\":\"ListItem\",\"position\":2,\"name\":\"Gobierno de Amecameca realiza operativos de seguridad en coordinaci\u00f3n con los tres niveles de gobierno\"}]},{\"@type\":\"WebSite\",\"@id\":\"https:\/\/volcanes.net\/#website\",\"url\":\"https:\/\/volcanes.net\/\",\"name\":\"Volcanes.Net\",\"description\":\"Periodismo Profesional\",\"publisher\":{\"@id\":\"https:\/\/volcanes.net\/#organization\"},\"potentialAction\":[{\"@type\":\"SearchAction\",\"target\":{\"@type\":\"EntryPoint\",\"urlTemplate\":\"https:\/\/volcanes.net\/?s={search_term_string}\"},\"query-input\":{\"@type\":\"PropertyValueSpecification\",\"valueRequired\":true,\"valueName\":\"search_term_string\"}}],\"inLanguage\":\"es\"},{\"@type\":\"Organization\",\"@id\":\"https:\/\/volcanes.net\/#organization\",\"name\":\"Grupo Volcanes\",\"url\":\"https:\/\/volcanes.net\/\",\"logo\":{\"@type\":\"ImageObject\",\"inLanguage\":\"es\",\"@id\":\"https:\/\/volcanes.net\/#\/schema\/logo\/image\/\",\"url\":\"http:\/\/volcanes.net\/wp-content\/uploads\/2017\/12\/Avatar2.jpg\",\"contentUrl\":\"http:\/\/volcanes.net\/wp-content\/uploads\/2017\/12\/Avatar2.jpg\",\"width\":378,\"height\":378,\"caption\":\"Grupo Volcanes\"},\"image\":{\"@id\":\"https:\/\/volcanes.net\/#\/schema\/logo\/image\/\"},\"sameAs\":[\"https:\/\/www.facebook.com\/volcanes.net\/\"]},{\"@type\":\"Person\",\"@id\":\"https:\/\/volcanes.net\/#\/schema\/person\/4bf0f383940966a4abd53f5048c0e6b9\",\"name\":\"admin\",\"image\":{\"@type\":\"ImageObject\",\"inLanguage\":\"es\",\"@id\":\"https:\/\/volcanes.net\/#\/schema\/person\/image\/\",\"url\":\"https:\/\/secure.gravatar.com\/avatar\/ca004e6cba8462b8cb7abc86e382930c?s=96&d=mm&r=g\",\"contentUrl\":\"https:\/\/secure.gravatar.com\/avatar\/ca004e6cba8462b8cb7abc86e382930c?s=96&d=mm&r=g\",\"caption\":\"admin\"}}]}<\/script>\n<!-- \/ Yoast SEO plugin. -->","yoast_head_json":{"title":"Gobierno de Amecameca realiza operativos de seguridad en coordinaci\u00f3n con los tres niveles de gobierno - Volcanes","robots":{"index":"index","follow":"follow","max-snippet":"max-snippet:-1","max-image-preview":"max-image-preview:large","max-video-preview":"max-video-preview:-1"},"canonical":"https:\/\/volcanes.net\/?p=3397","og_locale":"es_MX","og_type":"article","og_title":"Gobierno de Amecameca realiza operativos de seguridad en coordinaci\u00f3n con los tres niveles de gobierno - Volcanes","og_description":"\u2022 Estas acciones de seguridad se realizan apegadas al Plan de Paz instruido por la","og_url":"https:\/\/volcanes.net\/?p=3397","og_site_name":"Volcanes","article_publisher":"https:\/\/www.facebook.com\/volcanes.net\/","article_published_time":"2019-01-17T03:25:40+00:00","og_image":[{"width":1280,"height":836,"url":"https:\/\/volcanes.net\/wp-content\/uploads\/2019\/01\/IMG-20190116-WA0025.jpg","type":"image\/jpeg"}],"author":"admin","twitter_card":"summary_large_image","twitter_misc":{"Escrito por":"admin","Tiempo de lectura":"1 minuto"},"schema":{"@context":"https:\/\/schema.org","@graph":[{"@type":"Article","@id":"https:\/\/volcanes.net\/?p=3397#article","isPartOf":{"@id":"https:\/\/volcanes.net\/?p=3397"},"author":{"name":"admin","@id":"https:\/\/volcanes.net\/#\/schema\/person\/4bf0f383940966a4abd53f5048c0e6b9"},"headline":"Gobierno de Amecameca realiza operativos de seguridad en coordinaci\u00f3n con los tres niveles de gobierno","datePublished":"2019-01-17T03:25:40+00:00","mainEntityOfPage":{"@id":"https:\/\/volcanes.net\/?p=3397"},"wordCount":219,"commentCount":0,"publisher":{"@id":"https:\/\/volcanes.net\/#organization"},"image":{"@id":"https:\/\/volcanes.net\/?p=3397#primaryimage"},"thumbnailUrl":"https:\/\/volcanes.net\/wp-content\/uploads\/2019\/01\/IMG-20190116-WA0025.jpg","keywords":["Amecameca"],"articleSection":["Municipales"],"inLanguage":"es","potentialAction":[{"@type":"CommentAction","name":"Comment","target":["https:\/\/volcanes.net\/?p=3397#respond"]}]},{"@type":"WebPage","@id":"https:\/\/volcanes.net\/?p=3397","url":"https:\/\/volcanes.net\/?p=3397","name":"Gobierno de Amecameca realiza operativos de seguridad en coordinaci\u00f3n con los tres niveles de gobierno - Volcanes","isPartOf":{"@id":"https:\/\/volcanes.net\/#website"},"primaryImageOfPage":{"@id":"https:\/\/volcanes.net\/?p=3397#primaryimage"},"image":{"@id":"https:\/\/volcanes.net\/?p=3397#primaryimage"},"thumbnailUrl":"https:\/\/volcanes.net\/wp-content\/uploads\/2019\/01\/IMG-20190116-WA0025.jpg","datePublished":"2019-01-17T03:25:40+00:00","breadcrumb":{"@id":"https:\/\/volcanes.net\/?p=3397#breadcrumb"},"inLanguage":"es","potentialAction":[{"@type":"ReadAction","target":["https:\/\/volcanes.net\/?p=3397"]}]},{"@type":"ImageObject","inLanguage":"es","@id":"https:\/\/volcanes.net\/?p=3397#primaryimage","url":"https:\/\/volcanes.net\/wp-content\/uploads\/2019\/01\/IMG-20190116-WA0025.jpg","contentUrl":"https:\/\/volcanes.net\/wp-content\/uploads\/2019\/01\/IMG-20190116-WA0025.jpg","width":1280,"height":836},{"@type":"BreadcrumbList","@id":"https:\/\/volcanes.net\/?p=3397#breadcrumb","itemListElement":[{"@type":"ListItem","position":1,"name":"Portada","item":"https:\/\/volcanes.net\/"},{"@type":"ListItem","position":2,"name":"Gobierno de Amecameca realiza operativos de seguridad en coordinaci\u00f3n con los tres niveles de gobierno"}]},{"@type":"WebSite","@id":"https:\/\/volcanes.net\/#website","url":"https:\/\/volcanes.net\/","name":"Volcanes.Net","description":"Periodismo Profesional","publisher":{"@id":"https:\/\/volcanes.net\/#organization"},"potentialAction":[{"@type":"SearchAction","target":{"@type":"EntryPoint","urlTemplate":"https:\/\/volcanes.net\/?s={search_term_string}"},"query-input":{"@type":"PropertyValueSpecification","valueRequired":true,"valueName":"search_term_string"}}],"inLanguage":"es"},{"@type":"Organization","@id":"https:\/\/volcanes.net\/#organization","name":"Grupo Volcanes","url":"https:\/\/volcanes.net\/","logo":{"@type":"ImageObject","inLanguage":"es","@id":"https:\/\/volcanes.net\/#\/schema\/logo\/image\/","url":"http:\/\/volcanes.net\/wp-content\/uploads\/2017\/12\/Avatar2.jpg","contentUrl":"http:\/\/volcanes.net\/wp-content\/uploads\/2017\/12\/Avatar2.jpg","width":378,"height":378,"caption":"Grupo Volcanes"},"image":{"@id":"https:\/\/volcanes.net\/#\/schema\/logo\/image\/"},"sameAs":["https:\/\/www.facebook.com\/volcanes.net\/"]},{"@type":"Person","@id":"https:\/\/volcanes.net\/#\/schema\/person\/4bf0f383940966a4abd53f5048c0e6b9","name":"admin","image":{"@type":"ImageObject","inLanguage":"es","@id":"https:\/\/volcanes.net\/#\/schema\/person\/image\/","url":"https:\/\/secure.gravatar.com\/avatar\/ca004e6cba8462b8cb7abc86e382930c?s=96&d=mm&r=g","contentUrl":"https:\/\/secure.gravatar.com\/avatar\/ca004e6cba8462b8cb7abc86e382930c?s=96&d=mm&r=g","caption":"admin"}}]}},"_links":{"self":[{"href":"https:\/\/volcanes.net\/index.php?rest_route=\/wp\/v2\/posts\/3397"}],"collection":[{"href":"https:\/\/volcanes.net\/index.php?rest_route=\/wp\/v2\/posts"}],"about":[{"href":"https:\/\/volcanes.net\/index.php?rest_route=\/wp\/v2\/types\/post"}],"author":[{"embeddable":true,"href":"https:\/\/volcanes.net\/index.php?rest_route=\/wp\/v2\/users\/1"}],"replies":[{"embeddable":true,"href":"https:\/\/volcanes.net\/index.php?rest_route=%2Fwp%2Fv2%2Fcomments&post=3397"}],"version-history":[{"count":1,"href":"https:\/\/volcanes.net\/index.php?rest_route=\/wp\/v2\/posts\/3397\/revisions"}],"predecessor-version":[{"id":3398,"href":"https:\/\/volcanes.net\/index.php?rest_route=\/wp\/v2\/posts\/3397\/revisions\/3398"}],"wp:featuredmedia":[{"embeddable":true,"href":"https:\/\/volcanes.net\/index.php?rest_route=\/wp\/v2\/media\/3396"}],"wp:attachment":[{"href":"https:\/\/volcanes.net\/index.php?rest_route=%2Fwp%2Fv2%2Fmedia&parent=3397"}],"wp:term":[{"taxonomy":"category","embeddable":true,"href":"https:\/\/volcanes.net\/index.php?rest_route=%2Fwp%2Fv2%2Fcategories&post=3397"},{"taxonomy":"post_tag","embeddable":true,"href":"https:\/\/volcanes.net\/index.php?rest_route=%2Fwp%2Fv2%2Ftags&post=3397"}],"curies":[{"name":"wp","href":"https:\/\/api.w.org\/{rel}","templated":true}]}}