{"id":343,"date":"2018-01-10T15:29:19","date_gmt":"2018-01-10T15:29:19","guid":{"rendered":"http:\/\/volcanes.net\/?p=343"},"modified":"2018-01-10T15:29:19","modified_gmt":"2018-01-10T15:29:19","slug":"formacion-de-estudiantes-debe-ser-eje-de-las-universidades","status":"publish","type":"post","link":"https:\/\/volcanes.net\/?p=343","title":{"rendered":"Formaci\u00f3n de estudiantes debe ser eje de las universidades"},"content":{"rendered":"<div style=\"margin-top: 0px; margin-bottom: 0px;\" class=\"sharethis-inline-share-buttons\" ><\/div><p class=\"x_gmail-MsoNormal\"><span lang=\"ES-MX\">Con la finalidad de evitar desigualdad en la formaci\u00f3n de los estudiantes, la educaci\u00f3n intercultural de nivel superior debe ser repensada, consider\u00f3 el acad\u00e9mico e investigador de la Facultad de Antropolog\u00eda de la Universidad Aut\u00f3noma del Estado de M\u00e9xico, David Figueroa Serrano.<\/span><\/p>\n<p class=\"x_gmail-MsoNormal\"><span lang=\"ES-MX\">\u201cEl modelo de las universidades interculturales est\u00e1 enfocado en la idea de la recuperaci\u00f3n cultural, es decir, algunos rasgos espec\u00edficos, como los rituales, las lenguas originarias y la vestimenta, dejando de lado una visi\u00f3n completa del conocimiento\u201d.<\/span><\/p>\n<p class=\"x_gmail-MsoNormal\"><span lang=\"ES-MX\">Sin duda, afirm\u00f3 el experto universitario, es conveniente mantener continuidad en la recuperaci\u00f3n intercultural, pero el eje de las universidades debe ser la formaci\u00f3n de los estudiantes.<\/span><\/p>\n<p class=\"x_gmail-MsoNormal\"><span lang=\"ES-MX\">El modelo de educaci\u00f3n intercultural, sostuvo, es un avance en la materia; sin embargo, no es inclusivo y limita al estudiante ind\u00edgena de nivel superior a recibir conocimiento que puede ser de su inter\u00e9s, como en las \u00e1reas de la ingenier\u00eda, el derecho, la qu\u00edmica o alguna otra rama del conocimiento que no es contemplada en este modelo, debido a que est\u00e1 dirigido a un grupo social determinado.<\/span><\/p>\n<p class=\"x_gmail-MsoNormal\"><span lang=\"ES-MX\">En la actualidad, David Figueroa Serrano realiza una investigaci\u00f3n en colaboraci\u00f3n con el Instituto Nacional de Antropolog\u00eda e Historia (INAH), a trav\u00e9s del Programa Etnograf\u00eda de los Pueblos Ind\u00edgenas de M\u00e9xico, bajo la l\u00ednea de investigaci\u00f3n de la desigualdad.<\/span><\/p>\n<p class=\"x_gmail-MsoNormal\"><span lang=\"ES-MX\">Mediante este trabajo recoge las experiencias de los estados de M\u00e9xico y Michoac\u00e1n; analiza las pol\u00edticas educativas y en particular, de la formaci\u00f3n intercultural, donde percibe desigualdad, como consecuencia de los programas de estudio que oferta.<\/span><\/p>\n<p class=\"x_gmail-MsoNormal\"><span lang=\"ES-MX\">Como resultado, abund\u00f3 David Figueroa Serrano, preveo generar una propuesta de pol\u00edtica p\u00fablica que pueda ser retomada para generar una educaci\u00f3n intercultural inclusiva.<\/span><\/p>\n","protected":false},"excerpt":{"rendered":"<p>Con la finalidad de evitar desigualdad en la formaci\u00f3n de los estudiantes, la educaci\u00f3n intercultural<\/p>\n","protected":false},"author":1,"featured_media":339,"comment_status":"open","ping_status":"open","sticky":false,"template":"","format":"standard","meta":{"footnotes":""},"categories":[3],"tags":[25,24],"class_list":["post-343","post","type-post","status-publish","format-standard","has-post-thumbnail","hentry","category-estatales","tag-uaem","tag-uaemex"],"yoast_head":"<!-- This site is optimized with the Yoast SEO plugin v25.3 - https:\/\/yoast.com\/wordpress\/plugins\/seo\/ -->\n<title>Formaci\u00f3n de estudiantes debe ser eje de las universidades - Volcanes<\/title>\n<meta name=\"robots\" content=\"index, follow, max-snippet:-1, max-image-preview:large, max-video-preview:-1\" \/>\n<link rel=\"canonical\" href=\"https:\/\/volcanes.net\/?p=343\" \/>\n<meta property=\"og:locale\" content=\"es_MX\" \/>\n<meta property=\"og:type\" content=\"article\" \/>\n<meta property=\"og:title\" content=\"Formaci\u00f3n de estudiantes debe ser eje de las universidades - Volcanes\" \/>\n<meta property=\"og:description\" content=\"Con la finalidad de evitar desigualdad en la formaci\u00f3n de los estudiantes, la educaci\u00f3n intercultural\" \/>\n<meta property=\"og:url\" content=\"https:\/\/volcanes.net\/?p=343\" \/>\n<meta property=\"og:site_name\" content=\"Volcanes\" \/>\n<meta property=\"article:publisher\" content=\"https:\/\/www.facebook.com\/volcanes.net\/\" \/>\n<meta property=\"article:published_time\" content=\"2018-01-10T15:29:19+00:00\" \/>\n<meta property=\"og:image\" content=\"https:\/\/volcanes.net\/wp-content\/uploads\/2018\/01\/comun-025-2.jpg\" \/>\n\t<meta property=\"og:image:width\" content=\"400\" \/>\n\t<meta property=\"og:image:height\" content=\"200\" \/>\n\t<meta property=\"og:image:type\" content=\"image\/jpeg\" \/>\n<meta name=\"author\" content=\"admin\" \/>\n<meta name=\"twitter:card\" content=\"summary_large_image\" \/>\n<meta name=\"twitter:label1\" content=\"Escrito por\" \/>\n\t<meta name=\"twitter:data1\" content=\"admin\" \/>\n\t<meta name=\"twitter:label2\" content=\"Tiempo de lectura\" \/>\n\t<meta name=\"twitter:data2\" content=\"2 minutos\" \/>\n<script type=\"application\/ld+json\" class=\"yoast-schema-graph\">{\"@context\":\"https:\/\/schema.org\",\"@graph\":[{\"@type\":\"Article\",\"@id\":\"https:\/\/volcanes.net\/?p=343#article\",\"isPartOf\":{\"@id\":\"https:\/\/volcanes.net\/?p=343\"},\"author\":{\"name\":\"admin\",\"@id\":\"https:\/\/volcanes.net\/#\/schema\/person\/4bf0f383940966a4abd53f5048c0e6b9\"},\"headline\":\"Formaci\u00f3n de estudiantes debe ser eje de las universidades\",\"datePublished\":\"2018-01-10T15:29:19+00:00\",\"mainEntityOfPage\":{\"@id\":\"https:\/\/volcanes.net\/?p=343\"},\"wordCount\":314,\"commentCount\":0,\"publisher\":{\"@id\":\"https:\/\/volcanes.net\/#organization\"},\"image\":{\"@id\":\"https:\/\/volcanes.net\/?p=343#primaryimage\"},\"thumbnailUrl\":\"https:\/\/volcanes.net\/wp-content\/uploads\/2018\/01\/comun-025-2.jpg\",\"keywords\":[\"UAEM\",\"UAEMEX\"],\"articleSection\":[\"Estatales\"],\"inLanguage\":\"es\",\"potentialAction\":[{\"@type\":\"CommentAction\",\"name\":\"Comment\",\"target\":[\"https:\/\/volcanes.net\/?p=343#respond\"]}]},{\"@type\":\"WebPage\",\"@id\":\"https:\/\/volcanes.net\/?p=343\",\"url\":\"https:\/\/volcanes.net\/?p=343\",\"name\":\"Formaci\u00f3n de estudiantes debe ser eje de las universidades - Volcanes\",\"isPartOf\":{\"@id\":\"https:\/\/volcanes.net\/#website\"},\"primaryImageOfPage\":{\"@id\":\"https:\/\/volcanes.net\/?p=343#primaryimage\"},\"image\":{\"@id\":\"https:\/\/volcanes.net\/?p=343#primaryimage\"},\"thumbnailUrl\":\"https:\/\/volcanes.net\/wp-content\/uploads\/2018\/01\/comun-025-2.jpg\",\"datePublished\":\"2018-01-10T15:29:19+00:00\",\"breadcrumb\":{\"@id\":\"https:\/\/volcanes.net\/?p=343#breadcrumb\"},\"inLanguage\":\"es\",\"potentialAction\":[{\"@type\":\"ReadAction\",\"target\":[\"https:\/\/volcanes.net\/?p=343\"]}]},{\"@type\":\"ImageObject\",\"inLanguage\":\"es\",\"@id\":\"https:\/\/volcanes.net\/?p=343#primaryimage\",\"url\":\"https:\/\/volcanes.net\/wp-content\/uploads\/2018\/01\/comun-025-2.jpg\",\"contentUrl\":\"https:\/\/volcanes.net\/wp-content\/uploads\/2018\/01\/comun-025-2.jpg\",\"width\":400,\"height\":200},{\"@type\":\"BreadcrumbList\",\"@id\":\"https:\/\/volcanes.net\/?p=343#breadcrumb\",\"itemListElement\":[{\"@type\":\"ListItem\",\"position\":1,\"name\":\"Portada\",\"item\":\"https:\/\/volcanes.net\/\"},{\"@type\":\"ListItem\",\"position\":2,\"name\":\"Formaci\u00f3n de estudiantes debe ser eje de las universidades\"}]},{\"@type\":\"WebSite\",\"@id\":\"https:\/\/volcanes.net\/#website\",\"url\":\"https:\/\/volcanes.net\/\",\"name\":\"Volcanes.Net\",\"description\":\"Periodismo Profesional\",\"publisher\":{\"@id\":\"https:\/\/volcanes.net\/#organization\"},\"potentialAction\":[{\"@type\":\"SearchAction\",\"target\":{\"@type\":\"EntryPoint\",\"urlTemplate\":\"https:\/\/volcanes.net\/?s={search_term_string}\"},\"query-input\":{\"@type\":\"PropertyValueSpecification\",\"valueRequired\":true,\"valueName\":\"search_term_string\"}}],\"inLanguage\":\"es\"},{\"@type\":\"Organization\",\"@id\":\"https:\/\/volcanes.net\/#organization\",\"name\":\"Grupo Volcanes\",\"url\":\"https:\/\/volcanes.net\/\",\"logo\":{\"@type\":\"ImageObject\",\"inLanguage\":\"es\",\"@id\":\"https:\/\/volcanes.net\/#\/schema\/logo\/image\/\",\"url\":\"http:\/\/volcanes.net\/wp-content\/uploads\/2017\/12\/Avatar2.jpg\",\"contentUrl\":\"http:\/\/volcanes.net\/wp-content\/uploads\/2017\/12\/Avatar2.jpg\",\"width\":378,\"height\":378,\"caption\":\"Grupo Volcanes\"},\"image\":{\"@id\":\"https:\/\/volcanes.net\/#\/schema\/logo\/image\/\"},\"sameAs\":[\"https:\/\/www.facebook.com\/volcanes.net\/\"]},{\"@type\":\"Person\",\"@id\":\"https:\/\/volcanes.net\/#\/schema\/person\/4bf0f383940966a4abd53f5048c0e6b9\",\"name\":\"admin\",\"image\":{\"@type\":\"ImageObject\",\"inLanguage\":\"es\",\"@id\":\"https:\/\/volcanes.net\/#\/schema\/person\/image\/\",\"url\":\"https:\/\/secure.gravatar.com\/avatar\/ca004e6cba8462b8cb7abc86e382930c?s=96&d=mm&r=g\",\"contentUrl\":\"https:\/\/secure.gravatar.com\/avatar\/ca004e6cba8462b8cb7abc86e382930c?s=96&d=mm&r=g\",\"caption\":\"admin\"}}]}<\/script>\n<!-- \/ Yoast SEO plugin. -->","yoast_head_json":{"title":"Formaci\u00f3n de estudiantes debe ser eje de las universidades - Volcanes","robots":{"index":"index","follow":"follow","max-snippet":"max-snippet:-1","max-image-preview":"max-image-preview:large","max-video-preview":"max-video-preview:-1"},"canonical":"https:\/\/volcanes.net\/?p=343","og_locale":"es_MX","og_type":"article","og_title":"Formaci\u00f3n de estudiantes debe ser eje de las universidades - Volcanes","og_description":"Con la finalidad de evitar desigualdad en la formaci\u00f3n de los estudiantes, la educaci\u00f3n intercultural","og_url":"https:\/\/volcanes.net\/?p=343","og_site_name":"Volcanes","article_publisher":"https:\/\/www.facebook.com\/volcanes.net\/","article_published_time":"2018-01-10T15:29:19+00:00","og_image":[{"width":400,"height":200,"url":"https:\/\/volcanes.net\/wp-content\/uploads\/2018\/01\/comun-025-2.jpg","type":"image\/jpeg"}],"author":"admin","twitter_card":"summary_large_image","twitter_misc":{"Escrito por":"admin","Tiempo de lectura":"2 minutos"},"schema":{"@context":"https:\/\/schema.org","@graph":[{"@type":"Article","@id":"https:\/\/volcanes.net\/?p=343#article","isPartOf":{"@id":"https:\/\/volcanes.net\/?p=343"},"author":{"name":"admin","@id":"https:\/\/volcanes.net\/#\/schema\/person\/4bf0f383940966a4abd53f5048c0e6b9"},"headline":"Formaci\u00f3n de estudiantes debe ser eje de las universidades","datePublished":"2018-01-10T15:29:19+00:00","mainEntityOfPage":{"@id":"https:\/\/volcanes.net\/?p=343"},"wordCount":314,"commentCount":0,"publisher":{"@id":"https:\/\/volcanes.net\/#organization"},"image":{"@id":"https:\/\/volcanes.net\/?p=343#primaryimage"},"thumbnailUrl":"https:\/\/volcanes.net\/wp-content\/uploads\/2018\/01\/comun-025-2.jpg","keywords":["UAEM","UAEMEX"],"articleSection":["Estatales"],"inLanguage":"es","potentialAction":[{"@type":"CommentAction","name":"Comment","target":["https:\/\/volcanes.net\/?p=343#respond"]}]},{"@type":"WebPage","@id":"https:\/\/volcanes.net\/?p=343","url":"https:\/\/volcanes.net\/?p=343","name":"Formaci\u00f3n de estudiantes debe ser eje de las universidades - Volcanes","isPartOf":{"@id":"https:\/\/volcanes.net\/#website"},"primaryImageOfPage":{"@id":"https:\/\/volcanes.net\/?p=343#primaryimage"},"image":{"@id":"https:\/\/volcanes.net\/?p=343#primaryimage"},"thumbnailUrl":"https:\/\/volcanes.net\/wp-content\/uploads\/2018\/01\/comun-025-2.jpg","datePublished":"2018-01-10T15:29:19+00:00","breadcrumb":{"@id":"https:\/\/volcanes.net\/?p=343#breadcrumb"},"inLanguage":"es","potentialAction":[{"@type":"ReadAction","target":["https:\/\/volcanes.net\/?p=343"]}]},{"@type":"ImageObject","inLanguage":"es","@id":"https:\/\/volcanes.net\/?p=343#primaryimage","url":"https:\/\/volcanes.net\/wp-content\/uploads\/2018\/01\/comun-025-2.jpg","contentUrl":"https:\/\/volcanes.net\/wp-content\/uploads\/2018\/01\/comun-025-2.jpg","width":400,"height":200},{"@type":"BreadcrumbList","@id":"https:\/\/volcanes.net\/?p=343#breadcrumb","itemListElement":[{"@type":"ListItem","position":1,"name":"Portada","item":"https:\/\/volcanes.net\/"},{"@type":"ListItem","position":2,"name":"Formaci\u00f3n de estudiantes debe ser eje de las universidades"}]},{"@type":"WebSite","@id":"https:\/\/volcanes.net\/#website","url":"https:\/\/volcanes.net\/","name":"Volcanes.Net","description":"Periodismo Profesional","publisher":{"@id":"https:\/\/volcanes.net\/#organization"},"potentialAction":[{"@type":"SearchAction","target":{"@type":"EntryPoint","urlTemplate":"https:\/\/volcanes.net\/?s={search_term_string}"},"query-input":{"@type":"PropertyValueSpecification","valueRequired":true,"valueName":"search_term_string"}}],"inLanguage":"es"},{"@type":"Organization","@id":"https:\/\/volcanes.net\/#organization","name":"Grupo Volcanes","url":"https:\/\/volcanes.net\/","logo":{"@type":"ImageObject","inLanguage":"es","@id":"https:\/\/volcanes.net\/#\/schema\/logo\/image\/","url":"http:\/\/volcanes.net\/wp-content\/uploads\/2017\/12\/Avatar2.jpg","contentUrl":"http:\/\/volcanes.net\/wp-content\/uploads\/2017\/12\/Avatar2.jpg","width":378,"height":378,"caption":"Grupo Volcanes"},"image":{"@id":"https:\/\/volcanes.net\/#\/schema\/logo\/image\/"},"sameAs":["https:\/\/www.facebook.com\/volcanes.net\/"]},{"@type":"Person","@id":"https:\/\/volcanes.net\/#\/schema\/person\/4bf0f383940966a4abd53f5048c0e6b9","name":"admin","image":{"@type":"ImageObject","inLanguage":"es","@id":"https:\/\/volcanes.net\/#\/schema\/person\/image\/","url":"https:\/\/secure.gravatar.com\/avatar\/ca004e6cba8462b8cb7abc86e382930c?s=96&d=mm&r=g","contentUrl":"https:\/\/secure.gravatar.com\/avatar\/ca004e6cba8462b8cb7abc86e382930c?s=96&d=mm&r=g","caption":"admin"}}]}},"_links":{"self":[{"href":"https:\/\/volcanes.net\/index.php?rest_route=\/wp\/v2\/posts\/343"}],"collection":[{"href":"https:\/\/volcanes.net\/index.php?rest_route=\/wp\/v2\/posts"}],"about":[{"href":"https:\/\/volcanes.net\/index.php?rest_route=\/wp\/v2\/types\/post"}],"author":[{"embeddable":true,"href":"https:\/\/volcanes.net\/index.php?rest_route=\/wp\/v2\/users\/1"}],"replies":[{"embeddable":true,"href":"https:\/\/volcanes.net\/index.php?rest_route=%2Fwp%2Fv2%2Fcomments&post=343"}],"version-history":[{"count":1,"href":"https:\/\/volcanes.net\/index.php?rest_route=\/wp\/v2\/posts\/343\/revisions"}],"predecessor-version":[{"id":346,"href":"https:\/\/volcanes.net\/index.php?rest_route=\/wp\/v2\/posts\/343\/revisions\/346"}],"wp:featuredmedia":[{"embeddable":true,"href":"https:\/\/volcanes.net\/index.php?rest_route=\/wp\/v2\/media\/339"}],"wp:attachment":[{"href":"https:\/\/volcanes.net\/index.php?rest_route=%2Fwp%2Fv2%2Fmedia&parent=343"}],"wp:term":[{"taxonomy":"category","embeddable":true,"href":"https:\/\/volcanes.net\/index.php?rest_route=%2Fwp%2Fv2%2Fcategories&post=343"},{"taxonomy":"post_tag","embeddable":true,"href":"https:\/\/volcanes.net\/index.php?rest_route=%2Fwp%2Fv2%2Ftags&post=343"}],"curies":[{"name":"wp","href":"https:\/\/api.w.org\/{rel}","templated":true}]}}