{"id":3440,"date":"2019-01-18T00:27:48","date_gmt":"2019-01-18T00:27:48","guid":{"rendered":"http:\/\/volcanes.net\/?p=3440"},"modified":"2019-01-18T00:27:48","modified_gmt":"2019-01-18T00:27:48","slug":"sabias-que-la-actividad-minera-fomenta-el-empleo-en-el-sur-del-edomex","status":"publish","type":"post","link":"https:\/\/volcanes.net\/?p=3440","title":{"rendered":"\u00bfSab\u00edas que la actividad minera fomenta el empleo en el sur del #Edom\u00e9x?"},"content":{"rendered":"<div style=\"margin-top: 0px; margin-bottom: 0px;\" class=\"sharethis-inline-share-buttons\" ><\/div><p>La actividad minera tiene un gran futuro en el Estado de M\u00e9xico y en los siguientes a\u00f1os, crecer\u00e1 de manera importante, lo que se traducir\u00e1 en el fomento de empleo directo e indirecto para habitantes de distintos municipios del sur de la entidad.<\/p>\n<p>El Director del Instituto de Fomento Minero y Estudios Geol\u00f3gicos del Estado de M\u00e9xico (Ifomegem), Jos\u00e9 Luis Hidalgo Hernando, organismo dependiente de la Secretar\u00eda de Desarrollo Econ\u00f3mico (Sedeco), detall\u00f3 que en la actualidad funcionan tres grandes minas en la regi\u00f3n sur del estado, dedicadas a la extracci\u00f3n de zinc, plata y plomo, y sus actividades han contribuido a dar ocupaci\u00f3n a pobladores de la zona, adem\u00e1s de impulsar el crecimiento econ\u00f3mico.<\/p>\n<p>Destac\u00f3 que atendiendo la instrucci\u00f3n del Gobernador del Estado de M\u00e9xico, Alfredo Del Mazo Maza, en el sentido de impulsar las vocaciones productivas de cada una de las regiones de la entidad mexiquense, la Sedeco determin\u00f3 que en el sur del estado, la miner\u00eda es una de las ramas sobresalientes.<\/p>\n<p>De esta manera, lleva a cabo diversos asesoramientos t\u00e9cnicos, informes de impacto ambiental, estudios topogr\u00e1ficos y geol\u00f3gicos, para atraer inversiones y lograr su permanencia en suelo mexiquense a fin de que se conviertan en detonantes de empleo y desarrollo en diversos municipios del sur.<\/p>\n<p>Agreg\u00f3 que la determinaci\u00f3n del mandatario mexiquense es que se impulse el desarrollo de una miner\u00eda sustentable, evitando impactos ambientales negativos, adem\u00e1s de garantizar beneficios en obras comunitarias para las familias que habitan en aquellas regiones del territorio estatal.<\/p>\n<p>Hidalgo Hernando precis\u00f3 que la Secretar\u00eda de Desarrollo Econ\u00f3mico del Gobierno del Estado de M\u00e9xico es muy cuidadosa en dar seguimiento a los proyectos de los inversionistas de la rama minera para que, una vez que se lleven a cabo con apego a las normas vigentes, puedan convertirse en elementos que ayuden a impulsar el crecimiento regional a favor de los mexiquenses.<\/p>\n","protected":false},"excerpt":{"rendered":"<p>La actividad minera tiene un gran futuro en el Estado de M\u00e9xico y en los<\/p>\n","protected":false},"author":1,"featured_media":3441,"comment_status":"open","ping_status":"open","sticky":false,"template":"","format":"standard","meta":{"footnotes":""},"categories":[3],"tags":[4],"class_list":["post-3440","post","type-post","status-publish","format-standard","has-post-thumbnail","hentry","category-estatales","tag-gobierno-del-estado-de-mexico"],"yoast_head":"<!-- This site is optimized with the Yoast SEO plugin v25.3 - https:\/\/yoast.com\/wordpress\/plugins\/seo\/ -->\n<title>\u00bfSab\u00edas que la actividad minera fomenta el empleo en el sur del #Edom\u00e9x? - Volcanes<\/title>\n<meta name=\"robots\" content=\"index, follow, max-snippet:-1, max-image-preview:large, max-video-preview:-1\" \/>\n<link rel=\"canonical\" href=\"https:\/\/volcanes.net\/?p=3440\" \/>\n<meta property=\"og:locale\" content=\"es_MX\" \/>\n<meta property=\"og:type\" content=\"article\" \/>\n<meta property=\"og:title\" content=\"\u00bfSab\u00edas que la actividad minera fomenta el empleo en el sur del #Edom\u00e9x? - Volcanes\" \/>\n<meta property=\"og:description\" content=\"La actividad minera tiene un gran futuro en el Estado de M\u00e9xico y en los\" \/>\n<meta property=\"og:url\" content=\"https:\/\/volcanes.net\/?p=3440\" \/>\n<meta property=\"og:site_name\" content=\"Volcanes\" \/>\n<meta property=\"article:publisher\" content=\"https:\/\/www.facebook.com\/volcanes.net\/\" \/>\n<meta property=\"article:published_time\" content=\"2019-01-18T00:27:48+00:00\" \/>\n<meta property=\"og:image\" content=\"https:\/\/volcanes.net\/wp-content\/uploads\/2019\/01\/WhatsApp-Image-2019-01-17-at-11.40.29-AM-680x515.jpeg\" \/>\n\t<meta property=\"og:image:width\" content=\"680\" \/>\n\t<meta property=\"og:image:height\" content=\"515\" \/>\n\t<meta property=\"og:image:type\" content=\"image\/jpeg\" \/>\n<meta name=\"author\" content=\"admin\" \/>\n<meta name=\"twitter:card\" content=\"summary_large_image\" \/>\n<meta name=\"twitter:label1\" content=\"Escrito por\" \/>\n\t<meta name=\"twitter:data1\" content=\"admin\" \/>\n\t<meta name=\"twitter:label2\" content=\"Tiempo de lectura\" \/>\n\t<meta name=\"twitter:data2\" content=\"2 minutos\" \/>\n<script type=\"application\/ld+json\" class=\"yoast-schema-graph\">{\"@context\":\"https:\/\/schema.org\",\"@graph\":[{\"@type\":\"Article\",\"@id\":\"https:\/\/volcanes.net\/?p=3440#article\",\"isPartOf\":{\"@id\":\"https:\/\/volcanes.net\/?p=3440\"},\"author\":{\"name\":\"admin\",\"@id\":\"https:\/\/volcanes.net\/#\/schema\/person\/4bf0f383940966a4abd53f5048c0e6b9\"},\"headline\":\"\u00bfSab\u00edas que la actividad minera fomenta el empleo en el sur del #Edom\u00e9x?\",\"datePublished\":\"2019-01-18T00:27:48+00:00\",\"mainEntityOfPage\":{\"@id\":\"https:\/\/volcanes.net\/?p=3440\"},\"wordCount\":347,\"commentCount\":0,\"publisher\":{\"@id\":\"https:\/\/volcanes.net\/#organization\"},\"image\":{\"@id\":\"https:\/\/volcanes.net\/?p=3440#primaryimage\"},\"thumbnailUrl\":\"https:\/\/volcanes.net\/wp-content\/uploads\/2019\/01\/WhatsApp-Image-2019-01-17-at-11.40.29-AM-680x515.jpeg\",\"keywords\":[\"Gobierno del Estado de M\u00e9xico\"],\"articleSection\":[\"Estatales\"],\"inLanguage\":\"es\",\"potentialAction\":[{\"@type\":\"CommentAction\",\"name\":\"Comment\",\"target\":[\"https:\/\/volcanes.net\/?p=3440#respond\"]}]},{\"@type\":\"WebPage\",\"@id\":\"https:\/\/volcanes.net\/?p=3440\",\"url\":\"https:\/\/volcanes.net\/?p=3440\",\"name\":\"\u00bfSab\u00edas que la actividad minera fomenta el empleo en el sur del #Edom\u00e9x? - Volcanes\",\"isPartOf\":{\"@id\":\"https:\/\/volcanes.net\/#website\"},\"primaryImageOfPage\":{\"@id\":\"https:\/\/volcanes.net\/?p=3440#primaryimage\"},\"image\":{\"@id\":\"https:\/\/volcanes.net\/?p=3440#primaryimage\"},\"thumbnailUrl\":\"https:\/\/volcanes.net\/wp-content\/uploads\/2019\/01\/WhatsApp-Image-2019-01-17-at-11.40.29-AM-680x515.jpeg\",\"datePublished\":\"2019-01-18T00:27:48+00:00\",\"breadcrumb\":{\"@id\":\"https:\/\/volcanes.net\/?p=3440#breadcrumb\"},\"inLanguage\":\"es\",\"potentialAction\":[{\"@type\":\"ReadAction\",\"target\":[\"https:\/\/volcanes.net\/?p=3440\"]}]},{\"@type\":\"ImageObject\",\"inLanguage\":\"es\",\"@id\":\"https:\/\/volcanes.net\/?p=3440#primaryimage\",\"url\":\"https:\/\/volcanes.net\/wp-content\/uploads\/2019\/01\/WhatsApp-Image-2019-01-17-at-11.40.29-AM-680x515.jpeg\",\"contentUrl\":\"https:\/\/volcanes.net\/wp-content\/uploads\/2019\/01\/WhatsApp-Image-2019-01-17-at-11.40.29-AM-680x515.jpeg\",\"width\":680,\"height\":515},{\"@type\":\"BreadcrumbList\",\"@id\":\"https:\/\/volcanes.net\/?p=3440#breadcrumb\",\"itemListElement\":[{\"@type\":\"ListItem\",\"position\":1,\"name\":\"Portada\",\"item\":\"https:\/\/volcanes.net\/\"},{\"@type\":\"ListItem\",\"position\":2,\"name\":\"\u00bfSab\u00edas que la actividad minera fomenta el empleo en el sur del #Edom\u00e9x?\"}]},{\"@type\":\"WebSite\",\"@id\":\"https:\/\/volcanes.net\/#website\",\"url\":\"https:\/\/volcanes.net\/\",\"name\":\"Volcanes.Net\",\"description\":\"Periodismo Profesional\",\"publisher\":{\"@id\":\"https:\/\/volcanes.net\/#organization\"},\"potentialAction\":[{\"@type\":\"SearchAction\",\"target\":{\"@type\":\"EntryPoint\",\"urlTemplate\":\"https:\/\/volcanes.net\/?s={search_term_string}\"},\"query-input\":{\"@type\":\"PropertyValueSpecification\",\"valueRequired\":true,\"valueName\":\"search_term_string\"}}],\"inLanguage\":\"es\"},{\"@type\":\"Organization\",\"@id\":\"https:\/\/volcanes.net\/#organization\",\"name\":\"Grupo Volcanes\",\"url\":\"https:\/\/volcanes.net\/\",\"logo\":{\"@type\":\"ImageObject\",\"inLanguage\":\"es\",\"@id\":\"https:\/\/volcanes.net\/#\/schema\/logo\/image\/\",\"url\":\"http:\/\/volcanes.net\/wp-content\/uploads\/2017\/12\/Avatar2.jpg\",\"contentUrl\":\"http:\/\/volcanes.net\/wp-content\/uploads\/2017\/12\/Avatar2.jpg\",\"width\":378,\"height\":378,\"caption\":\"Grupo Volcanes\"},\"image\":{\"@id\":\"https:\/\/volcanes.net\/#\/schema\/logo\/image\/\"},\"sameAs\":[\"https:\/\/www.facebook.com\/volcanes.net\/\"]},{\"@type\":\"Person\",\"@id\":\"https:\/\/volcanes.net\/#\/schema\/person\/4bf0f383940966a4abd53f5048c0e6b9\",\"name\":\"admin\",\"image\":{\"@type\":\"ImageObject\",\"inLanguage\":\"es\",\"@id\":\"https:\/\/volcanes.net\/#\/schema\/person\/image\/\",\"url\":\"https:\/\/secure.gravatar.com\/avatar\/ca004e6cba8462b8cb7abc86e382930c?s=96&d=mm&r=g\",\"contentUrl\":\"https:\/\/secure.gravatar.com\/avatar\/ca004e6cba8462b8cb7abc86e382930c?s=96&d=mm&r=g\",\"caption\":\"admin\"}}]}<\/script>\n<!-- \/ Yoast SEO plugin. -->","yoast_head_json":{"title":"\u00bfSab\u00edas que la actividad minera fomenta el empleo en el sur del #Edom\u00e9x? - Volcanes","robots":{"index":"index","follow":"follow","max-snippet":"max-snippet:-1","max-image-preview":"max-image-preview:large","max-video-preview":"max-video-preview:-1"},"canonical":"https:\/\/volcanes.net\/?p=3440","og_locale":"es_MX","og_type":"article","og_title":"\u00bfSab\u00edas que la actividad minera fomenta el empleo en el sur del #Edom\u00e9x? - Volcanes","og_description":"La actividad minera tiene un gran futuro en el Estado de M\u00e9xico y en los","og_url":"https:\/\/volcanes.net\/?p=3440","og_site_name":"Volcanes","article_publisher":"https:\/\/www.facebook.com\/volcanes.net\/","article_published_time":"2019-01-18T00:27:48+00:00","og_image":[{"width":680,"height":515,"url":"https:\/\/volcanes.net\/wp-content\/uploads\/2019\/01\/WhatsApp-Image-2019-01-17-at-11.40.29-AM-680x515.jpeg","type":"image\/jpeg"}],"author":"admin","twitter_card":"summary_large_image","twitter_misc":{"Escrito por":"admin","Tiempo de lectura":"2 minutos"},"schema":{"@context":"https:\/\/schema.org","@graph":[{"@type":"Article","@id":"https:\/\/volcanes.net\/?p=3440#article","isPartOf":{"@id":"https:\/\/volcanes.net\/?p=3440"},"author":{"name":"admin","@id":"https:\/\/volcanes.net\/#\/schema\/person\/4bf0f383940966a4abd53f5048c0e6b9"},"headline":"\u00bfSab\u00edas que la actividad minera fomenta el empleo en el sur del #Edom\u00e9x?","datePublished":"2019-01-18T00:27:48+00:00","mainEntityOfPage":{"@id":"https:\/\/volcanes.net\/?p=3440"},"wordCount":347,"commentCount":0,"publisher":{"@id":"https:\/\/volcanes.net\/#organization"},"image":{"@id":"https:\/\/volcanes.net\/?p=3440#primaryimage"},"thumbnailUrl":"https:\/\/volcanes.net\/wp-content\/uploads\/2019\/01\/WhatsApp-Image-2019-01-17-at-11.40.29-AM-680x515.jpeg","keywords":["Gobierno del Estado de M\u00e9xico"],"articleSection":["Estatales"],"inLanguage":"es","potentialAction":[{"@type":"CommentAction","name":"Comment","target":["https:\/\/volcanes.net\/?p=3440#respond"]}]},{"@type":"WebPage","@id":"https:\/\/volcanes.net\/?p=3440","url":"https:\/\/volcanes.net\/?p=3440","name":"\u00bfSab\u00edas que la actividad minera fomenta el empleo en el sur del #Edom\u00e9x? - Volcanes","isPartOf":{"@id":"https:\/\/volcanes.net\/#website"},"primaryImageOfPage":{"@id":"https:\/\/volcanes.net\/?p=3440#primaryimage"},"image":{"@id":"https:\/\/volcanes.net\/?p=3440#primaryimage"},"thumbnailUrl":"https:\/\/volcanes.net\/wp-content\/uploads\/2019\/01\/WhatsApp-Image-2019-01-17-at-11.40.29-AM-680x515.jpeg","datePublished":"2019-01-18T00:27:48+00:00","breadcrumb":{"@id":"https:\/\/volcanes.net\/?p=3440#breadcrumb"},"inLanguage":"es","potentialAction":[{"@type":"ReadAction","target":["https:\/\/volcanes.net\/?p=3440"]}]},{"@type":"ImageObject","inLanguage":"es","@id":"https:\/\/volcanes.net\/?p=3440#primaryimage","url":"https:\/\/volcanes.net\/wp-content\/uploads\/2019\/01\/WhatsApp-Image-2019-01-17-at-11.40.29-AM-680x515.jpeg","contentUrl":"https:\/\/volcanes.net\/wp-content\/uploads\/2019\/01\/WhatsApp-Image-2019-01-17-at-11.40.29-AM-680x515.jpeg","width":680,"height":515},{"@type":"BreadcrumbList","@id":"https:\/\/volcanes.net\/?p=3440#breadcrumb","itemListElement":[{"@type":"ListItem","position":1,"name":"Portada","item":"https:\/\/volcanes.net\/"},{"@type":"ListItem","position":2,"name":"\u00bfSab\u00edas que la actividad minera fomenta el empleo en el sur del #Edom\u00e9x?"}]},{"@type":"WebSite","@id":"https:\/\/volcanes.net\/#website","url":"https:\/\/volcanes.net\/","name":"Volcanes.Net","description":"Periodismo Profesional","publisher":{"@id":"https:\/\/volcanes.net\/#organization"},"potentialAction":[{"@type":"SearchAction","target":{"@type":"EntryPoint","urlTemplate":"https:\/\/volcanes.net\/?s={search_term_string}"},"query-input":{"@type":"PropertyValueSpecification","valueRequired":true,"valueName":"search_term_string"}}],"inLanguage":"es"},{"@type":"Organization","@id":"https:\/\/volcanes.net\/#organization","name":"Grupo Volcanes","url":"https:\/\/volcanes.net\/","logo":{"@type":"ImageObject","inLanguage":"es","@id":"https:\/\/volcanes.net\/#\/schema\/logo\/image\/","url":"http:\/\/volcanes.net\/wp-content\/uploads\/2017\/12\/Avatar2.jpg","contentUrl":"http:\/\/volcanes.net\/wp-content\/uploads\/2017\/12\/Avatar2.jpg","width":378,"height":378,"caption":"Grupo Volcanes"},"image":{"@id":"https:\/\/volcanes.net\/#\/schema\/logo\/image\/"},"sameAs":["https:\/\/www.facebook.com\/volcanes.net\/"]},{"@type":"Person","@id":"https:\/\/volcanes.net\/#\/schema\/person\/4bf0f383940966a4abd53f5048c0e6b9","name":"admin","image":{"@type":"ImageObject","inLanguage":"es","@id":"https:\/\/volcanes.net\/#\/schema\/person\/image\/","url":"https:\/\/secure.gravatar.com\/avatar\/ca004e6cba8462b8cb7abc86e382930c?s=96&d=mm&r=g","contentUrl":"https:\/\/secure.gravatar.com\/avatar\/ca004e6cba8462b8cb7abc86e382930c?s=96&d=mm&r=g","caption":"admin"}}]}},"_links":{"self":[{"href":"https:\/\/volcanes.net\/index.php?rest_route=\/wp\/v2\/posts\/3440"}],"collection":[{"href":"https:\/\/volcanes.net\/index.php?rest_route=\/wp\/v2\/posts"}],"about":[{"href":"https:\/\/volcanes.net\/index.php?rest_route=\/wp\/v2\/types\/post"}],"author":[{"embeddable":true,"href":"https:\/\/volcanes.net\/index.php?rest_route=\/wp\/v2\/users\/1"}],"replies":[{"embeddable":true,"href":"https:\/\/volcanes.net\/index.php?rest_route=%2Fwp%2Fv2%2Fcomments&post=3440"}],"version-history":[{"count":1,"href":"https:\/\/volcanes.net\/index.php?rest_route=\/wp\/v2\/posts\/3440\/revisions"}],"predecessor-version":[{"id":3442,"href":"https:\/\/volcanes.net\/index.php?rest_route=\/wp\/v2\/posts\/3440\/revisions\/3442"}],"wp:featuredmedia":[{"embeddable":true,"href":"https:\/\/volcanes.net\/index.php?rest_route=\/wp\/v2\/media\/3441"}],"wp:attachment":[{"href":"https:\/\/volcanes.net\/index.php?rest_route=%2Fwp%2Fv2%2Fmedia&parent=3440"}],"wp:term":[{"taxonomy":"category","embeddable":true,"href":"https:\/\/volcanes.net\/index.php?rest_route=%2Fwp%2Fv2%2Fcategories&post=3440"},{"taxonomy":"post_tag","embeddable":true,"href":"https:\/\/volcanes.net\/index.php?rest_route=%2Fwp%2Fv2%2Ftags&post=3440"}],"curies":[{"name":"wp","href":"https:\/\/api.w.org\/{rel}","templated":true}]}}