{"id":3448,"date":"2019-01-18T00:40:38","date_gmt":"2019-01-18T00:40:38","guid":{"rendered":"http:\/\/volcanes.net\/?p=3448"},"modified":"2019-01-18T00:40:38","modified_gmt":"2019-01-18T00:40:38","slug":"ordena-transparencia-informar-de-anomalias-en-instituto-de-bellas-artes","status":"publish","type":"post","link":"https:\/\/volcanes.net\/?p=3448","title":{"rendered":"Ordena Transparencia informar de anomal\u00edas en Instituto de Bellas Artes"},"content":{"rendered":"<div style=\"margin-top: 0px; margin-bottom: 0px;\" class=\"sharethis-inline-share-buttons\" ><\/div><p>El Instituto Nacional de Transparencia, Acceso a la Informaci\u00f3n y Protecci\u00f3n de Datos Personales (INAI) orden\u00f3 a la Secretar\u00eda de la Funci\u00f3n P\u00fablica (SFP) dar a conocer la versi\u00f3n p\u00fablica de los informes de irregularidades detectadas en el Instituto Nacional de Bellas Artes y Literatura (INBA), durante las cuatro auditor\u00edas practicadas entre los a\u00f1os 2015 y 2017.<\/p>\n<p>Al respecto, el comisionado presidente, Francisco Javier Acu\u00f1a Llamas se\u00f1al\u00f3 que no tiene cabida la reserva de la informaci\u00f3n requerida, ya que se trata de auditor\u00edas concluidas y no de los procedimientos de responsabilidad derivados de \u00e9stas.<\/p>\n<p>\u201cLo que el solicitante pidi\u00f3 son el grueso de los datos p\u00fablicos, por esencia y naturaleza, que rodean esas auditor\u00edas, otra cosa es que se sigan acciones concretas en contra de determinados funcionarios p\u00fablicos, est\u00e9n o no en funciones.<\/p>\n<p>\u201cEntonces, tenemos la convicci\u00f3n que no ha lugar a la reserva integral y tenemos que favorecer a la versi\u00f3n p\u00fablica, respecto del conjunto de estas auditor\u00edas y sus resultados que, adem\u00e1s, ya est\u00e1n concluidas\u201d, expuso.<\/p>\n<p>En un comunicado, se indic\u00f3 que en respuesta a la particular que requiri\u00f3 esos datos, el sujeto obligado se\u00f1al\u00f3 que dichos informes fueron turnados al \u00c1rea de Responsabilidades, a fin de integrar el procedimiento respectivo en contra de los servidores p\u00fablicos involucrados en presuntos actos u omisiones administrativas.<\/p>\n<p>Explic\u00f3 que a\u00fan no se desahogan las correspondientes audiencias de Ley para cada uno de los funcionarios, por lo que fueron reservados el contenido total de los expedientes con n\u00famero de registro RE-0006\/2017, RE-0007\/2017, RE0013\/2017 y RE-0023\/2018, por un periodo de tres a\u00f1os.<\/p>\n<p>Inconforme, la particular interpuso recurso de revisi\u00f3n ante el INAI, mediante el cual manifest\u00f3 como agravio la clasificaci\u00f3n de la informaci\u00f3n. En sus alegatos, la SFP reiter\u00f3 la reserva.<\/p>\n<p>En el an\u00e1lisis del caso se indica que en la ponencia del comisionado Francisco Acu\u00f1a se expuso que lo solicitado no se refiere a constancias propias del procedimiento de responsabilidad que se encuentra en tr\u00e1mite, es decir, no fue generada con motivo de la investigaci\u00f3n que se lleva a cabo en contra de los servidores p\u00fablicos, por lo tanto, resulta improcedente la reserva.<\/p>\n<p>Sin embargo, se consider\u00f3 procedente la clasificaci\u00f3n respecto del nombre y cargo de los servidores p\u00fablicos denunciados, as\u00ed como de las circunstancias de tiempo, modo y lugar de los hechos, ya que revelarlos afectar\u00eda su esfera privada, su honor, buen nombre e imagen y podr\u00eda generar un juicio a priori por parte de la sociedad.<\/p>\n<p>Por lo anterior, a propuesta del comisionado Acu\u00f1a Llamas, el Pleno del Instituto, por mayor\u00eda, determin\u00f3 modificar la respuesta de la SFP y le instruy\u00f3 entregar la versi\u00f3n p\u00fablica de los informes de irregularidades detectadas en las cuatro auditor\u00edas practicadas al INBA, entre los a\u00f1os 2015, 2016 y 2017.<\/p>\n<p>Dichos documentos \u00fanicamente deber\u00e1 clasificar las circunstancias de tiempo, modo y lugar en que ocurrieron los actos u omisiones con presunta responsabilidad administrativa; el nombre, cargo y \u00e1rea de adscripci\u00f3n de los presuntos responsables, as\u00ed como la descripci\u00f3n de los actos u omisiones en que incurrieron.<\/p>\n","protected":false},"excerpt":{"rendered":"<p>El Instituto Nacional de Transparencia, Acceso a la Informaci\u00f3n y Protecci\u00f3n de Datos Personales (INAI)<\/p>\n","protected":false},"author":1,"featured_media":3449,"comment_status":"open","ping_status":"open","sticky":false,"template":"","format":"standard","meta":{"footnotes":""},"categories":[1],"tags":[105],"class_list":["post-3448","post","type-post","status-publish","format-standard","has-post-thumbnail","hentry","category-municipales","tag-inai"],"yoast_head":"<!-- This site is optimized with the Yoast SEO plugin v25.3 - https:\/\/yoast.com\/wordpress\/plugins\/seo\/ -->\n<title>Ordena Transparencia informar de anomal\u00edas en Instituto de Bellas Artes - Volcanes<\/title>\n<meta name=\"robots\" content=\"index, follow, max-snippet:-1, max-image-preview:large, max-video-preview:-1\" \/>\n<link rel=\"canonical\" href=\"https:\/\/volcanes.net\/?p=3448\" \/>\n<meta property=\"og:locale\" content=\"es_MX\" \/>\n<meta property=\"og:type\" content=\"article\" \/>\n<meta property=\"og:title\" content=\"Ordena Transparencia informar de anomal\u00edas en Instituto de Bellas Artes - Volcanes\" \/>\n<meta property=\"og:description\" content=\"El Instituto Nacional de Transparencia, Acceso a la Informaci\u00f3n y Protecci\u00f3n de Datos Personales (INAI)\" \/>\n<meta property=\"og:url\" content=\"https:\/\/volcanes.net\/?p=3448\" \/>\n<meta property=\"og:site_name\" content=\"Volcanes\" \/>\n<meta property=\"article:publisher\" content=\"https:\/\/www.facebook.com\/volcanes.net\/\" \/>\n<meta property=\"article:published_time\" content=\"2019-01-18T00:40:38+00:00\" \/>\n<meta property=\"og:image\" content=\"https:\/\/volcanes.net\/wp-content\/uploads\/2019\/01\/inai.jpg\" \/>\n\t<meta property=\"og:image:width\" content=\"551\" \/>\n\t<meta property=\"og:image:height\" content=\"368\" \/>\n\t<meta property=\"og:image:type\" content=\"image\/jpeg\" \/>\n<meta name=\"author\" content=\"admin\" \/>\n<meta name=\"twitter:card\" content=\"summary_large_image\" \/>\n<meta name=\"twitter:label1\" content=\"Escrito por\" \/>\n\t<meta name=\"twitter:data1\" content=\"admin\" \/>\n\t<meta name=\"twitter:label2\" content=\"Tiempo de lectura\" \/>\n\t<meta name=\"twitter:data2\" content=\"3 minutos\" \/>\n<script type=\"application\/ld+json\" class=\"yoast-schema-graph\">{\"@context\":\"https:\/\/schema.org\",\"@graph\":[{\"@type\":\"Article\",\"@id\":\"https:\/\/volcanes.net\/?p=3448#article\",\"isPartOf\":{\"@id\":\"https:\/\/volcanes.net\/?p=3448\"},\"author\":{\"name\":\"admin\",\"@id\":\"https:\/\/volcanes.net\/#\/schema\/person\/4bf0f383940966a4abd53f5048c0e6b9\"},\"headline\":\"Ordena Transparencia informar de anomal\u00edas en Instituto de Bellas Artes\",\"datePublished\":\"2019-01-18T00:40:38+00:00\",\"mainEntityOfPage\":{\"@id\":\"https:\/\/volcanes.net\/?p=3448\"},\"wordCount\":555,\"commentCount\":0,\"publisher\":{\"@id\":\"https:\/\/volcanes.net\/#organization\"},\"image\":{\"@id\":\"https:\/\/volcanes.net\/?p=3448#primaryimage\"},\"thumbnailUrl\":\"https:\/\/volcanes.net\/wp-content\/uploads\/2019\/01\/inai.jpg\",\"keywords\":[\"INAI\"],\"articleSection\":[\"Municipales\"],\"inLanguage\":\"es\",\"potentialAction\":[{\"@type\":\"CommentAction\",\"name\":\"Comment\",\"target\":[\"https:\/\/volcanes.net\/?p=3448#respond\"]}]},{\"@type\":\"WebPage\",\"@id\":\"https:\/\/volcanes.net\/?p=3448\",\"url\":\"https:\/\/volcanes.net\/?p=3448\",\"name\":\"Ordena Transparencia informar de anomal\u00edas en Instituto de Bellas Artes - Volcanes\",\"isPartOf\":{\"@id\":\"https:\/\/volcanes.net\/#website\"},\"primaryImageOfPage\":{\"@id\":\"https:\/\/volcanes.net\/?p=3448#primaryimage\"},\"image\":{\"@id\":\"https:\/\/volcanes.net\/?p=3448#primaryimage\"},\"thumbnailUrl\":\"https:\/\/volcanes.net\/wp-content\/uploads\/2019\/01\/inai.jpg\",\"datePublished\":\"2019-01-18T00:40:38+00:00\",\"breadcrumb\":{\"@id\":\"https:\/\/volcanes.net\/?p=3448#breadcrumb\"},\"inLanguage\":\"es\",\"potentialAction\":[{\"@type\":\"ReadAction\",\"target\":[\"https:\/\/volcanes.net\/?p=3448\"]}]},{\"@type\":\"ImageObject\",\"inLanguage\":\"es\",\"@id\":\"https:\/\/volcanes.net\/?p=3448#primaryimage\",\"url\":\"https:\/\/volcanes.net\/wp-content\/uploads\/2019\/01\/inai.jpg\",\"contentUrl\":\"https:\/\/volcanes.net\/wp-content\/uploads\/2019\/01\/inai.jpg\",\"width\":551,\"height\":368},{\"@type\":\"BreadcrumbList\",\"@id\":\"https:\/\/volcanes.net\/?p=3448#breadcrumb\",\"itemListElement\":[{\"@type\":\"ListItem\",\"position\":1,\"name\":\"Portada\",\"item\":\"https:\/\/volcanes.net\/\"},{\"@type\":\"ListItem\",\"position\":2,\"name\":\"Ordena Transparencia informar de anomal\u00edas en Instituto de Bellas Artes\"}]},{\"@type\":\"WebSite\",\"@id\":\"https:\/\/volcanes.net\/#website\",\"url\":\"https:\/\/volcanes.net\/\",\"name\":\"Volcanes.Net\",\"description\":\"Periodismo Profesional\",\"publisher\":{\"@id\":\"https:\/\/volcanes.net\/#organization\"},\"potentialAction\":[{\"@type\":\"SearchAction\",\"target\":{\"@type\":\"EntryPoint\",\"urlTemplate\":\"https:\/\/volcanes.net\/?s={search_term_string}\"},\"query-input\":{\"@type\":\"PropertyValueSpecification\",\"valueRequired\":true,\"valueName\":\"search_term_string\"}}],\"inLanguage\":\"es\"},{\"@type\":\"Organization\",\"@id\":\"https:\/\/volcanes.net\/#organization\",\"name\":\"Grupo Volcanes\",\"url\":\"https:\/\/volcanes.net\/\",\"logo\":{\"@type\":\"ImageObject\",\"inLanguage\":\"es\",\"@id\":\"https:\/\/volcanes.net\/#\/schema\/logo\/image\/\",\"url\":\"http:\/\/volcanes.net\/wp-content\/uploads\/2017\/12\/Avatar2.jpg\",\"contentUrl\":\"http:\/\/volcanes.net\/wp-content\/uploads\/2017\/12\/Avatar2.jpg\",\"width\":378,\"height\":378,\"caption\":\"Grupo Volcanes\"},\"image\":{\"@id\":\"https:\/\/volcanes.net\/#\/schema\/logo\/image\/\"},\"sameAs\":[\"https:\/\/www.facebook.com\/volcanes.net\/\"]},{\"@type\":\"Person\",\"@id\":\"https:\/\/volcanes.net\/#\/schema\/person\/4bf0f383940966a4abd53f5048c0e6b9\",\"name\":\"admin\",\"image\":{\"@type\":\"ImageObject\",\"inLanguage\":\"es\",\"@id\":\"https:\/\/volcanes.net\/#\/schema\/person\/image\/\",\"url\":\"https:\/\/secure.gravatar.com\/avatar\/ca004e6cba8462b8cb7abc86e382930c?s=96&d=mm&r=g\",\"contentUrl\":\"https:\/\/secure.gravatar.com\/avatar\/ca004e6cba8462b8cb7abc86e382930c?s=96&d=mm&r=g\",\"caption\":\"admin\"}}]}<\/script>\n<!-- \/ Yoast SEO plugin. -->","yoast_head_json":{"title":"Ordena Transparencia informar de anomal\u00edas en Instituto de Bellas Artes - Volcanes","robots":{"index":"index","follow":"follow","max-snippet":"max-snippet:-1","max-image-preview":"max-image-preview:large","max-video-preview":"max-video-preview:-1"},"canonical":"https:\/\/volcanes.net\/?p=3448","og_locale":"es_MX","og_type":"article","og_title":"Ordena Transparencia informar de anomal\u00edas en Instituto de Bellas Artes - Volcanes","og_description":"El Instituto Nacional de Transparencia, Acceso a la Informaci\u00f3n y Protecci\u00f3n de Datos Personales (INAI)","og_url":"https:\/\/volcanes.net\/?p=3448","og_site_name":"Volcanes","article_publisher":"https:\/\/www.facebook.com\/volcanes.net\/","article_published_time":"2019-01-18T00:40:38+00:00","og_image":[{"width":551,"height":368,"url":"https:\/\/volcanes.net\/wp-content\/uploads\/2019\/01\/inai.jpg","type":"image\/jpeg"}],"author":"admin","twitter_card":"summary_large_image","twitter_misc":{"Escrito por":"admin","Tiempo de lectura":"3 minutos"},"schema":{"@context":"https:\/\/schema.org","@graph":[{"@type":"Article","@id":"https:\/\/volcanes.net\/?p=3448#article","isPartOf":{"@id":"https:\/\/volcanes.net\/?p=3448"},"author":{"name":"admin","@id":"https:\/\/volcanes.net\/#\/schema\/person\/4bf0f383940966a4abd53f5048c0e6b9"},"headline":"Ordena Transparencia informar de anomal\u00edas en Instituto de Bellas Artes","datePublished":"2019-01-18T00:40:38+00:00","mainEntityOfPage":{"@id":"https:\/\/volcanes.net\/?p=3448"},"wordCount":555,"commentCount":0,"publisher":{"@id":"https:\/\/volcanes.net\/#organization"},"image":{"@id":"https:\/\/volcanes.net\/?p=3448#primaryimage"},"thumbnailUrl":"https:\/\/volcanes.net\/wp-content\/uploads\/2019\/01\/inai.jpg","keywords":["INAI"],"articleSection":["Municipales"],"inLanguage":"es","potentialAction":[{"@type":"CommentAction","name":"Comment","target":["https:\/\/volcanes.net\/?p=3448#respond"]}]},{"@type":"WebPage","@id":"https:\/\/volcanes.net\/?p=3448","url":"https:\/\/volcanes.net\/?p=3448","name":"Ordena Transparencia informar de anomal\u00edas en Instituto de Bellas Artes - Volcanes","isPartOf":{"@id":"https:\/\/volcanes.net\/#website"},"primaryImageOfPage":{"@id":"https:\/\/volcanes.net\/?p=3448#primaryimage"},"image":{"@id":"https:\/\/volcanes.net\/?p=3448#primaryimage"},"thumbnailUrl":"https:\/\/volcanes.net\/wp-content\/uploads\/2019\/01\/inai.jpg","datePublished":"2019-01-18T00:40:38+00:00","breadcrumb":{"@id":"https:\/\/volcanes.net\/?p=3448#breadcrumb"},"inLanguage":"es","potentialAction":[{"@type":"ReadAction","target":["https:\/\/volcanes.net\/?p=3448"]}]},{"@type":"ImageObject","inLanguage":"es","@id":"https:\/\/volcanes.net\/?p=3448#primaryimage","url":"https:\/\/volcanes.net\/wp-content\/uploads\/2019\/01\/inai.jpg","contentUrl":"https:\/\/volcanes.net\/wp-content\/uploads\/2019\/01\/inai.jpg","width":551,"height":368},{"@type":"BreadcrumbList","@id":"https:\/\/volcanes.net\/?p=3448#breadcrumb","itemListElement":[{"@type":"ListItem","position":1,"name":"Portada","item":"https:\/\/volcanes.net\/"},{"@type":"ListItem","position":2,"name":"Ordena Transparencia informar de anomal\u00edas en Instituto de Bellas Artes"}]},{"@type":"WebSite","@id":"https:\/\/volcanes.net\/#website","url":"https:\/\/volcanes.net\/","name":"Volcanes.Net","description":"Periodismo Profesional","publisher":{"@id":"https:\/\/volcanes.net\/#organization"},"potentialAction":[{"@type":"SearchAction","target":{"@type":"EntryPoint","urlTemplate":"https:\/\/volcanes.net\/?s={search_term_string}"},"query-input":{"@type":"PropertyValueSpecification","valueRequired":true,"valueName":"search_term_string"}}],"inLanguage":"es"},{"@type":"Organization","@id":"https:\/\/volcanes.net\/#organization","name":"Grupo Volcanes","url":"https:\/\/volcanes.net\/","logo":{"@type":"ImageObject","inLanguage":"es","@id":"https:\/\/volcanes.net\/#\/schema\/logo\/image\/","url":"http:\/\/volcanes.net\/wp-content\/uploads\/2017\/12\/Avatar2.jpg","contentUrl":"http:\/\/volcanes.net\/wp-content\/uploads\/2017\/12\/Avatar2.jpg","width":378,"height":378,"caption":"Grupo Volcanes"},"image":{"@id":"https:\/\/volcanes.net\/#\/schema\/logo\/image\/"},"sameAs":["https:\/\/www.facebook.com\/volcanes.net\/"]},{"@type":"Person","@id":"https:\/\/volcanes.net\/#\/schema\/person\/4bf0f383940966a4abd53f5048c0e6b9","name":"admin","image":{"@type":"ImageObject","inLanguage":"es","@id":"https:\/\/volcanes.net\/#\/schema\/person\/image\/","url":"https:\/\/secure.gravatar.com\/avatar\/ca004e6cba8462b8cb7abc86e382930c?s=96&d=mm&r=g","contentUrl":"https:\/\/secure.gravatar.com\/avatar\/ca004e6cba8462b8cb7abc86e382930c?s=96&d=mm&r=g","caption":"admin"}}]}},"_links":{"self":[{"href":"https:\/\/volcanes.net\/index.php?rest_route=\/wp\/v2\/posts\/3448"}],"collection":[{"href":"https:\/\/volcanes.net\/index.php?rest_route=\/wp\/v2\/posts"}],"about":[{"href":"https:\/\/volcanes.net\/index.php?rest_route=\/wp\/v2\/types\/post"}],"author":[{"embeddable":true,"href":"https:\/\/volcanes.net\/index.php?rest_route=\/wp\/v2\/users\/1"}],"replies":[{"embeddable":true,"href":"https:\/\/volcanes.net\/index.php?rest_route=%2Fwp%2Fv2%2Fcomments&post=3448"}],"version-history":[{"count":1,"href":"https:\/\/volcanes.net\/index.php?rest_route=\/wp\/v2\/posts\/3448\/revisions"}],"predecessor-version":[{"id":3450,"href":"https:\/\/volcanes.net\/index.php?rest_route=\/wp\/v2\/posts\/3448\/revisions\/3450"}],"wp:featuredmedia":[{"embeddable":true,"href":"https:\/\/volcanes.net\/index.php?rest_route=\/wp\/v2\/media\/3449"}],"wp:attachment":[{"href":"https:\/\/volcanes.net\/index.php?rest_route=%2Fwp%2Fv2%2Fmedia&parent=3448"}],"wp:term":[{"taxonomy":"category","embeddable":true,"href":"https:\/\/volcanes.net\/index.php?rest_route=%2Fwp%2Fv2%2Fcategories&post=3448"},{"taxonomy":"post_tag","embeddable":true,"href":"https:\/\/volcanes.net\/index.php?rest_route=%2Fwp%2Fv2%2Ftags&post=3448"}],"curies":[{"name":"wp","href":"https:\/\/api.w.org\/{rel}","templated":true}]}}