{"id":345,"date":"2018-01-10T15:30:22","date_gmt":"2018-01-10T15:30:22","guid":{"rendered":"http:\/\/volcanes.net\/?p=345"},"modified":"2018-01-10T15:30:22","modified_gmt":"2018-01-10T15:30:22","slug":"edomex-ampliara-programa-de-becas-elisa-carrillo-para-promover-la-danza-y-la-cultura","status":"publish","type":"post","link":"https:\/\/volcanes.net\/?p=345","title":{"rendered":"Edom\u00e9x ampliar\u00e1 programa de Becas Elisa Carrillo para promover la danza y la cultura"},"content":{"rendered":"<div style=\"margin-top: 0px; margin-bottom: 0px;\" class=\"sharethis-inline-share-buttons\" ><\/div><p>El Gobernador Alfredo Del Mazo Maza se reuni\u00f3 con la primera bailarina del Staatsballet de Berl\u00edn, Elisa Carrillo Cabrera, donde refrend\u00f3 el compromiso de fortalecer la cultura en la entidad y seguir apoyando a la Fundaci\u00f3n que encabeza la artista.<\/p>\n<p>Se\u00f1al\u00f3 que se ampliar\u00e1 el programa de becas que se otorgan a bailarines de ballet del Estado de M\u00e9xico para que puedan seguir prepar\u00e1ndose.<\/p>\n<p>Destac\u00f3 que esta acci\u00f3n tiene como finalidad fortalecer la cultura en el Estado de M\u00e9xico, y record\u00f3 que la Beca Elisa Carrillo se otorga desde hace cinco a\u00f1os, y actualmente tres becarias siguen prepar\u00e1ndose en el continente europeo, dos de ellas ya forman parte de la \u00d3pera de Cracovia en Polonia, y del Bolshoi Ballet Academy en Mosc\u00fa.<\/p>\n<p>\u201cHa venido trabajando tiempo atr\u00e1s en impulsar actividades como becas para j\u00f3venes a trav\u00e9s de su Fundaci\u00f3n. Ha venido impulsando que cada vez m\u00e1s personas puedan participar en las actividades culturales.<\/p>\n<p>\u201cY como estado, queremos que, adem\u00e1s de seguir apoyando a la Fundaci\u00f3n, seguir apoyando a que haya m\u00e1s mexiquenses, ni\u00f1os y ni\u00f1as, sobre todo, porque adem\u00e1s se requiere que desde muy j\u00f3venes empiecen esta actividad, para que se sumen a la actividad y a la danza y a las actividades culturales\u201d, apunt\u00f3.<\/p>\n<p>Del Mazo Maza felicit\u00f3 a la bailarina por la labor que viene desarrollando, toda vez que tras el sismo del 19 de septiembre, Elisa Carrillo realiz\u00f3 algunas presentaciones para recaudar recursos, los cuales est\u00e1n siendo utilizados en la reconstrucci\u00f3n de viviendas en el municipio de Ozumba.<\/p>\n<p>Por su parte, Elisa Carrillo destac\u00f3 el entusiasmo que el Gobierno estatal tiene para seguir apoyando a la cultura, principalmente a la danza, al asumir el compromiso de revisar el convenio de apoyo\u00a0 que se tiene para ampliar las becas que se destinan anualmente a ni\u00f1os y ni\u00f1as\u00a0 para que puedan desarrollarse en el ballet.<\/p>\n<p>Dio a conocer que para el verano de este a\u00f1o, regresar\u00e1 a territorio mexiquense, para presentarse de nuevo con el p\u00fablico de la entidad en sus ya tradicionales galas.<\/p>\n<p>Elisa Carrillo es originaria del municipio de Texcoco, y en julio del 2011, fue ascendida a \u201cPrima Ballerina\u201d del Staatsballet Berl\u00edn, uno de los cinco mejores de Europa.<\/p>\n","protected":false},"excerpt":{"rendered":"<p>El Gobernador Alfredo Del Mazo Maza se reuni\u00f3 con la primera bailarina del Staatsballet de<\/p>\n","protected":false},"author":1,"featured_media":347,"comment_status":"open","ping_status":"open","sticky":false,"template":"","format":"standard","meta":{"footnotes":""},"categories":[1],"tags":[60,59,14,46],"class_list":["post-345","post","type-post","status-publish","format-standard","has-post-thumbnail","hentry","category-municipales","tag-edomex","tag-mexiquenses","tag-ozumba","tag-volcanes"],"yoast_head":"<!-- This site is optimized with the Yoast SEO plugin v25.3 - https:\/\/yoast.com\/wordpress\/plugins\/seo\/ -->\n<title>Edom\u00e9x ampliar\u00e1 programa de Becas Elisa Carrillo para promover la danza y la cultura - Volcanes<\/title>\n<meta name=\"robots\" content=\"index, follow, max-snippet:-1, max-image-preview:large, max-video-preview:-1\" \/>\n<link rel=\"canonical\" href=\"https:\/\/volcanes.net\/?p=345\" \/>\n<meta property=\"og:locale\" content=\"es_MX\" \/>\n<meta property=\"og:type\" content=\"article\" \/>\n<meta property=\"og:title\" content=\"Edom\u00e9x ampliar\u00e1 programa de Becas Elisa Carrillo para promover la danza y la cultura - Volcanes\" \/>\n<meta property=\"og:description\" content=\"El Gobernador Alfredo Del Mazo Maza se reuni\u00f3 con la primera bailarina del Staatsballet de\" \/>\n<meta property=\"og:url\" content=\"https:\/\/volcanes.net\/?p=345\" \/>\n<meta property=\"og:site_name\" content=\"Volcanes\" \/>\n<meta property=\"article:publisher\" content=\"https:\/\/www.facebook.com\/volcanes.net\/\" \/>\n<meta property=\"article:published_time\" content=\"2018-01-10T15:30:22+00:00\" \/>\n<meta property=\"og:image\" content=\"https:\/\/volcanes.net\/wp-content\/uploads\/2018\/01\/33-e1515598214468.jpeg\" \/>\n\t<meta property=\"og:image:width\" content=\"550\" \/>\n\t<meta property=\"og:image:height\" content=\"388\" \/>\n\t<meta property=\"og:image:type\" content=\"image\/jpeg\" \/>\n<meta name=\"author\" content=\"admin\" \/>\n<meta name=\"twitter:card\" content=\"summary_large_image\" \/>\n<meta name=\"twitter:label1\" content=\"Escrito por\" \/>\n\t<meta name=\"twitter:data1\" content=\"admin\" \/>\n\t<meta name=\"twitter:label2\" content=\"Tiempo de lectura\" \/>\n\t<meta name=\"twitter:data2\" content=\"2 minutos\" \/>\n<script type=\"application\/ld+json\" class=\"yoast-schema-graph\">{\"@context\":\"https:\/\/schema.org\",\"@graph\":[{\"@type\":\"Article\",\"@id\":\"https:\/\/volcanes.net\/?p=345#article\",\"isPartOf\":{\"@id\":\"https:\/\/volcanes.net\/?p=345\"},\"author\":{\"name\":\"admin\",\"@id\":\"https:\/\/volcanes.net\/#\/schema\/person\/4bf0f383940966a4abd53f5048c0e6b9\"},\"headline\":\"Edom\u00e9x ampliar\u00e1 programa de Becas Elisa Carrillo para promover la danza y la cultura\",\"datePublished\":\"2018-01-10T15:30:22+00:00\",\"mainEntityOfPage\":{\"@id\":\"https:\/\/volcanes.net\/?p=345\"},\"wordCount\":404,\"commentCount\":0,\"publisher\":{\"@id\":\"https:\/\/volcanes.net\/#organization\"},\"image\":{\"@id\":\"https:\/\/volcanes.net\/?p=345#primaryimage\"},\"thumbnailUrl\":\"https:\/\/volcanes.net\/wp-content\/uploads\/2018\/01\/33-e1515598214468.jpeg\",\"keywords\":[\"EdoM\u00e9x\",\"Mexiquenses\",\"Ozumba\",\"Volcanes\"],\"articleSection\":[\"Municipales\"],\"inLanguage\":\"es\",\"potentialAction\":[{\"@type\":\"CommentAction\",\"name\":\"Comment\",\"target\":[\"https:\/\/volcanes.net\/?p=345#respond\"]}]},{\"@type\":\"WebPage\",\"@id\":\"https:\/\/volcanes.net\/?p=345\",\"url\":\"https:\/\/volcanes.net\/?p=345\",\"name\":\"Edom\u00e9x ampliar\u00e1 programa de Becas Elisa Carrillo para promover la danza y la cultura - Volcanes\",\"isPartOf\":{\"@id\":\"https:\/\/volcanes.net\/#website\"},\"primaryImageOfPage\":{\"@id\":\"https:\/\/volcanes.net\/?p=345#primaryimage\"},\"image\":{\"@id\":\"https:\/\/volcanes.net\/?p=345#primaryimage\"},\"thumbnailUrl\":\"https:\/\/volcanes.net\/wp-content\/uploads\/2018\/01\/33-e1515598214468.jpeg\",\"datePublished\":\"2018-01-10T15:30:22+00:00\",\"breadcrumb\":{\"@id\":\"https:\/\/volcanes.net\/?p=345#breadcrumb\"},\"inLanguage\":\"es\",\"potentialAction\":[{\"@type\":\"ReadAction\",\"target\":[\"https:\/\/volcanes.net\/?p=345\"]}]},{\"@type\":\"ImageObject\",\"inLanguage\":\"es\",\"@id\":\"https:\/\/volcanes.net\/?p=345#primaryimage\",\"url\":\"https:\/\/volcanes.net\/wp-content\/uploads\/2018\/01\/33-e1515598214468.jpeg\",\"contentUrl\":\"https:\/\/volcanes.net\/wp-content\/uploads\/2018\/01\/33-e1515598214468.jpeg\",\"width\":550,\"height\":388},{\"@type\":\"BreadcrumbList\",\"@id\":\"https:\/\/volcanes.net\/?p=345#breadcrumb\",\"itemListElement\":[{\"@type\":\"ListItem\",\"position\":1,\"name\":\"Portada\",\"item\":\"https:\/\/volcanes.net\/\"},{\"@type\":\"ListItem\",\"position\":2,\"name\":\"Edom\u00e9x ampliar\u00e1 programa de Becas Elisa Carrillo para promover la danza y la cultura\"}]},{\"@type\":\"WebSite\",\"@id\":\"https:\/\/volcanes.net\/#website\",\"url\":\"https:\/\/volcanes.net\/\",\"name\":\"Volcanes.Net\",\"description\":\"Periodismo Profesional\",\"publisher\":{\"@id\":\"https:\/\/volcanes.net\/#organization\"},\"potentialAction\":[{\"@type\":\"SearchAction\",\"target\":{\"@type\":\"EntryPoint\",\"urlTemplate\":\"https:\/\/volcanes.net\/?s={search_term_string}\"},\"query-input\":{\"@type\":\"PropertyValueSpecification\",\"valueRequired\":true,\"valueName\":\"search_term_string\"}}],\"inLanguage\":\"es\"},{\"@type\":\"Organization\",\"@id\":\"https:\/\/volcanes.net\/#organization\",\"name\":\"Grupo Volcanes\",\"url\":\"https:\/\/volcanes.net\/\",\"logo\":{\"@type\":\"ImageObject\",\"inLanguage\":\"es\",\"@id\":\"https:\/\/volcanes.net\/#\/schema\/logo\/image\/\",\"url\":\"http:\/\/volcanes.net\/wp-content\/uploads\/2017\/12\/Avatar2.jpg\",\"contentUrl\":\"http:\/\/volcanes.net\/wp-content\/uploads\/2017\/12\/Avatar2.jpg\",\"width\":378,\"height\":378,\"caption\":\"Grupo Volcanes\"},\"image\":{\"@id\":\"https:\/\/volcanes.net\/#\/schema\/logo\/image\/\"},\"sameAs\":[\"https:\/\/www.facebook.com\/volcanes.net\/\"]},{\"@type\":\"Person\",\"@id\":\"https:\/\/volcanes.net\/#\/schema\/person\/4bf0f383940966a4abd53f5048c0e6b9\",\"name\":\"admin\",\"image\":{\"@type\":\"ImageObject\",\"inLanguage\":\"es\",\"@id\":\"https:\/\/volcanes.net\/#\/schema\/person\/image\/\",\"url\":\"https:\/\/secure.gravatar.com\/avatar\/ca004e6cba8462b8cb7abc86e382930c?s=96&d=mm&r=g\",\"contentUrl\":\"https:\/\/secure.gravatar.com\/avatar\/ca004e6cba8462b8cb7abc86e382930c?s=96&d=mm&r=g\",\"caption\":\"admin\"}}]}<\/script>\n<!-- \/ Yoast SEO plugin. -->","yoast_head_json":{"title":"Edom\u00e9x ampliar\u00e1 programa de Becas Elisa Carrillo para promover la danza y la cultura - Volcanes","robots":{"index":"index","follow":"follow","max-snippet":"max-snippet:-1","max-image-preview":"max-image-preview:large","max-video-preview":"max-video-preview:-1"},"canonical":"https:\/\/volcanes.net\/?p=345","og_locale":"es_MX","og_type":"article","og_title":"Edom\u00e9x ampliar\u00e1 programa de Becas Elisa Carrillo para promover la danza y la cultura - Volcanes","og_description":"El Gobernador Alfredo Del Mazo Maza se reuni\u00f3 con la primera bailarina del Staatsballet de","og_url":"https:\/\/volcanes.net\/?p=345","og_site_name":"Volcanes","article_publisher":"https:\/\/www.facebook.com\/volcanes.net\/","article_published_time":"2018-01-10T15:30:22+00:00","og_image":[{"width":550,"height":388,"url":"https:\/\/volcanes.net\/wp-content\/uploads\/2018\/01\/33-e1515598214468.jpeg","type":"image\/jpeg"}],"author":"admin","twitter_card":"summary_large_image","twitter_misc":{"Escrito por":"admin","Tiempo de lectura":"2 minutos"},"schema":{"@context":"https:\/\/schema.org","@graph":[{"@type":"Article","@id":"https:\/\/volcanes.net\/?p=345#article","isPartOf":{"@id":"https:\/\/volcanes.net\/?p=345"},"author":{"name":"admin","@id":"https:\/\/volcanes.net\/#\/schema\/person\/4bf0f383940966a4abd53f5048c0e6b9"},"headline":"Edom\u00e9x ampliar\u00e1 programa de Becas Elisa Carrillo para promover la danza y la cultura","datePublished":"2018-01-10T15:30:22+00:00","mainEntityOfPage":{"@id":"https:\/\/volcanes.net\/?p=345"},"wordCount":404,"commentCount":0,"publisher":{"@id":"https:\/\/volcanes.net\/#organization"},"image":{"@id":"https:\/\/volcanes.net\/?p=345#primaryimage"},"thumbnailUrl":"https:\/\/volcanes.net\/wp-content\/uploads\/2018\/01\/33-e1515598214468.jpeg","keywords":["EdoM\u00e9x","Mexiquenses","Ozumba","Volcanes"],"articleSection":["Municipales"],"inLanguage":"es","potentialAction":[{"@type":"CommentAction","name":"Comment","target":["https:\/\/volcanes.net\/?p=345#respond"]}]},{"@type":"WebPage","@id":"https:\/\/volcanes.net\/?p=345","url":"https:\/\/volcanes.net\/?p=345","name":"Edom\u00e9x ampliar\u00e1 programa de Becas Elisa Carrillo para promover la danza y la cultura - Volcanes","isPartOf":{"@id":"https:\/\/volcanes.net\/#website"},"primaryImageOfPage":{"@id":"https:\/\/volcanes.net\/?p=345#primaryimage"},"image":{"@id":"https:\/\/volcanes.net\/?p=345#primaryimage"},"thumbnailUrl":"https:\/\/volcanes.net\/wp-content\/uploads\/2018\/01\/33-e1515598214468.jpeg","datePublished":"2018-01-10T15:30:22+00:00","breadcrumb":{"@id":"https:\/\/volcanes.net\/?p=345#breadcrumb"},"inLanguage":"es","potentialAction":[{"@type":"ReadAction","target":["https:\/\/volcanes.net\/?p=345"]}]},{"@type":"ImageObject","inLanguage":"es","@id":"https:\/\/volcanes.net\/?p=345#primaryimage","url":"https:\/\/volcanes.net\/wp-content\/uploads\/2018\/01\/33-e1515598214468.jpeg","contentUrl":"https:\/\/volcanes.net\/wp-content\/uploads\/2018\/01\/33-e1515598214468.jpeg","width":550,"height":388},{"@type":"BreadcrumbList","@id":"https:\/\/volcanes.net\/?p=345#breadcrumb","itemListElement":[{"@type":"ListItem","position":1,"name":"Portada","item":"https:\/\/volcanes.net\/"},{"@type":"ListItem","position":2,"name":"Edom\u00e9x ampliar\u00e1 programa de Becas Elisa Carrillo para promover la danza y la cultura"}]},{"@type":"WebSite","@id":"https:\/\/volcanes.net\/#website","url":"https:\/\/volcanes.net\/","name":"Volcanes.Net","description":"Periodismo Profesional","publisher":{"@id":"https:\/\/volcanes.net\/#organization"},"potentialAction":[{"@type":"SearchAction","target":{"@type":"EntryPoint","urlTemplate":"https:\/\/volcanes.net\/?s={search_term_string}"},"query-input":{"@type":"PropertyValueSpecification","valueRequired":true,"valueName":"search_term_string"}}],"inLanguage":"es"},{"@type":"Organization","@id":"https:\/\/volcanes.net\/#organization","name":"Grupo Volcanes","url":"https:\/\/volcanes.net\/","logo":{"@type":"ImageObject","inLanguage":"es","@id":"https:\/\/volcanes.net\/#\/schema\/logo\/image\/","url":"http:\/\/volcanes.net\/wp-content\/uploads\/2017\/12\/Avatar2.jpg","contentUrl":"http:\/\/volcanes.net\/wp-content\/uploads\/2017\/12\/Avatar2.jpg","width":378,"height":378,"caption":"Grupo Volcanes"},"image":{"@id":"https:\/\/volcanes.net\/#\/schema\/logo\/image\/"},"sameAs":["https:\/\/www.facebook.com\/volcanes.net\/"]},{"@type":"Person","@id":"https:\/\/volcanes.net\/#\/schema\/person\/4bf0f383940966a4abd53f5048c0e6b9","name":"admin","image":{"@type":"ImageObject","inLanguage":"es","@id":"https:\/\/volcanes.net\/#\/schema\/person\/image\/","url":"https:\/\/secure.gravatar.com\/avatar\/ca004e6cba8462b8cb7abc86e382930c?s=96&d=mm&r=g","contentUrl":"https:\/\/secure.gravatar.com\/avatar\/ca004e6cba8462b8cb7abc86e382930c?s=96&d=mm&r=g","caption":"admin"}}]}},"_links":{"self":[{"href":"https:\/\/volcanes.net\/index.php?rest_route=\/wp\/v2\/posts\/345"}],"collection":[{"href":"https:\/\/volcanes.net\/index.php?rest_route=\/wp\/v2\/posts"}],"about":[{"href":"https:\/\/volcanes.net\/index.php?rest_route=\/wp\/v2\/types\/post"}],"author":[{"embeddable":true,"href":"https:\/\/volcanes.net\/index.php?rest_route=\/wp\/v2\/users\/1"}],"replies":[{"embeddable":true,"href":"https:\/\/volcanes.net\/index.php?rest_route=%2Fwp%2Fv2%2Fcomments&post=345"}],"version-history":[{"count":1,"href":"https:\/\/volcanes.net\/index.php?rest_route=\/wp\/v2\/posts\/345\/revisions"}],"predecessor-version":[{"id":348,"href":"https:\/\/volcanes.net\/index.php?rest_route=\/wp\/v2\/posts\/345\/revisions\/348"}],"wp:featuredmedia":[{"embeddable":true,"href":"https:\/\/volcanes.net\/index.php?rest_route=\/wp\/v2\/media\/347"}],"wp:attachment":[{"href":"https:\/\/volcanes.net\/index.php?rest_route=%2Fwp%2Fv2%2Fmedia&parent=345"}],"wp:term":[{"taxonomy":"category","embeddable":true,"href":"https:\/\/volcanes.net\/index.php?rest_route=%2Fwp%2Fv2%2Fcategories&post=345"},{"taxonomy":"post_tag","embeddable":true,"href":"https:\/\/volcanes.net\/index.php?rest_route=%2Fwp%2Fv2%2Ftags&post=345"}],"curies":[{"name":"wp","href":"https:\/\/api.w.org\/{rel}","templated":true}]}}