{"id":3464,"date":"2019-01-20T20:03:59","date_gmt":"2019-01-20T20:03:59","guid":{"rendered":"http:\/\/volcanes.net\/?p=3464"},"modified":"2019-01-20T20:03:59","modified_gmt":"2019-01-20T20:03:59","slug":"es-hora-que-mpios-y-estado-apoyen-lucha-contra-el-huachicol-max-correa","status":"publish","type":"post","link":"https:\/\/volcanes.net\/?p=3464","title":{"rendered":"Es hora que Mpios y Estado apoyen lucha contra el huachicol: Max Correa"},"content":{"rendered":"<div style=\"margin-top: 0px; margin-bottom: 0px;\" class=\"sharethis-inline-share-buttons\" ><\/div><p>*El diputado de Morena se\u00f1al\u00f3 de manera respetuosa que los gobiernos locales deben asumir una postura de solidaridad contra el robo de combustible, que pone en peligro a toda la poblaci\u00f3n.<\/p>\n<p>ESTADO DE M\u00c9XICO. Max Correa Hern\u00e1ndez, presidente de la Comisi\u00f3n de Protecci\u00f3n Civil del Congreso del Estado de M\u00e9xico, hizo un llamado a los gobiernos estatal y municipal por donde pasan ductos de Pemex, para que sus coordinaciones de Protecci\u00f3n Civil establezcan protocolos preventivos que coadyuven con el Gobierno Federal a combatir el robo de hidrocarburos.<\/p>\n<p>Argument\u00f3 que si bien la protecci\u00f3n civil de los ductos de Pemex es responsabilidad de la federaci\u00f3n, se\u00f1al\u00f3 de manera respetuosa que los gobiernos locales deben asumir una postura de solidaridad contra el robo de combustible, que pone en peligro a toda la poblaci\u00f3n.<\/p>\n<p>En el \u00e1mbito de sus competencias, agreg\u00f3 Correa Hern\u00e1ndez, los municipios pueden asumir el combate al huachicoleo detectando tomas clandestinas y dise\u00f1ando protocolos de actuaci\u00f3n para prevenir y atender desastres.<\/p>\n<p>\u201cNo queremos que en la entidad mexiquense se repita la tragedia de Tlahuelilpan, Hidalgo, por ello es imprescindible revisar los protocolos, planes y programas de actuaci\u00f3n que se aplican en este tipo de situaciones; asimismo, desde la legislatura haremos lo que nos toca con la finalidad de apoyar y robustecer las acciones del Presidente Andr\u00e9s Manuel L\u00f3pez Obrador y el Gobernador Alfredo del Mazo Maza para prevenir el sabotaje de ductos\u201d.<\/p>\n<p>Tras se\u00f1alar que en el Estado de M\u00e9xico no pasa un d\u00eda en que personas son detenidas por transportar o comercializar gasolina robada, el tambi\u00e9n secretario general de la Central Campesina Cardenista (CCC) exhort\u00f3 a la ciudadan\u00eda para que no participe en el hurto de combustible, no s\u00f3lo porque es un delito, tambi\u00e9n constituye un riesgo a su integridad y vida.<\/p>\n<p>En ese sentido, record\u00f3 que la administraci\u00f3n de AMLO est\u00e1 garantizando oportunidades de empleo y programas de apoyo a j\u00f3venes, adultos mayores, personas con alguna discapacidad y becas para todos los estudiantes de preparatoria y universidad.<\/p>\n<p>Para denunciar de manera an\u00f3nima tomas clandestinas de combustible en el estado de M\u00e9xico, existe el n\u00famero telef\u00f3nico 01 800 228 9660, y el correo electr\u00f3nico: vigilante@pemex.com<\/p>\n","protected":false},"excerpt":{"rendered":"<p>*El diputado de Morena se\u00f1al\u00f3 de manera respetuosa que los gobiernos locales deben asumir una<\/p>\n","protected":false},"author":1,"featured_media":3463,"comment_status":"open","ping_status":"open","sticky":false,"template":"","format":"standard","meta":{"footnotes":""},"categories":[1],"tags":[106],"class_list":["post-3464","post","type-post","status-publish","format-standard","has-post-thumbnail","hentry","category-municipales","tag-camara-de-diputados"],"yoast_head":"<!-- This site is optimized with the Yoast SEO plugin v25.3 - https:\/\/yoast.com\/wordpress\/plugins\/seo\/ -->\n<title>Es hora que Mpios y Estado apoyen lucha contra el huachicol: Max Correa - Volcanes<\/title>\n<meta name=\"robots\" content=\"index, follow, max-snippet:-1, max-image-preview:large, max-video-preview:-1\" \/>\n<link rel=\"canonical\" href=\"https:\/\/volcanes.net\/?p=3464\" \/>\n<meta property=\"og:locale\" content=\"es_MX\" \/>\n<meta property=\"og:type\" content=\"article\" \/>\n<meta property=\"og:title\" content=\"Es hora que Mpios y Estado apoyen lucha contra el huachicol: Max Correa - Volcanes\" \/>\n<meta property=\"og:description\" content=\"*El diputado de Morena se\u00f1al\u00f3 de manera respetuosa que los gobiernos locales deben asumir una\" \/>\n<meta property=\"og:url\" content=\"https:\/\/volcanes.net\/?p=3464\" \/>\n<meta property=\"og:site_name\" content=\"Volcanes\" \/>\n<meta property=\"article:publisher\" content=\"https:\/\/www.facebook.com\/volcanes.net\/\" \/>\n<meta property=\"article:published_time\" content=\"2019-01-20T20:03:59+00:00\" \/>\n<meta property=\"og:image\" content=\"https:\/\/volcanes.net\/wp-content\/uploads\/2019\/01\/IMG-20190120-WA0008.jpg\" \/>\n\t<meta property=\"og:image:width\" content=\"960\" \/>\n\t<meta property=\"og:image:height\" content=\"640\" \/>\n\t<meta property=\"og:image:type\" content=\"image\/jpeg\" \/>\n<meta name=\"author\" content=\"admin\" \/>\n<meta name=\"twitter:card\" content=\"summary_large_image\" \/>\n<meta name=\"twitter:label1\" content=\"Escrito por\" \/>\n\t<meta name=\"twitter:data1\" content=\"admin\" \/>\n\t<meta name=\"twitter:label2\" content=\"Tiempo de lectura\" \/>\n\t<meta name=\"twitter:data2\" content=\"2 minutos\" \/>\n<script type=\"application\/ld+json\" class=\"yoast-schema-graph\">{\"@context\":\"https:\/\/schema.org\",\"@graph\":[{\"@type\":\"Article\",\"@id\":\"https:\/\/volcanes.net\/?p=3464#article\",\"isPartOf\":{\"@id\":\"https:\/\/volcanes.net\/?p=3464\"},\"author\":{\"name\":\"admin\",\"@id\":\"https:\/\/volcanes.net\/#\/schema\/person\/4bf0f383940966a4abd53f5048c0e6b9\"},\"headline\":\"Es hora que Mpios y Estado apoyen lucha contra el huachicol: Max Correa\",\"datePublished\":\"2019-01-20T20:03:59+00:00\",\"mainEntityOfPage\":{\"@id\":\"https:\/\/volcanes.net\/?p=3464\"},\"wordCount\":399,\"commentCount\":0,\"publisher\":{\"@id\":\"https:\/\/volcanes.net\/#organization\"},\"image\":{\"@id\":\"https:\/\/volcanes.net\/?p=3464#primaryimage\"},\"thumbnailUrl\":\"https:\/\/volcanes.net\/wp-content\/uploads\/2019\/01\/IMG-20190120-WA0008.jpg\",\"keywords\":[\"C\u00e1mara de Diputados\"],\"articleSection\":[\"Municipales\"],\"inLanguage\":\"es\",\"potentialAction\":[{\"@type\":\"CommentAction\",\"name\":\"Comment\",\"target\":[\"https:\/\/volcanes.net\/?p=3464#respond\"]}]},{\"@type\":\"WebPage\",\"@id\":\"https:\/\/volcanes.net\/?p=3464\",\"url\":\"https:\/\/volcanes.net\/?p=3464\",\"name\":\"Es hora que Mpios y Estado apoyen lucha contra el huachicol: Max Correa - Volcanes\",\"isPartOf\":{\"@id\":\"https:\/\/volcanes.net\/#website\"},\"primaryImageOfPage\":{\"@id\":\"https:\/\/volcanes.net\/?p=3464#primaryimage\"},\"image\":{\"@id\":\"https:\/\/volcanes.net\/?p=3464#primaryimage\"},\"thumbnailUrl\":\"https:\/\/volcanes.net\/wp-content\/uploads\/2019\/01\/IMG-20190120-WA0008.jpg\",\"datePublished\":\"2019-01-20T20:03:59+00:00\",\"breadcrumb\":{\"@id\":\"https:\/\/volcanes.net\/?p=3464#breadcrumb\"},\"inLanguage\":\"es\",\"potentialAction\":[{\"@type\":\"ReadAction\",\"target\":[\"https:\/\/volcanes.net\/?p=3464\"]}]},{\"@type\":\"ImageObject\",\"inLanguage\":\"es\",\"@id\":\"https:\/\/volcanes.net\/?p=3464#primaryimage\",\"url\":\"https:\/\/volcanes.net\/wp-content\/uploads\/2019\/01\/IMG-20190120-WA0008.jpg\",\"contentUrl\":\"https:\/\/volcanes.net\/wp-content\/uploads\/2019\/01\/IMG-20190120-WA0008.jpg\",\"width\":960,\"height\":640},{\"@type\":\"BreadcrumbList\",\"@id\":\"https:\/\/volcanes.net\/?p=3464#breadcrumb\",\"itemListElement\":[{\"@type\":\"ListItem\",\"position\":1,\"name\":\"Portada\",\"item\":\"https:\/\/volcanes.net\/\"},{\"@type\":\"ListItem\",\"position\":2,\"name\":\"Es hora que Mpios y Estado apoyen lucha contra el huachicol: Max Correa\"}]},{\"@type\":\"WebSite\",\"@id\":\"https:\/\/volcanes.net\/#website\",\"url\":\"https:\/\/volcanes.net\/\",\"name\":\"Volcanes.Net\",\"description\":\"Periodismo Profesional\",\"publisher\":{\"@id\":\"https:\/\/volcanes.net\/#organization\"},\"potentialAction\":[{\"@type\":\"SearchAction\",\"target\":{\"@type\":\"EntryPoint\",\"urlTemplate\":\"https:\/\/volcanes.net\/?s={search_term_string}\"},\"query-input\":{\"@type\":\"PropertyValueSpecification\",\"valueRequired\":true,\"valueName\":\"search_term_string\"}}],\"inLanguage\":\"es\"},{\"@type\":\"Organization\",\"@id\":\"https:\/\/volcanes.net\/#organization\",\"name\":\"Grupo Volcanes\",\"url\":\"https:\/\/volcanes.net\/\",\"logo\":{\"@type\":\"ImageObject\",\"inLanguage\":\"es\",\"@id\":\"https:\/\/volcanes.net\/#\/schema\/logo\/image\/\",\"url\":\"http:\/\/volcanes.net\/wp-content\/uploads\/2017\/12\/Avatar2.jpg\",\"contentUrl\":\"http:\/\/volcanes.net\/wp-content\/uploads\/2017\/12\/Avatar2.jpg\",\"width\":378,\"height\":378,\"caption\":\"Grupo Volcanes\"},\"image\":{\"@id\":\"https:\/\/volcanes.net\/#\/schema\/logo\/image\/\"},\"sameAs\":[\"https:\/\/www.facebook.com\/volcanes.net\/\"]},{\"@type\":\"Person\",\"@id\":\"https:\/\/volcanes.net\/#\/schema\/person\/4bf0f383940966a4abd53f5048c0e6b9\",\"name\":\"admin\",\"image\":{\"@type\":\"ImageObject\",\"inLanguage\":\"es\",\"@id\":\"https:\/\/volcanes.net\/#\/schema\/person\/image\/\",\"url\":\"https:\/\/secure.gravatar.com\/avatar\/ca004e6cba8462b8cb7abc86e382930c?s=96&d=mm&r=g\",\"contentUrl\":\"https:\/\/secure.gravatar.com\/avatar\/ca004e6cba8462b8cb7abc86e382930c?s=96&d=mm&r=g\",\"caption\":\"admin\"}}]}<\/script>\n<!-- \/ Yoast SEO plugin. -->","yoast_head_json":{"title":"Es hora que Mpios y Estado apoyen lucha contra el huachicol: Max Correa - Volcanes","robots":{"index":"index","follow":"follow","max-snippet":"max-snippet:-1","max-image-preview":"max-image-preview:large","max-video-preview":"max-video-preview:-1"},"canonical":"https:\/\/volcanes.net\/?p=3464","og_locale":"es_MX","og_type":"article","og_title":"Es hora que Mpios y Estado apoyen lucha contra el huachicol: Max Correa - Volcanes","og_description":"*El diputado de Morena se\u00f1al\u00f3 de manera respetuosa que los gobiernos locales deben asumir una","og_url":"https:\/\/volcanes.net\/?p=3464","og_site_name":"Volcanes","article_publisher":"https:\/\/www.facebook.com\/volcanes.net\/","article_published_time":"2019-01-20T20:03:59+00:00","og_image":[{"width":960,"height":640,"url":"https:\/\/volcanes.net\/wp-content\/uploads\/2019\/01\/IMG-20190120-WA0008.jpg","type":"image\/jpeg"}],"author":"admin","twitter_card":"summary_large_image","twitter_misc":{"Escrito por":"admin","Tiempo de lectura":"2 minutos"},"schema":{"@context":"https:\/\/schema.org","@graph":[{"@type":"Article","@id":"https:\/\/volcanes.net\/?p=3464#article","isPartOf":{"@id":"https:\/\/volcanes.net\/?p=3464"},"author":{"name":"admin","@id":"https:\/\/volcanes.net\/#\/schema\/person\/4bf0f383940966a4abd53f5048c0e6b9"},"headline":"Es hora que Mpios y Estado apoyen lucha contra el huachicol: Max Correa","datePublished":"2019-01-20T20:03:59+00:00","mainEntityOfPage":{"@id":"https:\/\/volcanes.net\/?p=3464"},"wordCount":399,"commentCount":0,"publisher":{"@id":"https:\/\/volcanes.net\/#organization"},"image":{"@id":"https:\/\/volcanes.net\/?p=3464#primaryimage"},"thumbnailUrl":"https:\/\/volcanes.net\/wp-content\/uploads\/2019\/01\/IMG-20190120-WA0008.jpg","keywords":["C\u00e1mara de Diputados"],"articleSection":["Municipales"],"inLanguage":"es","potentialAction":[{"@type":"CommentAction","name":"Comment","target":["https:\/\/volcanes.net\/?p=3464#respond"]}]},{"@type":"WebPage","@id":"https:\/\/volcanes.net\/?p=3464","url":"https:\/\/volcanes.net\/?p=3464","name":"Es hora que Mpios y Estado apoyen lucha contra el huachicol: Max Correa - Volcanes","isPartOf":{"@id":"https:\/\/volcanes.net\/#website"},"primaryImageOfPage":{"@id":"https:\/\/volcanes.net\/?p=3464#primaryimage"},"image":{"@id":"https:\/\/volcanes.net\/?p=3464#primaryimage"},"thumbnailUrl":"https:\/\/volcanes.net\/wp-content\/uploads\/2019\/01\/IMG-20190120-WA0008.jpg","datePublished":"2019-01-20T20:03:59+00:00","breadcrumb":{"@id":"https:\/\/volcanes.net\/?p=3464#breadcrumb"},"inLanguage":"es","potentialAction":[{"@type":"ReadAction","target":["https:\/\/volcanes.net\/?p=3464"]}]},{"@type":"ImageObject","inLanguage":"es","@id":"https:\/\/volcanes.net\/?p=3464#primaryimage","url":"https:\/\/volcanes.net\/wp-content\/uploads\/2019\/01\/IMG-20190120-WA0008.jpg","contentUrl":"https:\/\/volcanes.net\/wp-content\/uploads\/2019\/01\/IMG-20190120-WA0008.jpg","width":960,"height":640},{"@type":"BreadcrumbList","@id":"https:\/\/volcanes.net\/?p=3464#breadcrumb","itemListElement":[{"@type":"ListItem","position":1,"name":"Portada","item":"https:\/\/volcanes.net\/"},{"@type":"ListItem","position":2,"name":"Es hora que Mpios y Estado apoyen lucha contra el huachicol: Max Correa"}]},{"@type":"WebSite","@id":"https:\/\/volcanes.net\/#website","url":"https:\/\/volcanes.net\/","name":"Volcanes.Net","description":"Periodismo Profesional","publisher":{"@id":"https:\/\/volcanes.net\/#organization"},"potentialAction":[{"@type":"SearchAction","target":{"@type":"EntryPoint","urlTemplate":"https:\/\/volcanes.net\/?s={search_term_string}"},"query-input":{"@type":"PropertyValueSpecification","valueRequired":true,"valueName":"search_term_string"}}],"inLanguage":"es"},{"@type":"Organization","@id":"https:\/\/volcanes.net\/#organization","name":"Grupo Volcanes","url":"https:\/\/volcanes.net\/","logo":{"@type":"ImageObject","inLanguage":"es","@id":"https:\/\/volcanes.net\/#\/schema\/logo\/image\/","url":"http:\/\/volcanes.net\/wp-content\/uploads\/2017\/12\/Avatar2.jpg","contentUrl":"http:\/\/volcanes.net\/wp-content\/uploads\/2017\/12\/Avatar2.jpg","width":378,"height":378,"caption":"Grupo Volcanes"},"image":{"@id":"https:\/\/volcanes.net\/#\/schema\/logo\/image\/"},"sameAs":["https:\/\/www.facebook.com\/volcanes.net\/"]},{"@type":"Person","@id":"https:\/\/volcanes.net\/#\/schema\/person\/4bf0f383940966a4abd53f5048c0e6b9","name":"admin","image":{"@type":"ImageObject","inLanguage":"es","@id":"https:\/\/volcanes.net\/#\/schema\/person\/image\/","url":"https:\/\/secure.gravatar.com\/avatar\/ca004e6cba8462b8cb7abc86e382930c?s=96&d=mm&r=g","contentUrl":"https:\/\/secure.gravatar.com\/avatar\/ca004e6cba8462b8cb7abc86e382930c?s=96&d=mm&r=g","caption":"admin"}}]}},"_links":{"self":[{"href":"https:\/\/volcanes.net\/index.php?rest_route=\/wp\/v2\/posts\/3464"}],"collection":[{"href":"https:\/\/volcanes.net\/index.php?rest_route=\/wp\/v2\/posts"}],"about":[{"href":"https:\/\/volcanes.net\/index.php?rest_route=\/wp\/v2\/types\/post"}],"author":[{"embeddable":true,"href":"https:\/\/volcanes.net\/index.php?rest_route=\/wp\/v2\/users\/1"}],"replies":[{"embeddable":true,"href":"https:\/\/volcanes.net\/index.php?rest_route=%2Fwp%2Fv2%2Fcomments&post=3464"}],"version-history":[{"count":1,"href":"https:\/\/volcanes.net\/index.php?rest_route=\/wp\/v2\/posts\/3464\/revisions"}],"predecessor-version":[{"id":3465,"href":"https:\/\/volcanes.net\/index.php?rest_route=\/wp\/v2\/posts\/3464\/revisions\/3465"}],"wp:featuredmedia":[{"embeddable":true,"href":"https:\/\/volcanes.net\/index.php?rest_route=\/wp\/v2\/media\/3463"}],"wp:attachment":[{"href":"https:\/\/volcanes.net\/index.php?rest_route=%2Fwp%2Fv2%2Fmedia&parent=3464"}],"wp:term":[{"taxonomy":"category","embeddable":true,"href":"https:\/\/volcanes.net\/index.php?rest_route=%2Fwp%2Fv2%2Fcategories&post=3464"},{"taxonomy":"post_tag","embeddable":true,"href":"https:\/\/volcanes.net\/index.php?rest_route=%2Fwp%2Fv2%2Ftags&post=3464"}],"curies":[{"name":"wp","href":"https:\/\/api.w.org\/{rel}","templated":true}]}}