{"id":3480,"date":"2019-01-21T23:04:25","date_gmt":"2019-01-21T23:04:25","guid":{"rendered":"http:\/\/volcanes.net\/?p=3480"},"modified":"2019-01-21T23:04:25","modified_gmt":"2019-01-21T23:04:25","slug":"red-troncal-ambicioso-proyecto-para-conectar-al-pais","status":"publish","type":"post","link":"https:\/\/volcanes.net\/?p=3480","title":{"rendered":"Red Troncal, ambicioso proyecto para conectar al pa\u00eds"},"content":{"rendered":"<div style=\"margin-top: 0px; margin-bottom: 0px;\" class=\"sharethis-inline-share-buttons\" ><\/div><p>En 2014, la Reforma en Telecomunicaciones orden\u00f3 desplegar una Red Troncal, a cargo de Telecomunicaciones en M\u00e9xico (Telecomm), a fin de conectar a todo el pa\u00eds, no obstante, el proyecto qued\u00f3 inconcluso en la administraci\u00f3n anterior.<\/p>\n<p>En 2018, la Secretar\u00eda de Comunicaciones y Transportes (SCT) inici\u00f3 el proceso para licitar los casi 26 mil kil\u00f3metros de fibra \u00f3ptica de la Comisi\u00f3n Federal de Electricidad (CFE), a trav\u00e9s de los cuales se pueden ofrecer, por ejemplo, telefon\u00eda, Internet y televisi\u00f3n.<\/p>\n<p>En octubre del a\u00f1o anterior, la dependencia anunci\u00f3 modificaciones al calendario de la licitaci\u00f3n, por lo que la conclusi\u00f3n del proyecto tocaba a la nueva administraci\u00f3n federal.<\/p>\n<p>De acuerdo con Telecomm, se busca aprovechar la infraestructura existente de fibra \u00f3ptica instalada en las l\u00edneas de alta tensi\u00f3n y distribuci\u00f3n de la CFE para crear una robusta Red Troncal de telecomunicaciones a nivel nacional.<\/p>\n<p>Ello, \u201ccon el fin de ofrecer todas sus capacidades y servicios de manera mayorista, no discriminatoria, desagregada y a precios competitivos, tanto a concesionarios como a comercializadores de servicios de telecomunicaciones que presten servicios a usuarios finales en M\u00e9xico\u201d.<\/p>\n<p>Detall\u00f3 que el objetivo es incrementar la cantidad de puntos de presencia (PDP), para que un porcentaje significativo de la poblaci\u00f3n del pa\u00eds se encuentre a una distancia m\u00e1xima de 35 kil\u00f3metros de un PDP de la Red Troncal, y as\u00ed ofrecer opciones de acceso de banda ancha m\u00e1s competitivas a la poblaci\u00f3n que se encuentra en localidades con baja penetraci\u00f3n de este servicio.<\/p>\n<p>El despliegue y crecimiento de la Red Troncal fue establecido Reforma Constitucional en Materia de Telecomunicaciones, donde se\u00f1ala que Telecomm deber\u00e1 planear, dise\u00f1ar y ejecutar el crecimiento de una robusta red troncal de telecomunicaciones de cobertura nacional.<\/p>\n<p>La Red Troncal pretende dar facilidades a los operadores y comercializadores de servicios de telecomunicaciones para que puedan ofrecer a la poblaci\u00f3n nuevos y mejores servicios de banda ancha, y que estos sean m\u00e1s competitivos.<\/p>\n<p>Cabe destacar que la Comisi\u00f3n Federal de Electricidad (CFE) cedi\u00f3 a Telecomm su concesi\u00f3n, garantiz\u00e1ndole el acceso efectivo y compartido a la infraestructura de red de fibra \u00f3ptica para su aprovechamiento eficiente, a fin de lograr el cumplimiento de sus objetivos.<\/p>\n<p>La red de la CFE cuenta con m\u00e1s de 25 mil Kil\u00f3metros de fibra \u00f3ptica instalada en los hilos de guarda de las torres de transmisi\u00f3n el\u00e9ctrica de alta tensi\u00f3n y distribuci\u00f3n, con m\u00e1s de 115 puntos de presencia, denominados \u201cHoteles de Interconexi\u00f3n\u201d, por medio de los cuales se proveer\u00e1n los servicios mayoristas de enlaces de gran capacidad a concesionarios y a comercializadores.<\/p>\n<p>Miguel Ram\u00edrez Torres, especialista de la Universidad Nacional Aut\u00f3noma de M\u00e9xico, indic\u00f3 que la Red Troncal trata de que \u201cestemos conectados con los diferentes medios de comunicaci\u00f3n en todo el pa\u00eds, porque como lo ha se\u00f1alado Andr\u00e9s Manuel L\u00f3pez Obrador, s\u00f3lo el 25 por ciento tiene conectividad y el 75 por ciento no\u201d.<\/p>\n<p>En entrevista con Notimex, indic\u00f3 que desde 1986 se trata de llevar la fibra con la fibra \u00f3ptica una mejor conectividad por todos los medios, pero consider\u00f3 que hace falta mucho para llegar a este objetivo.<\/p>\n<p>Consider\u00f3 viable la cancelaci\u00f3n, por parte del nuevo gobierno, de la licitaci\u00f3n de la Red Tronca, ya que en las nuevas bases se buscar\u00e1 que las empresas ganadoras lleven internet gratuito a carreteras, hospitales y plazas p\u00fablicas.<\/p>\n<p>El presidente Andr\u00e9s Manuel L\u00f3pez Obrador anunci\u00f3 en su conferencia matutina del pasado 17 de enero que se suspende la licitaci\u00f3n de la Red Troncal que se hab\u00eda iniciado en la administraci\u00f3n anterior y el procedimiento se iniciar\u00e1 \u201cde cero\u201d.<\/p>\n<p>\u201cSe suspendi\u00f3 esa licitaci\u00f3n, (porque) desde la Reforma en Telecomunicaciones no se ha resuelto el problema que nos interesa: el de la conectividad\u201d, por lo que ya se est\u00e1n revisando las bases para el nuevo proceso que se prev\u00e9 inicie a mediados de febrero pr\u00f3ximo.<\/p>\n<p>Indic\u00f3 que se van a licitar los casi 26 mil kil\u00f3metros de fibra \u00f3ptica y como contraprestaci\u00f3n, la empresa o las empresas ganadoras tendr\u00e1n que ofrecer Internet gratuito en carreteras, plazas p\u00fablicas, hospitales, escuelas y una cantidad de recursos para el mantenimiento de las instalaciones.<\/p>\n","protected":false},"excerpt":{"rendered":"<p>En 2014, la Reforma en Telecomunicaciones orden\u00f3 desplegar una Red Troncal, a cargo de Telecomunicaciones<\/p>\n","protected":false},"author":1,"featured_media":3481,"comment_status":"open","ping_status":"open","sticky":false,"template":"","format":"standard","meta":{"footnotes":""},"categories":[1],"tags":[82],"class_list":["post-3480","post","type-post","status-publish","format-standard","has-post-thumbnail","hentry","category-municipales","tag-sct"],"yoast_head":"<!-- This site is optimized with the Yoast SEO plugin v25.3 - https:\/\/yoast.com\/wordpress\/plugins\/seo\/ -->\n<title>Red Troncal, ambicioso proyecto para conectar al pa\u00eds - Volcanes<\/title>\n<meta name=\"robots\" content=\"index, follow, max-snippet:-1, max-image-preview:large, max-video-preview:-1\" \/>\n<link rel=\"canonical\" href=\"https:\/\/volcanes.net\/?p=3480\" \/>\n<meta property=\"og:locale\" content=\"es_MX\" \/>\n<meta property=\"og:type\" content=\"article\" \/>\n<meta property=\"og:title\" content=\"Red Troncal, ambicioso proyecto para conectar al pa\u00eds - Volcanes\" \/>\n<meta property=\"og:description\" content=\"En 2014, la Reforma en Telecomunicaciones orden\u00f3 desplegar una Red Troncal, a cargo de Telecomunicaciones\" \/>\n<meta property=\"og:url\" content=\"https:\/\/volcanes.net\/?p=3480\" \/>\n<meta property=\"og:site_name\" content=\"Volcanes\" \/>\n<meta property=\"article:publisher\" content=\"https:\/\/www.facebook.com\/volcanes.net\/\" \/>\n<meta property=\"article:published_time\" content=\"2019-01-21T23:04:25+00:00\" \/>\n<meta property=\"og:image\" content=\"https:\/\/volcanes.net\/wp-content\/uploads\/2019\/01\/telecomm.jpg\" \/>\n\t<meta property=\"og:image:width\" content=\"549\" \/>\n\t<meta property=\"og:image:height\" content=\"367\" \/>\n\t<meta property=\"og:image:type\" content=\"image\/jpeg\" \/>\n<meta name=\"author\" content=\"admin\" \/>\n<meta name=\"twitter:card\" content=\"summary_large_image\" \/>\n<meta name=\"twitter:label1\" content=\"Escrito por\" \/>\n\t<meta name=\"twitter:data1\" content=\"admin\" \/>\n\t<meta name=\"twitter:label2\" content=\"Tiempo de lectura\" \/>\n\t<meta name=\"twitter:data2\" content=\"4 minutos\" \/>\n<script type=\"application\/ld+json\" class=\"yoast-schema-graph\">{\"@context\":\"https:\/\/schema.org\",\"@graph\":[{\"@type\":\"Article\",\"@id\":\"https:\/\/volcanes.net\/?p=3480#article\",\"isPartOf\":{\"@id\":\"https:\/\/volcanes.net\/?p=3480\"},\"author\":{\"name\":\"admin\",\"@id\":\"https:\/\/volcanes.net\/#\/schema\/person\/4bf0f383940966a4abd53f5048c0e6b9\"},\"headline\":\"Red Troncal, ambicioso proyecto para conectar al pa\u00eds\",\"datePublished\":\"2019-01-21T23:04:25+00:00\",\"mainEntityOfPage\":{\"@id\":\"https:\/\/volcanes.net\/?p=3480\"},\"wordCount\":739,\"commentCount\":0,\"publisher\":{\"@id\":\"https:\/\/volcanes.net\/#organization\"},\"image\":{\"@id\":\"https:\/\/volcanes.net\/?p=3480#primaryimage\"},\"thumbnailUrl\":\"https:\/\/volcanes.net\/wp-content\/uploads\/2019\/01\/telecomm.jpg\",\"keywords\":[\"SCT\"],\"articleSection\":[\"Municipales\"],\"inLanguage\":\"es\",\"potentialAction\":[{\"@type\":\"CommentAction\",\"name\":\"Comment\",\"target\":[\"https:\/\/volcanes.net\/?p=3480#respond\"]}]},{\"@type\":\"WebPage\",\"@id\":\"https:\/\/volcanes.net\/?p=3480\",\"url\":\"https:\/\/volcanes.net\/?p=3480\",\"name\":\"Red Troncal, ambicioso proyecto para conectar al pa\u00eds - Volcanes\",\"isPartOf\":{\"@id\":\"https:\/\/volcanes.net\/#website\"},\"primaryImageOfPage\":{\"@id\":\"https:\/\/volcanes.net\/?p=3480#primaryimage\"},\"image\":{\"@id\":\"https:\/\/volcanes.net\/?p=3480#primaryimage\"},\"thumbnailUrl\":\"https:\/\/volcanes.net\/wp-content\/uploads\/2019\/01\/telecomm.jpg\",\"datePublished\":\"2019-01-21T23:04:25+00:00\",\"breadcrumb\":{\"@id\":\"https:\/\/volcanes.net\/?p=3480#breadcrumb\"},\"inLanguage\":\"es\",\"potentialAction\":[{\"@type\":\"ReadAction\",\"target\":[\"https:\/\/volcanes.net\/?p=3480\"]}]},{\"@type\":\"ImageObject\",\"inLanguage\":\"es\",\"@id\":\"https:\/\/volcanes.net\/?p=3480#primaryimage\",\"url\":\"https:\/\/volcanes.net\/wp-content\/uploads\/2019\/01\/telecomm.jpg\",\"contentUrl\":\"https:\/\/volcanes.net\/wp-content\/uploads\/2019\/01\/telecomm.jpg\",\"width\":549,\"height\":367},{\"@type\":\"BreadcrumbList\",\"@id\":\"https:\/\/volcanes.net\/?p=3480#breadcrumb\",\"itemListElement\":[{\"@type\":\"ListItem\",\"position\":1,\"name\":\"Portada\",\"item\":\"https:\/\/volcanes.net\/\"},{\"@type\":\"ListItem\",\"position\":2,\"name\":\"Red Troncal, ambicioso proyecto para conectar al pa\u00eds\"}]},{\"@type\":\"WebSite\",\"@id\":\"https:\/\/volcanes.net\/#website\",\"url\":\"https:\/\/volcanes.net\/\",\"name\":\"Volcanes.Net\",\"description\":\"Periodismo Profesional\",\"publisher\":{\"@id\":\"https:\/\/volcanes.net\/#organization\"},\"potentialAction\":[{\"@type\":\"SearchAction\",\"target\":{\"@type\":\"EntryPoint\",\"urlTemplate\":\"https:\/\/volcanes.net\/?s={search_term_string}\"},\"query-input\":{\"@type\":\"PropertyValueSpecification\",\"valueRequired\":true,\"valueName\":\"search_term_string\"}}],\"inLanguage\":\"es\"},{\"@type\":\"Organization\",\"@id\":\"https:\/\/volcanes.net\/#organization\",\"name\":\"Grupo Volcanes\",\"url\":\"https:\/\/volcanes.net\/\",\"logo\":{\"@type\":\"ImageObject\",\"inLanguage\":\"es\",\"@id\":\"https:\/\/volcanes.net\/#\/schema\/logo\/image\/\",\"url\":\"http:\/\/volcanes.net\/wp-content\/uploads\/2017\/12\/Avatar2.jpg\",\"contentUrl\":\"http:\/\/volcanes.net\/wp-content\/uploads\/2017\/12\/Avatar2.jpg\",\"width\":378,\"height\":378,\"caption\":\"Grupo Volcanes\"},\"image\":{\"@id\":\"https:\/\/volcanes.net\/#\/schema\/logo\/image\/\"},\"sameAs\":[\"https:\/\/www.facebook.com\/volcanes.net\/\"]},{\"@type\":\"Person\",\"@id\":\"https:\/\/volcanes.net\/#\/schema\/person\/4bf0f383940966a4abd53f5048c0e6b9\",\"name\":\"admin\",\"image\":{\"@type\":\"ImageObject\",\"inLanguage\":\"es\",\"@id\":\"https:\/\/volcanes.net\/#\/schema\/person\/image\/\",\"url\":\"https:\/\/secure.gravatar.com\/avatar\/ca004e6cba8462b8cb7abc86e382930c?s=96&d=mm&r=g\",\"contentUrl\":\"https:\/\/secure.gravatar.com\/avatar\/ca004e6cba8462b8cb7abc86e382930c?s=96&d=mm&r=g\",\"caption\":\"admin\"}}]}<\/script>\n<!-- \/ Yoast SEO plugin. -->","yoast_head_json":{"title":"Red Troncal, ambicioso proyecto para conectar al pa\u00eds - Volcanes","robots":{"index":"index","follow":"follow","max-snippet":"max-snippet:-1","max-image-preview":"max-image-preview:large","max-video-preview":"max-video-preview:-1"},"canonical":"https:\/\/volcanes.net\/?p=3480","og_locale":"es_MX","og_type":"article","og_title":"Red Troncal, ambicioso proyecto para conectar al pa\u00eds - Volcanes","og_description":"En 2014, la Reforma en Telecomunicaciones orden\u00f3 desplegar una Red Troncal, a cargo de Telecomunicaciones","og_url":"https:\/\/volcanes.net\/?p=3480","og_site_name":"Volcanes","article_publisher":"https:\/\/www.facebook.com\/volcanes.net\/","article_published_time":"2019-01-21T23:04:25+00:00","og_image":[{"width":549,"height":367,"url":"https:\/\/volcanes.net\/wp-content\/uploads\/2019\/01\/telecomm.jpg","type":"image\/jpeg"}],"author":"admin","twitter_card":"summary_large_image","twitter_misc":{"Escrito por":"admin","Tiempo de lectura":"4 minutos"},"schema":{"@context":"https:\/\/schema.org","@graph":[{"@type":"Article","@id":"https:\/\/volcanes.net\/?p=3480#article","isPartOf":{"@id":"https:\/\/volcanes.net\/?p=3480"},"author":{"name":"admin","@id":"https:\/\/volcanes.net\/#\/schema\/person\/4bf0f383940966a4abd53f5048c0e6b9"},"headline":"Red Troncal, ambicioso proyecto para conectar al pa\u00eds","datePublished":"2019-01-21T23:04:25+00:00","mainEntityOfPage":{"@id":"https:\/\/volcanes.net\/?p=3480"},"wordCount":739,"commentCount":0,"publisher":{"@id":"https:\/\/volcanes.net\/#organization"},"image":{"@id":"https:\/\/volcanes.net\/?p=3480#primaryimage"},"thumbnailUrl":"https:\/\/volcanes.net\/wp-content\/uploads\/2019\/01\/telecomm.jpg","keywords":["SCT"],"articleSection":["Municipales"],"inLanguage":"es","potentialAction":[{"@type":"CommentAction","name":"Comment","target":["https:\/\/volcanes.net\/?p=3480#respond"]}]},{"@type":"WebPage","@id":"https:\/\/volcanes.net\/?p=3480","url":"https:\/\/volcanes.net\/?p=3480","name":"Red Troncal, ambicioso proyecto para conectar al pa\u00eds - Volcanes","isPartOf":{"@id":"https:\/\/volcanes.net\/#website"},"primaryImageOfPage":{"@id":"https:\/\/volcanes.net\/?p=3480#primaryimage"},"image":{"@id":"https:\/\/volcanes.net\/?p=3480#primaryimage"},"thumbnailUrl":"https:\/\/volcanes.net\/wp-content\/uploads\/2019\/01\/telecomm.jpg","datePublished":"2019-01-21T23:04:25+00:00","breadcrumb":{"@id":"https:\/\/volcanes.net\/?p=3480#breadcrumb"},"inLanguage":"es","potentialAction":[{"@type":"ReadAction","target":["https:\/\/volcanes.net\/?p=3480"]}]},{"@type":"ImageObject","inLanguage":"es","@id":"https:\/\/volcanes.net\/?p=3480#primaryimage","url":"https:\/\/volcanes.net\/wp-content\/uploads\/2019\/01\/telecomm.jpg","contentUrl":"https:\/\/volcanes.net\/wp-content\/uploads\/2019\/01\/telecomm.jpg","width":549,"height":367},{"@type":"BreadcrumbList","@id":"https:\/\/volcanes.net\/?p=3480#breadcrumb","itemListElement":[{"@type":"ListItem","position":1,"name":"Portada","item":"https:\/\/volcanes.net\/"},{"@type":"ListItem","position":2,"name":"Red Troncal, ambicioso proyecto para conectar al pa\u00eds"}]},{"@type":"WebSite","@id":"https:\/\/volcanes.net\/#website","url":"https:\/\/volcanes.net\/","name":"Volcanes.Net","description":"Periodismo Profesional","publisher":{"@id":"https:\/\/volcanes.net\/#organization"},"potentialAction":[{"@type":"SearchAction","target":{"@type":"EntryPoint","urlTemplate":"https:\/\/volcanes.net\/?s={search_term_string}"},"query-input":{"@type":"PropertyValueSpecification","valueRequired":true,"valueName":"search_term_string"}}],"inLanguage":"es"},{"@type":"Organization","@id":"https:\/\/volcanes.net\/#organization","name":"Grupo Volcanes","url":"https:\/\/volcanes.net\/","logo":{"@type":"ImageObject","inLanguage":"es","@id":"https:\/\/volcanes.net\/#\/schema\/logo\/image\/","url":"http:\/\/volcanes.net\/wp-content\/uploads\/2017\/12\/Avatar2.jpg","contentUrl":"http:\/\/volcanes.net\/wp-content\/uploads\/2017\/12\/Avatar2.jpg","width":378,"height":378,"caption":"Grupo Volcanes"},"image":{"@id":"https:\/\/volcanes.net\/#\/schema\/logo\/image\/"},"sameAs":["https:\/\/www.facebook.com\/volcanes.net\/"]},{"@type":"Person","@id":"https:\/\/volcanes.net\/#\/schema\/person\/4bf0f383940966a4abd53f5048c0e6b9","name":"admin","image":{"@type":"ImageObject","inLanguage":"es","@id":"https:\/\/volcanes.net\/#\/schema\/person\/image\/","url":"https:\/\/secure.gravatar.com\/avatar\/ca004e6cba8462b8cb7abc86e382930c?s=96&d=mm&r=g","contentUrl":"https:\/\/secure.gravatar.com\/avatar\/ca004e6cba8462b8cb7abc86e382930c?s=96&d=mm&r=g","caption":"admin"}}]}},"_links":{"self":[{"href":"https:\/\/volcanes.net\/index.php?rest_route=\/wp\/v2\/posts\/3480"}],"collection":[{"href":"https:\/\/volcanes.net\/index.php?rest_route=\/wp\/v2\/posts"}],"about":[{"href":"https:\/\/volcanes.net\/index.php?rest_route=\/wp\/v2\/types\/post"}],"author":[{"embeddable":true,"href":"https:\/\/volcanes.net\/index.php?rest_route=\/wp\/v2\/users\/1"}],"replies":[{"embeddable":true,"href":"https:\/\/volcanes.net\/index.php?rest_route=%2Fwp%2Fv2%2Fcomments&post=3480"}],"version-history":[{"count":1,"href":"https:\/\/volcanes.net\/index.php?rest_route=\/wp\/v2\/posts\/3480\/revisions"}],"predecessor-version":[{"id":3482,"href":"https:\/\/volcanes.net\/index.php?rest_route=\/wp\/v2\/posts\/3480\/revisions\/3482"}],"wp:featuredmedia":[{"embeddable":true,"href":"https:\/\/volcanes.net\/index.php?rest_route=\/wp\/v2\/media\/3481"}],"wp:attachment":[{"href":"https:\/\/volcanes.net\/index.php?rest_route=%2Fwp%2Fv2%2Fmedia&parent=3480"}],"wp:term":[{"taxonomy":"category","embeddable":true,"href":"https:\/\/volcanes.net\/index.php?rest_route=%2Fwp%2Fv2%2Fcategories&post=3480"},{"taxonomy":"post_tag","embeddable":true,"href":"https:\/\/volcanes.net\/index.php?rest_route=%2Fwp%2Fv2%2Ftags&post=3480"}],"curies":[{"name":"wp","href":"https:\/\/api.w.org\/{rel}","templated":true}]}}