{"id":3495,"date":"2019-01-21T23:59:34","date_gmt":"2019-01-21T23:59:34","guid":{"rendered":"http:\/\/volcanes.net\/?p=3495"},"modified":"2019-01-21T23:59:34","modified_gmt":"2019-01-21T23:59:34","slug":"la-mexiquense-abigail-robles-viaja-a-alemania-para-cumplir-su-sueno-de-ser-bailarina-profesional-en-danza-clasica-y-contemporanea","status":"publish","type":"post","link":"https:\/\/volcanes.net\/?p=3495","title":{"rendered":"La mexiquense Abigail Robles viaja a #Alemania para cumplir su sue\u00f1o de ser bailarina profesional en danza cl\u00e1sica y contempor\u00e1nea"},"content":{"rendered":"<div style=\"margin-top: 0px; margin-bottom: 0px;\" class=\"sharethis-inline-share-buttons\" ><\/div><p>Cada a\u00f1o, el Gobierno del Estado de M\u00e9xico, a trav\u00e9s de la Secretar\u00eda de Cultura, invita a participar en la convocatoria \u201cElisa Carrillo Cabrera\u201d con la finalidad de que ni\u00f1as, ni\u00f1os y j\u00f3venes puedan obtener una beca y continuar sus estudios de danza.<\/p>\n<p>En la categor\u00eda Profesional ya se cuentan siete j\u00f3venes que han viajado al extranjero apoyados con esta beca que les permite una estancia de perfeccionamiento de t\u00e9cnica y, algunas de estas j\u00f3venes han logrado mostrar su talento y obtener lugares en compa\u00f1\u00edas de danza de pa\u00edses europeos.<\/p>\n<p>En estas fechas fue Abigail Monserrat Robles Quiroz quien gan\u00f3 la beca \u201cElisa Carrillo Cabrera\u201d en 2018 y, despu\u00e9s de una serie de tr\u00e1mites, emprendi\u00f3 su viaje a Alemania para continuar sus estudios en la Escuela Estatal de Ballet, en Berl\u00edn.<\/p>\n<p>Con 12 a\u00f1os de edad, Robles Quiroz dice estar emocionada y agradecida con la oportunidad de poder ingresar a una de las mejores escuelas de ballet profesional de Europa, ubicada en la capital de Alemania, donde perfeccionar\u00e1 su t\u00e9cnica y seguir\u00e1 prepar\u00e1ndose para ser una primera bailarina, como la texcocana Elisa Carrillo Cabrera.<\/p>\n<p>\u201cMe siento muy feliz y agradecida porque voy a cumplir mi sue\u00f1o, voy a realizar mis estudios en la Escuela Estatal de Ballet, en Berl\u00edn, poniendo el nombre de M\u00e9xico en alto, siento emoci\u00f3n\u201d, dijo en entrevista la novel bailarina.<\/p>\n<p>La ganadora de la beca, oriunda del municipio de Cuautitl\u00e1n, quien admira profundamente a Elisa Carrillo, agradeci\u00f3 a las autoridades estatales por tener programas que apoyen y beneficien los talentos mexiquenses y explic\u00f3 las cualidades que le llevaron a obtener la beca.<\/p>\n<p>\u201cQuiero agradecer al Gobierno del Estado de M\u00e9xico por la beca que es un gran apoyo, a la Asociaci\u00f3n Elisa Carrillo, a mis pap\u00e1s, a mi abuelita y a mis profesores. Para ganar esta beca necesitas disciplina, dedicaci\u00f3n, constancia y pasi\u00f3n por lo que amas y para quienes desean obtener la beca les digo que sean constantes y que jam\u00e1s pierdan su objetivo\u201d, manifest\u00f3.<\/p>\n<p>De esta manera, el Gobierno del Estado de M\u00e9xico refrenda su compromiso de coadyuvar en la formaci\u00f3n de hombres y mujeres mexiquense que, con su talento, enorgullezcan a su entidad y al pa\u00eds.<\/p>\n","protected":false},"excerpt":{"rendered":"<p>Cada a\u00f1o, el Gobierno del Estado de M\u00e9xico, a trav\u00e9s de la Secretar\u00eda de Cultura,<\/p>\n","protected":false},"author":1,"featured_media":3497,"comment_status":"open","ping_status":"open","sticky":false,"template":"","format":"standard","meta":{"footnotes":""},"categories":[1],"tags":[4],"class_list":["post-3495","post","type-post","status-publish","format-standard","has-post-thumbnail","hentry","category-municipales","tag-gobierno-del-estado-de-mexico"],"yoast_head":"<!-- This site is optimized with the Yoast SEO plugin v25.3 - https:\/\/yoast.com\/wordpress\/plugins\/seo\/ -->\n<title>La mexiquense Abigail Robles viaja a #Alemania para cumplir su sue\u00f1o de ser bailarina profesional en danza cl\u00e1sica y contempor\u00e1nea - Volcanes<\/title>\n<meta name=\"robots\" content=\"index, follow, max-snippet:-1, max-image-preview:large, max-video-preview:-1\" \/>\n<link rel=\"canonical\" href=\"https:\/\/volcanes.net\/?p=3495\" \/>\n<meta property=\"og:locale\" content=\"es_MX\" \/>\n<meta property=\"og:type\" content=\"article\" \/>\n<meta property=\"og:title\" content=\"La mexiquense Abigail Robles viaja a #Alemania para cumplir su sue\u00f1o de ser bailarina profesional en danza cl\u00e1sica y contempor\u00e1nea - Volcanes\" \/>\n<meta property=\"og:description\" content=\"Cada a\u00f1o, el Gobierno del Estado de M\u00e9xico, a trav\u00e9s de la Secretar\u00eda de Cultura,\" \/>\n<meta property=\"og:url\" content=\"https:\/\/volcanes.net\/?p=3495\" \/>\n<meta property=\"og:site_name\" content=\"Volcanes\" \/>\n<meta property=\"article:publisher\" content=\"https:\/\/www.facebook.com\/volcanes.net\/\" \/>\n<meta property=\"article:published_time\" content=\"2019-01-21T23:59:34+00:00\" \/>\n<meta property=\"og:image\" content=\"https:\/\/volcanes.net\/wp-content\/uploads\/2019\/01\/unnamed-1-680x454.jpg\" \/>\n\t<meta property=\"og:image:width\" content=\"680\" \/>\n\t<meta property=\"og:image:height\" content=\"454\" \/>\n\t<meta property=\"og:image:type\" content=\"image\/jpeg\" \/>\n<meta name=\"author\" content=\"admin\" \/>\n<meta name=\"twitter:card\" content=\"summary_large_image\" \/>\n<meta name=\"twitter:label1\" content=\"Escrito por\" \/>\n\t<meta name=\"twitter:data1\" content=\"admin\" \/>\n\t<meta name=\"twitter:label2\" content=\"Tiempo de lectura\" \/>\n\t<meta name=\"twitter:data2\" content=\"2 minutos\" \/>\n<script type=\"application\/ld+json\" class=\"yoast-schema-graph\">{\"@context\":\"https:\/\/schema.org\",\"@graph\":[{\"@type\":\"Article\",\"@id\":\"https:\/\/volcanes.net\/?p=3495#article\",\"isPartOf\":{\"@id\":\"https:\/\/volcanes.net\/?p=3495\"},\"author\":{\"name\":\"admin\",\"@id\":\"https:\/\/volcanes.net\/#\/schema\/person\/4bf0f383940966a4abd53f5048c0e6b9\"},\"headline\":\"La mexiquense Abigail Robles viaja a #Alemania para cumplir su sue\u00f1o de ser bailarina profesional en danza cl\u00e1sica y contempor\u00e1nea\",\"datePublished\":\"2019-01-21T23:59:34+00:00\",\"mainEntityOfPage\":{\"@id\":\"https:\/\/volcanes.net\/?p=3495\"},\"wordCount\":417,\"commentCount\":0,\"publisher\":{\"@id\":\"https:\/\/volcanes.net\/#organization\"},\"image\":{\"@id\":\"https:\/\/volcanes.net\/?p=3495#primaryimage\"},\"thumbnailUrl\":\"https:\/\/volcanes.net\/wp-content\/uploads\/2019\/01\/unnamed-1-680x454.jpg\",\"keywords\":[\"Gobierno del Estado de M\u00e9xico\"],\"articleSection\":[\"Municipales\"],\"inLanguage\":\"es\",\"potentialAction\":[{\"@type\":\"CommentAction\",\"name\":\"Comment\",\"target\":[\"https:\/\/volcanes.net\/?p=3495#respond\"]}]},{\"@type\":\"WebPage\",\"@id\":\"https:\/\/volcanes.net\/?p=3495\",\"url\":\"https:\/\/volcanes.net\/?p=3495\",\"name\":\"La mexiquense Abigail Robles viaja a #Alemania para cumplir su sue\u00f1o de ser bailarina profesional en danza cl\u00e1sica y contempor\u00e1nea - Volcanes\",\"isPartOf\":{\"@id\":\"https:\/\/volcanes.net\/#website\"},\"primaryImageOfPage\":{\"@id\":\"https:\/\/volcanes.net\/?p=3495#primaryimage\"},\"image\":{\"@id\":\"https:\/\/volcanes.net\/?p=3495#primaryimage\"},\"thumbnailUrl\":\"https:\/\/volcanes.net\/wp-content\/uploads\/2019\/01\/unnamed-1-680x454.jpg\",\"datePublished\":\"2019-01-21T23:59:34+00:00\",\"breadcrumb\":{\"@id\":\"https:\/\/volcanes.net\/?p=3495#breadcrumb\"},\"inLanguage\":\"es\",\"potentialAction\":[{\"@type\":\"ReadAction\",\"target\":[\"https:\/\/volcanes.net\/?p=3495\"]}]},{\"@type\":\"ImageObject\",\"inLanguage\":\"es\",\"@id\":\"https:\/\/volcanes.net\/?p=3495#primaryimage\",\"url\":\"https:\/\/volcanes.net\/wp-content\/uploads\/2019\/01\/unnamed-1-680x454.jpg\",\"contentUrl\":\"https:\/\/volcanes.net\/wp-content\/uploads\/2019\/01\/unnamed-1-680x454.jpg\",\"width\":680,\"height\":454},{\"@type\":\"BreadcrumbList\",\"@id\":\"https:\/\/volcanes.net\/?p=3495#breadcrumb\",\"itemListElement\":[{\"@type\":\"ListItem\",\"position\":1,\"name\":\"Portada\",\"item\":\"https:\/\/volcanes.net\/\"},{\"@type\":\"ListItem\",\"position\":2,\"name\":\"La mexiquense Abigail Robles viaja a #Alemania para cumplir su sue\u00f1o de ser bailarina profesional en danza cl\u00e1sica y contempor\u00e1nea\"}]},{\"@type\":\"WebSite\",\"@id\":\"https:\/\/volcanes.net\/#website\",\"url\":\"https:\/\/volcanes.net\/\",\"name\":\"Volcanes.Net\",\"description\":\"Periodismo Profesional\",\"publisher\":{\"@id\":\"https:\/\/volcanes.net\/#organization\"},\"potentialAction\":[{\"@type\":\"SearchAction\",\"target\":{\"@type\":\"EntryPoint\",\"urlTemplate\":\"https:\/\/volcanes.net\/?s={search_term_string}\"},\"query-input\":{\"@type\":\"PropertyValueSpecification\",\"valueRequired\":true,\"valueName\":\"search_term_string\"}}],\"inLanguage\":\"es\"},{\"@type\":\"Organization\",\"@id\":\"https:\/\/volcanes.net\/#organization\",\"name\":\"Grupo Volcanes\",\"url\":\"https:\/\/volcanes.net\/\",\"logo\":{\"@type\":\"ImageObject\",\"inLanguage\":\"es\",\"@id\":\"https:\/\/volcanes.net\/#\/schema\/logo\/image\/\",\"url\":\"http:\/\/volcanes.net\/wp-content\/uploads\/2017\/12\/Avatar2.jpg\",\"contentUrl\":\"http:\/\/volcanes.net\/wp-content\/uploads\/2017\/12\/Avatar2.jpg\",\"width\":378,\"height\":378,\"caption\":\"Grupo Volcanes\"},\"image\":{\"@id\":\"https:\/\/volcanes.net\/#\/schema\/logo\/image\/\"},\"sameAs\":[\"https:\/\/www.facebook.com\/volcanes.net\/\"]},{\"@type\":\"Person\",\"@id\":\"https:\/\/volcanes.net\/#\/schema\/person\/4bf0f383940966a4abd53f5048c0e6b9\",\"name\":\"admin\",\"image\":{\"@type\":\"ImageObject\",\"inLanguage\":\"es\",\"@id\":\"https:\/\/volcanes.net\/#\/schema\/person\/image\/\",\"url\":\"https:\/\/secure.gravatar.com\/avatar\/ca004e6cba8462b8cb7abc86e382930c?s=96&d=mm&r=g\",\"contentUrl\":\"https:\/\/secure.gravatar.com\/avatar\/ca004e6cba8462b8cb7abc86e382930c?s=96&d=mm&r=g\",\"caption\":\"admin\"}}]}<\/script>\n<!-- \/ Yoast SEO plugin. -->","yoast_head_json":{"title":"La mexiquense Abigail Robles viaja a #Alemania para cumplir su sue\u00f1o de ser bailarina profesional en danza cl\u00e1sica y contempor\u00e1nea - Volcanes","robots":{"index":"index","follow":"follow","max-snippet":"max-snippet:-1","max-image-preview":"max-image-preview:large","max-video-preview":"max-video-preview:-1"},"canonical":"https:\/\/volcanes.net\/?p=3495","og_locale":"es_MX","og_type":"article","og_title":"La mexiquense Abigail Robles viaja a #Alemania para cumplir su sue\u00f1o de ser bailarina profesional en danza cl\u00e1sica y contempor\u00e1nea - Volcanes","og_description":"Cada a\u00f1o, el Gobierno del Estado de M\u00e9xico, a trav\u00e9s de la Secretar\u00eda de Cultura,","og_url":"https:\/\/volcanes.net\/?p=3495","og_site_name":"Volcanes","article_publisher":"https:\/\/www.facebook.com\/volcanes.net\/","article_published_time":"2019-01-21T23:59:34+00:00","og_image":[{"width":680,"height":454,"url":"https:\/\/volcanes.net\/wp-content\/uploads\/2019\/01\/unnamed-1-680x454.jpg","type":"image\/jpeg"}],"author":"admin","twitter_card":"summary_large_image","twitter_misc":{"Escrito por":"admin","Tiempo de lectura":"2 minutos"},"schema":{"@context":"https:\/\/schema.org","@graph":[{"@type":"Article","@id":"https:\/\/volcanes.net\/?p=3495#article","isPartOf":{"@id":"https:\/\/volcanes.net\/?p=3495"},"author":{"name":"admin","@id":"https:\/\/volcanes.net\/#\/schema\/person\/4bf0f383940966a4abd53f5048c0e6b9"},"headline":"La mexiquense Abigail Robles viaja a #Alemania para cumplir su sue\u00f1o de ser bailarina profesional en danza cl\u00e1sica y contempor\u00e1nea","datePublished":"2019-01-21T23:59:34+00:00","mainEntityOfPage":{"@id":"https:\/\/volcanes.net\/?p=3495"},"wordCount":417,"commentCount":0,"publisher":{"@id":"https:\/\/volcanes.net\/#organization"},"image":{"@id":"https:\/\/volcanes.net\/?p=3495#primaryimage"},"thumbnailUrl":"https:\/\/volcanes.net\/wp-content\/uploads\/2019\/01\/unnamed-1-680x454.jpg","keywords":["Gobierno del Estado de M\u00e9xico"],"articleSection":["Municipales"],"inLanguage":"es","potentialAction":[{"@type":"CommentAction","name":"Comment","target":["https:\/\/volcanes.net\/?p=3495#respond"]}]},{"@type":"WebPage","@id":"https:\/\/volcanes.net\/?p=3495","url":"https:\/\/volcanes.net\/?p=3495","name":"La mexiquense Abigail Robles viaja a #Alemania para cumplir su sue\u00f1o de ser bailarina profesional en danza cl\u00e1sica y contempor\u00e1nea - Volcanes","isPartOf":{"@id":"https:\/\/volcanes.net\/#website"},"primaryImageOfPage":{"@id":"https:\/\/volcanes.net\/?p=3495#primaryimage"},"image":{"@id":"https:\/\/volcanes.net\/?p=3495#primaryimage"},"thumbnailUrl":"https:\/\/volcanes.net\/wp-content\/uploads\/2019\/01\/unnamed-1-680x454.jpg","datePublished":"2019-01-21T23:59:34+00:00","breadcrumb":{"@id":"https:\/\/volcanes.net\/?p=3495#breadcrumb"},"inLanguage":"es","potentialAction":[{"@type":"ReadAction","target":["https:\/\/volcanes.net\/?p=3495"]}]},{"@type":"ImageObject","inLanguage":"es","@id":"https:\/\/volcanes.net\/?p=3495#primaryimage","url":"https:\/\/volcanes.net\/wp-content\/uploads\/2019\/01\/unnamed-1-680x454.jpg","contentUrl":"https:\/\/volcanes.net\/wp-content\/uploads\/2019\/01\/unnamed-1-680x454.jpg","width":680,"height":454},{"@type":"BreadcrumbList","@id":"https:\/\/volcanes.net\/?p=3495#breadcrumb","itemListElement":[{"@type":"ListItem","position":1,"name":"Portada","item":"https:\/\/volcanes.net\/"},{"@type":"ListItem","position":2,"name":"La mexiquense Abigail Robles viaja a #Alemania para cumplir su sue\u00f1o de ser bailarina profesional en danza cl\u00e1sica y contempor\u00e1nea"}]},{"@type":"WebSite","@id":"https:\/\/volcanes.net\/#website","url":"https:\/\/volcanes.net\/","name":"Volcanes.Net","description":"Periodismo Profesional","publisher":{"@id":"https:\/\/volcanes.net\/#organization"},"potentialAction":[{"@type":"SearchAction","target":{"@type":"EntryPoint","urlTemplate":"https:\/\/volcanes.net\/?s={search_term_string}"},"query-input":{"@type":"PropertyValueSpecification","valueRequired":true,"valueName":"search_term_string"}}],"inLanguage":"es"},{"@type":"Organization","@id":"https:\/\/volcanes.net\/#organization","name":"Grupo Volcanes","url":"https:\/\/volcanes.net\/","logo":{"@type":"ImageObject","inLanguage":"es","@id":"https:\/\/volcanes.net\/#\/schema\/logo\/image\/","url":"http:\/\/volcanes.net\/wp-content\/uploads\/2017\/12\/Avatar2.jpg","contentUrl":"http:\/\/volcanes.net\/wp-content\/uploads\/2017\/12\/Avatar2.jpg","width":378,"height":378,"caption":"Grupo Volcanes"},"image":{"@id":"https:\/\/volcanes.net\/#\/schema\/logo\/image\/"},"sameAs":["https:\/\/www.facebook.com\/volcanes.net\/"]},{"@type":"Person","@id":"https:\/\/volcanes.net\/#\/schema\/person\/4bf0f383940966a4abd53f5048c0e6b9","name":"admin","image":{"@type":"ImageObject","inLanguage":"es","@id":"https:\/\/volcanes.net\/#\/schema\/person\/image\/","url":"https:\/\/secure.gravatar.com\/avatar\/ca004e6cba8462b8cb7abc86e382930c?s=96&d=mm&r=g","contentUrl":"https:\/\/secure.gravatar.com\/avatar\/ca004e6cba8462b8cb7abc86e382930c?s=96&d=mm&r=g","caption":"admin"}}]}},"_links":{"self":[{"href":"https:\/\/volcanes.net\/index.php?rest_route=\/wp\/v2\/posts\/3495"}],"collection":[{"href":"https:\/\/volcanes.net\/index.php?rest_route=\/wp\/v2\/posts"}],"about":[{"href":"https:\/\/volcanes.net\/index.php?rest_route=\/wp\/v2\/types\/post"}],"author":[{"embeddable":true,"href":"https:\/\/volcanes.net\/index.php?rest_route=\/wp\/v2\/users\/1"}],"replies":[{"embeddable":true,"href":"https:\/\/volcanes.net\/index.php?rest_route=%2Fwp%2Fv2%2Fcomments&post=3495"}],"version-history":[{"count":1,"href":"https:\/\/volcanes.net\/index.php?rest_route=\/wp\/v2\/posts\/3495\/revisions"}],"predecessor-version":[{"id":3498,"href":"https:\/\/volcanes.net\/index.php?rest_route=\/wp\/v2\/posts\/3495\/revisions\/3498"}],"wp:featuredmedia":[{"embeddable":true,"href":"https:\/\/volcanes.net\/index.php?rest_route=\/wp\/v2\/media\/3497"}],"wp:attachment":[{"href":"https:\/\/volcanes.net\/index.php?rest_route=%2Fwp%2Fv2%2Fmedia&parent=3495"}],"wp:term":[{"taxonomy":"category","embeddable":true,"href":"https:\/\/volcanes.net\/index.php?rest_route=%2Fwp%2Fv2%2Fcategories&post=3495"},{"taxonomy":"post_tag","embeddable":true,"href":"https:\/\/volcanes.net\/index.php?rest_route=%2Fwp%2Fv2%2Ftags&post=3495"}],"curies":[{"name":"wp","href":"https:\/\/api.w.org\/{rel}","templated":true}]}}