{"id":3515,"date":"2019-01-23T17:40:57","date_gmt":"2019-01-23T17:40:57","guid":{"rendered":"http:\/\/volcanes.net\/?p=3515"},"modified":"2019-01-23T17:40:57","modified_gmt":"2019-01-23T17:40:57","slug":"atentos-instalan-jurado-calificador-de-la-preseaedomex2018-jose-maria-luis-mora-la-convocatoria-cierra-el-31-de-enero","status":"publish","type":"post","link":"https:\/\/volcanes.net\/?p=3515","title":{"rendered":"\u00a1Atentos! Instalan jurado calificador de la #PreseaEdom\u00e9x2018 \u201cJos\u00e9 Mar\u00eda Luis Mora\u201d; la convocatoria cierra el 31 de enero"},"content":{"rendered":"<div style=\"margin-top: 0px; margin-bottom: 0px;\" class=\"sharethis-inline-share-buttons\" ><\/div><p>Durante la Primera Sesi\u00f3n Ordinaria del Consejo de Premiaci\u00f3n de la Presea Estado de M\u00e9xico 2018, se instal\u00f3 el jurado calificador de la misma en la categor\u00eda \u201cJos\u00e9 Mar\u00eda Luis Mora\u201d, que se entrega a quienes sin ser mexiquenses, tienen m\u00e9ritos, o han prestado servicios eminentes.<\/p>\n<p>La Presea Estado de M\u00e9xico es el m\u00e1ximo reconocimiento que otorga el Gobierno mexiquense para galardonar el trabajo y talento de personas f\u00edsicas y morales que, en lo individual y colectivo de diversas \u00e1reas, enorgullecen a la entidad, y se entrega el 2 de marzo en ceremonia solemne presidida por el Gobernador Alfredo Del Mazo Maza.<\/p>\n<p>El jurado para la denominaci\u00f3n \u201cJos\u00e9 Mar\u00eda Luis Mora\u201d lo conforman el Secretario General de Gobierno, Alejandro Ozuna Rivero, el Secretario de Educaci\u00f3n, Alejandro Fern\u00e1ndez Campillo, y el Secretario de Finanzas, Rodrigo Jarque Lira, as\u00ed como diputadas representantes de la LX Legislatura, Karla Leticia Fiesco Garc\u00eda, Rosa Mar\u00eda Pineda Campos y representantes del Tribunal Superior de Justicia, Fabiola Catalina Aparicio Perales y Marco Antonio Morales G\u00f3mez.<\/p>\n<p>De acuerdo con el Reglamento del M\u00e9rito Civil, \u201clos jurados son cuerpos colegiados que se integrar\u00e1n en cada \u00e1rea de premiaci\u00f3n y constituyen el \u00f3rgano encargado de formular los dict\u00e1menes que el Consejo de Premiaci\u00f3n someter\u00e1 al Ejecutivo del Estado para su aprobaci\u00f3n\u201d.<\/p>\n<p>En este sentido, el Consejo de Premiaci\u00f3n invit\u00f3 a los integrantes de este \u00f3rgano colegiado a participar con entusiasmo en las tareas que se les han encomendado, teniendo presente en todo momento la responsabilidad que significa proponer a personas que merezcan el reconocimiento de la ciudadan\u00eda.<\/p>\n<p>El registro de candidatos para la Presea Estado de M\u00e9xico 2018, en alguna de sus 17 categor\u00edas, se realiza en l\u00ednea hasta antes del 31 de enero, al ingresar al sitio web del Gobierno del Estado de M\u00e9xico, http:\/\/edomex.gob.mx\/presea_edomex.html, o a trav\u00e9s de las 11 sedes de registro distribuidas en la entidad.<\/p>\n","protected":false},"excerpt":{"rendered":"<p>Durante la Primera Sesi\u00f3n Ordinaria del Consejo de Premiaci\u00f3n de la Presea Estado de M\u00e9xico<\/p>\n","protected":false},"author":1,"featured_media":3516,"comment_status":"open","ping_status":"open","sticky":false,"template":"","format":"standard","meta":{"footnotes":""},"categories":[3],"tags":[4],"class_list":["post-3515","post","type-post","status-publish","format-standard","has-post-thumbnail","hentry","category-estatales","tag-gobierno-del-estado-de-mexico"],"yoast_head":"<!-- This site is optimized with the Yoast SEO plugin v25.3 - https:\/\/yoast.com\/wordpress\/plugins\/seo\/ -->\n<title>\u00a1Atentos! Instalan jurado calificador de la #PreseaEdom\u00e9x2018 \u201cJos\u00e9 Mar\u00eda Luis Mora\u201d; la convocatoria cierra el 31 de enero - Volcanes<\/title>\n<meta name=\"robots\" content=\"index, follow, max-snippet:-1, max-image-preview:large, max-video-preview:-1\" \/>\n<link rel=\"canonical\" href=\"https:\/\/volcanes.net\/?p=3515\" \/>\n<meta property=\"og:locale\" content=\"es_MX\" \/>\n<meta property=\"og:type\" content=\"article\" \/>\n<meta property=\"og:title\" content=\"\u00a1Atentos! Instalan jurado calificador de la #PreseaEdom\u00e9x2018 \u201cJos\u00e9 Mar\u00eda Luis Mora\u201d; la convocatoria cierra el 31 de enero - Volcanes\" \/>\n<meta property=\"og:description\" content=\"Durante la Primera Sesi\u00f3n Ordinaria del Consejo de Premiaci\u00f3n de la Presea Estado de M\u00e9xico\" \/>\n<meta property=\"og:url\" content=\"https:\/\/volcanes.net\/?p=3515\" \/>\n<meta property=\"og:site_name\" content=\"Volcanes\" \/>\n<meta property=\"article:publisher\" content=\"https:\/\/www.facebook.com\/volcanes.net\/\" \/>\n<meta property=\"article:published_time\" content=\"2019-01-23T17:40:57+00:00\" \/>\n<meta property=\"og:image\" content=\"https:\/\/volcanes.net\/wp-content\/uploads\/2019\/01\/IMG-20190123-WA0012-680x222.jpg\" \/>\n\t<meta property=\"og:image:width\" content=\"680\" \/>\n\t<meta property=\"og:image:height\" content=\"222\" \/>\n\t<meta property=\"og:image:type\" content=\"image\/jpeg\" \/>\n<meta name=\"author\" content=\"admin\" \/>\n<meta name=\"twitter:card\" content=\"summary_large_image\" \/>\n<meta name=\"twitter:label1\" content=\"Escrito por\" \/>\n\t<meta name=\"twitter:data1\" content=\"admin\" \/>\n\t<meta name=\"twitter:label2\" content=\"Tiempo de lectura\" \/>\n\t<meta name=\"twitter:data2\" content=\"2 minutos\" \/>\n<script type=\"application\/ld+json\" class=\"yoast-schema-graph\">{\"@context\":\"https:\/\/schema.org\",\"@graph\":[{\"@type\":\"Article\",\"@id\":\"https:\/\/volcanes.net\/?p=3515#article\",\"isPartOf\":{\"@id\":\"https:\/\/volcanes.net\/?p=3515\"},\"author\":{\"name\":\"admin\",\"@id\":\"https:\/\/volcanes.net\/#\/schema\/person\/4bf0f383940966a4abd53f5048c0e6b9\"},\"headline\":\"\u00a1Atentos! Instalan jurado calificador de la #PreseaEdom\u00e9x2018 \u201cJos\u00e9 Mar\u00eda Luis Mora\u201d; la convocatoria cierra el 31 de enero\",\"datePublished\":\"2019-01-23T17:40:57+00:00\",\"mainEntityOfPage\":{\"@id\":\"https:\/\/volcanes.net\/?p=3515\"},\"wordCount\":357,\"commentCount\":0,\"publisher\":{\"@id\":\"https:\/\/volcanes.net\/#organization\"},\"image\":{\"@id\":\"https:\/\/volcanes.net\/?p=3515#primaryimage\"},\"thumbnailUrl\":\"https:\/\/volcanes.net\/wp-content\/uploads\/2019\/01\/IMG-20190123-WA0012-680x222.jpg\",\"keywords\":[\"Gobierno del Estado de M\u00e9xico\"],\"articleSection\":[\"Estatales\"],\"inLanguage\":\"es\",\"potentialAction\":[{\"@type\":\"CommentAction\",\"name\":\"Comment\",\"target\":[\"https:\/\/volcanes.net\/?p=3515#respond\"]}]},{\"@type\":\"WebPage\",\"@id\":\"https:\/\/volcanes.net\/?p=3515\",\"url\":\"https:\/\/volcanes.net\/?p=3515\",\"name\":\"\u00a1Atentos! Instalan jurado calificador de la #PreseaEdom\u00e9x2018 \u201cJos\u00e9 Mar\u00eda Luis Mora\u201d; la convocatoria cierra el 31 de enero - Volcanes\",\"isPartOf\":{\"@id\":\"https:\/\/volcanes.net\/#website\"},\"primaryImageOfPage\":{\"@id\":\"https:\/\/volcanes.net\/?p=3515#primaryimage\"},\"image\":{\"@id\":\"https:\/\/volcanes.net\/?p=3515#primaryimage\"},\"thumbnailUrl\":\"https:\/\/volcanes.net\/wp-content\/uploads\/2019\/01\/IMG-20190123-WA0012-680x222.jpg\",\"datePublished\":\"2019-01-23T17:40:57+00:00\",\"breadcrumb\":{\"@id\":\"https:\/\/volcanes.net\/?p=3515#breadcrumb\"},\"inLanguage\":\"es\",\"potentialAction\":[{\"@type\":\"ReadAction\",\"target\":[\"https:\/\/volcanes.net\/?p=3515\"]}]},{\"@type\":\"ImageObject\",\"inLanguage\":\"es\",\"@id\":\"https:\/\/volcanes.net\/?p=3515#primaryimage\",\"url\":\"https:\/\/volcanes.net\/wp-content\/uploads\/2019\/01\/IMG-20190123-WA0012-680x222.jpg\",\"contentUrl\":\"https:\/\/volcanes.net\/wp-content\/uploads\/2019\/01\/IMG-20190123-WA0012-680x222.jpg\",\"width\":680,\"height\":222},{\"@type\":\"BreadcrumbList\",\"@id\":\"https:\/\/volcanes.net\/?p=3515#breadcrumb\",\"itemListElement\":[{\"@type\":\"ListItem\",\"position\":1,\"name\":\"Portada\",\"item\":\"https:\/\/volcanes.net\/\"},{\"@type\":\"ListItem\",\"position\":2,\"name\":\"\u00a1Atentos! Instalan jurado calificador de la #PreseaEdom\u00e9x2018 \u201cJos\u00e9 Mar\u00eda Luis Mora\u201d; la convocatoria cierra el 31 de enero\"}]},{\"@type\":\"WebSite\",\"@id\":\"https:\/\/volcanes.net\/#website\",\"url\":\"https:\/\/volcanes.net\/\",\"name\":\"Volcanes.Net\",\"description\":\"Periodismo Profesional\",\"publisher\":{\"@id\":\"https:\/\/volcanes.net\/#organization\"},\"potentialAction\":[{\"@type\":\"SearchAction\",\"target\":{\"@type\":\"EntryPoint\",\"urlTemplate\":\"https:\/\/volcanes.net\/?s={search_term_string}\"},\"query-input\":{\"@type\":\"PropertyValueSpecification\",\"valueRequired\":true,\"valueName\":\"search_term_string\"}}],\"inLanguage\":\"es\"},{\"@type\":\"Organization\",\"@id\":\"https:\/\/volcanes.net\/#organization\",\"name\":\"Grupo Volcanes\",\"url\":\"https:\/\/volcanes.net\/\",\"logo\":{\"@type\":\"ImageObject\",\"inLanguage\":\"es\",\"@id\":\"https:\/\/volcanes.net\/#\/schema\/logo\/image\/\",\"url\":\"http:\/\/volcanes.net\/wp-content\/uploads\/2017\/12\/Avatar2.jpg\",\"contentUrl\":\"http:\/\/volcanes.net\/wp-content\/uploads\/2017\/12\/Avatar2.jpg\",\"width\":378,\"height\":378,\"caption\":\"Grupo Volcanes\"},\"image\":{\"@id\":\"https:\/\/volcanes.net\/#\/schema\/logo\/image\/\"},\"sameAs\":[\"https:\/\/www.facebook.com\/volcanes.net\/\"]},{\"@type\":\"Person\",\"@id\":\"https:\/\/volcanes.net\/#\/schema\/person\/4bf0f383940966a4abd53f5048c0e6b9\",\"name\":\"admin\",\"image\":{\"@type\":\"ImageObject\",\"inLanguage\":\"es\",\"@id\":\"https:\/\/volcanes.net\/#\/schema\/person\/image\/\",\"url\":\"https:\/\/secure.gravatar.com\/avatar\/ca004e6cba8462b8cb7abc86e382930c?s=96&d=mm&r=g\",\"contentUrl\":\"https:\/\/secure.gravatar.com\/avatar\/ca004e6cba8462b8cb7abc86e382930c?s=96&d=mm&r=g\",\"caption\":\"admin\"}}]}<\/script>\n<!-- \/ Yoast SEO plugin. -->","yoast_head_json":{"title":"\u00a1Atentos! Instalan jurado calificador de la #PreseaEdom\u00e9x2018 \u201cJos\u00e9 Mar\u00eda Luis Mora\u201d; la convocatoria cierra el 31 de enero - Volcanes","robots":{"index":"index","follow":"follow","max-snippet":"max-snippet:-1","max-image-preview":"max-image-preview:large","max-video-preview":"max-video-preview:-1"},"canonical":"https:\/\/volcanes.net\/?p=3515","og_locale":"es_MX","og_type":"article","og_title":"\u00a1Atentos! Instalan jurado calificador de la #PreseaEdom\u00e9x2018 \u201cJos\u00e9 Mar\u00eda Luis Mora\u201d; la convocatoria cierra el 31 de enero - Volcanes","og_description":"Durante la Primera Sesi\u00f3n Ordinaria del Consejo de Premiaci\u00f3n de la Presea Estado de M\u00e9xico","og_url":"https:\/\/volcanes.net\/?p=3515","og_site_name":"Volcanes","article_publisher":"https:\/\/www.facebook.com\/volcanes.net\/","article_published_time":"2019-01-23T17:40:57+00:00","og_image":[{"width":680,"height":222,"url":"https:\/\/volcanes.net\/wp-content\/uploads\/2019\/01\/IMG-20190123-WA0012-680x222.jpg","type":"image\/jpeg"}],"author":"admin","twitter_card":"summary_large_image","twitter_misc":{"Escrito por":"admin","Tiempo de lectura":"2 minutos"},"schema":{"@context":"https:\/\/schema.org","@graph":[{"@type":"Article","@id":"https:\/\/volcanes.net\/?p=3515#article","isPartOf":{"@id":"https:\/\/volcanes.net\/?p=3515"},"author":{"name":"admin","@id":"https:\/\/volcanes.net\/#\/schema\/person\/4bf0f383940966a4abd53f5048c0e6b9"},"headline":"\u00a1Atentos! Instalan jurado calificador de la #PreseaEdom\u00e9x2018 \u201cJos\u00e9 Mar\u00eda Luis Mora\u201d; la convocatoria cierra el 31 de enero","datePublished":"2019-01-23T17:40:57+00:00","mainEntityOfPage":{"@id":"https:\/\/volcanes.net\/?p=3515"},"wordCount":357,"commentCount":0,"publisher":{"@id":"https:\/\/volcanes.net\/#organization"},"image":{"@id":"https:\/\/volcanes.net\/?p=3515#primaryimage"},"thumbnailUrl":"https:\/\/volcanes.net\/wp-content\/uploads\/2019\/01\/IMG-20190123-WA0012-680x222.jpg","keywords":["Gobierno del Estado de M\u00e9xico"],"articleSection":["Estatales"],"inLanguage":"es","potentialAction":[{"@type":"CommentAction","name":"Comment","target":["https:\/\/volcanes.net\/?p=3515#respond"]}]},{"@type":"WebPage","@id":"https:\/\/volcanes.net\/?p=3515","url":"https:\/\/volcanes.net\/?p=3515","name":"\u00a1Atentos! Instalan jurado calificador de la #PreseaEdom\u00e9x2018 \u201cJos\u00e9 Mar\u00eda Luis Mora\u201d; la convocatoria cierra el 31 de enero - Volcanes","isPartOf":{"@id":"https:\/\/volcanes.net\/#website"},"primaryImageOfPage":{"@id":"https:\/\/volcanes.net\/?p=3515#primaryimage"},"image":{"@id":"https:\/\/volcanes.net\/?p=3515#primaryimage"},"thumbnailUrl":"https:\/\/volcanes.net\/wp-content\/uploads\/2019\/01\/IMG-20190123-WA0012-680x222.jpg","datePublished":"2019-01-23T17:40:57+00:00","breadcrumb":{"@id":"https:\/\/volcanes.net\/?p=3515#breadcrumb"},"inLanguage":"es","potentialAction":[{"@type":"ReadAction","target":["https:\/\/volcanes.net\/?p=3515"]}]},{"@type":"ImageObject","inLanguage":"es","@id":"https:\/\/volcanes.net\/?p=3515#primaryimage","url":"https:\/\/volcanes.net\/wp-content\/uploads\/2019\/01\/IMG-20190123-WA0012-680x222.jpg","contentUrl":"https:\/\/volcanes.net\/wp-content\/uploads\/2019\/01\/IMG-20190123-WA0012-680x222.jpg","width":680,"height":222},{"@type":"BreadcrumbList","@id":"https:\/\/volcanes.net\/?p=3515#breadcrumb","itemListElement":[{"@type":"ListItem","position":1,"name":"Portada","item":"https:\/\/volcanes.net\/"},{"@type":"ListItem","position":2,"name":"\u00a1Atentos! Instalan jurado calificador de la #PreseaEdom\u00e9x2018 \u201cJos\u00e9 Mar\u00eda Luis Mora\u201d; la convocatoria cierra el 31 de enero"}]},{"@type":"WebSite","@id":"https:\/\/volcanes.net\/#website","url":"https:\/\/volcanes.net\/","name":"Volcanes.Net","description":"Periodismo Profesional","publisher":{"@id":"https:\/\/volcanes.net\/#organization"},"potentialAction":[{"@type":"SearchAction","target":{"@type":"EntryPoint","urlTemplate":"https:\/\/volcanes.net\/?s={search_term_string}"},"query-input":{"@type":"PropertyValueSpecification","valueRequired":true,"valueName":"search_term_string"}}],"inLanguage":"es"},{"@type":"Organization","@id":"https:\/\/volcanes.net\/#organization","name":"Grupo Volcanes","url":"https:\/\/volcanes.net\/","logo":{"@type":"ImageObject","inLanguage":"es","@id":"https:\/\/volcanes.net\/#\/schema\/logo\/image\/","url":"http:\/\/volcanes.net\/wp-content\/uploads\/2017\/12\/Avatar2.jpg","contentUrl":"http:\/\/volcanes.net\/wp-content\/uploads\/2017\/12\/Avatar2.jpg","width":378,"height":378,"caption":"Grupo Volcanes"},"image":{"@id":"https:\/\/volcanes.net\/#\/schema\/logo\/image\/"},"sameAs":["https:\/\/www.facebook.com\/volcanes.net\/"]},{"@type":"Person","@id":"https:\/\/volcanes.net\/#\/schema\/person\/4bf0f383940966a4abd53f5048c0e6b9","name":"admin","image":{"@type":"ImageObject","inLanguage":"es","@id":"https:\/\/volcanes.net\/#\/schema\/person\/image\/","url":"https:\/\/secure.gravatar.com\/avatar\/ca004e6cba8462b8cb7abc86e382930c?s=96&d=mm&r=g","contentUrl":"https:\/\/secure.gravatar.com\/avatar\/ca004e6cba8462b8cb7abc86e382930c?s=96&d=mm&r=g","caption":"admin"}}]}},"_links":{"self":[{"href":"https:\/\/volcanes.net\/index.php?rest_route=\/wp\/v2\/posts\/3515"}],"collection":[{"href":"https:\/\/volcanes.net\/index.php?rest_route=\/wp\/v2\/posts"}],"about":[{"href":"https:\/\/volcanes.net\/index.php?rest_route=\/wp\/v2\/types\/post"}],"author":[{"embeddable":true,"href":"https:\/\/volcanes.net\/index.php?rest_route=\/wp\/v2\/users\/1"}],"replies":[{"embeddable":true,"href":"https:\/\/volcanes.net\/index.php?rest_route=%2Fwp%2Fv2%2Fcomments&post=3515"}],"version-history":[{"count":1,"href":"https:\/\/volcanes.net\/index.php?rest_route=\/wp\/v2\/posts\/3515\/revisions"}],"predecessor-version":[{"id":3517,"href":"https:\/\/volcanes.net\/index.php?rest_route=\/wp\/v2\/posts\/3515\/revisions\/3517"}],"wp:featuredmedia":[{"embeddable":true,"href":"https:\/\/volcanes.net\/index.php?rest_route=\/wp\/v2\/media\/3516"}],"wp:attachment":[{"href":"https:\/\/volcanes.net\/index.php?rest_route=%2Fwp%2Fv2%2Fmedia&parent=3515"}],"wp:term":[{"taxonomy":"category","embeddable":true,"href":"https:\/\/volcanes.net\/index.php?rest_route=%2Fwp%2Fv2%2Fcategories&post=3515"},{"taxonomy":"post_tag","embeddable":true,"href":"https:\/\/volcanes.net\/index.php?rest_route=%2Fwp%2Fv2%2Ftags&post=3515"}],"curies":[{"name":"wp","href":"https:\/\/api.w.org\/{rel}","templated":true}]}}