{"id":3518,"date":"2019-01-23T17:49:39","date_gmt":"2019-01-23T17:49:39","guid":{"rendered":"http:\/\/volcanes.net\/?p=3518"},"modified":"2019-01-23T17:49:39","modified_gmt":"2019-01-23T17:49:39","slug":"alfredo-del-mazo-asegura-que-continua-el-trabajo-conjunto-entre-edomex-y-el-gobierno-de-mexico-para-regularizar-el-abasto-de-gasolina-en-el-valle-de-toluca","status":"publish","type":"post","link":"https:\/\/volcanes.net\/?p=3518","title":{"rendered":"Alfredo Del Mazo asegura que contin\u00faa el trabajo conjunto entre #Edom\u00e9x y el Gobierno de M\u00e9xico para regularizar el abasto de #gasolina en el Valle de Toluca"},"content":{"rendered":"<div style=\"margin-top: 0px; margin-bottom: 0px;\" class=\"sharethis-inline-share-buttons\" ><\/div><p>El Gobernador Alfredo Del Mazo Maza se\u00f1al\u00f3 que la administraci\u00f3n estatal trabaja conjuntamente con el Gobierno de M\u00e9xico para regularizar el abasto de gasolina en la entidad, principalmente en los municipios del Valle de Toluca, zona que ha sido la m\u00e1s afectada.<\/p>\n<p>En entrevista, Del Mazo Maza inform\u00f3 que en el Estado de M\u00e9xico se cuenta con mil 85 gasolineras y existe un desabasto de combustible en 375, las cuales en su mayor\u00eda se encuentran en el Valle de Toluca.<\/p>\n<p>\u201cHemos estado trabajando de manera coordinada con el Gobierno federal, sobre todo para el apoyo en el resguardo de algunos de los ductos, la respuesta inmediata para avisar si perforan alguno de los ductos y tambi\u00e9n en el patrullaje de pipas de gasolina, que nos puedan abastecer, incluso, directamente desde Tula, hasta las estaciones de servicio del Estado de M\u00e9xico, con lo cual se ha mejorado el abasto, pero todav\u00eda seguimos en situaciones en algunas gasolineras, donde no hay abasto\u201d, explic\u00f3.<\/p>\n<p>El Gobernador mexiquense indic\u00f3 que la escasez de gasolina en el Valle de Toluca ocurri\u00f3 por el cierre del ducto Tula-Toluca, el cual abastece de combustible a esta zona.<\/p>\n<p>En el caso del Valle de M\u00e9xico, dijo, el ducto Tuxpan-Azcapotzalco fue abierto m\u00e1s r\u00e1pido y opera de manera constante.<\/p>\n<p>Alfredo Del Mazo afirm\u00f3 que trabaja de manera coordinada con el Gobierno de la Rep\u00fablica, que encabeza el Presidente Andr\u00e9s Manuel L\u00f3pez Obrador, con la finalidad de avanzar y encontrar soluciones a los retos que existen en el Estado de M\u00e9xico, para apoyar a las familias mexiquenses.<\/p>\n<p>Apunt\u00f3 que uno de las acciones que se han reforzado es el incremento en el n\u00famero de elementos del Ej\u00e9rcito Mexicano en la entidad, para realizar acciones de seguridad e inhibir la delincuencia, al pasar de 800 integrantes a 3 mil 700, cifra que al final del mes ser\u00e1 de 7 mil 500.<\/p>\n<p>\u201cYo lo que considero es que debemos de seguir buscando puntos de acuerdo en com\u00fan para resolver los retos que tenemos, es decir, un trabajo coordinado, con la autonom\u00eda de los poderes, en el caso federal, estatal y municipal, pero encontrando una forma de dar resultados, haciendo a un lado las diferencias que pueda haber\u201d, expres\u00f3.<\/p>\n","protected":false},"excerpt":{"rendered":"<p>El Gobernador Alfredo Del Mazo Maza se\u00f1al\u00f3 que la administraci\u00f3n estatal trabaja conjuntamente con el<\/p>\n","protected":false},"author":1,"featured_media":3519,"comment_status":"open","ping_status":"open","sticky":false,"template":"","format":"standard","meta":{"footnotes":""},"categories":[3],"tags":[4],"class_list":["post-3518","post","type-post","status-publish","format-standard","has-post-thumbnail","hentry","category-estatales","tag-gobierno-del-estado-de-mexico"],"yoast_head":"<!-- This site is optimized with the Yoast SEO plugin v25.3 - https:\/\/yoast.com\/wordpress\/plugins\/seo\/ -->\n<title>Alfredo Del Mazo asegura que contin\u00faa el trabajo conjunto entre #Edom\u00e9x y el Gobierno de M\u00e9xico para regularizar el abasto de #gasolina en el Valle de Toluca - Volcanes<\/title>\n<meta name=\"robots\" content=\"index, follow, max-snippet:-1, max-image-preview:large, max-video-preview:-1\" \/>\n<link rel=\"canonical\" href=\"https:\/\/volcanes.net\/?p=3518\" \/>\n<meta property=\"og:locale\" content=\"es_MX\" \/>\n<meta property=\"og:type\" content=\"article\" \/>\n<meta property=\"og:title\" content=\"Alfredo Del Mazo asegura que contin\u00faa el trabajo conjunto entre #Edom\u00e9x y el Gobierno de M\u00e9xico para regularizar el abasto de #gasolina en el Valle de Toluca - Volcanes\" \/>\n<meta property=\"og:description\" content=\"El Gobernador Alfredo Del Mazo Maza se\u00f1al\u00f3 que la administraci\u00f3n estatal trabaja conjuntamente con el\" \/>\n<meta property=\"og:url\" content=\"https:\/\/volcanes.net\/?p=3518\" \/>\n<meta property=\"og:site_name\" content=\"Volcanes\" \/>\n<meta property=\"article:publisher\" content=\"https:\/\/www.facebook.com\/volcanes.net\/\" \/>\n<meta property=\"article:published_time\" content=\"2019-01-23T17:49:39+00:00\" \/>\n<meta property=\"og:image\" content=\"https:\/\/volcanes.net\/wp-content\/uploads\/2019\/01\/Screenshot_20190123_103851-680x378.jpg\" \/>\n\t<meta property=\"og:image:width\" content=\"680\" \/>\n\t<meta property=\"og:image:height\" content=\"378\" \/>\n\t<meta property=\"og:image:type\" content=\"image\/jpeg\" \/>\n<meta name=\"author\" content=\"admin\" \/>\n<meta name=\"twitter:card\" content=\"summary_large_image\" \/>\n<meta name=\"twitter:label1\" content=\"Escrito por\" \/>\n\t<meta name=\"twitter:data1\" content=\"admin\" \/>\n\t<meta name=\"twitter:label2\" content=\"Tiempo de lectura\" \/>\n\t<meta name=\"twitter:data2\" content=\"2 minutos\" \/>\n<script type=\"application\/ld+json\" class=\"yoast-schema-graph\">{\"@context\":\"https:\/\/schema.org\",\"@graph\":[{\"@type\":\"Article\",\"@id\":\"https:\/\/volcanes.net\/?p=3518#article\",\"isPartOf\":{\"@id\":\"https:\/\/volcanes.net\/?p=3518\"},\"author\":{\"name\":\"admin\",\"@id\":\"https:\/\/volcanes.net\/#\/schema\/person\/4bf0f383940966a4abd53f5048c0e6b9\"},\"headline\":\"Alfredo Del Mazo asegura que contin\u00faa el trabajo conjunto entre #Edom\u00e9x y el Gobierno de M\u00e9xico para regularizar el abasto de #gasolina en el Valle de Toluca\",\"datePublished\":\"2019-01-23T17:49:39+00:00\",\"mainEntityOfPage\":{\"@id\":\"https:\/\/volcanes.net\/?p=3518\"},\"wordCount\":409,\"commentCount\":0,\"publisher\":{\"@id\":\"https:\/\/volcanes.net\/#organization\"},\"image\":{\"@id\":\"https:\/\/volcanes.net\/?p=3518#primaryimage\"},\"thumbnailUrl\":\"https:\/\/volcanes.net\/wp-content\/uploads\/2019\/01\/Screenshot_20190123_103851-680x378.jpg\",\"keywords\":[\"Gobierno del Estado de M\u00e9xico\"],\"articleSection\":[\"Estatales\"],\"inLanguage\":\"es\",\"potentialAction\":[{\"@type\":\"CommentAction\",\"name\":\"Comment\",\"target\":[\"https:\/\/volcanes.net\/?p=3518#respond\"]}]},{\"@type\":\"WebPage\",\"@id\":\"https:\/\/volcanes.net\/?p=3518\",\"url\":\"https:\/\/volcanes.net\/?p=3518\",\"name\":\"Alfredo Del Mazo asegura que contin\u00faa el trabajo conjunto entre #Edom\u00e9x y el Gobierno de M\u00e9xico para regularizar el abasto de #gasolina en el Valle de Toluca - Volcanes\",\"isPartOf\":{\"@id\":\"https:\/\/volcanes.net\/#website\"},\"primaryImageOfPage\":{\"@id\":\"https:\/\/volcanes.net\/?p=3518#primaryimage\"},\"image\":{\"@id\":\"https:\/\/volcanes.net\/?p=3518#primaryimage\"},\"thumbnailUrl\":\"https:\/\/volcanes.net\/wp-content\/uploads\/2019\/01\/Screenshot_20190123_103851-680x378.jpg\",\"datePublished\":\"2019-01-23T17:49:39+00:00\",\"breadcrumb\":{\"@id\":\"https:\/\/volcanes.net\/?p=3518#breadcrumb\"},\"inLanguage\":\"es\",\"potentialAction\":[{\"@type\":\"ReadAction\",\"target\":[\"https:\/\/volcanes.net\/?p=3518\"]}]},{\"@type\":\"ImageObject\",\"inLanguage\":\"es\",\"@id\":\"https:\/\/volcanes.net\/?p=3518#primaryimage\",\"url\":\"https:\/\/volcanes.net\/wp-content\/uploads\/2019\/01\/Screenshot_20190123_103851-680x378.jpg\",\"contentUrl\":\"https:\/\/volcanes.net\/wp-content\/uploads\/2019\/01\/Screenshot_20190123_103851-680x378.jpg\",\"width\":680,\"height\":378},{\"@type\":\"BreadcrumbList\",\"@id\":\"https:\/\/volcanes.net\/?p=3518#breadcrumb\",\"itemListElement\":[{\"@type\":\"ListItem\",\"position\":1,\"name\":\"Portada\",\"item\":\"https:\/\/volcanes.net\/\"},{\"@type\":\"ListItem\",\"position\":2,\"name\":\"Alfredo Del Mazo asegura que contin\u00faa el trabajo conjunto entre #Edom\u00e9x y el Gobierno de M\u00e9xico para regularizar el abasto de #gasolina en el Valle de Toluca\"}]},{\"@type\":\"WebSite\",\"@id\":\"https:\/\/volcanes.net\/#website\",\"url\":\"https:\/\/volcanes.net\/\",\"name\":\"Volcanes.Net\",\"description\":\"Periodismo Profesional\",\"publisher\":{\"@id\":\"https:\/\/volcanes.net\/#organization\"},\"potentialAction\":[{\"@type\":\"SearchAction\",\"target\":{\"@type\":\"EntryPoint\",\"urlTemplate\":\"https:\/\/volcanes.net\/?s={search_term_string}\"},\"query-input\":{\"@type\":\"PropertyValueSpecification\",\"valueRequired\":true,\"valueName\":\"search_term_string\"}}],\"inLanguage\":\"es\"},{\"@type\":\"Organization\",\"@id\":\"https:\/\/volcanes.net\/#organization\",\"name\":\"Grupo Volcanes\",\"url\":\"https:\/\/volcanes.net\/\",\"logo\":{\"@type\":\"ImageObject\",\"inLanguage\":\"es\",\"@id\":\"https:\/\/volcanes.net\/#\/schema\/logo\/image\/\",\"url\":\"http:\/\/volcanes.net\/wp-content\/uploads\/2017\/12\/Avatar2.jpg\",\"contentUrl\":\"http:\/\/volcanes.net\/wp-content\/uploads\/2017\/12\/Avatar2.jpg\",\"width\":378,\"height\":378,\"caption\":\"Grupo Volcanes\"},\"image\":{\"@id\":\"https:\/\/volcanes.net\/#\/schema\/logo\/image\/\"},\"sameAs\":[\"https:\/\/www.facebook.com\/volcanes.net\/\"]},{\"@type\":\"Person\",\"@id\":\"https:\/\/volcanes.net\/#\/schema\/person\/4bf0f383940966a4abd53f5048c0e6b9\",\"name\":\"admin\",\"image\":{\"@type\":\"ImageObject\",\"inLanguage\":\"es\",\"@id\":\"https:\/\/volcanes.net\/#\/schema\/person\/image\/\",\"url\":\"https:\/\/secure.gravatar.com\/avatar\/ca004e6cba8462b8cb7abc86e382930c?s=96&d=mm&r=g\",\"contentUrl\":\"https:\/\/secure.gravatar.com\/avatar\/ca004e6cba8462b8cb7abc86e382930c?s=96&d=mm&r=g\",\"caption\":\"admin\"}}]}<\/script>\n<!-- \/ Yoast SEO plugin. -->","yoast_head_json":{"title":"Alfredo Del Mazo asegura que contin\u00faa el trabajo conjunto entre #Edom\u00e9x y el Gobierno de M\u00e9xico para regularizar el abasto de #gasolina en el Valle de Toluca - Volcanes","robots":{"index":"index","follow":"follow","max-snippet":"max-snippet:-1","max-image-preview":"max-image-preview:large","max-video-preview":"max-video-preview:-1"},"canonical":"https:\/\/volcanes.net\/?p=3518","og_locale":"es_MX","og_type":"article","og_title":"Alfredo Del Mazo asegura que contin\u00faa el trabajo conjunto entre #Edom\u00e9x y el Gobierno de M\u00e9xico para regularizar el abasto de #gasolina en el Valle de Toluca - Volcanes","og_description":"El Gobernador Alfredo Del Mazo Maza se\u00f1al\u00f3 que la administraci\u00f3n estatal trabaja conjuntamente con el","og_url":"https:\/\/volcanes.net\/?p=3518","og_site_name":"Volcanes","article_publisher":"https:\/\/www.facebook.com\/volcanes.net\/","article_published_time":"2019-01-23T17:49:39+00:00","og_image":[{"width":680,"height":378,"url":"https:\/\/volcanes.net\/wp-content\/uploads\/2019\/01\/Screenshot_20190123_103851-680x378.jpg","type":"image\/jpeg"}],"author":"admin","twitter_card":"summary_large_image","twitter_misc":{"Escrito por":"admin","Tiempo de lectura":"2 minutos"},"schema":{"@context":"https:\/\/schema.org","@graph":[{"@type":"Article","@id":"https:\/\/volcanes.net\/?p=3518#article","isPartOf":{"@id":"https:\/\/volcanes.net\/?p=3518"},"author":{"name":"admin","@id":"https:\/\/volcanes.net\/#\/schema\/person\/4bf0f383940966a4abd53f5048c0e6b9"},"headline":"Alfredo Del Mazo asegura que contin\u00faa el trabajo conjunto entre #Edom\u00e9x y el Gobierno de M\u00e9xico para regularizar el abasto de #gasolina en el Valle de Toluca","datePublished":"2019-01-23T17:49:39+00:00","mainEntityOfPage":{"@id":"https:\/\/volcanes.net\/?p=3518"},"wordCount":409,"commentCount":0,"publisher":{"@id":"https:\/\/volcanes.net\/#organization"},"image":{"@id":"https:\/\/volcanes.net\/?p=3518#primaryimage"},"thumbnailUrl":"https:\/\/volcanes.net\/wp-content\/uploads\/2019\/01\/Screenshot_20190123_103851-680x378.jpg","keywords":["Gobierno del Estado de M\u00e9xico"],"articleSection":["Estatales"],"inLanguage":"es","potentialAction":[{"@type":"CommentAction","name":"Comment","target":["https:\/\/volcanes.net\/?p=3518#respond"]}]},{"@type":"WebPage","@id":"https:\/\/volcanes.net\/?p=3518","url":"https:\/\/volcanes.net\/?p=3518","name":"Alfredo Del Mazo asegura que contin\u00faa el trabajo conjunto entre #Edom\u00e9x y el Gobierno de M\u00e9xico para regularizar el abasto de #gasolina en el Valle de Toluca - Volcanes","isPartOf":{"@id":"https:\/\/volcanes.net\/#website"},"primaryImageOfPage":{"@id":"https:\/\/volcanes.net\/?p=3518#primaryimage"},"image":{"@id":"https:\/\/volcanes.net\/?p=3518#primaryimage"},"thumbnailUrl":"https:\/\/volcanes.net\/wp-content\/uploads\/2019\/01\/Screenshot_20190123_103851-680x378.jpg","datePublished":"2019-01-23T17:49:39+00:00","breadcrumb":{"@id":"https:\/\/volcanes.net\/?p=3518#breadcrumb"},"inLanguage":"es","potentialAction":[{"@type":"ReadAction","target":["https:\/\/volcanes.net\/?p=3518"]}]},{"@type":"ImageObject","inLanguage":"es","@id":"https:\/\/volcanes.net\/?p=3518#primaryimage","url":"https:\/\/volcanes.net\/wp-content\/uploads\/2019\/01\/Screenshot_20190123_103851-680x378.jpg","contentUrl":"https:\/\/volcanes.net\/wp-content\/uploads\/2019\/01\/Screenshot_20190123_103851-680x378.jpg","width":680,"height":378},{"@type":"BreadcrumbList","@id":"https:\/\/volcanes.net\/?p=3518#breadcrumb","itemListElement":[{"@type":"ListItem","position":1,"name":"Portada","item":"https:\/\/volcanes.net\/"},{"@type":"ListItem","position":2,"name":"Alfredo Del Mazo asegura que contin\u00faa el trabajo conjunto entre #Edom\u00e9x y el Gobierno de M\u00e9xico para regularizar el abasto de #gasolina en el Valle de Toluca"}]},{"@type":"WebSite","@id":"https:\/\/volcanes.net\/#website","url":"https:\/\/volcanes.net\/","name":"Volcanes.Net","description":"Periodismo Profesional","publisher":{"@id":"https:\/\/volcanes.net\/#organization"},"potentialAction":[{"@type":"SearchAction","target":{"@type":"EntryPoint","urlTemplate":"https:\/\/volcanes.net\/?s={search_term_string}"},"query-input":{"@type":"PropertyValueSpecification","valueRequired":true,"valueName":"search_term_string"}}],"inLanguage":"es"},{"@type":"Organization","@id":"https:\/\/volcanes.net\/#organization","name":"Grupo Volcanes","url":"https:\/\/volcanes.net\/","logo":{"@type":"ImageObject","inLanguage":"es","@id":"https:\/\/volcanes.net\/#\/schema\/logo\/image\/","url":"http:\/\/volcanes.net\/wp-content\/uploads\/2017\/12\/Avatar2.jpg","contentUrl":"http:\/\/volcanes.net\/wp-content\/uploads\/2017\/12\/Avatar2.jpg","width":378,"height":378,"caption":"Grupo Volcanes"},"image":{"@id":"https:\/\/volcanes.net\/#\/schema\/logo\/image\/"},"sameAs":["https:\/\/www.facebook.com\/volcanes.net\/"]},{"@type":"Person","@id":"https:\/\/volcanes.net\/#\/schema\/person\/4bf0f383940966a4abd53f5048c0e6b9","name":"admin","image":{"@type":"ImageObject","inLanguage":"es","@id":"https:\/\/volcanes.net\/#\/schema\/person\/image\/","url":"https:\/\/secure.gravatar.com\/avatar\/ca004e6cba8462b8cb7abc86e382930c?s=96&d=mm&r=g","contentUrl":"https:\/\/secure.gravatar.com\/avatar\/ca004e6cba8462b8cb7abc86e382930c?s=96&d=mm&r=g","caption":"admin"}}]}},"_links":{"self":[{"href":"https:\/\/volcanes.net\/index.php?rest_route=\/wp\/v2\/posts\/3518"}],"collection":[{"href":"https:\/\/volcanes.net\/index.php?rest_route=\/wp\/v2\/posts"}],"about":[{"href":"https:\/\/volcanes.net\/index.php?rest_route=\/wp\/v2\/types\/post"}],"author":[{"embeddable":true,"href":"https:\/\/volcanes.net\/index.php?rest_route=\/wp\/v2\/users\/1"}],"replies":[{"embeddable":true,"href":"https:\/\/volcanes.net\/index.php?rest_route=%2Fwp%2Fv2%2Fcomments&post=3518"}],"version-history":[{"count":1,"href":"https:\/\/volcanes.net\/index.php?rest_route=\/wp\/v2\/posts\/3518\/revisions"}],"predecessor-version":[{"id":3520,"href":"https:\/\/volcanes.net\/index.php?rest_route=\/wp\/v2\/posts\/3518\/revisions\/3520"}],"wp:featuredmedia":[{"embeddable":true,"href":"https:\/\/volcanes.net\/index.php?rest_route=\/wp\/v2\/media\/3519"}],"wp:attachment":[{"href":"https:\/\/volcanes.net\/index.php?rest_route=%2Fwp%2Fv2%2Fmedia&parent=3518"}],"wp:term":[{"taxonomy":"category","embeddable":true,"href":"https:\/\/volcanes.net\/index.php?rest_route=%2Fwp%2Fv2%2Fcategories&post=3518"},{"taxonomy":"post_tag","embeddable":true,"href":"https:\/\/volcanes.net\/index.php?rest_route=%2Fwp%2Fv2%2Ftags&post=3518"}],"curies":[{"name":"wp","href":"https:\/\/api.w.org\/{rel}","templated":true}]}}