{"id":3524,"date":"2019-01-23T17:56:31","date_gmt":"2019-01-23T17:56:31","guid":{"rendered":"http:\/\/volcanes.net\/?p=3524"},"modified":"2019-01-23T17:56:31","modified_gmt":"2019-01-23T17:56:31","slug":"en-el-edomex-se-abren-espacios-para-la-discusion-a-traves-de-ciclos-de-cine-debate-en-el-ccmb","status":"publish","type":"post","link":"https:\/\/volcanes.net\/?p=3524","title":{"rendered":"En el #Edom\u00e9x se abren espacios para la discusi\u00f3n a trav\u00e9s de Ciclos de Cine-Debate en el #CCMB"},"content":{"rendered":"<div style=\"margin-top: 0px; margin-bottom: 0px;\" class=\"sharethis-inline-share-buttons\" ><\/div><p>Para generar un espacio abierto a diferentes puntos de vista por medio del arte, el Gobierno del Estado de M\u00e9xico, a trav\u00e9s de la Secretar\u00eda de Cultura, presentan en el Centro Cultural Mexiquense Bicentenario (CCMB), ciclos de cine debate, durante los cuales se pretende dar cabida a la discusi\u00f3n de diversas tem\u00e1ticas.<\/p>\n<p>El cine club CCMB, en su ciclo \u201cEl amor en los tiempos del tri\u00e1ngulo\u201d, presenta la pel\u00edcula Summer Lovers (1982), del Director Randal Kleiser, el 24 de enero, y Jules et Jim (1963), del Director Fran\u00e7ois Truffaut, el 31 de enero, ambos en la Sala de conciertos del \u00c1rea de Talleres a las 16:30 horas.<\/p>\n<p>Mientras que el 25 de enero, a las 12:00 horas, en el Auditorio \u201cDr. Miguel Le\u00f3n Portilla\u201d, el cine debate cultural estar\u00e1 enfocado a un p\u00fablico especializado en el \u00e1rea de Psicolog\u00eda, donde se analizar\u00e1 la pel\u00edcula Mommy (2014), producci\u00f3n canadiense del Director Xavier Dolan.<\/p>\n<p>Este cine debate ser\u00e1 guiado por expertos provenientes de distintas instituciones como la Universidad Aut\u00f3noma del Estado de Hidalgo, Universidad de Lucerna y Universidad del Valle de M\u00e9xico.<\/p>\n<p>Este filme cuenta la historia de Diane (Anne Dorval) y su hijo Steve (Antoine Olivier Pilon), quienes viven en Canad\u00e1, donde se promulga una nueva ley a partir de 2014, que permite que los padres de ni\u00f1os y adolescentes menores de edad, que tienen dificultades, enfermedades o problemas, puedan ser internados en un hospital psiqui\u00e1trico y quedar en custodia del gobierno.<\/p>\n<p>Diane obtiene la custodia de su hijo, quien estaba internado debido a su comportamiento generado por el trastorno por d\u00e9ficit de atenci\u00f3n con hiperactividad. Ambos hacen un esfuerzo para encajar y llevar su obligada convivencia lo mejor posible. Les ayuda, y a la vez marca sus vidas, una vecina nueva, Kyla (Suzanne Cl\u00e9ment).<\/p>\n<p>Con este argumento se buscar\u00e1 generar un espacio de cr\u00edtica social, econ\u00f3mica, psicol\u00f3gica, filos\u00f3fica, acerca de los patrones de conducta que se generan en cuesti\u00f3n de salud mental y comportamiento, as\u00ed como el buen o mal actuar de los padres.<\/p>\n<p>El Centro Cultural Mexiquense Bicentenario (CCMB) se encuentra ubicado en la Carretera Federal Los Reyes-Texcoco Km 14.3, esquina General Manuel Gonz\u00e1lez, San Miguel Coatlinch\u00e1n, Texcoco, Estado de M\u00e9xico.<\/p>\n","protected":false},"excerpt":{"rendered":"<p>Para generar un espacio abierto a diferentes puntos de vista por medio del arte, el<\/p>\n","protected":false},"author":1,"featured_media":3525,"comment_status":"open","ping_status":"open","sticky":false,"template":"","format":"standard","meta":{"footnotes":""},"categories":[3],"tags":[4],"class_list":["post-3524","post","type-post","status-publish","format-standard","has-post-thumbnail","hentry","category-estatales","tag-gobierno-del-estado-de-mexico"],"yoast_head":"<!-- This site is optimized with the Yoast SEO plugin v25.3 - https:\/\/yoast.com\/wordpress\/plugins\/seo\/ -->\n<title>En el #Edom\u00e9x se abren espacios para la discusi\u00f3n a trav\u00e9s de Ciclos de Cine-Debate en el #CCMB - Volcanes<\/title>\n<meta name=\"robots\" content=\"index, follow, max-snippet:-1, max-image-preview:large, max-video-preview:-1\" \/>\n<link rel=\"canonical\" href=\"https:\/\/volcanes.net\/?p=3524\" \/>\n<meta property=\"og:locale\" content=\"es_MX\" \/>\n<meta property=\"og:type\" content=\"article\" \/>\n<meta property=\"og:title\" content=\"En el #Edom\u00e9x se abren espacios para la discusi\u00f3n a trav\u00e9s de Ciclos de Cine-Debate en el #CCMB - Volcanes\" \/>\n<meta property=\"og:description\" content=\"Para generar un espacio abierto a diferentes puntos de vista por medio del arte, el\" \/>\n<meta property=\"og:url\" content=\"https:\/\/volcanes.net\/?p=3524\" \/>\n<meta property=\"og:site_name\" content=\"Volcanes\" \/>\n<meta property=\"article:publisher\" content=\"https:\/\/www.facebook.com\/volcanes.net\/\" \/>\n<meta property=\"article:published_time\" content=\"2019-01-23T17:56:31+00:00\" \/>\n<meta property=\"og:image\" content=\"https:\/\/volcanes.net\/wp-content\/uploads\/2019\/01\/IMG-20190123-WA0011-680x1020.jpg\" \/>\n\t<meta property=\"og:image:width\" content=\"680\" \/>\n\t<meta property=\"og:image:height\" content=\"1020\" \/>\n\t<meta property=\"og:image:type\" content=\"image\/jpeg\" \/>\n<meta name=\"author\" content=\"admin\" \/>\n<meta name=\"twitter:card\" content=\"summary_large_image\" \/>\n<meta name=\"twitter:label1\" content=\"Escrito por\" \/>\n\t<meta name=\"twitter:data1\" content=\"admin\" \/>\n\t<meta name=\"twitter:label2\" content=\"Tiempo de lectura\" \/>\n\t<meta name=\"twitter:data2\" content=\"2 minutos\" \/>\n<script type=\"application\/ld+json\" class=\"yoast-schema-graph\">{\"@context\":\"https:\/\/schema.org\",\"@graph\":[{\"@type\":\"Article\",\"@id\":\"https:\/\/volcanes.net\/?p=3524#article\",\"isPartOf\":{\"@id\":\"https:\/\/volcanes.net\/?p=3524\"},\"author\":{\"name\":\"admin\",\"@id\":\"https:\/\/volcanes.net\/#\/schema\/person\/4bf0f383940966a4abd53f5048c0e6b9\"},\"headline\":\"En el #Edom\u00e9x se abren espacios para la discusi\u00f3n a trav\u00e9s de Ciclos de Cine-Debate en el #CCMB\",\"datePublished\":\"2019-01-23T17:56:31+00:00\",\"mainEntityOfPage\":{\"@id\":\"https:\/\/volcanes.net\/?p=3524\"},\"wordCount\":401,\"commentCount\":0,\"publisher\":{\"@id\":\"https:\/\/volcanes.net\/#organization\"},\"image\":{\"@id\":\"https:\/\/volcanes.net\/?p=3524#primaryimage\"},\"thumbnailUrl\":\"https:\/\/volcanes.net\/wp-content\/uploads\/2019\/01\/IMG-20190123-WA0011-680x1020.jpg\",\"keywords\":[\"Gobierno del Estado de M\u00e9xico\"],\"articleSection\":[\"Estatales\"],\"inLanguage\":\"es\",\"potentialAction\":[{\"@type\":\"CommentAction\",\"name\":\"Comment\",\"target\":[\"https:\/\/volcanes.net\/?p=3524#respond\"]}]},{\"@type\":\"WebPage\",\"@id\":\"https:\/\/volcanes.net\/?p=3524\",\"url\":\"https:\/\/volcanes.net\/?p=3524\",\"name\":\"En el #Edom\u00e9x se abren espacios para la discusi\u00f3n a trav\u00e9s de Ciclos de Cine-Debate en el #CCMB - Volcanes\",\"isPartOf\":{\"@id\":\"https:\/\/volcanes.net\/#website\"},\"primaryImageOfPage\":{\"@id\":\"https:\/\/volcanes.net\/?p=3524#primaryimage\"},\"image\":{\"@id\":\"https:\/\/volcanes.net\/?p=3524#primaryimage\"},\"thumbnailUrl\":\"https:\/\/volcanes.net\/wp-content\/uploads\/2019\/01\/IMG-20190123-WA0011-680x1020.jpg\",\"datePublished\":\"2019-01-23T17:56:31+00:00\",\"breadcrumb\":{\"@id\":\"https:\/\/volcanes.net\/?p=3524#breadcrumb\"},\"inLanguage\":\"es\",\"potentialAction\":[{\"@type\":\"ReadAction\",\"target\":[\"https:\/\/volcanes.net\/?p=3524\"]}]},{\"@type\":\"ImageObject\",\"inLanguage\":\"es\",\"@id\":\"https:\/\/volcanes.net\/?p=3524#primaryimage\",\"url\":\"https:\/\/volcanes.net\/wp-content\/uploads\/2019\/01\/IMG-20190123-WA0011-680x1020.jpg\",\"contentUrl\":\"https:\/\/volcanes.net\/wp-content\/uploads\/2019\/01\/IMG-20190123-WA0011-680x1020.jpg\",\"width\":680,\"height\":1020},{\"@type\":\"BreadcrumbList\",\"@id\":\"https:\/\/volcanes.net\/?p=3524#breadcrumb\",\"itemListElement\":[{\"@type\":\"ListItem\",\"position\":1,\"name\":\"Portada\",\"item\":\"https:\/\/volcanes.net\/\"},{\"@type\":\"ListItem\",\"position\":2,\"name\":\"En el #Edom\u00e9x se abren espacios para la discusi\u00f3n a trav\u00e9s de Ciclos de Cine-Debate en el #CCMB\"}]},{\"@type\":\"WebSite\",\"@id\":\"https:\/\/volcanes.net\/#website\",\"url\":\"https:\/\/volcanes.net\/\",\"name\":\"Volcanes.Net\",\"description\":\"Periodismo Profesional\",\"publisher\":{\"@id\":\"https:\/\/volcanes.net\/#organization\"},\"potentialAction\":[{\"@type\":\"SearchAction\",\"target\":{\"@type\":\"EntryPoint\",\"urlTemplate\":\"https:\/\/volcanes.net\/?s={search_term_string}\"},\"query-input\":{\"@type\":\"PropertyValueSpecification\",\"valueRequired\":true,\"valueName\":\"search_term_string\"}}],\"inLanguage\":\"es\"},{\"@type\":\"Organization\",\"@id\":\"https:\/\/volcanes.net\/#organization\",\"name\":\"Grupo Volcanes\",\"url\":\"https:\/\/volcanes.net\/\",\"logo\":{\"@type\":\"ImageObject\",\"inLanguage\":\"es\",\"@id\":\"https:\/\/volcanes.net\/#\/schema\/logo\/image\/\",\"url\":\"http:\/\/volcanes.net\/wp-content\/uploads\/2017\/12\/Avatar2.jpg\",\"contentUrl\":\"http:\/\/volcanes.net\/wp-content\/uploads\/2017\/12\/Avatar2.jpg\",\"width\":378,\"height\":378,\"caption\":\"Grupo Volcanes\"},\"image\":{\"@id\":\"https:\/\/volcanes.net\/#\/schema\/logo\/image\/\"},\"sameAs\":[\"https:\/\/www.facebook.com\/volcanes.net\/\"]},{\"@type\":\"Person\",\"@id\":\"https:\/\/volcanes.net\/#\/schema\/person\/4bf0f383940966a4abd53f5048c0e6b9\",\"name\":\"admin\",\"image\":{\"@type\":\"ImageObject\",\"inLanguage\":\"es\",\"@id\":\"https:\/\/volcanes.net\/#\/schema\/person\/image\/\",\"url\":\"https:\/\/secure.gravatar.com\/avatar\/ca004e6cba8462b8cb7abc86e382930c?s=96&d=mm&r=g\",\"contentUrl\":\"https:\/\/secure.gravatar.com\/avatar\/ca004e6cba8462b8cb7abc86e382930c?s=96&d=mm&r=g\",\"caption\":\"admin\"}}]}<\/script>\n<!-- \/ Yoast SEO plugin. -->","yoast_head_json":{"title":"En el #Edom\u00e9x se abren espacios para la discusi\u00f3n a trav\u00e9s de Ciclos de Cine-Debate en el #CCMB - Volcanes","robots":{"index":"index","follow":"follow","max-snippet":"max-snippet:-1","max-image-preview":"max-image-preview:large","max-video-preview":"max-video-preview:-1"},"canonical":"https:\/\/volcanes.net\/?p=3524","og_locale":"es_MX","og_type":"article","og_title":"En el #Edom\u00e9x se abren espacios para la discusi\u00f3n a trav\u00e9s de Ciclos de Cine-Debate en el #CCMB - Volcanes","og_description":"Para generar un espacio abierto a diferentes puntos de vista por medio del arte, el","og_url":"https:\/\/volcanes.net\/?p=3524","og_site_name":"Volcanes","article_publisher":"https:\/\/www.facebook.com\/volcanes.net\/","article_published_time":"2019-01-23T17:56:31+00:00","og_image":[{"width":680,"height":1020,"url":"https:\/\/volcanes.net\/wp-content\/uploads\/2019\/01\/IMG-20190123-WA0011-680x1020.jpg","type":"image\/jpeg"}],"author":"admin","twitter_card":"summary_large_image","twitter_misc":{"Escrito por":"admin","Tiempo de lectura":"2 minutos"},"schema":{"@context":"https:\/\/schema.org","@graph":[{"@type":"Article","@id":"https:\/\/volcanes.net\/?p=3524#article","isPartOf":{"@id":"https:\/\/volcanes.net\/?p=3524"},"author":{"name":"admin","@id":"https:\/\/volcanes.net\/#\/schema\/person\/4bf0f383940966a4abd53f5048c0e6b9"},"headline":"En el #Edom\u00e9x se abren espacios para la discusi\u00f3n a trav\u00e9s de Ciclos de Cine-Debate en el #CCMB","datePublished":"2019-01-23T17:56:31+00:00","mainEntityOfPage":{"@id":"https:\/\/volcanes.net\/?p=3524"},"wordCount":401,"commentCount":0,"publisher":{"@id":"https:\/\/volcanes.net\/#organization"},"image":{"@id":"https:\/\/volcanes.net\/?p=3524#primaryimage"},"thumbnailUrl":"https:\/\/volcanes.net\/wp-content\/uploads\/2019\/01\/IMG-20190123-WA0011-680x1020.jpg","keywords":["Gobierno del Estado de M\u00e9xico"],"articleSection":["Estatales"],"inLanguage":"es","potentialAction":[{"@type":"CommentAction","name":"Comment","target":["https:\/\/volcanes.net\/?p=3524#respond"]}]},{"@type":"WebPage","@id":"https:\/\/volcanes.net\/?p=3524","url":"https:\/\/volcanes.net\/?p=3524","name":"En el #Edom\u00e9x se abren espacios para la discusi\u00f3n a trav\u00e9s de Ciclos de Cine-Debate en el #CCMB - Volcanes","isPartOf":{"@id":"https:\/\/volcanes.net\/#website"},"primaryImageOfPage":{"@id":"https:\/\/volcanes.net\/?p=3524#primaryimage"},"image":{"@id":"https:\/\/volcanes.net\/?p=3524#primaryimage"},"thumbnailUrl":"https:\/\/volcanes.net\/wp-content\/uploads\/2019\/01\/IMG-20190123-WA0011-680x1020.jpg","datePublished":"2019-01-23T17:56:31+00:00","breadcrumb":{"@id":"https:\/\/volcanes.net\/?p=3524#breadcrumb"},"inLanguage":"es","potentialAction":[{"@type":"ReadAction","target":["https:\/\/volcanes.net\/?p=3524"]}]},{"@type":"ImageObject","inLanguage":"es","@id":"https:\/\/volcanes.net\/?p=3524#primaryimage","url":"https:\/\/volcanes.net\/wp-content\/uploads\/2019\/01\/IMG-20190123-WA0011-680x1020.jpg","contentUrl":"https:\/\/volcanes.net\/wp-content\/uploads\/2019\/01\/IMG-20190123-WA0011-680x1020.jpg","width":680,"height":1020},{"@type":"BreadcrumbList","@id":"https:\/\/volcanes.net\/?p=3524#breadcrumb","itemListElement":[{"@type":"ListItem","position":1,"name":"Portada","item":"https:\/\/volcanes.net\/"},{"@type":"ListItem","position":2,"name":"En el #Edom\u00e9x se abren espacios para la discusi\u00f3n a trav\u00e9s de Ciclos de Cine-Debate en el #CCMB"}]},{"@type":"WebSite","@id":"https:\/\/volcanes.net\/#website","url":"https:\/\/volcanes.net\/","name":"Volcanes.Net","description":"Periodismo Profesional","publisher":{"@id":"https:\/\/volcanes.net\/#organization"},"potentialAction":[{"@type":"SearchAction","target":{"@type":"EntryPoint","urlTemplate":"https:\/\/volcanes.net\/?s={search_term_string}"},"query-input":{"@type":"PropertyValueSpecification","valueRequired":true,"valueName":"search_term_string"}}],"inLanguage":"es"},{"@type":"Organization","@id":"https:\/\/volcanes.net\/#organization","name":"Grupo Volcanes","url":"https:\/\/volcanes.net\/","logo":{"@type":"ImageObject","inLanguage":"es","@id":"https:\/\/volcanes.net\/#\/schema\/logo\/image\/","url":"http:\/\/volcanes.net\/wp-content\/uploads\/2017\/12\/Avatar2.jpg","contentUrl":"http:\/\/volcanes.net\/wp-content\/uploads\/2017\/12\/Avatar2.jpg","width":378,"height":378,"caption":"Grupo Volcanes"},"image":{"@id":"https:\/\/volcanes.net\/#\/schema\/logo\/image\/"},"sameAs":["https:\/\/www.facebook.com\/volcanes.net\/"]},{"@type":"Person","@id":"https:\/\/volcanes.net\/#\/schema\/person\/4bf0f383940966a4abd53f5048c0e6b9","name":"admin","image":{"@type":"ImageObject","inLanguage":"es","@id":"https:\/\/volcanes.net\/#\/schema\/person\/image\/","url":"https:\/\/secure.gravatar.com\/avatar\/ca004e6cba8462b8cb7abc86e382930c?s=96&d=mm&r=g","contentUrl":"https:\/\/secure.gravatar.com\/avatar\/ca004e6cba8462b8cb7abc86e382930c?s=96&d=mm&r=g","caption":"admin"}}]}},"_links":{"self":[{"href":"https:\/\/volcanes.net\/index.php?rest_route=\/wp\/v2\/posts\/3524"}],"collection":[{"href":"https:\/\/volcanes.net\/index.php?rest_route=\/wp\/v2\/posts"}],"about":[{"href":"https:\/\/volcanes.net\/index.php?rest_route=\/wp\/v2\/types\/post"}],"author":[{"embeddable":true,"href":"https:\/\/volcanes.net\/index.php?rest_route=\/wp\/v2\/users\/1"}],"replies":[{"embeddable":true,"href":"https:\/\/volcanes.net\/index.php?rest_route=%2Fwp%2Fv2%2Fcomments&post=3524"}],"version-history":[{"count":1,"href":"https:\/\/volcanes.net\/index.php?rest_route=\/wp\/v2\/posts\/3524\/revisions"}],"predecessor-version":[{"id":3526,"href":"https:\/\/volcanes.net\/index.php?rest_route=\/wp\/v2\/posts\/3524\/revisions\/3526"}],"wp:featuredmedia":[{"embeddable":true,"href":"https:\/\/volcanes.net\/index.php?rest_route=\/wp\/v2\/media\/3525"}],"wp:attachment":[{"href":"https:\/\/volcanes.net\/index.php?rest_route=%2Fwp%2Fv2%2Fmedia&parent=3524"}],"wp:term":[{"taxonomy":"category","embeddable":true,"href":"https:\/\/volcanes.net\/index.php?rest_route=%2Fwp%2Fv2%2Fcategories&post=3524"},{"taxonomy":"post_tag","embeddable":true,"href":"https:\/\/volcanes.net\/index.php?rest_route=%2Fwp%2Fv2%2Ftags&post=3524"}],"curies":[{"name":"wp","href":"https:\/\/api.w.org\/{rel}","templated":true}]}}