{"id":3531,"date":"2019-01-23T18:18:40","date_gmt":"2019-01-23T18:18:40","guid":{"rendered":"http:\/\/volcanes.net\/?p=3531"},"modified":"2019-01-23T18:18:40","modified_gmt":"2019-01-23T18:18:40","slug":"se-eleva-a-95-el-numero-de-muertos-por-explosion-en-ducto-de-tlahuelilpan","status":"publish","type":"post","link":"https:\/\/volcanes.net\/?p=3531","title":{"rendered":"Se eleva a 95 el n\u00famero de muertos por explosi\u00f3n en ducto de Tlahuelilpan"},"content":{"rendered":"<div style=\"margin-top: 0px; margin-bottom: 0px;\" class=\"sharethis-inline-share-buttons\" ><\/div><p>El secretario de Salud federal, Jorge Carlos Alcocer Varela, inform\u00f3 que durante la madrugada de este mi\u00e9rcoles dos personas m\u00e1s fallecieron debido a las quemaduras de gravedad por la explosi\u00f3n del ducto de Petr\u00f3leos Mexicanos (Pemex) en Tlahuelilpan, Hidalgo, con lo que las v\u00edctimas suman 95.<\/p>\n<p>Al actualizar la informaci\u00f3n sobre los heridos y el n\u00famero de personas muertas por la conflagraci\u00f3n del pasado viernes en una toma clandestina en Tlahuelilpan, Alcocer Varela dijo que cuatro de los pacientes fueron trasladados de hospitales en Tula y Pachuca, en el estado de Hidalgo, al Instituto Nacional de Rehabilitaci\u00f3n \u201cLuis Guillermo Ibarra Ibarra\u201d (INR), en la capital del pa\u00eds.<\/p>\n<p>En la conferencia matutina en Palacio Nacional, encabezada por el presidente de M\u00e9xico, Andr\u00e9s Manuel L\u00f3pez Obrador, el titular de Salud indic\u00f3 que de acuerdo con el balance hasta el \u00faltimo corte mtutino, 44 personas siguen hospitalizadas: seis en Hidalgo, siete en el Estado de M\u00e9xico y 31 en la Ciudad de M\u00e9xico.<\/p>\n<p>\u201cSon 95 fallecidos, hay el manejo del estado de Hidalgo de 96, pero tenemos que hacer una adecuaci\u00f3n en ello\u2026 44 hospitalizados, seis en Hidalgo, siete en el Estado de M\u00e9xico y 31 en la Ciudad de M\u00e9xico\u201d, aclar\u00f3 Alcocer Varela.<\/p>\n","protected":false},"excerpt":{"rendered":"<p>El secretario de Salud federal, Jorge Carlos Alcocer Varela, inform\u00f3 que durante la madrugada de<\/p>\n","protected":false},"author":1,"featured_media":3529,"comment_status":"open","ping_status":"open","sticky":false,"template":"","format":"standard","meta":{"footnotes":""},"categories":[3],"tags":[223,225],"class_list":["post-3531","post","type-post","status-publish","format-standard","has-post-thumbnail","hentry","category-estatales","tag-hidalgo","tag-pemex"],"yoast_head":"<!-- This site is optimized with the Yoast SEO plugin v25.3 - https:\/\/yoast.com\/wordpress\/plugins\/seo\/ -->\n<title>Se eleva a 95 el n\u00famero de muertos por explosi\u00f3n en ducto de Tlahuelilpan - Volcanes<\/title>\n<meta name=\"robots\" content=\"index, follow, max-snippet:-1, max-image-preview:large, max-video-preview:-1\" \/>\n<link rel=\"canonical\" href=\"https:\/\/volcanes.net\/?p=3531\" \/>\n<meta property=\"og:locale\" content=\"es_MX\" \/>\n<meta property=\"og:type\" content=\"article\" \/>\n<meta property=\"og:title\" content=\"Se eleva a 95 el n\u00famero de muertos por explosi\u00f3n en ducto de Tlahuelilpan - Volcanes\" \/>\n<meta property=\"og:description\" content=\"El secretario de Salud federal, Jorge Carlos Alcocer Varela, inform\u00f3 que durante la madrugada de\" \/>\n<meta property=\"og:url\" content=\"https:\/\/volcanes.net\/?p=3531\" \/>\n<meta property=\"og:site_name\" content=\"Volcanes\" \/>\n<meta property=\"article:publisher\" content=\"https:\/\/www.facebook.com\/volcanes.net\/\" \/>\n<meta property=\"article:published_time\" content=\"2019-01-23T18:18:40+00:00\" \/>\n<meta property=\"og:image\" content=\"https:\/\/volcanes.net\/wp-content\/uploads\/2019\/01\/alcocer-2.jpg\" \/>\n\t<meta property=\"og:image:width\" content=\"549\" \/>\n\t<meta property=\"og:image:height\" content=\"369\" \/>\n\t<meta property=\"og:image:type\" content=\"image\/jpeg\" \/>\n<meta name=\"author\" content=\"admin\" \/>\n<meta name=\"twitter:card\" content=\"summary_large_image\" \/>\n<meta name=\"twitter:label1\" content=\"Escrito por\" \/>\n\t<meta name=\"twitter:data1\" content=\"admin\" \/>\n\t<meta name=\"twitter:label2\" content=\"Tiempo de lectura\" \/>\n\t<meta name=\"twitter:data2\" content=\"1 minuto\" \/>\n<script type=\"application\/ld+json\" class=\"yoast-schema-graph\">{\"@context\":\"https:\/\/schema.org\",\"@graph\":[{\"@type\":\"Article\",\"@id\":\"https:\/\/volcanes.net\/?p=3531#article\",\"isPartOf\":{\"@id\":\"https:\/\/volcanes.net\/?p=3531\"},\"author\":{\"name\":\"admin\",\"@id\":\"https:\/\/volcanes.net\/#\/schema\/person\/4bf0f383940966a4abd53f5048c0e6b9\"},\"headline\":\"Se eleva a 95 el n\u00famero de muertos por explosi\u00f3n en ducto de Tlahuelilpan\",\"datePublished\":\"2019-01-23T18:18:40+00:00\",\"mainEntityOfPage\":{\"@id\":\"https:\/\/volcanes.net\/?p=3531\"},\"wordCount\":227,\"commentCount\":0,\"publisher\":{\"@id\":\"https:\/\/volcanes.net\/#organization\"},\"image\":{\"@id\":\"https:\/\/volcanes.net\/?p=3531#primaryimage\"},\"thumbnailUrl\":\"https:\/\/volcanes.net\/wp-content\/uploads\/2019\/01\/alcocer-2.jpg\",\"keywords\":[\"Hidalgo\",\"PEMEX\"],\"articleSection\":[\"Estatales\"],\"inLanguage\":\"es\",\"potentialAction\":[{\"@type\":\"CommentAction\",\"name\":\"Comment\",\"target\":[\"https:\/\/volcanes.net\/?p=3531#respond\"]}]},{\"@type\":\"WebPage\",\"@id\":\"https:\/\/volcanes.net\/?p=3531\",\"url\":\"https:\/\/volcanes.net\/?p=3531\",\"name\":\"Se eleva a 95 el n\u00famero de muertos por explosi\u00f3n en ducto de Tlahuelilpan - Volcanes\",\"isPartOf\":{\"@id\":\"https:\/\/volcanes.net\/#website\"},\"primaryImageOfPage\":{\"@id\":\"https:\/\/volcanes.net\/?p=3531#primaryimage\"},\"image\":{\"@id\":\"https:\/\/volcanes.net\/?p=3531#primaryimage\"},\"thumbnailUrl\":\"https:\/\/volcanes.net\/wp-content\/uploads\/2019\/01\/alcocer-2.jpg\",\"datePublished\":\"2019-01-23T18:18:40+00:00\",\"breadcrumb\":{\"@id\":\"https:\/\/volcanes.net\/?p=3531#breadcrumb\"},\"inLanguage\":\"es\",\"potentialAction\":[{\"@type\":\"ReadAction\",\"target\":[\"https:\/\/volcanes.net\/?p=3531\"]}]},{\"@type\":\"ImageObject\",\"inLanguage\":\"es\",\"@id\":\"https:\/\/volcanes.net\/?p=3531#primaryimage\",\"url\":\"https:\/\/volcanes.net\/wp-content\/uploads\/2019\/01\/alcocer-2.jpg\",\"contentUrl\":\"https:\/\/volcanes.net\/wp-content\/uploads\/2019\/01\/alcocer-2.jpg\",\"width\":549,\"height\":369},{\"@type\":\"BreadcrumbList\",\"@id\":\"https:\/\/volcanes.net\/?p=3531#breadcrumb\",\"itemListElement\":[{\"@type\":\"ListItem\",\"position\":1,\"name\":\"Portada\",\"item\":\"https:\/\/volcanes.net\/\"},{\"@type\":\"ListItem\",\"position\":2,\"name\":\"Se eleva a 95 el n\u00famero de muertos por explosi\u00f3n en ducto de Tlahuelilpan\"}]},{\"@type\":\"WebSite\",\"@id\":\"https:\/\/volcanes.net\/#website\",\"url\":\"https:\/\/volcanes.net\/\",\"name\":\"Volcanes.Net\",\"description\":\"Periodismo Profesional\",\"publisher\":{\"@id\":\"https:\/\/volcanes.net\/#organization\"},\"potentialAction\":[{\"@type\":\"SearchAction\",\"target\":{\"@type\":\"EntryPoint\",\"urlTemplate\":\"https:\/\/volcanes.net\/?s={search_term_string}\"},\"query-input\":{\"@type\":\"PropertyValueSpecification\",\"valueRequired\":true,\"valueName\":\"search_term_string\"}}],\"inLanguage\":\"es\"},{\"@type\":\"Organization\",\"@id\":\"https:\/\/volcanes.net\/#organization\",\"name\":\"Grupo Volcanes\",\"url\":\"https:\/\/volcanes.net\/\",\"logo\":{\"@type\":\"ImageObject\",\"inLanguage\":\"es\",\"@id\":\"https:\/\/volcanes.net\/#\/schema\/logo\/image\/\",\"url\":\"http:\/\/volcanes.net\/wp-content\/uploads\/2017\/12\/Avatar2.jpg\",\"contentUrl\":\"http:\/\/volcanes.net\/wp-content\/uploads\/2017\/12\/Avatar2.jpg\",\"width\":378,\"height\":378,\"caption\":\"Grupo Volcanes\"},\"image\":{\"@id\":\"https:\/\/volcanes.net\/#\/schema\/logo\/image\/\"},\"sameAs\":[\"https:\/\/www.facebook.com\/volcanes.net\/\"]},{\"@type\":\"Person\",\"@id\":\"https:\/\/volcanes.net\/#\/schema\/person\/4bf0f383940966a4abd53f5048c0e6b9\",\"name\":\"admin\",\"image\":{\"@type\":\"ImageObject\",\"inLanguage\":\"es\",\"@id\":\"https:\/\/volcanes.net\/#\/schema\/person\/image\/\",\"url\":\"https:\/\/secure.gravatar.com\/avatar\/ca004e6cba8462b8cb7abc86e382930c?s=96&d=mm&r=g\",\"contentUrl\":\"https:\/\/secure.gravatar.com\/avatar\/ca004e6cba8462b8cb7abc86e382930c?s=96&d=mm&r=g\",\"caption\":\"admin\"}}]}<\/script>\n<!-- \/ Yoast SEO plugin. -->","yoast_head_json":{"title":"Se eleva a 95 el n\u00famero de muertos por explosi\u00f3n en ducto de Tlahuelilpan - Volcanes","robots":{"index":"index","follow":"follow","max-snippet":"max-snippet:-1","max-image-preview":"max-image-preview:large","max-video-preview":"max-video-preview:-1"},"canonical":"https:\/\/volcanes.net\/?p=3531","og_locale":"es_MX","og_type":"article","og_title":"Se eleva a 95 el n\u00famero de muertos por explosi\u00f3n en ducto de Tlahuelilpan - Volcanes","og_description":"El secretario de Salud federal, Jorge Carlos Alcocer Varela, inform\u00f3 que durante la madrugada de","og_url":"https:\/\/volcanes.net\/?p=3531","og_site_name":"Volcanes","article_publisher":"https:\/\/www.facebook.com\/volcanes.net\/","article_published_time":"2019-01-23T18:18:40+00:00","og_image":[{"width":549,"height":369,"url":"https:\/\/volcanes.net\/wp-content\/uploads\/2019\/01\/alcocer-2.jpg","type":"image\/jpeg"}],"author":"admin","twitter_card":"summary_large_image","twitter_misc":{"Escrito por":"admin","Tiempo de lectura":"1 minuto"},"schema":{"@context":"https:\/\/schema.org","@graph":[{"@type":"Article","@id":"https:\/\/volcanes.net\/?p=3531#article","isPartOf":{"@id":"https:\/\/volcanes.net\/?p=3531"},"author":{"name":"admin","@id":"https:\/\/volcanes.net\/#\/schema\/person\/4bf0f383940966a4abd53f5048c0e6b9"},"headline":"Se eleva a 95 el n\u00famero de muertos por explosi\u00f3n en ducto de Tlahuelilpan","datePublished":"2019-01-23T18:18:40+00:00","mainEntityOfPage":{"@id":"https:\/\/volcanes.net\/?p=3531"},"wordCount":227,"commentCount":0,"publisher":{"@id":"https:\/\/volcanes.net\/#organization"},"image":{"@id":"https:\/\/volcanes.net\/?p=3531#primaryimage"},"thumbnailUrl":"https:\/\/volcanes.net\/wp-content\/uploads\/2019\/01\/alcocer-2.jpg","keywords":["Hidalgo","PEMEX"],"articleSection":["Estatales"],"inLanguage":"es","potentialAction":[{"@type":"CommentAction","name":"Comment","target":["https:\/\/volcanes.net\/?p=3531#respond"]}]},{"@type":"WebPage","@id":"https:\/\/volcanes.net\/?p=3531","url":"https:\/\/volcanes.net\/?p=3531","name":"Se eleva a 95 el n\u00famero de muertos por explosi\u00f3n en ducto de Tlahuelilpan - Volcanes","isPartOf":{"@id":"https:\/\/volcanes.net\/#website"},"primaryImageOfPage":{"@id":"https:\/\/volcanes.net\/?p=3531#primaryimage"},"image":{"@id":"https:\/\/volcanes.net\/?p=3531#primaryimage"},"thumbnailUrl":"https:\/\/volcanes.net\/wp-content\/uploads\/2019\/01\/alcocer-2.jpg","datePublished":"2019-01-23T18:18:40+00:00","breadcrumb":{"@id":"https:\/\/volcanes.net\/?p=3531#breadcrumb"},"inLanguage":"es","potentialAction":[{"@type":"ReadAction","target":["https:\/\/volcanes.net\/?p=3531"]}]},{"@type":"ImageObject","inLanguage":"es","@id":"https:\/\/volcanes.net\/?p=3531#primaryimage","url":"https:\/\/volcanes.net\/wp-content\/uploads\/2019\/01\/alcocer-2.jpg","contentUrl":"https:\/\/volcanes.net\/wp-content\/uploads\/2019\/01\/alcocer-2.jpg","width":549,"height":369},{"@type":"BreadcrumbList","@id":"https:\/\/volcanes.net\/?p=3531#breadcrumb","itemListElement":[{"@type":"ListItem","position":1,"name":"Portada","item":"https:\/\/volcanes.net\/"},{"@type":"ListItem","position":2,"name":"Se eleva a 95 el n\u00famero de muertos por explosi\u00f3n en ducto de Tlahuelilpan"}]},{"@type":"WebSite","@id":"https:\/\/volcanes.net\/#website","url":"https:\/\/volcanes.net\/","name":"Volcanes.Net","description":"Periodismo Profesional","publisher":{"@id":"https:\/\/volcanes.net\/#organization"},"potentialAction":[{"@type":"SearchAction","target":{"@type":"EntryPoint","urlTemplate":"https:\/\/volcanes.net\/?s={search_term_string}"},"query-input":{"@type":"PropertyValueSpecification","valueRequired":true,"valueName":"search_term_string"}}],"inLanguage":"es"},{"@type":"Organization","@id":"https:\/\/volcanes.net\/#organization","name":"Grupo Volcanes","url":"https:\/\/volcanes.net\/","logo":{"@type":"ImageObject","inLanguage":"es","@id":"https:\/\/volcanes.net\/#\/schema\/logo\/image\/","url":"http:\/\/volcanes.net\/wp-content\/uploads\/2017\/12\/Avatar2.jpg","contentUrl":"http:\/\/volcanes.net\/wp-content\/uploads\/2017\/12\/Avatar2.jpg","width":378,"height":378,"caption":"Grupo Volcanes"},"image":{"@id":"https:\/\/volcanes.net\/#\/schema\/logo\/image\/"},"sameAs":["https:\/\/www.facebook.com\/volcanes.net\/"]},{"@type":"Person","@id":"https:\/\/volcanes.net\/#\/schema\/person\/4bf0f383940966a4abd53f5048c0e6b9","name":"admin","image":{"@type":"ImageObject","inLanguage":"es","@id":"https:\/\/volcanes.net\/#\/schema\/person\/image\/","url":"https:\/\/secure.gravatar.com\/avatar\/ca004e6cba8462b8cb7abc86e382930c?s=96&d=mm&r=g","contentUrl":"https:\/\/secure.gravatar.com\/avatar\/ca004e6cba8462b8cb7abc86e382930c?s=96&d=mm&r=g","caption":"admin"}}]}},"_links":{"self":[{"href":"https:\/\/volcanes.net\/index.php?rest_route=\/wp\/v2\/posts\/3531"}],"collection":[{"href":"https:\/\/volcanes.net\/index.php?rest_route=\/wp\/v2\/posts"}],"about":[{"href":"https:\/\/volcanes.net\/index.php?rest_route=\/wp\/v2\/types\/post"}],"author":[{"embeddable":true,"href":"https:\/\/volcanes.net\/index.php?rest_route=\/wp\/v2\/users\/1"}],"replies":[{"embeddable":true,"href":"https:\/\/volcanes.net\/index.php?rest_route=%2Fwp%2Fv2%2Fcomments&post=3531"}],"version-history":[{"count":1,"href":"https:\/\/volcanes.net\/index.php?rest_route=\/wp\/v2\/posts\/3531\/revisions"}],"predecessor-version":[{"id":3532,"href":"https:\/\/volcanes.net\/index.php?rest_route=\/wp\/v2\/posts\/3531\/revisions\/3532"}],"wp:featuredmedia":[{"embeddable":true,"href":"https:\/\/volcanes.net\/index.php?rest_route=\/wp\/v2\/media\/3529"}],"wp:attachment":[{"href":"https:\/\/volcanes.net\/index.php?rest_route=%2Fwp%2Fv2%2Fmedia&parent=3531"}],"wp:term":[{"taxonomy":"category","embeddable":true,"href":"https:\/\/volcanes.net\/index.php?rest_route=%2Fwp%2Fv2%2Fcategories&post=3531"},{"taxonomy":"post_tag","embeddable":true,"href":"https:\/\/volcanes.net\/index.php?rest_route=%2Fwp%2Fv2%2Ftags&post=3531"}],"curies":[{"name":"wp","href":"https:\/\/api.w.org\/{rel}","templated":true}]}}