{"id":3536,"date":"2019-01-23T18:33:27","date_gmt":"2019-01-23T18:33:27","guid":{"rendered":"http:\/\/volcanes.net\/?p=3536"},"modified":"2019-01-23T18:33:27","modified_gmt":"2019-01-23T18:33:27","slug":"medios-publicos-garantizaran-derecho-a-la-informacion-afirma-jesus-ramirez","status":"publish","type":"post","link":"https:\/\/volcanes.net\/?p=3536","title":{"rendered":"Medios p\u00fablicos garantizar\u00e1n derecho a la informaci\u00f3n, afirma Jes\u00fas Ram\u00edrez"},"content":{"rendered":"<div style=\"margin-top: 0px; margin-bottom: 0px;\" class=\"sharethis-inline-share-buttons\" ><\/div><p>Los medios p\u00fablicos garantizar\u00e1n el derecho a la informaci\u00f3n y la libertad de expresi\u00f3n, afirm\u00f3 esta ma\u00f1ana Jes\u00fas Ram\u00edrez Cuevas, coordinador general de Comunicaci\u00f3n Social de la Presidencia de la Rep\u00fablica, al difundir en Twitter las propuestas del presidente Andr\u00e9s Manuel L\u00f3pez Obrador para encargarse de estas \u00e1reas.<\/p>\n<p>Detall\u00f3 que al frente de Notimex Agencia de Noticias del Estado Mexicano propone a la periodista Sanjuana Mart\u00ednez; para el Sistema P\u00fablico de Radio y Televisi\u00f3n a Jenaro Villamil, y para la Direcci\u00f3n General de Radio, Televisi\u00f3n y Cinematograf\u00eda (RTC) de la Secretar\u00eda de Gobernaci\u00f3n (Segob), a Rodolfo Gonz\u00e1lez.<\/p>\n<p>A trav\u00e9s de su cuenta en Twitter @JesusRCuevas, el coordinador general de Comunicaci\u00f3n Social de la Presidencia de la Rep\u00fablica, inform\u00f3: \u201cLas propuestas del presidente @lopezobrador_ para el Sistema P\u00fablico de Radio y Tv. @jenarovillamil al frente; Armando Casas, Canal 22; Gabriel Sosa, Radio Educaci\u00f3n; Aleida Calleja, IMER; @SanjuanaMtz, Notimex; Rodolfo Glez., RTC; Jos\u00e9 Antonio Alv\u00e1rez, Canal 11, y Fernando Coca, Canal 14\u201d.<\/p>\n","protected":false},"excerpt":{"rendered":"<p>Los medios p\u00fablicos garantizar\u00e1n el derecho a la informaci\u00f3n y la libertad de expresi\u00f3n, afirm\u00f3<\/p>\n","protected":false},"author":1,"featured_media":3537,"comment_status":"open","ping_status":"open","sticky":false,"template":"","format":"standard","meta":{"footnotes":""},"categories":[1],"tags":[58],"class_list":["post-3536","post","type-post","status-publish","format-standard","has-post-thumbnail","hentry","category-municipales","tag-segob"],"yoast_head":"<!-- This site is optimized with the Yoast SEO plugin v25.3 - https:\/\/yoast.com\/wordpress\/plugins\/seo\/ -->\n<title>Medios p\u00fablicos garantizar\u00e1n derecho a la informaci\u00f3n, afirma Jes\u00fas Ram\u00edrez - Volcanes<\/title>\n<meta name=\"robots\" content=\"index, follow, max-snippet:-1, max-image-preview:large, max-video-preview:-1\" \/>\n<link rel=\"canonical\" href=\"https:\/\/volcanes.net\/?p=3536\" \/>\n<meta property=\"og:locale\" content=\"es_MX\" \/>\n<meta property=\"og:type\" content=\"article\" \/>\n<meta property=\"og:title\" content=\"Medios p\u00fablicos garantizar\u00e1n derecho a la informaci\u00f3n, afirma Jes\u00fas Ram\u00edrez - Volcanes\" \/>\n<meta property=\"og:description\" content=\"Los medios p\u00fablicos garantizar\u00e1n el derecho a la informaci\u00f3n y la libertad de expresi\u00f3n, afirm\u00f3\" \/>\n<meta property=\"og:url\" content=\"https:\/\/volcanes.net\/?p=3536\" \/>\n<meta property=\"og:site_name\" content=\"Volcanes\" \/>\n<meta property=\"article:publisher\" content=\"https:\/\/www.facebook.com\/volcanes.net\/\" \/>\n<meta property=\"article:published_time\" content=\"2019-01-23T18:33:27+00:00\" \/>\n<meta property=\"og:image\" content=\"https:\/\/volcanes.net\/wp-content\/uploads\/2019\/01\/jesus-ramirez-imagen-gobierno.jpg\" \/>\n\t<meta property=\"og:image:width\" content=\"553\" \/>\n\t<meta property=\"og:image:height\" content=\"367\" \/>\n\t<meta property=\"og:image:type\" content=\"image\/jpeg\" \/>\n<meta name=\"author\" content=\"admin\" \/>\n<meta name=\"twitter:card\" content=\"summary_large_image\" \/>\n<meta name=\"twitter:label1\" content=\"Escrito por\" \/>\n\t<meta name=\"twitter:data1\" content=\"admin\" \/>\n\t<meta name=\"twitter:label2\" content=\"Tiempo de lectura\" \/>\n\t<meta name=\"twitter:data2\" content=\"1 minuto\" \/>\n<script type=\"application\/ld+json\" class=\"yoast-schema-graph\">{\"@context\":\"https:\/\/schema.org\",\"@graph\":[{\"@type\":\"Article\",\"@id\":\"https:\/\/volcanes.net\/?p=3536#article\",\"isPartOf\":{\"@id\":\"https:\/\/volcanes.net\/?p=3536\"},\"author\":{\"name\":\"admin\",\"@id\":\"https:\/\/volcanes.net\/#\/schema\/person\/4bf0f383940966a4abd53f5048c0e6b9\"},\"headline\":\"Medios p\u00fablicos garantizar\u00e1n derecho a la informaci\u00f3n, afirma Jes\u00fas Ram\u00edrez\",\"datePublished\":\"2019-01-23T18:33:27+00:00\",\"mainEntityOfPage\":{\"@id\":\"https:\/\/volcanes.net\/?p=3536\"},\"wordCount\":198,\"commentCount\":0,\"publisher\":{\"@id\":\"https:\/\/volcanes.net\/#organization\"},\"image\":{\"@id\":\"https:\/\/volcanes.net\/?p=3536#primaryimage\"},\"thumbnailUrl\":\"https:\/\/volcanes.net\/wp-content\/uploads\/2019\/01\/jesus-ramirez-imagen-gobierno.jpg\",\"keywords\":[\"SEGOB\"],\"articleSection\":[\"Municipales\"],\"inLanguage\":\"es\",\"potentialAction\":[{\"@type\":\"CommentAction\",\"name\":\"Comment\",\"target\":[\"https:\/\/volcanes.net\/?p=3536#respond\"]}]},{\"@type\":\"WebPage\",\"@id\":\"https:\/\/volcanes.net\/?p=3536\",\"url\":\"https:\/\/volcanes.net\/?p=3536\",\"name\":\"Medios p\u00fablicos garantizar\u00e1n derecho a la informaci\u00f3n, afirma Jes\u00fas Ram\u00edrez - Volcanes\",\"isPartOf\":{\"@id\":\"https:\/\/volcanes.net\/#website\"},\"primaryImageOfPage\":{\"@id\":\"https:\/\/volcanes.net\/?p=3536#primaryimage\"},\"image\":{\"@id\":\"https:\/\/volcanes.net\/?p=3536#primaryimage\"},\"thumbnailUrl\":\"https:\/\/volcanes.net\/wp-content\/uploads\/2019\/01\/jesus-ramirez-imagen-gobierno.jpg\",\"datePublished\":\"2019-01-23T18:33:27+00:00\",\"breadcrumb\":{\"@id\":\"https:\/\/volcanes.net\/?p=3536#breadcrumb\"},\"inLanguage\":\"es\",\"potentialAction\":[{\"@type\":\"ReadAction\",\"target\":[\"https:\/\/volcanes.net\/?p=3536\"]}]},{\"@type\":\"ImageObject\",\"inLanguage\":\"es\",\"@id\":\"https:\/\/volcanes.net\/?p=3536#primaryimage\",\"url\":\"https:\/\/volcanes.net\/wp-content\/uploads\/2019\/01\/jesus-ramirez-imagen-gobierno.jpg\",\"contentUrl\":\"https:\/\/volcanes.net\/wp-content\/uploads\/2019\/01\/jesus-ramirez-imagen-gobierno.jpg\",\"width\":553,\"height\":367},{\"@type\":\"BreadcrumbList\",\"@id\":\"https:\/\/volcanes.net\/?p=3536#breadcrumb\",\"itemListElement\":[{\"@type\":\"ListItem\",\"position\":1,\"name\":\"Portada\",\"item\":\"https:\/\/volcanes.net\/\"},{\"@type\":\"ListItem\",\"position\":2,\"name\":\"Medios p\u00fablicos garantizar\u00e1n derecho a la informaci\u00f3n, afirma Jes\u00fas Ram\u00edrez\"}]},{\"@type\":\"WebSite\",\"@id\":\"https:\/\/volcanes.net\/#website\",\"url\":\"https:\/\/volcanes.net\/\",\"name\":\"Volcanes.Net\",\"description\":\"Periodismo Profesional\",\"publisher\":{\"@id\":\"https:\/\/volcanes.net\/#organization\"},\"potentialAction\":[{\"@type\":\"SearchAction\",\"target\":{\"@type\":\"EntryPoint\",\"urlTemplate\":\"https:\/\/volcanes.net\/?s={search_term_string}\"},\"query-input\":{\"@type\":\"PropertyValueSpecification\",\"valueRequired\":true,\"valueName\":\"search_term_string\"}}],\"inLanguage\":\"es\"},{\"@type\":\"Organization\",\"@id\":\"https:\/\/volcanes.net\/#organization\",\"name\":\"Grupo Volcanes\",\"url\":\"https:\/\/volcanes.net\/\",\"logo\":{\"@type\":\"ImageObject\",\"inLanguage\":\"es\",\"@id\":\"https:\/\/volcanes.net\/#\/schema\/logo\/image\/\",\"url\":\"http:\/\/volcanes.net\/wp-content\/uploads\/2017\/12\/Avatar2.jpg\",\"contentUrl\":\"http:\/\/volcanes.net\/wp-content\/uploads\/2017\/12\/Avatar2.jpg\",\"width\":378,\"height\":378,\"caption\":\"Grupo Volcanes\"},\"image\":{\"@id\":\"https:\/\/volcanes.net\/#\/schema\/logo\/image\/\"},\"sameAs\":[\"https:\/\/www.facebook.com\/volcanes.net\/\"]},{\"@type\":\"Person\",\"@id\":\"https:\/\/volcanes.net\/#\/schema\/person\/4bf0f383940966a4abd53f5048c0e6b9\",\"name\":\"admin\",\"image\":{\"@type\":\"ImageObject\",\"inLanguage\":\"es\",\"@id\":\"https:\/\/volcanes.net\/#\/schema\/person\/image\/\",\"url\":\"https:\/\/secure.gravatar.com\/avatar\/ca004e6cba8462b8cb7abc86e382930c?s=96&d=mm&r=g\",\"contentUrl\":\"https:\/\/secure.gravatar.com\/avatar\/ca004e6cba8462b8cb7abc86e382930c?s=96&d=mm&r=g\",\"caption\":\"admin\"}}]}<\/script>\n<!-- \/ Yoast SEO plugin. -->","yoast_head_json":{"title":"Medios p\u00fablicos garantizar\u00e1n derecho a la informaci\u00f3n, afirma Jes\u00fas Ram\u00edrez - Volcanes","robots":{"index":"index","follow":"follow","max-snippet":"max-snippet:-1","max-image-preview":"max-image-preview:large","max-video-preview":"max-video-preview:-1"},"canonical":"https:\/\/volcanes.net\/?p=3536","og_locale":"es_MX","og_type":"article","og_title":"Medios p\u00fablicos garantizar\u00e1n derecho a la informaci\u00f3n, afirma Jes\u00fas Ram\u00edrez - Volcanes","og_description":"Los medios p\u00fablicos garantizar\u00e1n el derecho a la informaci\u00f3n y la libertad de expresi\u00f3n, afirm\u00f3","og_url":"https:\/\/volcanes.net\/?p=3536","og_site_name":"Volcanes","article_publisher":"https:\/\/www.facebook.com\/volcanes.net\/","article_published_time":"2019-01-23T18:33:27+00:00","og_image":[{"width":553,"height":367,"url":"https:\/\/volcanes.net\/wp-content\/uploads\/2019\/01\/jesus-ramirez-imagen-gobierno.jpg","type":"image\/jpeg"}],"author":"admin","twitter_card":"summary_large_image","twitter_misc":{"Escrito por":"admin","Tiempo de lectura":"1 minuto"},"schema":{"@context":"https:\/\/schema.org","@graph":[{"@type":"Article","@id":"https:\/\/volcanes.net\/?p=3536#article","isPartOf":{"@id":"https:\/\/volcanes.net\/?p=3536"},"author":{"name":"admin","@id":"https:\/\/volcanes.net\/#\/schema\/person\/4bf0f383940966a4abd53f5048c0e6b9"},"headline":"Medios p\u00fablicos garantizar\u00e1n derecho a la informaci\u00f3n, afirma Jes\u00fas Ram\u00edrez","datePublished":"2019-01-23T18:33:27+00:00","mainEntityOfPage":{"@id":"https:\/\/volcanes.net\/?p=3536"},"wordCount":198,"commentCount":0,"publisher":{"@id":"https:\/\/volcanes.net\/#organization"},"image":{"@id":"https:\/\/volcanes.net\/?p=3536#primaryimage"},"thumbnailUrl":"https:\/\/volcanes.net\/wp-content\/uploads\/2019\/01\/jesus-ramirez-imagen-gobierno.jpg","keywords":["SEGOB"],"articleSection":["Municipales"],"inLanguage":"es","potentialAction":[{"@type":"CommentAction","name":"Comment","target":["https:\/\/volcanes.net\/?p=3536#respond"]}]},{"@type":"WebPage","@id":"https:\/\/volcanes.net\/?p=3536","url":"https:\/\/volcanes.net\/?p=3536","name":"Medios p\u00fablicos garantizar\u00e1n derecho a la informaci\u00f3n, afirma Jes\u00fas Ram\u00edrez - Volcanes","isPartOf":{"@id":"https:\/\/volcanes.net\/#website"},"primaryImageOfPage":{"@id":"https:\/\/volcanes.net\/?p=3536#primaryimage"},"image":{"@id":"https:\/\/volcanes.net\/?p=3536#primaryimage"},"thumbnailUrl":"https:\/\/volcanes.net\/wp-content\/uploads\/2019\/01\/jesus-ramirez-imagen-gobierno.jpg","datePublished":"2019-01-23T18:33:27+00:00","breadcrumb":{"@id":"https:\/\/volcanes.net\/?p=3536#breadcrumb"},"inLanguage":"es","potentialAction":[{"@type":"ReadAction","target":["https:\/\/volcanes.net\/?p=3536"]}]},{"@type":"ImageObject","inLanguage":"es","@id":"https:\/\/volcanes.net\/?p=3536#primaryimage","url":"https:\/\/volcanes.net\/wp-content\/uploads\/2019\/01\/jesus-ramirez-imagen-gobierno.jpg","contentUrl":"https:\/\/volcanes.net\/wp-content\/uploads\/2019\/01\/jesus-ramirez-imagen-gobierno.jpg","width":553,"height":367},{"@type":"BreadcrumbList","@id":"https:\/\/volcanes.net\/?p=3536#breadcrumb","itemListElement":[{"@type":"ListItem","position":1,"name":"Portada","item":"https:\/\/volcanes.net\/"},{"@type":"ListItem","position":2,"name":"Medios p\u00fablicos garantizar\u00e1n derecho a la informaci\u00f3n, afirma Jes\u00fas Ram\u00edrez"}]},{"@type":"WebSite","@id":"https:\/\/volcanes.net\/#website","url":"https:\/\/volcanes.net\/","name":"Volcanes.Net","description":"Periodismo Profesional","publisher":{"@id":"https:\/\/volcanes.net\/#organization"},"potentialAction":[{"@type":"SearchAction","target":{"@type":"EntryPoint","urlTemplate":"https:\/\/volcanes.net\/?s={search_term_string}"},"query-input":{"@type":"PropertyValueSpecification","valueRequired":true,"valueName":"search_term_string"}}],"inLanguage":"es"},{"@type":"Organization","@id":"https:\/\/volcanes.net\/#organization","name":"Grupo Volcanes","url":"https:\/\/volcanes.net\/","logo":{"@type":"ImageObject","inLanguage":"es","@id":"https:\/\/volcanes.net\/#\/schema\/logo\/image\/","url":"http:\/\/volcanes.net\/wp-content\/uploads\/2017\/12\/Avatar2.jpg","contentUrl":"http:\/\/volcanes.net\/wp-content\/uploads\/2017\/12\/Avatar2.jpg","width":378,"height":378,"caption":"Grupo Volcanes"},"image":{"@id":"https:\/\/volcanes.net\/#\/schema\/logo\/image\/"},"sameAs":["https:\/\/www.facebook.com\/volcanes.net\/"]},{"@type":"Person","@id":"https:\/\/volcanes.net\/#\/schema\/person\/4bf0f383940966a4abd53f5048c0e6b9","name":"admin","image":{"@type":"ImageObject","inLanguage":"es","@id":"https:\/\/volcanes.net\/#\/schema\/person\/image\/","url":"https:\/\/secure.gravatar.com\/avatar\/ca004e6cba8462b8cb7abc86e382930c?s=96&d=mm&r=g","contentUrl":"https:\/\/secure.gravatar.com\/avatar\/ca004e6cba8462b8cb7abc86e382930c?s=96&d=mm&r=g","caption":"admin"}}]}},"_links":{"self":[{"href":"https:\/\/volcanes.net\/index.php?rest_route=\/wp\/v2\/posts\/3536"}],"collection":[{"href":"https:\/\/volcanes.net\/index.php?rest_route=\/wp\/v2\/posts"}],"about":[{"href":"https:\/\/volcanes.net\/index.php?rest_route=\/wp\/v2\/types\/post"}],"author":[{"embeddable":true,"href":"https:\/\/volcanes.net\/index.php?rest_route=\/wp\/v2\/users\/1"}],"replies":[{"embeddable":true,"href":"https:\/\/volcanes.net\/index.php?rest_route=%2Fwp%2Fv2%2Fcomments&post=3536"}],"version-history":[{"count":1,"href":"https:\/\/volcanes.net\/index.php?rest_route=\/wp\/v2\/posts\/3536\/revisions"}],"predecessor-version":[{"id":3538,"href":"https:\/\/volcanes.net\/index.php?rest_route=\/wp\/v2\/posts\/3536\/revisions\/3538"}],"wp:featuredmedia":[{"embeddable":true,"href":"https:\/\/volcanes.net\/index.php?rest_route=\/wp\/v2\/media\/3537"}],"wp:attachment":[{"href":"https:\/\/volcanes.net\/index.php?rest_route=%2Fwp%2Fv2%2Fmedia&parent=3536"}],"wp:term":[{"taxonomy":"category","embeddable":true,"href":"https:\/\/volcanes.net\/index.php?rest_route=%2Fwp%2Fv2%2Fcategories&post=3536"},{"taxonomy":"post_tag","embeddable":true,"href":"https:\/\/volcanes.net\/index.php?rest_route=%2Fwp%2Fv2%2Ftags&post=3536"}],"curies":[{"name":"wp","href":"https:\/\/api.w.org\/{rel}","templated":true}]}}