{"id":3539,"date":"2019-01-23T18:42:27","date_gmt":"2019-01-23T18:42:27","guid":{"rendered":"http:\/\/volcanes.net\/?p=3539"},"modified":"2019-01-23T18:42:27","modified_gmt":"2019-01-23T18:42:27","slug":"fovissste-lanza-convocatoria-de-inscripcion-para-creditos-tradicionales","status":"publish","type":"post","link":"https:\/\/volcanes.net\/?p=3539","title":{"rendered":"Fovissste lanza convocatoria de inscripci\u00f3n para cr\u00e9ditos tradicionales"},"content":{"rendered":"<div style=\"margin-top: 0px; margin-bottom: 0px;\" class=\"sharethis-inline-share-buttons\" ><\/div><div class=\"post-inner\">\n<div class=\"post-content\">\n<p>El Fondo de Vivienda del ISSSTE (Fovissste) dio a conocer que este jueves 24 de enero a las 9:00 horas se abre la convocatoria de inscripci\u00f3n para el otorgamiento de Cr\u00e9ditos Tradicionales, mediante el Sistema de Puntaje 2019, mismo que concluir\u00e1 el 6 de febrero a las 20:00 horas.<\/p>\n<p>En un comunicado, explic\u00f3 que mediante este proceso se otorgar\u00e1n hasta 34 mil 150 cr\u00e9ditos del esquema tradicional por un monto de 23 mil 871 millones de pesos, con una tasa de inter\u00e9s del 4.0 al 6.0 anual (cr\u00e9dito en UMAs), por un monto m\u00e1ximo de un mill\u00f3n 102 mil 525 pesos, lo cual representa un incremento del 4.83 por ciento respecto del 2018.<\/p>\n<p>Para esta convocatoria podr\u00e1n participar los derechohabientes en activo y que sea su primer cr\u00e9dito hipotecario, los interesados deber\u00e1n efectuar su tr\u00e1mite de inscripci\u00f3n en las organizaciones sindicales que los representan, en las dependencias y entidades donde laboran, en los departamentos de vivienda del Fovissste ubicados en cada Entidad Federativa y, a trav\u00e9s de Internet en la p\u00e1gina: <a href=\"http:\/\/www.gob.mx\/fovissste\" rel=\"nofollow\">http:\/\/www.gob.mx\/fovissste<\/a> seleccionando la opci\u00f3n \u201cRegistra tu Solicitud\u201d.<\/p>\n<p>Detall\u00f3 que el 21 de febrero del 2019, se llevar\u00e1 a cabo el Evento del Puntaje, el cual consiste en ordenar a los trabajadores inscritos de acuerdo al puntaje obtenido (de mayor a menor puntaje, debiendo tener un m\u00ednimo de 80 puntos).<\/p>\n<p>Los 15 mil registros que obtengan el mayor puntaje, ser\u00e1n autorizados de manera inmediata y podr\u00e1n iniciar con la originaci\u00f3n de su cr\u00e9dito, el resto ser\u00e1n liberados de manera progresiva de acuerdo a la disponibilidad financiera del Fondo.<\/p>\n<p>Agreg\u00f3 que los derechohabientes podr\u00e1n solicitar un cr\u00e9dito mancomunado con su c\u00f3nyuge desde el momento de su inscripci\u00f3n, estos cr\u00e9ditos se pueden utilizar para la adquisici\u00f3n de una vivienda nueva o usada, construir en terreno propio, ampliar, reparar o mejorar su vivienda, y la redenci\u00f3n de pasivos contra\u00eddos por cualquiera de los conceptos anteriores.<\/p>\n<p>Una vez autorizado el cr\u00e9dito se tendr\u00e1n 20 d\u00edas naturales para acudir al Departamento de Vivienda o elegir la Entidad Financiera mandataria del Fondo de su elecci\u00f3n para iniciar su tr\u00e1mite, posteriormente con 60 d\u00edas naturales para contar con el aval\u00fao y 30 d\u00edas naturales para la firma de la escritura p\u00fablica, puntualiz\u00f3.<\/p>\n<\/div>\n<\/div>\n","protected":false},"excerpt":{"rendered":"<p>El Fondo de Vivienda del ISSSTE (Fovissste) dio a conocer que este jueves 24 de<\/p>\n","protected":false},"author":1,"featured_media":3540,"comment_status":"open","ping_status":"open","sticky":false,"template":"","format":"standard","meta":{"footnotes":""},"categories":[1],"tags":[226],"class_list":["post-3539","post","type-post","status-publish","format-standard","has-post-thumbnail","hentry","category-municipales","tag-fovissste"],"yoast_head":"<!-- This site is optimized with the Yoast SEO plugin v25.3 - https:\/\/yoast.com\/wordpress\/plugins\/seo\/ -->\n<title>Fovissste lanza convocatoria de inscripci\u00f3n para cr\u00e9ditos tradicionales - Volcanes<\/title>\n<meta name=\"robots\" content=\"index, follow, max-snippet:-1, max-image-preview:large, max-video-preview:-1\" \/>\n<link rel=\"canonical\" href=\"https:\/\/volcanes.net\/?p=3539\" \/>\n<meta property=\"og:locale\" content=\"es_MX\" \/>\n<meta property=\"og:type\" content=\"article\" \/>\n<meta property=\"og:title\" content=\"Fovissste lanza convocatoria de inscripci\u00f3n para cr\u00e9ditos tradicionales - Volcanes\" \/>\n<meta property=\"og:description\" content=\"El Fondo de Vivienda del ISSSTE (Fovissste) dio a conocer que este jueves 24 de\" \/>\n<meta property=\"og:url\" content=\"https:\/\/volcanes.net\/?p=3539\" \/>\n<meta property=\"og:site_name\" content=\"Volcanes\" \/>\n<meta property=\"article:publisher\" content=\"https:\/\/www.facebook.com\/volcanes.net\/\" \/>\n<meta property=\"article:published_time\" content=\"2019-01-23T18:42:27+00:00\" \/>\n<meta property=\"og:image\" content=\"https:\/\/volcanes.net\/wp-content\/uploads\/2019\/01\/fovissste.jpg\" \/>\n\t<meta property=\"og:image:width\" content=\"552\" \/>\n\t<meta property=\"og:image:height\" content=\"368\" \/>\n\t<meta property=\"og:image:type\" content=\"image\/jpeg\" \/>\n<meta name=\"author\" content=\"admin\" \/>\n<meta name=\"twitter:card\" content=\"summary_large_image\" \/>\n<meta name=\"twitter:label1\" content=\"Escrito por\" \/>\n\t<meta name=\"twitter:data1\" content=\"admin\" \/>\n\t<meta name=\"twitter:label2\" content=\"Tiempo de lectura\" \/>\n\t<meta name=\"twitter:data2\" content=\"2 minutos\" \/>\n<script type=\"application\/ld+json\" class=\"yoast-schema-graph\">{\"@context\":\"https:\/\/schema.org\",\"@graph\":[{\"@type\":\"Article\",\"@id\":\"https:\/\/volcanes.net\/?p=3539#article\",\"isPartOf\":{\"@id\":\"https:\/\/volcanes.net\/?p=3539\"},\"author\":{\"name\":\"admin\",\"@id\":\"https:\/\/volcanes.net\/#\/schema\/person\/4bf0f383940966a4abd53f5048c0e6b9\"},\"headline\":\"Fovissste lanza convocatoria de inscripci\u00f3n para cr\u00e9ditos tradicionales\",\"datePublished\":\"2019-01-23T18:42:27+00:00\",\"mainEntityOfPage\":{\"@id\":\"https:\/\/volcanes.net\/?p=3539\"},\"wordCount\":396,\"commentCount\":0,\"publisher\":{\"@id\":\"https:\/\/volcanes.net\/#organization\"},\"image\":{\"@id\":\"https:\/\/volcanes.net\/?p=3539#primaryimage\"},\"thumbnailUrl\":\"https:\/\/volcanes.net\/wp-content\/uploads\/2019\/01\/fovissste.jpg\",\"keywords\":[\"Fovissste\"],\"articleSection\":[\"Municipales\"],\"inLanguage\":\"es\",\"potentialAction\":[{\"@type\":\"CommentAction\",\"name\":\"Comment\",\"target\":[\"https:\/\/volcanes.net\/?p=3539#respond\"]}]},{\"@type\":\"WebPage\",\"@id\":\"https:\/\/volcanes.net\/?p=3539\",\"url\":\"https:\/\/volcanes.net\/?p=3539\",\"name\":\"Fovissste lanza convocatoria de inscripci\u00f3n para cr\u00e9ditos tradicionales - Volcanes\",\"isPartOf\":{\"@id\":\"https:\/\/volcanes.net\/#website\"},\"primaryImageOfPage\":{\"@id\":\"https:\/\/volcanes.net\/?p=3539#primaryimage\"},\"image\":{\"@id\":\"https:\/\/volcanes.net\/?p=3539#primaryimage\"},\"thumbnailUrl\":\"https:\/\/volcanes.net\/wp-content\/uploads\/2019\/01\/fovissste.jpg\",\"datePublished\":\"2019-01-23T18:42:27+00:00\",\"breadcrumb\":{\"@id\":\"https:\/\/volcanes.net\/?p=3539#breadcrumb\"},\"inLanguage\":\"es\",\"potentialAction\":[{\"@type\":\"ReadAction\",\"target\":[\"https:\/\/volcanes.net\/?p=3539\"]}]},{\"@type\":\"ImageObject\",\"inLanguage\":\"es\",\"@id\":\"https:\/\/volcanes.net\/?p=3539#primaryimage\",\"url\":\"https:\/\/volcanes.net\/wp-content\/uploads\/2019\/01\/fovissste.jpg\",\"contentUrl\":\"https:\/\/volcanes.net\/wp-content\/uploads\/2019\/01\/fovissste.jpg\",\"width\":552,\"height\":368},{\"@type\":\"BreadcrumbList\",\"@id\":\"https:\/\/volcanes.net\/?p=3539#breadcrumb\",\"itemListElement\":[{\"@type\":\"ListItem\",\"position\":1,\"name\":\"Portada\",\"item\":\"https:\/\/volcanes.net\/\"},{\"@type\":\"ListItem\",\"position\":2,\"name\":\"Fovissste lanza convocatoria de inscripci\u00f3n para cr\u00e9ditos tradicionales\"}]},{\"@type\":\"WebSite\",\"@id\":\"https:\/\/volcanes.net\/#website\",\"url\":\"https:\/\/volcanes.net\/\",\"name\":\"Volcanes.Net\",\"description\":\"Periodismo Profesional\",\"publisher\":{\"@id\":\"https:\/\/volcanes.net\/#organization\"},\"potentialAction\":[{\"@type\":\"SearchAction\",\"target\":{\"@type\":\"EntryPoint\",\"urlTemplate\":\"https:\/\/volcanes.net\/?s={search_term_string}\"},\"query-input\":{\"@type\":\"PropertyValueSpecification\",\"valueRequired\":true,\"valueName\":\"search_term_string\"}}],\"inLanguage\":\"es\"},{\"@type\":\"Organization\",\"@id\":\"https:\/\/volcanes.net\/#organization\",\"name\":\"Grupo Volcanes\",\"url\":\"https:\/\/volcanes.net\/\",\"logo\":{\"@type\":\"ImageObject\",\"inLanguage\":\"es\",\"@id\":\"https:\/\/volcanes.net\/#\/schema\/logo\/image\/\",\"url\":\"http:\/\/volcanes.net\/wp-content\/uploads\/2017\/12\/Avatar2.jpg\",\"contentUrl\":\"http:\/\/volcanes.net\/wp-content\/uploads\/2017\/12\/Avatar2.jpg\",\"width\":378,\"height\":378,\"caption\":\"Grupo Volcanes\"},\"image\":{\"@id\":\"https:\/\/volcanes.net\/#\/schema\/logo\/image\/\"},\"sameAs\":[\"https:\/\/www.facebook.com\/volcanes.net\/\"]},{\"@type\":\"Person\",\"@id\":\"https:\/\/volcanes.net\/#\/schema\/person\/4bf0f383940966a4abd53f5048c0e6b9\",\"name\":\"admin\",\"image\":{\"@type\":\"ImageObject\",\"inLanguage\":\"es\",\"@id\":\"https:\/\/volcanes.net\/#\/schema\/person\/image\/\",\"url\":\"https:\/\/secure.gravatar.com\/avatar\/ca004e6cba8462b8cb7abc86e382930c?s=96&d=mm&r=g\",\"contentUrl\":\"https:\/\/secure.gravatar.com\/avatar\/ca004e6cba8462b8cb7abc86e382930c?s=96&d=mm&r=g\",\"caption\":\"admin\"}}]}<\/script>\n<!-- \/ Yoast SEO plugin. -->","yoast_head_json":{"title":"Fovissste lanza convocatoria de inscripci\u00f3n para cr\u00e9ditos tradicionales - Volcanes","robots":{"index":"index","follow":"follow","max-snippet":"max-snippet:-1","max-image-preview":"max-image-preview:large","max-video-preview":"max-video-preview:-1"},"canonical":"https:\/\/volcanes.net\/?p=3539","og_locale":"es_MX","og_type":"article","og_title":"Fovissste lanza convocatoria de inscripci\u00f3n para cr\u00e9ditos tradicionales - Volcanes","og_description":"El Fondo de Vivienda del ISSSTE (Fovissste) dio a conocer que este jueves 24 de","og_url":"https:\/\/volcanes.net\/?p=3539","og_site_name":"Volcanes","article_publisher":"https:\/\/www.facebook.com\/volcanes.net\/","article_published_time":"2019-01-23T18:42:27+00:00","og_image":[{"width":552,"height":368,"url":"https:\/\/volcanes.net\/wp-content\/uploads\/2019\/01\/fovissste.jpg","type":"image\/jpeg"}],"author":"admin","twitter_card":"summary_large_image","twitter_misc":{"Escrito por":"admin","Tiempo de lectura":"2 minutos"},"schema":{"@context":"https:\/\/schema.org","@graph":[{"@type":"Article","@id":"https:\/\/volcanes.net\/?p=3539#article","isPartOf":{"@id":"https:\/\/volcanes.net\/?p=3539"},"author":{"name":"admin","@id":"https:\/\/volcanes.net\/#\/schema\/person\/4bf0f383940966a4abd53f5048c0e6b9"},"headline":"Fovissste lanza convocatoria de inscripci\u00f3n para cr\u00e9ditos tradicionales","datePublished":"2019-01-23T18:42:27+00:00","mainEntityOfPage":{"@id":"https:\/\/volcanes.net\/?p=3539"},"wordCount":396,"commentCount":0,"publisher":{"@id":"https:\/\/volcanes.net\/#organization"},"image":{"@id":"https:\/\/volcanes.net\/?p=3539#primaryimage"},"thumbnailUrl":"https:\/\/volcanes.net\/wp-content\/uploads\/2019\/01\/fovissste.jpg","keywords":["Fovissste"],"articleSection":["Municipales"],"inLanguage":"es","potentialAction":[{"@type":"CommentAction","name":"Comment","target":["https:\/\/volcanes.net\/?p=3539#respond"]}]},{"@type":"WebPage","@id":"https:\/\/volcanes.net\/?p=3539","url":"https:\/\/volcanes.net\/?p=3539","name":"Fovissste lanza convocatoria de inscripci\u00f3n para cr\u00e9ditos tradicionales - Volcanes","isPartOf":{"@id":"https:\/\/volcanes.net\/#website"},"primaryImageOfPage":{"@id":"https:\/\/volcanes.net\/?p=3539#primaryimage"},"image":{"@id":"https:\/\/volcanes.net\/?p=3539#primaryimage"},"thumbnailUrl":"https:\/\/volcanes.net\/wp-content\/uploads\/2019\/01\/fovissste.jpg","datePublished":"2019-01-23T18:42:27+00:00","breadcrumb":{"@id":"https:\/\/volcanes.net\/?p=3539#breadcrumb"},"inLanguage":"es","potentialAction":[{"@type":"ReadAction","target":["https:\/\/volcanes.net\/?p=3539"]}]},{"@type":"ImageObject","inLanguage":"es","@id":"https:\/\/volcanes.net\/?p=3539#primaryimage","url":"https:\/\/volcanes.net\/wp-content\/uploads\/2019\/01\/fovissste.jpg","contentUrl":"https:\/\/volcanes.net\/wp-content\/uploads\/2019\/01\/fovissste.jpg","width":552,"height":368},{"@type":"BreadcrumbList","@id":"https:\/\/volcanes.net\/?p=3539#breadcrumb","itemListElement":[{"@type":"ListItem","position":1,"name":"Portada","item":"https:\/\/volcanes.net\/"},{"@type":"ListItem","position":2,"name":"Fovissste lanza convocatoria de inscripci\u00f3n para cr\u00e9ditos tradicionales"}]},{"@type":"WebSite","@id":"https:\/\/volcanes.net\/#website","url":"https:\/\/volcanes.net\/","name":"Volcanes.Net","description":"Periodismo Profesional","publisher":{"@id":"https:\/\/volcanes.net\/#organization"},"potentialAction":[{"@type":"SearchAction","target":{"@type":"EntryPoint","urlTemplate":"https:\/\/volcanes.net\/?s={search_term_string}"},"query-input":{"@type":"PropertyValueSpecification","valueRequired":true,"valueName":"search_term_string"}}],"inLanguage":"es"},{"@type":"Organization","@id":"https:\/\/volcanes.net\/#organization","name":"Grupo Volcanes","url":"https:\/\/volcanes.net\/","logo":{"@type":"ImageObject","inLanguage":"es","@id":"https:\/\/volcanes.net\/#\/schema\/logo\/image\/","url":"http:\/\/volcanes.net\/wp-content\/uploads\/2017\/12\/Avatar2.jpg","contentUrl":"http:\/\/volcanes.net\/wp-content\/uploads\/2017\/12\/Avatar2.jpg","width":378,"height":378,"caption":"Grupo Volcanes"},"image":{"@id":"https:\/\/volcanes.net\/#\/schema\/logo\/image\/"},"sameAs":["https:\/\/www.facebook.com\/volcanes.net\/"]},{"@type":"Person","@id":"https:\/\/volcanes.net\/#\/schema\/person\/4bf0f383940966a4abd53f5048c0e6b9","name":"admin","image":{"@type":"ImageObject","inLanguage":"es","@id":"https:\/\/volcanes.net\/#\/schema\/person\/image\/","url":"https:\/\/secure.gravatar.com\/avatar\/ca004e6cba8462b8cb7abc86e382930c?s=96&d=mm&r=g","contentUrl":"https:\/\/secure.gravatar.com\/avatar\/ca004e6cba8462b8cb7abc86e382930c?s=96&d=mm&r=g","caption":"admin"}}]}},"_links":{"self":[{"href":"https:\/\/volcanes.net\/index.php?rest_route=\/wp\/v2\/posts\/3539"}],"collection":[{"href":"https:\/\/volcanes.net\/index.php?rest_route=\/wp\/v2\/posts"}],"about":[{"href":"https:\/\/volcanes.net\/index.php?rest_route=\/wp\/v2\/types\/post"}],"author":[{"embeddable":true,"href":"https:\/\/volcanes.net\/index.php?rest_route=\/wp\/v2\/users\/1"}],"replies":[{"embeddable":true,"href":"https:\/\/volcanes.net\/index.php?rest_route=%2Fwp%2Fv2%2Fcomments&post=3539"}],"version-history":[{"count":1,"href":"https:\/\/volcanes.net\/index.php?rest_route=\/wp\/v2\/posts\/3539\/revisions"}],"predecessor-version":[{"id":3541,"href":"https:\/\/volcanes.net\/index.php?rest_route=\/wp\/v2\/posts\/3539\/revisions\/3541"}],"wp:featuredmedia":[{"embeddable":true,"href":"https:\/\/volcanes.net\/index.php?rest_route=\/wp\/v2\/media\/3540"}],"wp:attachment":[{"href":"https:\/\/volcanes.net\/index.php?rest_route=%2Fwp%2Fv2%2Fmedia&parent=3539"}],"wp:term":[{"taxonomy":"category","embeddable":true,"href":"https:\/\/volcanes.net\/index.php?rest_route=%2Fwp%2Fv2%2Fcategories&post=3539"},{"taxonomy":"post_tag","embeddable":true,"href":"https:\/\/volcanes.net\/index.php?rest_route=%2Fwp%2Fv2%2Ftags&post=3539"}],"curies":[{"name":"wp","href":"https:\/\/api.w.org\/{rel}","templated":true}]}}