{"id":3556,"date":"2019-01-24T02:08:04","date_gmt":"2019-01-24T02:08:04","guid":{"rendered":"http:\/\/volcanes.net\/?p=3556"},"modified":"2019-01-24T02:08:04","modified_gmt":"2019-01-24T02:08:04","slug":"proponen-inscribir-en-los-muros-del-recinto-leyendas-alusivas-a-la-justicia-laboral","status":"publish","type":"post","link":"https:\/\/volcanes.net\/?p=3556","title":{"rendered":"Proponen inscribir en los muros del recinto leyendas Alusivas a la justicia laboral"},"content":{"rendered":"<div style=\"margin-top: 0px; margin-bottom: 0px;\" class=\"sharethis-inline-share-buttons\" ><\/div><p>Inscribir en letras de oro, en los Muros de Honor del Sal\u00f3n de Sesiones del Poder Legislativo, las leyendas \u201cCentenario de la Justicia Laboral en el Estado de M\u00e9xico 1917-2017\u201d y \u201c2019: Centenario de la Organizaci\u00f3n Internacional del Trabajo\u201d, es el prop\u00f3sito de dos iniciativas presentadas por el ciudadano Horacio Campos Lozada remitidas a la Comisi\u00f3n de Gobernaci\u00f3n y Puntos Constitucionales.<br \/>\nEn sesi\u00f3n de la Diputaci\u00f3n Permanente presidida por el diputado Valent\u00edn Gonz\u00e1lez Bautista (morena), la legisladora Mar\u00eda Luisa Mendoza Mondrag\u00f3n (PVEM explic\u00f3 que, la primera de estas dos propuestas tiene el prop\u00f3sito de conmemorar el primer centenario de la creaci\u00f3n de las juntas locales de conciliaci\u00f3n y arbitraje en el Estado de M\u00e9xico y que antes hab\u00eda sido presentada en 2017 a la 59 Legislatura.<br \/>\nLa segunda propuesta, dijo la legisladora Liliana Gollas Trejo (morena), busca reconocer la importancia de la Organizaci\u00f3n Internacional del Trabajo y conmemorar su centenario.<br \/>\nHoracio Campos, con residencia en Toluca, es licenciado en Derecho y especialista en Derecho Internacional por la Universidad Nacional Aut\u00f3noma de M\u00e9xico, as\u00ed como especialista en derecho legislativo por la Universidad Aut\u00f3noma del Estado de M\u00e9xico y el Instituto de Estudios Legislativos del Estado de M\u00e9xico.<\/p>\n","protected":false},"excerpt":{"rendered":"<p>Inscribir en letras de oro, en los Muros de Honor del Sal\u00f3n de Sesiones del<\/p>\n","protected":false},"author":1,"featured_media":3555,"comment_status":"open","ping_status":"open","sticky":false,"template":"","format":"standard","meta":{"footnotes":""},"categories":[3],"tags":[192],"class_list":["post-3556","post","type-post","status-publish","format-standard","has-post-thumbnail","hentry","category-estatales","tag-legislatura-edomex"],"yoast_head":"<!-- This site is optimized with the Yoast SEO plugin v25.3 - https:\/\/yoast.com\/wordpress\/plugins\/seo\/ -->\n<title>Proponen inscribir en los muros del recinto leyendas Alusivas a la justicia laboral - Volcanes<\/title>\n<meta name=\"robots\" content=\"index, follow, max-snippet:-1, max-image-preview:large, max-video-preview:-1\" \/>\n<link rel=\"canonical\" href=\"https:\/\/volcanes.net\/?p=3556\" \/>\n<meta property=\"og:locale\" content=\"es_MX\" \/>\n<meta property=\"og:type\" content=\"article\" \/>\n<meta property=\"og:title\" content=\"Proponen inscribir en los muros del recinto leyendas Alusivas a la justicia laboral - Volcanes\" \/>\n<meta property=\"og:description\" content=\"Inscribir en letras de oro, en los Muros de Honor del Sal\u00f3n de Sesiones del\" \/>\n<meta property=\"og:url\" content=\"https:\/\/volcanes.net\/?p=3556\" \/>\n<meta property=\"og:site_name\" content=\"Volcanes\" \/>\n<meta property=\"article:publisher\" content=\"https:\/\/www.facebook.com\/volcanes.net\/\" \/>\n<meta property=\"article:published_time\" content=\"2019-01-24T02:08:04+00:00\" \/>\n<meta property=\"og:image\" content=\"https:\/\/volcanes.net\/wp-content\/uploads\/2019\/01\/1548295598392430.jpg\" \/>\n\t<meta property=\"og:image:width\" content=\"512\" \/>\n\t<meta property=\"og:image:height\" content=\"342\" \/>\n\t<meta property=\"og:image:type\" content=\"image\/jpeg\" \/>\n<meta name=\"author\" content=\"admin\" \/>\n<meta name=\"twitter:card\" content=\"summary_large_image\" \/>\n<meta name=\"twitter:label1\" content=\"Escrito por\" \/>\n\t<meta name=\"twitter:data1\" content=\"admin\" \/>\n\t<meta name=\"twitter:label2\" content=\"Tiempo de lectura\" \/>\n\t<meta name=\"twitter:data2\" content=\"1 minuto\" \/>\n<script type=\"application\/ld+json\" class=\"yoast-schema-graph\">{\"@context\":\"https:\/\/schema.org\",\"@graph\":[{\"@type\":\"Article\",\"@id\":\"https:\/\/volcanes.net\/?p=3556#article\",\"isPartOf\":{\"@id\":\"https:\/\/volcanes.net\/?p=3556\"},\"author\":{\"name\":\"admin\",\"@id\":\"https:\/\/volcanes.net\/#\/schema\/person\/4bf0f383940966a4abd53f5048c0e6b9\"},\"headline\":\"Proponen inscribir en los muros del recinto leyendas Alusivas a la justicia laboral\",\"datePublished\":\"2019-01-24T02:08:04+00:00\",\"mainEntityOfPage\":{\"@id\":\"https:\/\/volcanes.net\/?p=3556\"},\"wordCount\":229,\"commentCount\":0,\"publisher\":{\"@id\":\"https:\/\/volcanes.net\/#organization\"},\"image\":{\"@id\":\"https:\/\/volcanes.net\/?p=3556#primaryimage\"},\"thumbnailUrl\":\"https:\/\/volcanes.net\/wp-content\/uploads\/2019\/01\/1548295598392430.jpg\",\"keywords\":[\"Legislatura Edomex\"],\"articleSection\":[\"Estatales\"],\"inLanguage\":\"es\",\"potentialAction\":[{\"@type\":\"CommentAction\",\"name\":\"Comment\",\"target\":[\"https:\/\/volcanes.net\/?p=3556#respond\"]}]},{\"@type\":\"WebPage\",\"@id\":\"https:\/\/volcanes.net\/?p=3556\",\"url\":\"https:\/\/volcanes.net\/?p=3556\",\"name\":\"Proponen inscribir en los muros del recinto leyendas Alusivas a la justicia laboral - Volcanes\",\"isPartOf\":{\"@id\":\"https:\/\/volcanes.net\/#website\"},\"primaryImageOfPage\":{\"@id\":\"https:\/\/volcanes.net\/?p=3556#primaryimage\"},\"image\":{\"@id\":\"https:\/\/volcanes.net\/?p=3556#primaryimage\"},\"thumbnailUrl\":\"https:\/\/volcanes.net\/wp-content\/uploads\/2019\/01\/1548295598392430.jpg\",\"datePublished\":\"2019-01-24T02:08:04+00:00\",\"breadcrumb\":{\"@id\":\"https:\/\/volcanes.net\/?p=3556#breadcrumb\"},\"inLanguage\":\"es\",\"potentialAction\":[{\"@type\":\"ReadAction\",\"target\":[\"https:\/\/volcanes.net\/?p=3556\"]}]},{\"@type\":\"ImageObject\",\"inLanguage\":\"es\",\"@id\":\"https:\/\/volcanes.net\/?p=3556#primaryimage\",\"url\":\"https:\/\/volcanes.net\/wp-content\/uploads\/2019\/01\/1548295598392430.jpg\",\"contentUrl\":\"https:\/\/volcanes.net\/wp-content\/uploads\/2019\/01\/1548295598392430.jpg\",\"width\":512,\"height\":342},{\"@type\":\"BreadcrumbList\",\"@id\":\"https:\/\/volcanes.net\/?p=3556#breadcrumb\",\"itemListElement\":[{\"@type\":\"ListItem\",\"position\":1,\"name\":\"Portada\",\"item\":\"https:\/\/volcanes.net\/\"},{\"@type\":\"ListItem\",\"position\":2,\"name\":\"Proponen inscribir en los muros del recinto leyendas Alusivas a la justicia laboral\"}]},{\"@type\":\"WebSite\",\"@id\":\"https:\/\/volcanes.net\/#website\",\"url\":\"https:\/\/volcanes.net\/\",\"name\":\"Volcanes.Net\",\"description\":\"Periodismo Profesional\",\"publisher\":{\"@id\":\"https:\/\/volcanes.net\/#organization\"},\"potentialAction\":[{\"@type\":\"SearchAction\",\"target\":{\"@type\":\"EntryPoint\",\"urlTemplate\":\"https:\/\/volcanes.net\/?s={search_term_string}\"},\"query-input\":{\"@type\":\"PropertyValueSpecification\",\"valueRequired\":true,\"valueName\":\"search_term_string\"}}],\"inLanguage\":\"es\"},{\"@type\":\"Organization\",\"@id\":\"https:\/\/volcanes.net\/#organization\",\"name\":\"Grupo Volcanes\",\"url\":\"https:\/\/volcanes.net\/\",\"logo\":{\"@type\":\"ImageObject\",\"inLanguage\":\"es\",\"@id\":\"https:\/\/volcanes.net\/#\/schema\/logo\/image\/\",\"url\":\"http:\/\/volcanes.net\/wp-content\/uploads\/2017\/12\/Avatar2.jpg\",\"contentUrl\":\"http:\/\/volcanes.net\/wp-content\/uploads\/2017\/12\/Avatar2.jpg\",\"width\":378,\"height\":378,\"caption\":\"Grupo Volcanes\"},\"image\":{\"@id\":\"https:\/\/volcanes.net\/#\/schema\/logo\/image\/\"},\"sameAs\":[\"https:\/\/www.facebook.com\/volcanes.net\/\"]},{\"@type\":\"Person\",\"@id\":\"https:\/\/volcanes.net\/#\/schema\/person\/4bf0f383940966a4abd53f5048c0e6b9\",\"name\":\"admin\",\"image\":{\"@type\":\"ImageObject\",\"inLanguage\":\"es\",\"@id\":\"https:\/\/volcanes.net\/#\/schema\/person\/image\/\",\"url\":\"https:\/\/secure.gravatar.com\/avatar\/ca004e6cba8462b8cb7abc86e382930c?s=96&d=mm&r=g\",\"contentUrl\":\"https:\/\/secure.gravatar.com\/avatar\/ca004e6cba8462b8cb7abc86e382930c?s=96&d=mm&r=g\",\"caption\":\"admin\"}}]}<\/script>\n<!-- \/ Yoast SEO plugin. -->","yoast_head_json":{"title":"Proponen inscribir en los muros del recinto leyendas Alusivas a la justicia laboral - Volcanes","robots":{"index":"index","follow":"follow","max-snippet":"max-snippet:-1","max-image-preview":"max-image-preview:large","max-video-preview":"max-video-preview:-1"},"canonical":"https:\/\/volcanes.net\/?p=3556","og_locale":"es_MX","og_type":"article","og_title":"Proponen inscribir en los muros del recinto leyendas Alusivas a la justicia laboral - Volcanes","og_description":"Inscribir en letras de oro, en los Muros de Honor del Sal\u00f3n de Sesiones del","og_url":"https:\/\/volcanes.net\/?p=3556","og_site_name":"Volcanes","article_publisher":"https:\/\/www.facebook.com\/volcanes.net\/","article_published_time":"2019-01-24T02:08:04+00:00","og_image":[{"width":512,"height":342,"url":"https:\/\/volcanes.net\/wp-content\/uploads\/2019\/01\/1548295598392430.jpg","type":"image\/jpeg"}],"author":"admin","twitter_card":"summary_large_image","twitter_misc":{"Escrito por":"admin","Tiempo de lectura":"1 minuto"},"schema":{"@context":"https:\/\/schema.org","@graph":[{"@type":"Article","@id":"https:\/\/volcanes.net\/?p=3556#article","isPartOf":{"@id":"https:\/\/volcanes.net\/?p=3556"},"author":{"name":"admin","@id":"https:\/\/volcanes.net\/#\/schema\/person\/4bf0f383940966a4abd53f5048c0e6b9"},"headline":"Proponen inscribir en los muros del recinto leyendas Alusivas a la justicia laboral","datePublished":"2019-01-24T02:08:04+00:00","mainEntityOfPage":{"@id":"https:\/\/volcanes.net\/?p=3556"},"wordCount":229,"commentCount":0,"publisher":{"@id":"https:\/\/volcanes.net\/#organization"},"image":{"@id":"https:\/\/volcanes.net\/?p=3556#primaryimage"},"thumbnailUrl":"https:\/\/volcanes.net\/wp-content\/uploads\/2019\/01\/1548295598392430.jpg","keywords":["Legislatura Edomex"],"articleSection":["Estatales"],"inLanguage":"es","potentialAction":[{"@type":"CommentAction","name":"Comment","target":["https:\/\/volcanes.net\/?p=3556#respond"]}]},{"@type":"WebPage","@id":"https:\/\/volcanes.net\/?p=3556","url":"https:\/\/volcanes.net\/?p=3556","name":"Proponen inscribir en los muros del recinto leyendas Alusivas a la justicia laboral - Volcanes","isPartOf":{"@id":"https:\/\/volcanes.net\/#website"},"primaryImageOfPage":{"@id":"https:\/\/volcanes.net\/?p=3556#primaryimage"},"image":{"@id":"https:\/\/volcanes.net\/?p=3556#primaryimage"},"thumbnailUrl":"https:\/\/volcanes.net\/wp-content\/uploads\/2019\/01\/1548295598392430.jpg","datePublished":"2019-01-24T02:08:04+00:00","breadcrumb":{"@id":"https:\/\/volcanes.net\/?p=3556#breadcrumb"},"inLanguage":"es","potentialAction":[{"@type":"ReadAction","target":["https:\/\/volcanes.net\/?p=3556"]}]},{"@type":"ImageObject","inLanguage":"es","@id":"https:\/\/volcanes.net\/?p=3556#primaryimage","url":"https:\/\/volcanes.net\/wp-content\/uploads\/2019\/01\/1548295598392430.jpg","contentUrl":"https:\/\/volcanes.net\/wp-content\/uploads\/2019\/01\/1548295598392430.jpg","width":512,"height":342},{"@type":"BreadcrumbList","@id":"https:\/\/volcanes.net\/?p=3556#breadcrumb","itemListElement":[{"@type":"ListItem","position":1,"name":"Portada","item":"https:\/\/volcanes.net\/"},{"@type":"ListItem","position":2,"name":"Proponen inscribir en los muros del recinto leyendas Alusivas a la justicia laboral"}]},{"@type":"WebSite","@id":"https:\/\/volcanes.net\/#website","url":"https:\/\/volcanes.net\/","name":"Volcanes.Net","description":"Periodismo Profesional","publisher":{"@id":"https:\/\/volcanes.net\/#organization"},"potentialAction":[{"@type":"SearchAction","target":{"@type":"EntryPoint","urlTemplate":"https:\/\/volcanes.net\/?s={search_term_string}"},"query-input":{"@type":"PropertyValueSpecification","valueRequired":true,"valueName":"search_term_string"}}],"inLanguage":"es"},{"@type":"Organization","@id":"https:\/\/volcanes.net\/#organization","name":"Grupo Volcanes","url":"https:\/\/volcanes.net\/","logo":{"@type":"ImageObject","inLanguage":"es","@id":"https:\/\/volcanes.net\/#\/schema\/logo\/image\/","url":"http:\/\/volcanes.net\/wp-content\/uploads\/2017\/12\/Avatar2.jpg","contentUrl":"http:\/\/volcanes.net\/wp-content\/uploads\/2017\/12\/Avatar2.jpg","width":378,"height":378,"caption":"Grupo Volcanes"},"image":{"@id":"https:\/\/volcanes.net\/#\/schema\/logo\/image\/"},"sameAs":["https:\/\/www.facebook.com\/volcanes.net\/"]},{"@type":"Person","@id":"https:\/\/volcanes.net\/#\/schema\/person\/4bf0f383940966a4abd53f5048c0e6b9","name":"admin","image":{"@type":"ImageObject","inLanguage":"es","@id":"https:\/\/volcanes.net\/#\/schema\/person\/image\/","url":"https:\/\/secure.gravatar.com\/avatar\/ca004e6cba8462b8cb7abc86e382930c?s=96&d=mm&r=g","contentUrl":"https:\/\/secure.gravatar.com\/avatar\/ca004e6cba8462b8cb7abc86e382930c?s=96&d=mm&r=g","caption":"admin"}}]}},"_links":{"self":[{"href":"https:\/\/volcanes.net\/index.php?rest_route=\/wp\/v2\/posts\/3556"}],"collection":[{"href":"https:\/\/volcanes.net\/index.php?rest_route=\/wp\/v2\/posts"}],"about":[{"href":"https:\/\/volcanes.net\/index.php?rest_route=\/wp\/v2\/types\/post"}],"author":[{"embeddable":true,"href":"https:\/\/volcanes.net\/index.php?rest_route=\/wp\/v2\/users\/1"}],"replies":[{"embeddable":true,"href":"https:\/\/volcanes.net\/index.php?rest_route=%2Fwp%2Fv2%2Fcomments&post=3556"}],"version-history":[{"count":1,"href":"https:\/\/volcanes.net\/index.php?rest_route=\/wp\/v2\/posts\/3556\/revisions"}],"predecessor-version":[{"id":3557,"href":"https:\/\/volcanes.net\/index.php?rest_route=\/wp\/v2\/posts\/3556\/revisions\/3557"}],"wp:featuredmedia":[{"embeddable":true,"href":"https:\/\/volcanes.net\/index.php?rest_route=\/wp\/v2\/media\/3555"}],"wp:attachment":[{"href":"https:\/\/volcanes.net\/index.php?rest_route=%2Fwp%2Fv2%2Fmedia&parent=3556"}],"wp:term":[{"taxonomy":"category","embeddable":true,"href":"https:\/\/volcanes.net\/index.php?rest_route=%2Fwp%2Fv2%2Fcategories&post=3556"},{"taxonomy":"post_tag","embeddable":true,"href":"https:\/\/volcanes.net\/index.php?rest_route=%2Fwp%2Fv2%2Ftags&post=3556"}],"curies":[{"name":"wp","href":"https:\/\/api.w.org\/{rel}","templated":true}]}}