{"id":3566,"date":"2019-01-24T19:54:12","date_gmt":"2019-01-24T19:54:12","guid":{"rendered":"http:\/\/volcanes.net\/?p=3566"},"modified":"2019-01-24T19:54:12","modified_gmt":"2019-01-24T19:54:12","slug":"el-edomex-se-suma-al-foro-internacional-de-turismo-en-madrid-espana-para-atraer-mas-visitantes-a-la-entidad","status":"publish","type":"post","link":"https:\/\/volcanes.net\/?p=3566","title":{"rendered":"El #Edom\u00e9x se suma al Foro Internacional de Turismo en Madrid, #Espa\u00f1a, para atraer m\u00e1s visitantes a la entidad"},"content":{"rendered":"<div style=\"margin-top: 0px; margin-bottom: 0px;\" class=\"sharethis-inline-share-buttons\" ><\/div><p>Del 23 al 27 de enero se celebra la Feria Internacional de Turismo (FITUR) en Madrid, Espa\u00f1a, que en su trig\u00e9sima novena edici\u00f3n, espera superar sus cifras del a\u00f1o anterior, con m\u00e1s de 10 mil 100 expositores de 165 pa\u00edses, 140 mil profesionales del sector y 110 mil visitantes de p\u00fablico en general.<\/p>\n<p>Christian Gerardo Gasca Droppert, Director General de Turismo estatal, se\u00f1al\u00f3 que, ante un escenario as\u00ed, para el Estado de M\u00e9xico es primordial aprovechar este foro para dar a conocer entre los profesionales de esta industria y los viajeros en general, la riqueza arqueol\u00f3gica, gastron\u00f3mica, cultural, artesanal y de aventura con que cuenta el territorio mexiquense.<\/p>\n<p>El funcionario indic\u00f3 que se tiene una agenda de citas de negocios con empresas tour operadoras internacionales, a fin de atraer un mayor n\u00famero de visitantes extranjeros hacia el Estado de M\u00e9xico, ya que a este acontecimiento acuden miles de representantes de pa\u00edses de turismo emisor, como los viajeros de Europa y Asia, principalmente.<\/p>\n<p>Destac\u00f3 que a este perfil de viajeros les interesa conocer los lugares arqueol\u00f3gicos, segmento en el que el Estado de M\u00e9xico es una potencia, pues cuenta con 19 zonas de este tipo abiertas al p\u00fablico, como la afamada Ciudad Prehisp\u00e1nica de Teotihuac\u00e1n y los sitios arqueol\u00f3gicos de Teotenango, Calixtlahuaca, Cuauhtinch\u00e1n y Acozac, entre otros.<\/p>\n<p>De igual forma, se dan cita en el lugar m\u00e1s de 7 mil 800 periodistas de todo el mundo, quienes dan a conocer, a trav\u00e9s de sus respectivos medios, las novedades y la oferta de atractivos de las naciones representadas en esta feria, la cual acapara la atenci\u00f3n del sector a nivel mundial.<\/p>\n<p>Entre las empresas con las que se tienen concertadas citas de negocios en el marco de FITUR, destacan Locato Travel, Punto de Partida, Decidilo, Price Travel y EAAP Entertainment, as\u00ed como con operadores tur\u00edsticos independientes interesados en ampliar su cat\u00e1logo de destinos e incluir en ellos a los atractivos culturales, gastron\u00f3micos y de aventura que ofrece el Estado de M\u00e9xico.<\/p>\n","protected":false},"excerpt":{"rendered":"<p>Del 23 al 27 de enero se celebra la Feria Internacional de Turismo (FITUR) en<\/p>\n","protected":false},"author":1,"featured_media":3567,"comment_status":"open","ping_status":"open","sticky":false,"template":"","format":"standard","meta":{"footnotes":""},"categories":[3],"tags":[174],"class_list":["post-3566","post","type-post","status-publish","format-standard","has-post-thumbnail","hentry","category-estatales","tag-estado-de-mexico"],"yoast_head":"<!-- This site is optimized with the Yoast SEO plugin v25.3 - https:\/\/yoast.com\/wordpress\/plugins\/seo\/ -->\n<title>El #Edom\u00e9x se suma al Foro Internacional de Turismo en Madrid, #Espa\u00f1a, para atraer m\u00e1s visitantes a la entidad - Volcanes<\/title>\n<meta name=\"robots\" content=\"index, follow, max-snippet:-1, max-image-preview:large, max-video-preview:-1\" \/>\n<link rel=\"canonical\" href=\"https:\/\/volcanes.net\/?p=3566\" \/>\n<meta property=\"og:locale\" content=\"es_MX\" \/>\n<meta property=\"og:type\" content=\"article\" \/>\n<meta property=\"og:title\" content=\"El #Edom\u00e9x se suma al Foro Internacional de Turismo en Madrid, #Espa\u00f1a, para atraer m\u00e1s visitantes a la entidad - Volcanes\" \/>\n<meta property=\"og:description\" content=\"Del 23 al 27 de enero se celebra la Feria Internacional de Turismo (FITUR) en\" \/>\n<meta property=\"og:url\" content=\"https:\/\/volcanes.net\/?p=3566\" \/>\n<meta property=\"og:site_name\" content=\"Volcanes\" \/>\n<meta property=\"article:publisher\" content=\"https:\/\/www.facebook.com\/volcanes.net\/\" \/>\n<meta property=\"article:published_time\" content=\"2019-01-24T19:54:12+00:00\" \/>\n<meta property=\"og:image\" content=\"https:\/\/volcanes.net\/wp-content\/uploads\/2019\/01\/WhatsApp-Image-2019-01-24-at-11.54.39-AM-680x314.jpeg\" \/>\n\t<meta property=\"og:image:width\" content=\"680\" \/>\n\t<meta property=\"og:image:height\" content=\"314\" \/>\n\t<meta property=\"og:image:type\" content=\"image\/jpeg\" \/>\n<meta name=\"author\" content=\"admin\" \/>\n<meta name=\"twitter:card\" content=\"summary_large_image\" \/>\n<meta name=\"twitter:label1\" content=\"Escrito por\" \/>\n\t<meta name=\"twitter:data1\" content=\"admin\" \/>\n\t<meta name=\"twitter:label2\" content=\"Tiempo de lectura\" \/>\n\t<meta name=\"twitter:data2\" content=\"2 minutos\" \/>\n<script type=\"application\/ld+json\" class=\"yoast-schema-graph\">{\"@context\":\"https:\/\/schema.org\",\"@graph\":[{\"@type\":\"Article\",\"@id\":\"https:\/\/volcanes.net\/?p=3566#article\",\"isPartOf\":{\"@id\":\"https:\/\/volcanes.net\/?p=3566\"},\"author\":{\"name\":\"admin\",\"@id\":\"https:\/\/volcanes.net\/#\/schema\/person\/4bf0f383940966a4abd53f5048c0e6b9\"},\"headline\":\"El #Edom\u00e9x se suma al Foro Internacional de Turismo en Madrid, #Espa\u00f1a, para atraer m\u00e1s visitantes a la entidad\",\"datePublished\":\"2019-01-24T19:54:12+00:00\",\"mainEntityOfPage\":{\"@id\":\"https:\/\/volcanes.net\/?p=3566\"},\"wordCount\":369,\"commentCount\":0,\"publisher\":{\"@id\":\"https:\/\/volcanes.net\/#organization\"},\"image\":{\"@id\":\"https:\/\/volcanes.net\/?p=3566#primaryimage\"},\"thumbnailUrl\":\"https:\/\/volcanes.net\/wp-content\/uploads\/2019\/01\/WhatsApp-Image-2019-01-24-at-11.54.39-AM-680x314.jpeg\",\"keywords\":[\"Estado de M\u00e9xico\"],\"articleSection\":[\"Estatales\"],\"inLanguage\":\"es\",\"potentialAction\":[{\"@type\":\"CommentAction\",\"name\":\"Comment\",\"target\":[\"https:\/\/volcanes.net\/?p=3566#respond\"]}]},{\"@type\":\"WebPage\",\"@id\":\"https:\/\/volcanes.net\/?p=3566\",\"url\":\"https:\/\/volcanes.net\/?p=3566\",\"name\":\"El #Edom\u00e9x se suma al Foro Internacional de Turismo en Madrid, #Espa\u00f1a, para atraer m\u00e1s visitantes a la entidad - Volcanes\",\"isPartOf\":{\"@id\":\"https:\/\/volcanes.net\/#website\"},\"primaryImageOfPage\":{\"@id\":\"https:\/\/volcanes.net\/?p=3566#primaryimage\"},\"image\":{\"@id\":\"https:\/\/volcanes.net\/?p=3566#primaryimage\"},\"thumbnailUrl\":\"https:\/\/volcanes.net\/wp-content\/uploads\/2019\/01\/WhatsApp-Image-2019-01-24-at-11.54.39-AM-680x314.jpeg\",\"datePublished\":\"2019-01-24T19:54:12+00:00\",\"breadcrumb\":{\"@id\":\"https:\/\/volcanes.net\/?p=3566#breadcrumb\"},\"inLanguage\":\"es\",\"potentialAction\":[{\"@type\":\"ReadAction\",\"target\":[\"https:\/\/volcanes.net\/?p=3566\"]}]},{\"@type\":\"ImageObject\",\"inLanguage\":\"es\",\"@id\":\"https:\/\/volcanes.net\/?p=3566#primaryimage\",\"url\":\"https:\/\/volcanes.net\/wp-content\/uploads\/2019\/01\/WhatsApp-Image-2019-01-24-at-11.54.39-AM-680x314.jpeg\",\"contentUrl\":\"https:\/\/volcanes.net\/wp-content\/uploads\/2019\/01\/WhatsApp-Image-2019-01-24-at-11.54.39-AM-680x314.jpeg\",\"width\":680,\"height\":314},{\"@type\":\"BreadcrumbList\",\"@id\":\"https:\/\/volcanes.net\/?p=3566#breadcrumb\",\"itemListElement\":[{\"@type\":\"ListItem\",\"position\":1,\"name\":\"Portada\",\"item\":\"https:\/\/volcanes.net\/\"},{\"@type\":\"ListItem\",\"position\":2,\"name\":\"El #Edom\u00e9x se suma al Foro Internacional de Turismo en Madrid, #Espa\u00f1a, para atraer m\u00e1s visitantes a la entidad\"}]},{\"@type\":\"WebSite\",\"@id\":\"https:\/\/volcanes.net\/#website\",\"url\":\"https:\/\/volcanes.net\/\",\"name\":\"Volcanes.Net\",\"description\":\"Periodismo Profesional\",\"publisher\":{\"@id\":\"https:\/\/volcanes.net\/#organization\"},\"potentialAction\":[{\"@type\":\"SearchAction\",\"target\":{\"@type\":\"EntryPoint\",\"urlTemplate\":\"https:\/\/volcanes.net\/?s={search_term_string}\"},\"query-input\":{\"@type\":\"PropertyValueSpecification\",\"valueRequired\":true,\"valueName\":\"search_term_string\"}}],\"inLanguage\":\"es\"},{\"@type\":\"Organization\",\"@id\":\"https:\/\/volcanes.net\/#organization\",\"name\":\"Grupo Volcanes\",\"url\":\"https:\/\/volcanes.net\/\",\"logo\":{\"@type\":\"ImageObject\",\"inLanguage\":\"es\",\"@id\":\"https:\/\/volcanes.net\/#\/schema\/logo\/image\/\",\"url\":\"http:\/\/volcanes.net\/wp-content\/uploads\/2017\/12\/Avatar2.jpg\",\"contentUrl\":\"http:\/\/volcanes.net\/wp-content\/uploads\/2017\/12\/Avatar2.jpg\",\"width\":378,\"height\":378,\"caption\":\"Grupo Volcanes\"},\"image\":{\"@id\":\"https:\/\/volcanes.net\/#\/schema\/logo\/image\/\"},\"sameAs\":[\"https:\/\/www.facebook.com\/volcanes.net\/\"]},{\"@type\":\"Person\",\"@id\":\"https:\/\/volcanes.net\/#\/schema\/person\/4bf0f383940966a4abd53f5048c0e6b9\",\"name\":\"admin\",\"image\":{\"@type\":\"ImageObject\",\"inLanguage\":\"es\",\"@id\":\"https:\/\/volcanes.net\/#\/schema\/person\/image\/\",\"url\":\"https:\/\/secure.gravatar.com\/avatar\/ca004e6cba8462b8cb7abc86e382930c?s=96&d=mm&r=g\",\"contentUrl\":\"https:\/\/secure.gravatar.com\/avatar\/ca004e6cba8462b8cb7abc86e382930c?s=96&d=mm&r=g\",\"caption\":\"admin\"}}]}<\/script>\n<!-- \/ Yoast SEO plugin. -->","yoast_head_json":{"title":"El #Edom\u00e9x se suma al Foro Internacional de Turismo en Madrid, #Espa\u00f1a, para atraer m\u00e1s visitantes a la entidad - Volcanes","robots":{"index":"index","follow":"follow","max-snippet":"max-snippet:-1","max-image-preview":"max-image-preview:large","max-video-preview":"max-video-preview:-1"},"canonical":"https:\/\/volcanes.net\/?p=3566","og_locale":"es_MX","og_type":"article","og_title":"El #Edom\u00e9x se suma al Foro Internacional de Turismo en Madrid, #Espa\u00f1a, para atraer m\u00e1s visitantes a la entidad - Volcanes","og_description":"Del 23 al 27 de enero se celebra la Feria Internacional de Turismo (FITUR) en","og_url":"https:\/\/volcanes.net\/?p=3566","og_site_name":"Volcanes","article_publisher":"https:\/\/www.facebook.com\/volcanes.net\/","article_published_time":"2019-01-24T19:54:12+00:00","og_image":[{"width":680,"height":314,"url":"https:\/\/volcanes.net\/wp-content\/uploads\/2019\/01\/WhatsApp-Image-2019-01-24-at-11.54.39-AM-680x314.jpeg","type":"image\/jpeg"}],"author":"admin","twitter_card":"summary_large_image","twitter_misc":{"Escrito por":"admin","Tiempo de lectura":"2 minutos"},"schema":{"@context":"https:\/\/schema.org","@graph":[{"@type":"Article","@id":"https:\/\/volcanes.net\/?p=3566#article","isPartOf":{"@id":"https:\/\/volcanes.net\/?p=3566"},"author":{"name":"admin","@id":"https:\/\/volcanes.net\/#\/schema\/person\/4bf0f383940966a4abd53f5048c0e6b9"},"headline":"El #Edom\u00e9x se suma al Foro Internacional de Turismo en Madrid, #Espa\u00f1a, para atraer m\u00e1s visitantes a la entidad","datePublished":"2019-01-24T19:54:12+00:00","mainEntityOfPage":{"@id":"https:\/\/volcanes.net\/?p=3566"},"wordCount":369,"commentCount":0,"publisher":{"@id":"https:\/\/volcanes.net\/#organization"},"image":{"@id":"https:\/\/volcanes.net\/?p=3566#primaryimage"},"thumbnailUrl":"https:\/\/volcanes.net\/wp-content\/uploads\/2019\/01\/WhatsApp-Image-2019-01-24-at-11.54.39-AM-680x314.jpeg","keywords":["Estado de M\u00e9xico"],"articleSection":["Estatales"],"inLanguage":"es","potentialAction":[{"@type":"CommentAction","name":"Comment","target":["https:\/\/volcanes.net\/?p=3566#respond"]}]},{"@type":"WebPage","@id":"https:\/\/volcanes.net\/?p=3566","url":"https:\/\/volcanes.net\/?p=3566","name":"El #Edom\u00e9x se suma al Foro Internacional de Turismo en Madrid, #Espa\u00f1a, para atraer m\u00e1s visitantes a la entidad - Volcanes","isPartOf":{"@id":"https:\/\/volcanes.net\/#website"},"primaryImageOfPage":{"@id":"https:\/\/volcanes.net\/?p=3566#primaryimage"},"image":{"@id":"https:\/\/volcanes.net\/?p=3566#primaryimage"},"thumbnailUrl":"https:\/\/volcanes.net\/wp-content\/uploads\/2019\/01\/WhatsApp-Image-2019-01-24-at-11.54.39-AM-680x314.jpeg","datePublished":"2019-01-24T19:54:12+00:00","breadcrumb":{"@id":"https:\/\/volcanes.net\/?p=3566#breadcrumb"},"inLanguage":"es","potentialAction":[{"@type":"ReadAction","target":["https:\/\/volcanes.net\/?p=3566"]}]},{"@type":"ImageObject","inLanguage":"es","@id":"https:\/\/volcanes.net\/?p=3566#primaryimage","url":"https:\/\/volcanes.net\/wp-content\/uploads\/2019\/01\/WhatsApp-Image-2019-01-24-at-11.54.39-AM-680x314.jpeg","contentUrl":"https:\/\/volcanes.net\/wp-content\/uploads\/2019\/01\/WhatsApp-Image-2019-01-24-at-11.54.39-AM-680x314.jpeg","width":680,"height":314},{"@type":"BreadcrumbList","@id":"https:\/\/volcanes.net\/?p=3566#breadcrumb","itemListElement":[{"@type":"ListItem","position":1,"name":"Portada","item":"https:\/\/volcanes.net\/"},{"@type":"ListItem","position":2,"name":"El #Edom\u00e9x se suma al Foro Internacional de Turismo en Madrid, #Espa\u00f1a, para atraer m\u00e1s visitantes a la entidad"}]},{"@type":"WebSite","@id":"https:\/\/volcanes.net\/#website","url":"https:\/\/volcanes.net\/","name":"Volcanes.Net","description":"Periodismo Profesional","publisher":{"@id":"https:\/\/volcanes.net\/#organization"},"potentialAction":[{"@type":"SearchAction","target":{"@type":"EntryPoint","urlTemplate":"https:\/\/volcanes.net\/?s={search_term_string}"},"query-input":{"@type":"PropertyValueSpecification","valueRequired":true,"valueName":"search_term_string"}}],"inLanguage":"es"},{"@type":"Organization","@id":"https:\/\/volcanes.net\/#organization","name":"Grupo Volcanes","url":"https:\/\/volcanes.net\/","logo":{"@type":"ImageObject","inLanguage":"es","@id":"https:\/\/volcanes.net\/#\/schema\/logo\/image\/","url":"http:\/\/volcanes.net\/wp-content\/uploads\/2017\/12\/Avatar2.jpg","contentUrl":"http:\/\/volcanes.net\/wp-content\/uploads\/2017\/12\/Avatar2.jpg","width":378,"height":378,"caption":"Grupo Volcanes"},"image":{"@id":"https:\/\/volcanes.net\/#\/schema\/logo\/image\/"},"sameAs":["https:\/\/www.facebook.com\/volcanes.net\/"]},{"@type":"Person","@id":"https:\/\/volcanes.net\/#\/schema\/person\/4bf0f383940966a4abd53f5048c0e6b9","name":"admin","image":{"@type":"ImageObject","inLanguage":"es","@id":"https:\/\/volcanes.net\/#\/schema\/person\/image\/","url":"https:\/\/secure.gravatar.com\/avatar\/ca004e6cba8462b8cb7abc86e382930c?s=96&d=mm&r=g","contentUrl":"https:\/\/secure.gravatar.com\/avatar\/ca004e6cba8462b8cb7abc86e382930c?s=96&d=mm&r=g","caption":"admin"}}]}},"_links":{"self":[{"href":"https:\/\/volcanes.net\/index.php?rest_route=\/wp\/v2\/posts\/3566"}],"collection":[{"href":"https:\/\/volcanes.net\/index.php?rest_route=\/wp\/v2\/posts"}],"about":[{"href":"https:\/\/volcanes.net\/index.php?rest_route=\/wp\/v2\/types\/post"}],"author":[{"embeddable":true,"href":"https:\/\/volcanes.net\/index.php?rest_route=\/wp\/v2\/users\/1"}],"replies":[{"embeddable":true,"href":"https:\/\/volcanes.net\/index.php?rest_route=%2Fwp%2Fv2%2Fcomments&post=3566"}],"version-history":[{"count":1,"href":"https:\/\/volcanes.net\/index.php?rest_route=\/wp\/v2\/posts\/3566\/revisions"}],"predecessor-version":[{"id":3568,"href":"https:\/\/volcanes.net\/index.php?rest_route=\/wp\/v2\/posts\/3566\/revisions\/3568"}],"wp:featuredmedia":[{"embeddable":true,"href":"https:\/\/volcanes.net\/index.php?rest_route=\/wp\/v2\/media\/3567"}],"wp:attachment":[{"href":"https:\/\/volcanes.net\/index.php?rest_route=%2Fwp%2Fv2%2Fmedia&parent=3566"}],"wp:term":[{"taxonomy":"category","embeddable":true,"href":"https:\/\/volcanes.net\/index.php?rest_route=%2Fwp%2Fv2%2Fcategories&post=3566"},{"taxonomy":"post_tag","embeddable":true,"href":"https:\/\/volcanes.net\/index.php?rest_route=%2Fwp%2Fv2%2Ftags&post=3566"}],"curies":[{"name":"wp","href":"https:\/\/api.w.org\/{rel}","templated":true}]}}