{"id":3569,"date":"2019-01-24T19:57:53","date_gmt":"2019-01-24T19:57:53","guid":{"rendered":"http:\/\/volcanes.net\/?p=3569"},"modified":"2019-01-24T19:57:53","modified_gmt":"2019-01-24T19:57:53","slug":"presentan-el-plan-de-actividades-2019-para-erradicar-el-trabajo-infantil-conocelo","status":"publish","type":"post","link":"https:\/\/volcanes.net\/?p=3569","title":{"rendered":"Presentan el Plan de Actividades 2019 para Erradicar el Trabajo Infantil, \u00a1con\u00f3celo!"},"content":{"rendered":"<div style=\"margin-top: 0px; margin-bottom: 0px;\" class=\"sharethis-inline-share-buttons\" ><\/div><p>Durante la D\u00e9cima Octava Sesi\u00f3n de la Comisi\u00f3n Interinstitucional para la Erradicaci\u00f3n del Trabajo Infantil, encabezada por el Director General de Pol\u00edtica e Inclusi\u00f3n Laboral, Rom\u00e1n Ortega Gonz\u00e1lez, y el Presidente municipal de Lerma, Jaime Cervantes S\u00e1nchez, se present\u00f3 el programa de actividades para este a\u00f1o, que tiene como objetivo implementar acciones para disminuir la tasa de ocupaci\u00f3n de ni\u00f1as, ni\u00f1os y adolescentes en el Estado de M\u00e9xico.<\/p>\n<p>En el encuentro, Ortega Gonz\u00e1lez dio a conocer que el programa de este a\u00f1o tiene como prop\u00f3sito coordinar, de manera interinstitucional e integral, los esfuerzos que realizan las dependencias que conforman el Gobierno estatal y los 125 ayuntamientos, en beneficio de este sector de la poblaci\u00f3n.<\/p>\n<p>Luego de tomar protesta a la Comisi\u00f3n Municipal para la Erradicaci\u00f3n del Trabajo Infantil de Lerma, expres\u00f3 que su trabajo ser\u00e1 fundamental para proteger a las ni\u00f1as, ni\u00f1os y adolescentes, garantizando el ejercicio pleno de sus derechos humanos.<\/p>\n<p>El documento est\u00e1 dise\u00f1ado para orientar las acciones de las diferentes dependencias que conforman la administraci\u00f3n p\u00fablica estatal y los 125 gobiernos municipales, a partir de la definici\u00f3n de objetivos, estrategias, l\u00edneas de acci\u00f3n, indicadores y metas, encaminadas a la prevenci\u00f3n de las causas que detonan el trabajo infantil y las consecuencias negativas que \u00e9ste produce en el desarrollo integral de los menores de edad.<\/p>\n<p>Por su parte, el alcalde de Lerma, Jaime Cervantes S\u00e1nchez, destac\u00f3 que en 2017 recibieron por parte del Gobierno federal el premio M\u00e9xico sin Trabajo Infantil, derivado de los programas, acciones y pr\u00e1cticas laborales implementadas por el DIF municipal, que contribuyen a la prevenci\u00f3n y erradicaci\u00f3n de esta actividad.<\/p>\n<p>Indic\u00f3 que durante este trienio se trabajar\u00e1 para erradicar la pobreza en el municipio, en beneficio de las ni\u00f1as, ni\u00f1os y adolescentes de Lerma.<\/p>\n<p>\u201cHagamos realidad los derechos de nuestros ni\u00f1os, que jueguen, estudien, aprendan y convivan en familia, es decir, que disfruten de su infancia y que su desarrollo sea pleno e \u00edntegro\u201d, subray\u00f3.<\/p>\n<p>Finalmente, agreg\u00f3 que desde el Comit\u00e9 Municipal para la Erradicaci\u00f3n del Trabajo Infantil trabajar\u00e1n para generar mayor bienestar para las familias y, principalmente, para los menores de Lerma.<\/p>\n","protected":false},"excerpt":{"rendered":"<p>Durante la D\u00e9cima Octava Sesi\u00f3n de la Comisi\u00f3n Interinstitucional para la Erradicaci\u00f3n del Trabajo Infantil,<\/p>\n","protected":false},"author":1,"featured_media":3570,"comment_status":"open","ping_status":"open","sticky":false,"template":"","format":"standard","meta":{"footnotes":""},"categories":[3],"tags":[174],"class_list":["post-3569","post","type-post","status-publish","format-standard","has-post-thumbnail","hentry","category-estatales","tag-estado-de-mexico"],"yoast_head":"<!-- This site is optimized with the Yoast SEO plugin v25.3 - https:\/\/yoast.com\/wordpress\/plugins\/seo\/ -->\n<title>Presentan el Plan de Actividades 2019 para Erradicar el Trabajo Infantil, \u00a1con\u00f3celo! - Volcanes<\/title>\n<meta name=\"robots\" content=\"index, follow, max-snippet:-1, max-image-preview:large, max-video-preview:-1\" \/>\n<link rel=\"canonical\" href=\"https:\/\/volcanes.net\/?p=3569\" \/>\n<meta property=\"og:locale\" content=\"es_MX\" \/>\n<meta property=\"og:type\" content=\"article\" \/>\n<meta property=\"og:title\" content=\"Presentan el Plan de Actividades 2019 para Erradicar el Trabajo Infantil, \u00a1con\u00f3celo! - Volcanes\" \/>\n<meta property=\"og:description\" content=\"Durante la D\u00e9cima Octava Sesi\u00f3n de la Comisi\u00f3n Interinstitucional para la Erradicaci\u00f3n del Trabajo Infantil,\" \/>\n<meta property=\"og:url\" content=\"https:\/\/volcanes.net\/?p=3569\" \/>\n<meta property=\"og:site_name\" content=\"Volcanes\" \/>\n<meta property=\"article:publisher\" content=\"https:\/\/www.facebook.com\/volcanes.net\/\" \/>\n<meta property=\"article:published_time\" content=\"2019-01-24T19:57:53+00:00\" \/>\n<meta property=\"og:image\" content=\"https:\/\/volcanes.net\/wp-content\/uploads\/2019\/01\/WhatsApp-Image-2019-01-24-at-11.22.05-AM-680x453.jpeg\" \/>\n\t<meta property=\"og:image:width\" content=\"680\" \/>\n\t<meta property=\"og:image:height\" content=\"453\" \/>\n\t<meta property=\"og:image:type\" content=\"image\/jpeg\" \/>\n<meta name=\"author\" content=\"admin\" \/>\n<meta name=\"twitter:card\" content=\"summary_large_image\" \/>\n<meta name=\"twitter:label1\" content=\"Escrito por\" \/>\n\t<meta name=\"twitter:data1\" content=\"admin\" \/>\n\t<meta name=\"twitter:label2\" content=\"Tiempo de lectura\" \/>\n\t<meta name=\"twitter:data2\" content=\"2 minutos\" \/>\n<script type=\"application\/ld+json\" class=\"yoast-schema-graph\">{\"@context\":\"https:\/\/schema.org\",\"@graph\":[{\"@type\":\"Article\",\"@id\":\"https:\/\/volcanes.net\/?p=3569#article\",\"isPartOf\":{\"@id\":\"https:\/\/volcanes.net\/?p=3569\"},\"author\":{\"name\":\"admin\",\"@id\":\"https:\/\/volcanes.net\/#\/schema\/person\/4bf0f383940966a4abd53f5048c0e6b9\"},\"headline\":\"Presentan el Plan de Actividades 2019 para Erradicar el Trabajo Infantil, \u00a1con\u00f3celo!\",\"datePublished\":\"2019-01-24T19:57:53+00:00\",\"mainEntityOfPage\":{\"@id\":\"https:\/\/volcanes.net\/?p=3569\"},\"wordCount\":397,\"commentCount\":0,\"publisher\":{\"@id\":\"https:\/\/volcanes.net\/#organization\"},\"image\":{\"@id\":\"https:\/\/volcanes.net\/?p=3569#primaryimage\"},\"thumbnailUrl\":\"https:\/\/volcanes.net\/wp-content\/uploads\/2019\/01\/WhatsApp-Image-2019-01-24-at-11.22.05-AM-680x453.jpeg\",\"keywords\":[\"Estado de M\u00e9xico\"],\"articleSection\":[\"Estatales\"],\"inLanguage\":\"es\",\"potentialAction\":[{\"@type\":\"CommentAction\",\"name\":\"Comment\",\"target\":[\"https:\/\/volcanes.net\/?p=3569#respond\"]}]},{\"@type\":\"WebPage\",\"@id\":\"https:\/\/volcanes.net\/?p=3569\",\"url\":\"https:\/\/volcanes.net\/?p=3569\",\"name\":\"Presentan el Plan de Actividades 2019 para Erradicar el Trabajo Infantil, \u00a1con\u00f3celo! - Volcanes\",\"isPartOf\":{\"@id\":\"https:\/\/volcanes.net\/#website\"},\"primaryImageOfPage\":{\"@id\":\"https:\/\/volcanes.net\/?p=3569#primaryimage\"},\"image\":{\"@id\":\"https:\/\/volcanes.net\/?p=3569#primaryimage\"},\"thumbnailUrl\":\"https:\/\/volcanes.net\/wp-content\/uploads\/2019\/01\/WhatsApp-Image-2019-01-24-at-11.22.05-AM-680x453.jpeg\",\"datePublished\":\"2019-01-24T19:57:53+00:00\",\"breadcrumb\":{\"@id\":\"https:\/\/volcanes.net\/?p=3569#breadcrumb\"},\"inLanguage\":\"es\",\"potentialAction\":[{\"@type\":\"ReadAction\",\"target\":[\"https:\/\/volcanes.net\/?p=3569\"]}]},{\"@type\":\"ImageObject\",\"inLanguage\":\"es\",\"@id\":\"https:\/\/volcanes.net\/?p=3569#primaryimage\",\"url\":\"https:\/\/volcanes.net\/wp-content\/uploads\/2019\/01\/WhatsApp-Image-2019-01-24-at-11.22.05-AM-680x453.jpeg\",\"contentUrl\":\"https:\/\/volcanes.net\/wp-content\/uploads\/2019\/01\/WhatsApp-Image-2019-01-24-at-11.22.05-AM-680x453.jpeg\",\"width\":680,\"height\":453},{\"@type\":\"BreadcrumbList\",\"@id\":\"https:\/\/volcanes.net\/?p=3569#breadcrumb\",\"itemListElement\":[{\"@type\":\"ListItem\",\"position\":1,\"name\":\"Portada\",\"item\":\"https:\/\/volcanes.net\/\"},{\"@type\":\"ListItem\",\"position\":2,\"name\":\"Presentan el Plan de Actividades 2019 para Erradicar el Trabajo Infantil, \u00a1con\u00f3celo!\"}]},{\"@type\":\"WebSite\",\"@id\":\"https:\/\/volcanes.net\/#website\",\"url\":\"https:\/\/volcanes.net\/\",\"name\":\"Volcanes.Net\",\"description\":\"Periodismo Profesional\",\"publisher\":{\"@id\":\"https:\/\/volcanes.net\/#organization\"},\"potentialAction\":[{\"@type\":\"SearchAction\",\"target\":{\"@type\":\"EntryPoint\",\"urlTemplate\":\"https:\/\/volcanes.net\/?s={search_term_string}\"},\"query-input\":{\"@type\":\"PropertyValueSpecification\",\"valueRequired\":true,\"valueName\":\"search_term_string\"}}],\"inLanguage\":\"es\"},{\"@type\":\"Organization\",\"@id\":\"https:\/\/volcanes.net\/#organization\",\"name\":\"Grupo Volcanes\",\"url\":\"https:\/\/volcanes.net\/\",\"logo\":{\"@type\":\"ImageObject\",\"inLanguage\":\"es\",\"@id\":\"https:\/\/volcanes.net\/#\/schema\/logo\/image\/\",\"url\":\"http:\/\/volcanes.net\/wp-content\/uploads\/2017\/12\/Avatar2.jpg\",\"contentUrl\":\"http:\/\/volcanes.net\/wp-content\/uploads\/2017\/12\/Avatar2.jpg\",\"width\":378,\"height\":378,\"caption\":\"Grupo Volcanes\"},\"image\":{\"@id\":\"https:\/\/volcanes.net\/#\/schema\/logo\/image\/\"},\"sameAs\":[\"https:\/\/www.facebook.com\/volcanes.net\/\"]},{\"@type\":\"Person\",\"@id\":\"https:\/\/volcanes.net\/#\/schema\/person\/4bf0f383940966a4abd53f5048c0e6b9\",\"name\":\"admin\",\"image\":{\"@type\":\"ImageObject\",\"inLanguage\":\"es\",\"@id\":\"https:\/\/volcanes.net\/#\/schema\/person\/image\/\",\"url\":\"https:\/\/secure.gravatar.com\/avatar\/ca004e6cba8462b8cb7abc86e382930c?s=96&d=mm&r=g\",\"contentUrl\":\"https:\/\/secure.gravatar.com\/avatar\/ca004e6cba8462b8cb7abc86e382930c?s=96&d=mm&r=g\",\"caption\":\"admin\"}}]}<\/script>\n<!-- \/ Yoast SEO plugin. -->","yoast_head_json":{"title":"Presentan el Plan de Actividades 2019 para Erradicar el Trabajo Infantil, \u00a1con\u00f3celo! - Volcanes","robots":{"index":"index","follow":"follow","max-snippet":"max-snippet:-1","max-image-preview":"max-image-preview:large","max-video-preview":"max-video-preview:-1"},"canonical":"https:\/\/volcanes.net\/?p=3569","og_locale":"es_MX","og_type":"article","og_title":"Presentan el Plan de Actividades 2019 para Erradicar el Trabajo Infantil, \u00a1con\u00f3celo! - Volcanes","og_description":"Durante la D\u00e9cima Octava Sesi\u00f3n de la Comisi\u00f3n Interinstitucional para la Erradicaci\u00f3n del Trabajo Infantil,","og_url":"https:\/\/volcanes.net\/?p=3569","og_site_name":"Volcanes","article_publisher":"https:\/\/www.facebook.com\/volcanes.net\/","article_published_time":"2019-01-24T19:57:53+00:00","og_image":[{"width":680,"height":453,"url":"https:\/\/volcanes.net\/wp-content\/uploads\/2019\/01\/WhatsApp-Image-2019-01-24-at-11.22.05-AM-680x453.jpeg","type":"image\/jpeg"}],"author":"admin","twitter_card":"summary_large_image","twitter_misc":{"Escrito por":"admin","Tiempo de lectura":"2 minutos"},"schema":{"@context":"https:\/\/schema.org","@graph":[{"@type":"Article","@id":"https:\/\/volcanes.net\/?p=3569#article","isPartOf":{"@id":"https:\/\/volcanes.net\/?p=3569"},"author":{"name":"admin","@id":"https:\/\/volcanes.net\/#\/schema\/person\/4bf0f383940966a4abd53f5048c0e6b9"},"headline":"Presentan el Plan de Actividades 2019 para Erradicar el Trabajo Infantil, \u00a1con\u00f3celo!","datePublished":"2019-01-24T19:57:53+00:00","mainEntityOfPage":{"@id":"https:\/\/volcanes.net\/?p=3569"},"wordCount":397,"commentCount":0,"publisher":{"@id":"https:\/\/volcanes.net\/#organization"},"image":{"@id":"https:\/\/volcanes.net\/?p=3569#primaryimage"},"thumbnailUrl":"https:\/\/volcanes.net\/wp-content\/uploads\/2019\/01\/WhatsApp-Image-2019-01-24-at-11.22.05-AM-680x453.jpeg","keywords":["Estado de M\u00e9xico"],"articleSection":["Estatales"],"inLanguage":"es","potentialAction":[{"@type":"CommentAction","name":"Comment","target":["https:\/\/volcanes.net\/?p=3569#respond"]}]},{"@type":"WebPage","@id":"https:\/\/volcanes.net\/?p=3569","url":"https:\/\/volcanes.net\/?p=3569","name":"Presentan el Plan de Actividades 2019 para Erradicar el Trabajo Infantil, \u00a1con\u00f3celo! - Volcanes","isPartOf":{"@id":"https:\/\/volcanes.net\/#website"},"primaryImageOfPage":{"@id":"https:\/\/volcanes.net\/?p=3569#primaryimage"},"image":{"@id":"https:\/\/volcanes.net\/?p=3569#primaryimage"},"thumbnailUrl":"https:\/\/volcanes.net\/wp-content\/uploads\/2019\/01\/WhatsApp-Image-2019-01-24-at-11.22.05-AM-680x453.jpeg","datePublished":"2019-01-24T19:57:53+00:00","breadcrumb":{"@id":"https:\/\/volcanes.net\/?p=3569#breadcrumb"},"inLanguage":"es","potentialAction":[{"@type":"ReadAction","target":["https:\/\/volcanes.net\/?p=3569"]}]},{"@type":"ImageObject","inLanguage":"es","@id":"https:\/\/volcanes.net\/?p=3569#primaryimage","url":"https:\/\/volcanes.net\/wp-content\/uploads\/2019\/01\/WhatsApp-Image-2019-01-24-at-11.22.05-AM-680x453.jpeg","contentUrl":"https:\/\/volcanes.net\/wp-content\/uploads\/2019\/01\/WhatsApp-Image-2019-01-24-at-11.22.05-AM-680x453.jpeg","width":680,"height":453},{"@type":"BreadcrumbList","@id":"https:\/\/volcanes.net\/?p=3569#breadcrumb","itemListElement":[{"@type":"ListItem","position":1,"name":"Portada","item":"https:\/\/volcanes.net\/"},{"@type":"ListItem","position":2,"name":"Presentan el Plan de Actividades 2019 para Erradicar el Trabajo Infantil, \u00a1con\u00f3celo!"}]},{"@type":"WebSite","@id":"https:\/\/volcanes.net\/#website","url":"https:\/\/volcanes.net\/","name":"Volcanes.Net","description":"Periodismo Profesional","publisher":{"@id":"https:\/\/volcanes.net\/#organization"},"potentialAction":[{"@type":"SearchAction","target":{"@type":"EntryPoint","urlTemplate":"https:\/\/volcanes.net\/?s={search_term_string}"},"query-input":{"@type":"PropertyValueSpecification","valueRequired":true,"valueName":"search_term_string"}}],"inLanguage":"es"},{"@type":"Organization","@id":"https:\/\/volcanes.net\/#organization","name":"Grupo Volcanes","url":"https:\/\/volcanes.net\/","logo":{"@type":"ImageObject","inLanguage":"es","@id":"https:\/\/volcanes.net\/#\/schema\/logo\/image\/","url":"http:\/\/volcanes.net\/wp-content\/uploads\/2017\/12\/Avatar2.jpg","contentUrl":"http:\/\/volcanes.net\/wp-content\/uploads\/2017\/12\/Avatar2.jpg","width":378,"height":378,"caption":"Grupo Volcanes"},"image":{"@id":"https:\/\/volcanes.net\/#\/schema\/logo\/image\/"},"sameAs":["https:\/\/www.facebook.com\/volcanes.net\/"]},{"@type":"Person","@id":"https:\/\/volcanes.net\/#\/schema\/person\/4bf0f383940966a4abd53f5048c0e6b9","name":"admin","image":{"@type":"ImageObject","inLanguage":"es","@id":"https:\/\/volcanes.net\/#\/schema\/person\/image\/","url":"https:\/\/secure.gravatar.com\/avatar\/ca004e6cba8462b8cb7abc86e382930c?s=96&d=mm&r=g","contentUrl":"https:\/\/secure.gravatar.com\/avatar\/ca004e6cba8462b8cb7abc86e382930c?s=96&d=mm&r=g","caption":"admin"}}]}},"_links":{"self":[{"href":"https:\/\/volcanes.net\/index.php?rest_route=\/wp\/v2\/posts\/3569"}],"collection":[{"href":"https:\/\/volcanes.net\/index.php?rest_route=\/wp\/v2\/posts"}],"about":[{"href":"https:\/\/volcanes.net\/index.php?rest_route=\/wp\/v2\/types\/post"}],"author":[{"embeddable":true,"href":"https:\/\/volcanes.net\/index.php?rest_route=\/wp\/v2\/users\/1"}],"replies":[{"embeddable":true,"href":"https:\/\/volcanes.net\/index.php?rest_route=%2Fwp%2Fv2%2Fcomments&post=3569"}],"version-history":[{"count":1,"href":"https:\/\/volcanes.net\/index.php?rest_route=\/wp\/v2\/posts\/3569\/revisions"}],"predecessor-version":[{"id":3571,"href":"https:\/\/volcanes.net\/index.php?rest_route=\/wp\/v2\/posts\/3569\/revisions\/3571"}],"wp:featuredmedia":[{"embeddable":true,"href":"https:\/\/volcanes.net\/index.php?rest_route=\/wp\/v2\/media\/3570"}],"wp:attachment":[{"href":"https:\/\/volcanes.net\/index.php?rest_route=%2Fwp%2Fv2%2Fmedia&parent=3569"}],"wp:term":[{"taxonomy":"category","embeddable":true,"href":"https:\/\/volcanes.net\/index.php?rest_route=%2Fwp%2Fv2%2Fcategories&post=3569"},{"taxonomy":"post_tag","embeddable":true,"href":"https:\/\/volcanes.net\/index.php?rest_route=%2Fwp%2Fv2%2Ftags&post=3569"}],"curies":[{"name":"wp","href":"https:\/\/api.w.org\/{rel}","templated":true}]}}