{"id":3572,"date":"2019-01-24T20:00:32","date_gmt":"2019-01-24T20:00:32","guid":{"rendered":"http:\/\/volcanes.net\/?p=3572"},"modified":"2019-01-24T20:02:22","modified_gmt":"2019-01-24T20:02:22","slug":"definen-sedes-en-el-edomex-para-el-selectivo-regional-de-boxeo-ajedrez-y-voleibol-de-playa","status":"publish","type":"post","link":"https:\/\/volcanes.net\/?p=3572","title":{"rendered":"Definen sedes en el #Edom\u00e9x para el selectivo regional de boxeo, ajedrez y v\u00f3leibol de playa"},"content":{"rendered":"<div style=\"margin-top: 0px; margin-bottom: 0px;\" class=\"sharethis-inline-share-buttons\" ><\/div><p>El Estado de M\u00e9xico fue sede de la primera reuni\u00f3n de la Regi\u00f3n V, en la que participaron autoridades deportivas de los estados de Guanajuato, Quer\u00e9taro, Hidalgo y la entidad mexiquense, adem\u00e1s de representantes de la Comisi\u00f3n Nacional de Cultura F\u00edsica y Deporte, para definir las sedes de los selectivos rumbo a la Olimpiada Nacional y Nacional Juvenil 2019.<\/p>\n<p>En este encuentro, el Director de Cultura F\u00edsica y Deporte de la Secretar\u00eda de Cultura, Carlos Alberto Acra Alva, celebr\u00f3 el trabajo en conjunto que ha beneficiado a deportistas de la regi\u00f3n, y agradeci\u00f3 la asistencia del Director de Eventos Deportivos Nacionales y Selectivos de la Comisi\u00f3n Nacional del Deporte (Conade), Miguel \u00c1ngel Navarro, y el Subdirector de Desarrollo Estrat\u00e9gico del Deporte Estatal y Municipal, Arturo Ram\u00edrez.<\/p>\n<p>Mediante consenso se definieron las sedes de los selectivos regionales, en los que el Estado de M\u00e9xico qued\u00f3 como anfitri\u00f3n para las disciplinas de boxeo, ajedrez y volibol de playa; Guanajuato de atletismo, handball y tiro deportivo; Hidalgo, taekwondo, beisbol, charrer\u00eda y futbol femenil; mientras que en Quer\u00e9taro se realizar\u00e1n las competencias de tiro con arco, basquetbol, basquetbol 3 por 3 y volibol de sala.<\/p>\n<p>La Conade marca el 7 de abril como la fecha l\u00edmite para el desarrollo de los selectivo regionales, por lo que la mayor\u00eda de las competencias clasificatorias se efectuar\u00e1n en marzo y, en breve, confirmar\u00e1n las fechas de cada una.<\/p>\n<p>Durante la reuni\u00f3n, autoridades de la Conade dieron a conocer las modificaciones que habr\u00e1 para la edici\u00f3n 2019 de este certamen, como la incorporaci\u00f3n de las disciplinas de basquetbol 3 por 3, futbol femenil y surfing.<\/p>\n<p>En atletismo y levantamiento de pesas se abrir\u00e1n las categor\u00edas de 21 a 23 a\u00f1os de edad, en tiro con arco de 20 a 21 a\u00f1os, en tenis de mesa de 12 a 13 a\u00f1os, en canotaje y remo la categor\u00eda juvenil mayor se ampliar\u00e1 hasta los 23 a\u00f1os de edad, buscando un mayor desarrollo y continuidad en los procesos competitivo de los deportistas del pa\u00eds.<\/p>\n<p>Finalmente, se determin\u00f3 que la charrer\u00eda dejar\u00e1 de ser un deporte de exhibici\u00f3n, por lo que los primeros lugares obtendr\u00e1n preseas en la Olimpiada Nacional.<\/p>\n","protected":false},"excerpt":{"rendered":"<p>El Estado de M\u00e9xico fue sede de la primera reuni\u00f3n de la Regi\u00f3n V, en<\/p>\n","protected":false},"author":1,"featured_media":3574,"comment_status":"open","ping_status":"open","sticky":false,"template":"","format":"standard","meta":{"footnotes":""},"categories":[3],"tags":[4],"class_list":["post-3572","post","type-post","status-publish","format-standard","has-post-thumbnail","hentry","category-estatales","tag-gobierno-del-estado-de-mexico"],"yoast_head":"<!-- This site is optimized with the Yoast SEO plugin v25.3 - https:\/\/yoast.com\/wordpress\/plugins\/seo\/ -->\n<title>Definen sedes en el #Edom\u00e9x para el selectivo regional de boxeo, ajedrez y v\u00f3leibol de playa - Volcanes<\/title>\n<meta name=\"robots\" content=\"index, follow, max-snippet:-1, max-image-preview:large, max-video-preview:-1\" \/>\n<link rel=\"canonical\" href=\"https:\/\/volcanes.net\/?p=3572\" \/>\n<meta property=\"og:locale\" content=\"es_MX\" \/>\n<meta property=\"og:type\" content=\"article\" \/>\n<meta property=\"og:title\" content=\"Definen sedes en el #Edom\u00e9x para el selectivo regional de boxeo, ajedrez y v\u00f3leibol de playa - Volcanes\" \/>\n<meta property=\"og:description\" content=\"El Estado de M\u00e9xico fue sede de la primera reuni\u00f3n de la Regi\u00f3n V, en\" \/>\n<meta property=\"og:url\" content=\"https:\/\/volcanes.net\/?p=3572\" \/>\n<meta property=\"og:site_name\" content=\"Volcanes\" \/>\n<meta property=\"article:publisher\" content=\"https:\/\/www.facebook.com\/volcanes.net\/\" \/>\n<meta property=\"article:published_time\" content=\"2019-01-24T20:00:32+00:00\" \/>\n<meta property=\"article:modified_time\" content=\"2019-01-24T20:02:22+00:00\" \/>\n<meta property=\"og:image\" content=\"https:\/\/volcanes.net\/wp-content\/uploads\/2019\/01\/IMG-20190124-WA0025-680x453.jpg\" \/>\n\t<meta property=\"og:image:width\" content=\"680\" \/>\n\t<meta property=\"og:image:height\" content=\"453\" \/>\n\t<meta property=\"og:image:type\" content=\"image\/jpeg\" \/>\n<meta name=\"author\" content=\"admin\" \/>\n<meta name=\"twitter:card\" content=\"summary_large_image\" \/>\n<meta name=\"twitter:label1\" content=\"Escrito por\" \/>\n\t<meta name=\"twitter:data1\" content=\"admin\" \/>\n\t<meta name=\"twitter:label2\" content=\"Tiempo de lectura\" \/>\n\t<meta name=\"twitter:data2\" content=\"2 minutos\" \/>\n<script type=\"application\/ld+json\" class=\"yoast-schema-graph\">{\"@context\":\"https:\/\/schema.org\",\"@graph\":[{\"@type\":\"Article\",\"@id\":\"https:\/\/volcanes.net\/?p=3572#article\",\"isPartOf\":{\"@id\":\"https:\/\/volcanes.net\/?p=3572\"},\"author\":{\"name\":\"admin\",\"@id\":\"https:\/\/volcanes.net\/#\/schema\/person\/4bf0f383940966a4abd53f5048c0e6b9\"},\"headline\":\"Definen sedes en el #Edom\u00e9x para el selectivo regional de boxeo, ajedrez y v\u00f3leibol de playa\",\"datePublished\":\"2019-01-24T20:00:32+00:00\",\"dateModified\":\"2019-01-24T20:02:22+00:00\",\"mainEntityOfPage\":{\"@id\":\"https:\/\/volcanes.net\/?p=3572\"},\"wordCount\":398,\"commentCount\":0,\"publisher\":{\"@id\":\"https:\/\/volcanes.net\/#organization\"},\"image\":{\"@id\":\"https:\/\/volcanes.net\/?p=3572#primaryimage\"},\"thumbnailUrl\":\"https:\/\/volcanes.net\/wp-content\/uploads\/2019\/01\/IMG-20190124-WA0025-680x453.jpg\",\"keywords\":[\"Gobierno del Estado de M\u00e9xico\"],\"articleSection\":[\"Estatales\"],\"inLanguage\":\"es\",\"potentialAction\":[{\"@type\":\"CommentAction\",\"name\":\"Comment\",\"target\":[\"https:\/\/volcanes.net\/?p=3572#respond\"]}]},{\"@type\":\"WebPage\",\"@id\":\"https:\/\/volcanes.net\/?p=3572\",\"url\":\"https:\/\/volcanes.net\/?p=3572\",\"name\":\"Definen sedes en el #Edom\u00e9x para el selectivo regional de boxeo, ajedrez y v\u00f3leibol de playa - Volcanes\",\"isPartOf\":{\"@id\":\"https:\/\/volcanes.net\/#website\"},\"primaryImageOfPage\":{\"@id\":\"https:\/\/volcanes.net\/?p=3572#primaryimage\"},\"image\":{\"@id\":\"https:\/\/volcanes.net\/?p=3572#primaryimage\"},\"thumbnailUrl\":\"https:\/\/volcanes.net\/wp-content\/uploads\/2019\/01\/IMG-20190124-WA0025-680x453.jpg\",\"datePublished\":\"2019-01-24T20:00:32+00:00\",\"dateModified\":\"2019-01-24T20:02:22+00:00\",\"breadcrumb\":{\"@id\":\"https:\/\/volcanes.net\/?p=3572#breadcrumb\"},\"inLanguage\":\"es\",\"potentialAction\":[{\"@type\":\"ReadAction\",\"target\":[\"https:\/\/volcanes.net\/?p=3572\"]}]},{\"@type\":\"ImageObject\",\"inLanguage\":\"es\",\"@id\":\"https:\/\/volcanes.net\/?p=3572#primaryimage\",\"url\":\"https:\/\/volcanes.net\/wp-content\/uploads\/2019\/01\/IMG-20190124-WA0025-680x453.jpg\",\"contentUrl\":\"https:\/\/volcanes.net\/wp-content\/uploads\/2019\/01\/IMG-20190124-WA0025-680x453.jpg\",\"width\":680,\"height\":453},{\"@type\":\"BreadcrumbList\",\"@id\":\"https:\/\/volcanes.net\/?p=3572#breadcrumb\",\"itemListElement\":[{\"@type\":\"ListItem\",\"position\":1,\"name\":\"Portada\",\"item\":\"https:\/\/volcanes.net\/\"},{\"@type\":\"ListItem\",\"position\":2,\"name\":\"Definen sedes en el #Edom\u00e9x para el selectivo regional de boxeo, ajedrez y v\u00f3leibol de playa\"}]},{\"@type\":\"WebSite\",\"@id\":\"https:\/\/volcanes.net\/#website\",\"url\":\"https:\/\/volcanes.net\/\",\"name\":\"Volcanes.Net\",\"description\":\"Periodismo Profesional\",\"publisher\":{\"@id\":\"https:\/\/volcanes.net\/#organization\"},\"potentialAction\":[{\"@type\":\"SearchAction\",\"target\":{\"@type\":\"EntryPoint\",\"urlTemplate\":\"https:\/\/volcanes.net\/?s={search_term_string}\"},\"query-input\":{\"@type\":\"PropertyValueSpecification\",\"valueRequired\":true,\"valueName\":\"search_term_string\"}}],\"inLanguage\":\"es\"},{\"@type\":\"Organization\",\"@id\":\"https:\/\/volcanes.net\/#organization\",\"name\":\"Grupo Volcanes\",\"url\":\"https:\/\/volcanes.net\/\",\"logo\":{\"@type\":\"ImageObject\",\"inLanguage\":\"es\",\"@id\":\"https:\/\/volcanes.net\/#\/schema\/logo\/image\/\",\"url\":\"http:\/\/volcanes.net\/wp-content\/uploads\/2017\/12\/Avatar2.jpg\",\"contentUrl\":\"http:\/\/volcanes.net\/wp-content\/uploads\/2017\/12\/Avatar2.jpg\",\"width\":378,\"height\":378,\"caption\":\"Grupo Volcanes\"},\"image\":{\"@id\":\"https:\/\/volcanes.net\/#\/schema\/logo\/image\/\"},\"sameAs\":[\"https:\/\/www.facebook.com\/volcanes.net\/\"]},{\"@type\":\"Person\",\"@id\":\"https:\/\/volcanes.net\/#\/schema\/person\/4bf0f383940966a4abd53f5048c0e6b9\",\"name\":\"admin\",\"image\":{\"@type\":\"ImageObject\",\"inLanguage\":\"es\",\"@id\":\"https:\/\/volcanes.net\/#\/schema\/person\/image\/\",\"url\":\"https:\/\/secure.gravatar.com\/avatar\/ca004e6cba8462b8cb7abc86e382930c?s=96&d=mm&r=g\",\"contentUrl\":\"https:\/\/secure.gravatar.com\/avatar\/ca004e6cba8462b8cb7abc86e382930c?s=96&d=mm&r=g\",\"caption\":\"admin\"}}]}<\/script>\n<!-- \/ Yoast SEO plugin. -->","yoast_head_json":{"title":"Definen sedes en el #Edom\u00e9x para el selectivo regional de boxeo, ajedrez y v\u00f3leibol de playa - Volcanes","robots":{"index":"index","follow":"follow","max-snippet":"max-snippet:-1","max-image-preview":"max-image-preview:large","max-video-preview":"max-video-preview:-1"},"canonical":"https:\/\/volcanes.net\/?p=3572","og_locale":"es_MX","og_type":"article","og_title":"Definen sedes en el #Edom\u00e9x para el selectivo regional de boxeo, ajedrez y v\u00f3leibol de playa - Volcanes","og_description":"El Estado de M\u00e9xico fue sede de la primera reuni\u00f3n de la Regi\u00f3n V, en","og_url":"https:\/\/volcanes.net\/?p=3572","og_site_name":"Volcanes","article_publisher":"https:\/\/www.facebook.com\/volcanes.net\/","article_published_time":"2019-01-24T20:00:32+00:00","article_modified_time":"2019-01-24T20:02:22+00:00","og_image":[{"width":680,"height":453,"url":"https:\/\/volcanes.net\/wp-content\/uploads\/2019\/01\/IMG-20190124-WA0025-680x453.jpg","type":"image\/jpeg"}],"author":"admin","twitter_card":"summary_large_image","twitter_misc":{"Escrito por":"admin","Tiempo de lectura":"2 minutos"},"schema":{"@context":"https:\/\/schema.org","@graph":[{"@type":"Article","@id":"https:\/\/volcanes.net\/?p=3572#article","isPartOf":{"@id":"https:\/\/volcanes.net\/?p=3572"},"author":{"name":"admin","@id":"https:\/\/volcanes.net\/#\/schema\/person\/4bf0f383940966a4abd53f5048c0e6b9"},"headline":"Definen sedes en el #Edom\u00e9x para el selectivo regional de boxeo, ajedrez y v\u00f3leibol de playa","datePublished":"2019-01-24T20:00:32+00:00","dateModified":"2019-01-24T20:02:22+00:00","mainEntityOfPage":{"@id":"https:\/\/volcanes.net\/?p=3572"},"wordCount":398,"commentCount":0,"publisher":{"@id":"https:\/\/volcanes.net\/#organization"},"image":{"@id":"https:\/\/volcanes.net\/?p=3572#primaryimage"},"thumbnailUrl":"https:\/\/volcanes.net\/wp-content\/uploads\/2019\/01\/IMG-20190124-WA0025-680x453.jpg","keywords":["Gobierno del Estado de M\u00e9xico"],"articleSection":["Estatales"],"inLanguage":"es","potentialAction":[{"@type":"CommentAction","name":"Comment","target":["https:\/\/volcanes.net\/?p=3572#respond"]}]},{"@type":"WebPage","@id":"https:\/\/volcanes.net\/?p=3572","url":"https:\/\/volcanes.net\/?p=3572","name":"Definen sedes en el #Edom\u00e9x para el selectivo regional de boxeo, ajedrez y v\u00f3leibol de playa - Volcanes","isPartOf":{"@id":"https:\/\/volcanes.net\/#website"},"primaryImageOfPage":{"@id":"https:\/\/volcanes.net\/?p=3572#primaryimage"},"image":{"@id":"https:\/\/volcanes.net\/?p=3572#primaryimage"},"thumbnailUrl":"https:\/\/volcanes.net\/wp-content\/uploads\/2019\/01\/IMG-20190124-WA0025-680x453.jpg","datePublished":"2019-01-24T20:00:32+00:00","dateModified":"2019-01-24T20:02:22+00:00","breadcrumb":{"@id":"https:\/\/volcanes.net\/?p=3572#breadcrumb"},"inLanguage":"es","potentialAction":[{"@type":"ReadAction","target":["https:\/\/volcanes.net\/?p=3572"]}]},{"@type":"ImageObject","inLanguage":"es","@id":"https:\/\/volcanes.net\/?p=3572#primaryimage","url":"https:\/\/volcanes.net\/wp-content\/uploads\/2019\/01\/IMG-20190124-WA0025-680x453.jpg","contentUrl":"https:\/\/volcanes.net\/wp-content\/uploads\/2019\/01\/IMG-20190124-WA0025-680x453.jpg","width":680,"height":453},{"@type":"BreadcrumbList","@id":"https:\/\/volcanes.net\/?p=3572#breadcrumb","itemListElement":[{"@type":"ListItem","position":1,"name":"Portada","item":"https:\/\/volcanes.net\/"},{"@type":"ListItem","position":2,"name":"Definen sedes en el #Edom\u00e9x para el selectivo regional de boxeo, ajedrez y v\u00f3leibol de playa"}]},{"@type":"WebSite","@id":"https:\/\/volcanes.net\/#website","url":"https:\/\/volcanes.net\/","name":"Volcanes.Net","description":"Periodismo Profesional","publisher":{"@id":"https:\/\/volcanes.net\/#organization"},"potentialAction":[{"@type":"SearchAction","target":{"@type":"EntryPoint","urlTemplate":"https:\/\/volcanes.net\/?s={search_term_string}"},"query-input":{"@type":"PropertyValueSpecification","valueRequired":true,"valueName":"search_term_string"}}],"inLanguage":"es"},{"@type":"Organization","@id":"https:\/\/volcanes.net\/#organization","name":"Grupo Volcanes","url":"https:\/\/volcanes.net\/","logo":{"@type":"ImageObject","inLanguage":"es","@id":"https:\/\/volcanes.net\/#\/schema\/logo\/image\/","url":"http:\/\/volcanes.net\/wp-content\/uploads\/2017\/12\/Avatar2.jpg","contentUrl":"http:\/\/volcanes.net\/wp-content\/uploads\/2017\/12\/Avatar2.jpg","width":378,"height":378,"caption":"Grupo Volcanes"},"image":{"@id":"https:\/\/volcanes.net\/#\/schema\/logo\/image\/"},"sameAs":["https:\/\/www.facebook.com\/volcanes.net\/"]},{"@type":"Person","@id":"https:\/\/volcanes.net\/#\/schema\/person\/4bf0f383940966a4abd53f5048c0e6b9","name":"admin","image":{"@type":"ImageObject","inLanguage":"es","@id":"https:\/\/volcanes.net\/#\/schema\/person\/image\/","url":"https:\/\/secure.gravatar.com\/avatar\/ca004e6cba8462b8cb7abc86e382930c?s=96&d=mm&r=g","contentUrl":"https:\/\/secure.gravatar.com\/avatar\/ca004e6cba8462b8cb7abc86e382930c?s=96&d=mm&r=g","caption":"admin"}}]}},"_links":{"self":[{"href":"https:\/\/volcanes.net\/index.php?rest_route=\/wp\/v2\/posts\/3572"}],"collection":[{"href":"https:\/\/volcanes.net\/index.php?rest_route=\/wp\/v2\/posts"}],"about":[{"href":"https:\/\/volcanes.net\/index.php?rest_route=\/wp\/v2\/types\/post"}],"author":[{"embeddable":true,"href":"https:\/\/volcanes.net\/index.php?rest_route=\/wp\/v2\/users\/1"}],"replies":[{"embeddable":true,"href":"https:\/\/volcanes.net\/index.php?rest_route=%2Fwp%2Fv2%2Fcomments&post=3572"}],"version-history":[{"count":1,"href":"https:\/\/volcanes.net\/index.php?rest_route=\/wp\/v2\/posts\/3572\/revisions"}],"predecessor-version":[{"id":3573,"href":"https:\/\/volcanes.net\/index.php?rest_route=\/wp\/v2\/posts\/3572\/revisions\/3573"}],"wp:featuredmedia":[{"embeddable":true,"href":"https:\/\/volcanes.net\/index.php?rest_route=\/wp\/v2\/media\/3574"}],"wp:attachment":[{"href":"https:\/\/volcanes.net\/index.php?rest_route=%2Fwp%2Fv2%2Fmedia&parent=3572"}],"wp:term":[{"taxonomy":"category","embeddable":true,"href":"https:\/\/volcanes.net\/index.php?rest_route=%2Fwp%2Fv2%2Fcategories&post=3572"},{"taxonomy":"post_tag","embeddable":true,"href":"https:\/\/volcanes.net\/index.php?rest_route=%2Fwp%2Fv2%2Ftags&post=3572"}],"curies":[{"name":"wp","href":"https:\/\/api.w.org\/{rel}","templated":true}]}}