{"id":3582,"date":"2019-01-24T20:46:17","date_gmt":"2019-01-24T20:46:17","guid":{"rendered":"http:\/\/volcanes.net\/?p=3582"},"modified":"2019-01-24T20:46:17","modified_gmt":"2019-01-24T20:46:17","slug":"naciones-unidas-mantiene-pronostico-de-crecimiento-de-2-2-para-mexico-en-2019","status":"publish","type":"post","link":"https:\/\/volcanes.net\/?p=3582","title":{"rendered":"Naciones Unidas mantiene pron\u00f3stico de crecimiento de 2.2 para M\u00e9xico en 2019"},"content":{"rendered":"<div style=\"margin-top: 0px; margin-bottom: 0px;\" class=\"sharethis-inline-share-buttons\" ><\/div><p>La Organizaci\u00f3n de las Naciones Unidas (ONU) mantuvo sus expectativas de crecimiento para la econom\u00eda mexicana, de 2.2 por ciento en 2018 y 2.1 por ciento este a\u00f1o, y ve con \u201cbuenos ojos\u201d la lucha contra el robo de gasolinas emprendida por el gobierno del presidente Andr\u00e9s Manuel L\u00f3pez Obrador.<\/p>\n<p>El director de la sede subregional en M\u00e9xico de la Comisi\u00f3n Econ\u00f3mica para Am\u00e9rica Latina y el Caribe (Cepal) de la ONU, Hugo Beteta, destac\u00f3 que la aceleraci\u00f3n de la inversi\u00f3n p\u00fablica del nuevo gobierno y el aumento en el ingreso disponible para los hogares, tras la reciente alza del salario m\u00ednimo, repercutir\u00e1n positivamente en el crecimiento del pa\u00eds.<\/p>\n<p>Durante la presentaci\u00f3n del Informe sobre la \u201cSituaci\u00f3n y Perspectiva de la Econom\u00eda Mundial de las Naciones Unidas para 2013\u201d, el jefe de la Unidad de Desarrollo Econ\u00f3mico de la Cepal, Ram\u00f3n Padilla, inform\u00f3 que los pron\u00f3sticos para la econom\u00eda mexicana se mantuvieron sin cambio.<\/p>\n<p>En rueda de prensa, el especialista de la Cepal, una de las comisiones regionales de la ONU, dijo que para 2019 se pronostica que la econom\u00eda de M\u00e9xico crezca 2.1 por ciento, ligeramente menor al 2.2 por ciento estimado para el cierre de 2018, cifras oficiales que se dar\u00e1n a conocer en los pr\u00f3ximos d\u00edas.<\/p>\n<p>Esta \u201cligera desaceleraci\u00f3n\u201d, a\u00f1adi\u00f3, se debe a una menor expansi\u00f3n esperada para la econom\u00eda de Estados Unidos, su principal socio comercial, inversionista y fuente de remesas, de 2.9 por ciento en 2018 a 2.5 por ciento este a\u00f1o, y en espera del impacto que tendr\u00e1 en la actividad econ\u00f3mica de ese pa\u00eds el cierre de gobierno.<\/p>\n","protected":false},"excerpt":{"rendered":"<p>La Organizaci\u00f3n de las Naciones Unidas (ONU) mantuvo sus expectativas de crecimiento para la econom\u00eda<\/p>\n","protected":false},"author":1,"featured_media":3583,"comment_status":"open","ping_status":"open","sticky":false,"template":"","format":"standard","meta":{"footnotes":""},"categories":[1],"tags":[229],"class_list":["post-3582","post","type-post","status-publish","format-standard","has-post-thumbnail","hentry","category-municipales","tag-onu"],"yoast_head":"<!-- This site is optimized with the Yoast SEO plugin v25.3 - https:\/\/yoast.com\/wordpress\/plugins\/seo\/ -->\n<title>Naciones Unidas mantiene pron\u00f3stico de crecimiento de 2.2 para M\u00e9xico en 2019 - Volcanes<\/title>\n<meta name=\"robots\" content=\"index, follow, max-snippet:-1, max-image-preview:large, max-video-preview:-1\" \/>\n<link rel=\"canonical\" href=\"https:\/\/volcanes.net\/?p=3582\" \/>\n<meta property=\"og:locale\" content=\"es_MX\" \/>\n<meta property=\"og:type\" content=\"article\" \/>\n<meta property=\"og:title\" content=\"Naciones Unidas mantiene pron\u00f3stico de crecimiento de 2.2 para M\u00e9xico en 2019 - Volcanes\" \/>\n<meta property=\"og:description\" content=\"La Organizaci\u00f3n de las Naciones Unidas (ONU) mantuvo sus expectativas de crecimiento para la econom\u00eda\" \/>\n<meta property=\"og:url\" content=\"https:\/\/volcanes.net\/?p=3582\" \/>\n<meta property=\"og:site_name\" content=\"Volcanes\" \/>\n<meta property=\"article:publisher\" content=\"https:\/\/www.facebook.com\/volcanes.net\/\" \/>\n<meta property=\"article:published_time\" content=\"2019-01-24T20:46:17+00:00\" \/>\n<meta property=\"og:image\" content=\"https:\/\/volcanes.net\/wp-content\/uploads\/2019\/01\/hugo-beteta.jpg\" \/>\n\t<meta property=\"og:image:width\" content=\"550\" \/>\n\t<meta property=\"og:image:height\" content=\"368\" \/>\n\t<meta property=\"og:image:type\" content=\"image\/jpeg\" \/>\n<meta name=\"author\" content=\"admin\" \/>\n<meta name=\"twitter:card\" content=\"summary_large_image\" \/>\n<meta name=\"twitter:label1\" content=\"Escrito por\" \/>\n\t<meta name=\"twitter:data1\" content=\"admin\" \/>\n\t<meta name=\"twitter:label2\" content=\"Tiempo de lectura\" \/>\n\t<meta name=\"twitter:data2\" content=\"1 minuto\" \/>\n<script type=\"application\/ld+json\" class=\"yoast-schema-graph\">{\"@context\":\"https:\/\/schema.org\",\"@graph\":[{\"@type\":\"Article\",\"@id\":\"https:\/\/volcanes.net\/?p=3582#article\",\"isPartOf\":{\"@id\":\"https:\/\/volcanes.net\/?p=3582\"},\"author\":{\"name\":\"admin\",\"@id\":\"https:\/\/volcanes.net\/#\/schema\/person\/4bf0f383940966a4abd53f5048c0e6b9\"},\"headline\":\"Naciones Unidas mantiene pron\u00f3stico de crecimiento de 2.2 para M\u00e9xico en 2019\",\"datePublished\":\"2019-01-24T20:46:17+00:00\",\"mainEntityOfPage\":{\"@id\":\"https:\/\/volcanes.net\/?p=3582\"},\"wordCount\":300,\"commentCount\":0,\"publisher\":{\"@id\":\"https:\/\/volcanes.net\/#organization\"},\"image\":{\"@id\":\"https:\/\/volcanes.net\/?p=3582#primaryimage\"},\"thumbnailUrl\":\"https:\/\/volcanes.net\/wp-content\/uploads\/2019\/01\/hugo-beteta.jpg\",\"keywords\":[\"ONU\"],\"articleSection\":[\"Municipales\"],\"inLanguage\":\"es\",\"potentialAction\":[{\"@type\":\"CommentAction\",\"name\":\"Comment\",\"target\":[\"https:\/\/volcanes.net\/?p=3582#respond\"]}]},{\"@type\":\"WebPage\",\"@id\":\"https:\/\/volcanes.net\/?p=3582\",\"url\":\"https:\/\/volcanes.net\/?p=3582\",\"name\":\"Naciones Unidas mantiene pron\u00f3stico de crecimiento de 2.2 para M\u00e9xico en 2019 - Volcanes\",\"isPartOf\":{\"@id\":\"https:\/\/volcanes.net\/#website\"},\"primaryImageOfPage\":{\"@id\":\"https:\/\/volcanes.net\/?p=3582#primaryimage\"},\"image\":{\"@id\":\"https:\/\/volcanes.net\/?p=3582#primaryimage\"},\"thumbnailUrl\":\"https:\/\/volcanes.net\/wp-content\/uploads\/2019\/01\/hugo-beteta.jpg\",\"datePublished\":\"2019-01-24T20:46:17+00:00\",\"breadcrumb\":{\"@id\":\"https:\/\/volcanes.net\/?p=3582#breadcrumb\"},\"inLanguage\":\"es\",\"potentialAction\":[{\"@type\":\"ReadAction\",\"target\":[\"https:\/\/volcanes.net\/?p=3582\"]}]},{\"@type\":\"ImageObject\",\"inLanguage\":\"es\",\"@id\":\"https:\/\/volcanes.net\/?p=3582#primaryimage\",\"url\":\"https:\/\/volcanes.net\/wp-content\/uploads\/2019\/01\/hugo-beteta.jpg\",\"contentUrl\":\"https:\/\/volcanes.net\/wp-content\/uploads\/2019\/01\/hugo-beteta.jpg\",\"width\":550,\"height\":368},{\"@type\":\"BreadcrumbList\",\"@id\":\"https:\/\/volcanes.net\/?p=3582#breadcrumb\",\"itemListElement\":[{\"@type\":\"ListItem\",\"position\":1,\"name\":\"Portada\",\"item\":\"https:\/\/volcanes.net\/\"},{\"@type\":\"ListItem\",\"position\":2,\"name\":\"Naciones Unidas mantiene pron\u00f3stico de crecimiento de 2.2 para M\u00e9xico en 2019\"}]},{\"@type\":\"WebSite\",\"@id\":\"https:\/\/volcanes.net\/#website\",\"url\":\"https:\/\/volcanes.net\/\",\"name\":\"Volcanes.Net\",\"description\":\"Periodismo Profesional\",\"publisher\":{\"@id\":\"https:\/\/volcanes.net\/#organization\"},\"potentialAction\":[{\"@type\":\"SearchAction\",\"target\":{\"@type\":\"EntryPoint\",\"urlTemplate\":\"https:\/\/volcanes.net\/?s={search_term_string}\"},\"query-input\":{\"@type\":\"PropertyValueSpecification\",\"valueRequired\":true,\"valueName\":\"search_term_string\"}}],\"inLanguage\":\"es\"},{\"@type\":\"Organization\",\"@id\":\"https:\/\/volcanes.net\/#organization\",\"name\":\"Grupo Volcanes\",\"url\":\"https:\/\/volcanes.net\/\",\"logo\":{\"@type\":\"ImageObject\",\"inLanguage\":\"es\",\"@id\":\"https:\/\/volcanes.net\/#\/schema\/logo\/image\/\",\"url\":\"http:\/\/volcanes.net\/wp-content\/uploads\/2017\/12\/Avatar2.jpg\",\"contentUrl\":\"http:\/\/volcanes.net\/wp-content\/uploads\/2017\/12\/Avatar2.jpg\",\"width\":378,\"height\":378,\"caption\":\"Grupo Volcanes\"},\"image\":{\"@id\":\"https:\/\/volcanes.net\/#\/schema\/logo\/image\/\"},\"sameAs\":[\"https:\/\/www.facebook.com\/volcanes.net\/\"]},{\"@type\":\"Person\",\"@id\":\"https:\/\/volcanes.net\/#\/schema\/person\/4bf0f383940966a4abd53f5048c0e6b9\",\"name\":\"admin\",\"image\":{\"@type\":\"ImageObject\",\"inLanguage\":\"es\",\"@id\":\"https:\/\/volcanes.net\/#\/schema\/person\/image\/\",\"url\":\"https:\/\/secure.gravatar.com\/avatar\/ca004e6cba8462b8cb7abc86e382930c?s=96&d=mm&r=g\",\"contentUrl\":\"https:\/\/secure.gravatar.com\/avatar\/ca004e6cba8462b8cb7abc86e382930c?s=96&d=mm&r=g\",\"caption\":\"admin\"}}]}<\/script>\n<!-- \/ Yoast SEO plugin. -->","yoast_head_json":{"title":"Naciones Unidas mantiene pron\u00f3stico de crecimiento de 2.2 para M\u00e9xico en 2019 - Volcanes","robots":{"index":"index","follow":"follow","max-snippet":"max-snippet:-1","max-image-preview":"max-image-preview:large","max-video-preview":"max-video-preview:-1"},"canonical":"https:\/\/volcanes.net\/?p=3582","og_locale":"es_MX","og_type":"article","og_title":"Naciones Unidas mantiene pron\u00f3stico de crecimiento de 2.2 para M\u00e9xico en 2019 - Volcanes","og_description":"La Organizaci\u00f3n de las Naciones Unidas (ONU) mantuvo sus expectativas de crecimiento para la econom\u00eda","og_url":"https:\/\/volcanes.net\/?p=3582","og_site_name":"Volcanes","article_publisher":"https:\/\/www.facebook.com\/volcanes.net\/","article_published_time":"2019-01-24T20:46:17+00:00","og_image":[{"width":550,"height":368,"url":"https:\/\/volcanes.net\/wp-content\/uploads\/2019\/01\/hugo-beteta.jpg","type":"image\/jpeg"}],"author":"admin","twitter_card":"summary_large_image","twitter_misc":{"Escrito por":"admin","Tiempo de lectura":"1 minuto"},"schema":{"@context":"https:\/\/schema.org","@graph":[{"@type":"Article","@id":"https:\/\/volcanes.net\/?p=3582#article","isPartOf":{"@id":"https:\/\/volcanes.net\/?p=3582"},"author":{"name":"admin","@id":"https:\/\/volcanes.net\/#\/schema\/person\/4bf0f383940966a4abd53f5048c0e6b9"},"headline":"Naciones Unidas mantiene pron\u00f3stico de crecimiento de 2.2 para M\u00e9xico en 2019","datePublished":"2019-01-24T20:46:17+00:00","mainEntityOfPage":{"@id":"https:\/\/volcanes.net\/?p=3582"},"wordCount":300,"commentCount":0,"publisher":{"@id":"https:\/\/volcanes.net\/#organization"},"image":{"@id":"https:\/\/volcanes.net\/?p=3582#primaryimage"},"thumbnailUrl":"https:\/\/volcanes.net\/wp-content\/uploads\/2019\/01\/hugo-beteta.jpg","keywords":["ONU"],"articleSection":["Municipales"],"inLanguage":"es","potentialAction":[{"@type":"CommentAction","name":"Comment","target":["https:\/\/volcanes.net\/?p=3582#respond"]}]},{"@type":"WebPage","@id":"https:\/\/volcanes.net\/?p=3582","url":"https:\/\/volcanes.net\/?p=3582","name":"Naciones Unidas mantiene pron\u00f3stico de crecimiento de 2.2 para M\u00e9xico en 2019 - Volcanes","isPartOf":{"@id":"https:\/\/volcanes.net\/#website"},"primaryImageOfPage":{"@id":"https:\/\/volcanes.net\/?p=3582#primaryimage"},"image":{"@id":"https:\/\/volcanes.net\/?p=3582#primaryimage"},"thumbnailUrl":"https:\/\/volcanes.net\/wp-content\/uploads\/2019\/01\/hugo-beteta.jpg","datePublished":"2019-01-24T20:46:17+00:00","breadcrumb":{"@id":"https:\/\/volcanes.net\/?p=3582#breadcrumb"},"inLanguage":"es","potentialAction":[{"@type":"ReadAction","target":["https:\/\/volcanes.net\/?p=3582"]}]},{"@type":"ImageObject","inLanguage":"es","@id":"https:\/\/volcanes.net\/?p=3582#primaryimage","url":"https:\/\/volcanes.net\/wp-content\/uploads\/2019\/01\/hugo-beteta.jpg","contentUrl":"https:\/\/volcanes.net\/wp-content\/uploads\/2019\/01\/hugo-beteta.jpg","width":550,"height":368},{"@type":"BreadcrumbList","@id":"https:\/\/volcanes.net\/?p=3582#breadcrumb","itemListElement":[{"@type":"ListItem","position":1,"name":"Portada","item":"https:\/\/volcanes.net\/"},{"@type":"ListItem","position":2,"name":"Naciones Unidas mantiene pron\u00f3stico de crecimiento de 2.2 para M\u00e9xico en 2019"}]},{"@type":"WebSite","@id":"https:\/\/volcanes.net\/#website","url":"https:\/\/volcanes.net\/","name":"Volcanes.Net","description":"Periodismo Profesional","publisher":{"@id":"https:\/\/volcanes.net\/#organization"},"potentialAction":[{"@type":"SearchAction","target":{"@type":"EntryPoint","urlTemplate":"https:\/\/volcanes.net\/?s={search_term_string}"},"query-input":{"@type":"PropertyValueSpecification","valueRequired":true,"valueName":"search_term_string"}}],"inLanguage":"es"},{"@type":"Organization","@id":"https:\/\/volcanes.net\/#organization","name":"Grupo Volcanes","url":"https:\/\/volcanes.net\/","logo":{"@type":"ImageObject","inLanguage":"es","@id":"https:\/\/volcanes.net\/#\/schema\/logo\/image\/","url":"http:\/\/volcanes.net\/wp-content\/uploads\/2017\/12\/Avatar2.jpg","contentUrl":"http:\/\/volcanes.net\/wp-content\/uploads\/2017\/12\/Avatar2.jpg","width":378,"height":378,"caption":"Grupo Volcanes"},"image":{"@id":"https:\/\/volcanes.net\/#\/schema\/logo\/image\/"},"sameAs":["https:\/\/www.facebook.com\/volcanes.net\/"]},{"@type":"Person","@id":"https:\/\/volcanes.net\/#\/schema\/person\/4bf0f383940966a4abd53f5048c0e6b9","name":"admin","image":{"@type":"ImageObject","inLanguage":"es","@id":"https:\/\/volcanes.net\/#\/schema\/person\/image\/","url":"https:\/\/secure.gravatar.com\/avatar\/ca004e6cba8462b8cb7abc86e382930c?s=96&d=mm&r=g","contentUrl":"https:\/\/secure.gravatar.com\/avatar\/ca004e6cba8462b8cb7abc86e382930c?s=96&d=mm&r=g","caption":"admin"}}]}},"_links":{"self":[{"href":"https:\/\/volcanes.net\/index.php?rest_route=\/wp\/v2\/posts\/3582"}],"collection":[{"href":"https:\/\/volcanes.net\/index.php?rest_route=\/wp\/v2\/posts"}],"about":[{"href":"https:\/\/volcanes.net\/index.php?rest_route=\/wp\/v2\/types\/post"}],"author":[{"embeddable":true,"href":"https:\/\/volcanes.net\/index.php?rest_route=\/wp\/v2\/users\/1"}],"replies":[{"embeddable":true,"href":"https:\/\/volcanes.net\/index.php?rest_route=%2Fwp%2Fv2%2Fcomments&post=3582"}],"version-history":[{"count":1,"href":"https:\/\/volcanes.net\/index.php?rest_route=\/wp\/v2\/posts\/3582\/revisions"}],"predecessor-version":[{"id":3584,"href":"https:\/\/volcanes.net\/index.php?rest_route=\/wp\/v2\/posts\/3582\/revisions\/3584"}],"wp:featuredmedia":[{"embeddable":true,"href":"https:\/\/volcanes.net\/index.php?rest_route=\/wp\/v2\/media\/3583"}],"wp:attachment":[{"href":"https:\/\/volcanes.net\/index.php?rest_route=%2Fwp%2Fv2%2Fmedia&parent=3582"}],"wp:term":[{"taxonomy":"category","embeddable":true,"href":"https:\/\/volcanes.net\/index.php?rest_route=%2Fwp%2Fv2%2Fcategories&post=3582"},{"taxonomy":"post_tag","embeddable":true,"href":"https:\/\/volcanes.net\/index.php?rest_route=%2Fwp%2Fv2%2Ftags&post=3582"}],"curies":[{"name":"wp","href":"https:\/\/api.w.org\/{rel}","templated":true}]}}