{"id":3594,"date":"2019-01-25T18:25:20","date_gmt":"2019-01-25T18:25:20","guid":{"rendered":"http:\/\/volcanes.net\/?p=3594"},"modified":"2019-01-25T18:25:20","modified_gmt":"2019-01-25T18:25:20","slug":"preparan-septima-expo-gastronomica-de-ixtapaluca","status":"publish","type":"post","link":"https:\/\/volcanes.net\/?p=3594","title":{"rendered":"Preparan s\u00e9ptima Expo Gastron\u00f3mica de Ixtapaluca"},"content":{"rendered":"<div style=\"margin-top: 0px; margin-bottom: 0px;\" class=\"sharethis-inline-share-buttons\" ><\/div><p>Para continuar con un proyecto progresista en el municipio de Ixtapaluca, la direcci\u00f3n de Turismo, Rescate y Conservaci\u00f3n de \u00c1reas Arqueol\u00f3gicas inicia preparativos para realizar por s\u00e9ptimo a\u00f1o consecutivo la \u201cExpo Gastron\u00f3mica\u201d, donde comerciantes de este municipio presentar\u00e1n platillos mexicanos y art\u00edculos artesanales, en la plaza comercial El Cortijo el pr\u00f3ximo 16 y 17 de febrero.<\/p>\n<p>La Expo Gastron\u00f3mica tiene como objetivo que el municipio de Ixtapaluca tenga mayor difusi\u00f3n de la cultura local, lugares tur\u00edsticos, bebidas y alimentos propios de la regi\u00f3n, adem\u00e1s de que los expositores se den a conocer a un mayor n\u00famero de vecinos y visitantes, lo que contribuya a su desarrollo econ\u00f3mico.<\/p>\n<p>Ydaint M\u00e9ndez Bernardino, titular de Turismo, dijo que esta Expo Gastron\u00f3mica ser\u00e1 una mezcla de comida t\u00edpica regional y platillos mexicanos, hasta el momento se tienen contemplados a 50 expositores de Ixtapaluca centro, La Venta, Coatepec y Ayotla.<\/p>\n<p>Sin embargo, precis\u00f3 que a\u00fan hay espacios para que m\u00e1s comerciantes asistan a este evento, el cual no tendr\u00e1 alg\u00fan costo por stand, s\u00f3lo se solicita que el expositor lleve enseres para la preparaci\u00f3n de alimentos, y se registren en la Direcci\u00f3n de Turismo que se encuentra ubicada en la unidad Los H\u00e9roes, avenida Morelos esquina Hermenegildo Galeana, en el edificio Su Casita.<\/p>\n<p>Tienen que presentar copia de su credencial de elector, comprobante de domicilio y lo principal mencionar qu\u00e9 platillo de comida t\u00edpica o de la regi\u00f3n presentar\u00e1n.<\/p>\n<p>Ydaint M\u00e9ndez Bernardino recalc\u00f3 que este evento ser\u00e1 cien por ciento artesanal y se espera que asistan dos mil personas por d\u00eda.<\/p>\n","protected":false},"excerpt":{"rendered":"<p>Para continuar con un proyecto progresista en el municipio de Ixtapaluca, la direcci\u00f3n de Turismo,<\/p>\n","protected":false},"author":1,"featured_media":3595,"comment_status":"open","ping_status":"open","sticky":false,"template":"","format":"standard","meta":{"footnotes":""},"categories":[1],"tags":[234,232,6,233],"class_list":["post-3594","post","type-post","status-publish","format-standard","has-post-thumbnail","hentry","category-municipales","tag-gastronomia","tag-ixta","tag-ixtapaluca","tag-turismo"],"yoast_head":"<!-- This site is optimized with the Yoast SEO plugin v25.3 - https:\/\/yoast.com\/wordpress\/plugins\/seo\/ -->\n<title>Preparan s\u00e9ptima Expo Gastron\u00f3mica de Ixtapaluca - Volcanes<\/title>\n<meta name=\"robots\" content=\"index, follow, max-snippet:-1, max-image-preview:large, max-video-preview:-1\" \/>\n<link rel=\"canonical\" href=\"https:\/\/volcanes.net\/?p=3594\" \/>\n<meta property=\"og:locale\" content=\"es_MX\" \/>\n<meta property=\"og:type\" content=\"article\" \/>\n<meta property=\"og:title\" content=\"Preparan s\u00e9ptima Expo Gastron\u00f3mica de Ixtapaluca - Volcanes\" \/>\n<meta property=\"og:description\" content=\"Para continuar con un proyecto progresista en el municipio de Ixtapaluca, la direcci\u00f3n de Turismo,\" \/>\n<meta property=\"og:url\" content=\"https:\/\/volcanes.net\/?p=3594\" \/>\n<meta property=\"og:site_name\" content=\"Volcanes\" \/>\n<meta property=\"article:publisher\" content=\"https:\/\/www.facebook.com\/volcanes.net\/\" \/>\n<meta property=\"article:published_time\" content=\"2019-01-25T18:25:20+00:00\" \/>\n<meta property=\"og:image\" content=\"https:\/\/volcanes.net\/wp-content\/uploads\/2019\/01\/EXPO-GASTRON\u00d3MICA-5.jpg\" \/>\n\t<meta property=\"og:image:width\" content=\"448\" \/>\n\t<meta property=\"og:image:height\" content=\"336\" \/>\n\t<meta property=\"og:image:type\" content=\"image\/jpeg\" \/>\n<meta name=\"author\" content=\"admin\" \/>\n<meta name=\"twitter:card\" content=\"summary_large_image\" \/>\n<meta name=\"twitter:label1\" content=\"Escrito por\" \/>\n\t<meta name=\"twitter:data1\" content=\"admin\" \/>\n\t<meta name=\"twitter:label2\" content=\"Tiempo de lectura\" \/>\n\t<meta name=\"twitter:data2\" content=\"1 minuto\" \/>\n<script type=\"application\/ld+json\" class=\"yoast-schema-graph\">{\"@context\":\"https:\/\/schema.org\",\"@graph\":[{\"@type\":\"Article\",\"@id\":\"https:\/\/volcanes.net\/?p=3594#article\",\"isPartOf\":{\"@id\":\"https:\/\/volcanes.net\/?p=3594\"},\"author\":{\"name\":\"admin\",\"@id\":\"https:\/\/volcanes.net\/#\/schema\/person\/4bf0f383940966a4abd53f5048c0e6b9\"},\"headline\":\"Preparan s\u00e9ptima Expo Gastron\u00f3mica de Ixtapaluca\",\"datePublished\":\"2019-01-25T18:25:20+00:00\",\"mainEntityOfPage\":{\"@id\":\"https:\/\/volcanes.net\/?p=3594\"},\"wordCount\":292,\"commentCount\":0,\"publisher\":{\"@id\":\"https:\/\/volcanes.net\/#organization\"},\"image\":{\"@id\":\"https:\/\/volcanes.net\/?p=3594#primaryimage\"},\"thumbnailUrl\":\"https:\/\/volcanes.net\/wp-content\/uploads\/2019\/01\/EXPO-GASTRON\u00d3MICA-5.jpg\",\"keywords\":[\"Gastronomia\",\"Ixta\",\"Ixtapaluca\",\"Turismo\"],\"articleSection\":[\"Municipales\"],\"inLanguage\":\"es\",\"potentialAction\":[{\"@type\":\"CommentAction\",\"name\":\"Comment\",\"target\":[\"https:\/\/volcanes.net\/?p=3594#respond\"]}]},{\"@type\":\"WebPage\",\"@id\":\"https:\/\/volcanes.net\/?p=3594\",\"url\":\"https:\/\/volcanes.net\/?p=3594\",\"name\":\"Preparan s\u00e9ptima Expo Gastron\u00f3mica de Ixtapaluca - Volcanes\",\"isPartOf\":{\"@id\":\"https:\/\/volcanes.net\/#website\"},\"primaryImageOfPage\":{\"@id\":\"https:\/\/volcanes.net\/?p=3594#primaryimage\"},\"image\":{\"@id\":\"https:\/\/volcanes.net\/?p=3594#primaryimage\"},\"thumbnailUrl\":\"https:\/\/volcanes.net\/wp-content\/uploads\/2019\/01\/EXPO-GASTRON\u00d3MICA-5.jpg\",\"datePublished\":\"2019-01-25T18:25:20+00:00\",\"breadcrumb\":{\"@id\":\"https:\/\/volcanes.net\/?p=3594#breadcrumb\"},\"inLanguage\":\"es\",\"potentialAction\":[{\"@type\":\"ReadAction\",\"target\":[\"https:\/\/volcanes.net\/?p=3594\"]}]},{\"@type\":\"ImageObject\",\"inLanguage\":\"es\",\"@id\":\"https:\/\/volcanes.net\/?p=3594#primaryimage\",\"url\":\"https:\/\/volcanes.net\/wp-content\/uploads\/2019\/01\/EXPO-GASTRON\u00d3MICA-5.jpg\",\"contentUrl\":\"https:\/\/volcanes.net\/wp-content\/uploads\/2019\/01\/EXPO-GASTRON\u00d3MICA-5.jpg\",\"width\":448,\"height\":336},{\"@type\":\"BreadcrumbList\",\"@id\":\"https:\/\/volcanes.net\/?p=3594#breadcrumb\",\"itemListElement\":[{\"@type\":\"ListItem\",\"position\":1,\"name\":\"Portada\",\"item\":\"https:\/\/volcanes.net\/\"},{\"@type\":\"ListItem\",\"position\":2,\"name\":\"Preparan s\u00e9ptima Expo Gastron\u00f3mica de Ixtapaluca\"}]},{\"@type\":\"WebSite\",\"@id\":\"https:\/\/volcanes.net\/#website\",\"url\":\"https:\/\/volcanes.net\/\",\"name\":\"Volcanes.Net\",\"description\":\"Periodismo Profesional\",\"publisher\":{\"@id\":\"https:\/\/volcanes.net\/#organization\"},\"potentialAction\":[{\"@type\":\"SearchAction\",\"target\":{\"@type\":\"EntryPoint\",\"urlTemplate\":\"https:\/\/volcanes.net\/?s={search_term_string}\"},\"query-input\":{\"@type\":\"PropertyValueSpecification\",\"valueRequired\":true,\"valueName\":\"search_term_string\"}}],\"inLanguage\":\"es\"},{\"@type\":\"Organization\",\"@id\":\"https:\/\/volcanes.net\/#organization\",\"name\":\"Grupo Volcanes\",\"url\":\"https:\/\/volcanes.net\/\",\"logo\":{\"@type\":\"ImageObject\",\"inLanguage\":\"es\",\"@id\":\"https:\/\/volcanes.net\/#\/schema\/logo\/image\/\",\"url\":\"http:\/\/volcanes.net\/wp-content\/uploads\/2017\/12\/Avatar2.jpg\",\"contentUrl\":\"http:\/\/volcanes.net\/wp-content\/uploads\/2017\/12\/Avatar2.jpg\",\"width\":378,\"height\":378,\"caption\":\"Grupo Volcanes\"},\"image\":{\"@id\":\"https:\/\/volcanes.net\/#\/schema\/logo\/image\/\"},\"sameAs\":[\"https:\/\/www.facebook.com\/volcanes.net\/\"]},{\"@type\":\"Person\",\"@id\":\"https:\/\/volcanes.net\/#\/schema\/person\/4bf0f383940966a4abd53f5048c0e6b9\",\"name\":\"admin\",\"image\":{\"@type\":\"ImageObject\",\"inLanguage\":\"es\",\"@id\":\"https:\/\/volcanes.net\/#\/schema\/person\/image\/\",\"url\":\"https:\/\/secure.gravatar.com\/avatar\/ca004e6cba8462b8cb7abc86e382930c?s=96&d=mm&r=g\",\"contentUrl\":\"https:\/\/secure.gravatar.com\/avatar\/ca004e6cba8462b8cb7abc86e382930c?s=96&d=mm&r=g\",\"caption\":\"admin\"}}]}<\/script>\n<!-- \/ Yoast SEO plugin. -->","yoast_head_json":{"title":"Preparan s\u00e9ptima Expo Gastron\u00f3mica de Ixtapaluca - Volcanes","robots":{"index":"index","follow":"follow","max-snippet":"max-snippet:-1","max-image-preview":"max-image-preview:large","max-video-preview":"max-video-preview:-1"},"canonical":"https:\/\/volcanes.net\/?p=3594","og_locale":"es_MX","og_type":"article","og_title":"Preparan s\u00e9ptima Expo Gastron\u00f3mica de Ixtapaluca - Volcanes","og_description":"Para continuar con un proyecto progresista en el municipio de Ixtapaluca, la direcci\u00f3n de Turismo,","og_url":"https:\/\/volcanes.net\/?p=3594","og_site_name":"Volcanes","article_publisher":"https:\/\/www.facebook.com\/volcanes.net\/","article_published_time":"2019-01-25T18:25:20+00:00","og_image":[{"width":448,"height":336,"url":"https:\/\/volcanes.net\/wp-content\/uploads\/2019\/01\/EXPO-GASTRON\u00d3MICA-5.jpg","type":"image\/jpeg"}],"author":"admin","twitter_card":"summary_large_image","twitter_misc":{"Escrito por":"admin","Tiempo de lectura":"1 minuto"},"schema":{"@context":"https:\/\/schema.org","@graph":[{"@type":"Article","@id":"https:\/\/volcanes.net\/?p=3594#article","isPartOf":{"@id":"https:\/\/volcanes.net\/?p=3594"},"author":{"name":"admin","@id":"https:\/\/volcanes.net\/#\/schema\/person\/4bf0f383940966a4abd53f5048c0e6b9"},"headline":"Preparan s\u00e9ptima Expo Gastron\u00f3mica de Ixtapaluca","datePublished":"2019-01-25T18:25:20+00:00","mainEntityOfPage":{"@id":"https:\/\/volcanes.net\/?p=3594"},"wordCount":292,"commentCount":0,"publisher":{"@id":"https:\/\/volcanes.net\/#organization"},"image":{"@id":"https:\/\/volcanes.net\/?p=3594#primaryimage"},"thumbnailUrl":"https:\/\/volcanes.net\/wp-content\/uploads\/2019\/01\/EXPO-GASTRON\u00d3MICA-5.jpg","keywords":["Gastronomia","Ixta","Ixtapaluca","Turismo"],"articleSection":["Municipales"],"inLanguage":"es","potentialAction":[{"@type":"CommentAction","name":"Comment","target":["https:\/\/volcanes.net\/?p=3594#respond"]}]},{"@type":"WebPage","@id":"https:\/\/volcanes.net\/?p=3594","url":"https:\/\/volcanes.net\/?p=3594","name":"Preparan s\u00e9ptima Expo Gastron\u00f3mica de Ixtapaluca - Volcanes","isPartOf":{"@id":"https:\/\/volcanes.net\/#website"},"primaryImageOfPage":{"@id":"https:\/\/volcanes.net\/?p=3594#primaryimage"},"image":{"@id":"https:\/\/volcanes.net\/?p=3594#primaryimage"},"thumbnailUrl":"https:\/\/volcanes.net\/wp-content\/uploads\/2019\/01\/EXPO-GASTRON\u00d3MICA-5.jpg","datePublished":"2019-01-25T18:25:20+00:00","breadcrumb":{"@id":"https:\/\/volcanes.net\/?p=3594#breadcrumb"},"inLanguage":"es","potentialAction":[{"@type":"ReadAction","target":["https:\/\/volcanes.net\/?p=3594"]}]},{"@type":"ImageObject","inLanguage":"es","@id":"https:\/\/volcanes.net\/?p=3594#primaryimage","url":"https:\/\/volcanes.net\/wp-content\/uploads\/2019\/01\/EXPO-GASTRON\u00d3MICA-5.jpg","contentUrl":"https:\/\/volcanes.net\/wp-content\/uploads\/2019\/01\/EXPO-GASTRON\u00d3MICA-5.jpg","width":448,"height":336},{"@type":"BreadcrumbList","@id":"https:\/\/volcanes.net\/?p=3594#breadcrumb","itemListElement":[{"@type":"ListItem","position":1,"name":"Portada","item":"https:\/\/volcanes.net\/"},{"@type":"ListItem","position":2,"name":"Preparan s\u00e9ptima Expo Gastron\u00f3mica de Ixtapaluca"}]},{"@type":"WebSite","@id":"https:\/\/volcanes.net\/#website","url":"https:\/\/volcanes.net\/","name":"Volcanes.Net","description":"Periodismo Profesional","publisher":{"@id":"https:\/\/volcanes.net\/#organization"},"potentialAction":[{"@type":"SearchAction","target":{"@type":"EntryPoint","urlTemplate":"https:\/\/volcanes.net\/?s={search_term_string}"},"query-input":{"@type":"PropertyValueSpecification","valueRequired":true,"valueName":"search_term_string"}}],"inLanguage":"es"},{"@type":"Organization","@id":"https:\/\/volcanes.net\/#organization","name":"Grupo Volcanes","url":"https:\/\/volcanes.net\/","logo":{"@type":"ImageObject","inLanguage":"es","@id":"https:\/\/volcanes.net\/#\/schema\/logo\/image\/","url":"http:\/\/volcanes.net\/wp-content\/uploads\/2017\/12\/Avatar2.jpg","contentUrl":"http:\/\/volcanes.net\/wp-content\/uploads\/2017\/12\/Avatar2.jpg","width":378,"height":378,"caption":"Grupo Volcanes"},"image":{"@id":"https:\/\/volcanes.net\/#\/schema\/logo\/image\/"},"sameAs":["https:\/\/www.facebook.com\/volcanes.net\/"]},{"@type":"Person","@id":"https:\/\/volcanes.net\/#\/schema\/person\/4bf0f383940966a4abd53f5048c0e6b9","name":"admin","image":{"@type":"ImageObject","inLanguage":"es","@id":"https:\/\/volcanes.net\/#\/schema\/person\/image\/","url":"https:\/\/secure.gravatar.com\/avatar\/ca004e6cba8462b8cb7abc86e382930c?s=96&d=mm&r=g","contentUrl":"https:\/\/secure.gravatar.com\/avatar\/ca004e6cba8462b8cb7abc86e382930c?s=96&d=mm&r=g","caption":"admin"}}]}},"_links":{"self":[{"href":"https:\/\/volcanes.net\/index.php?rest_route=\/wp\/v2\/posts\/3594"}],"collection":[{"href":"https:\/\/volcanes.net\/index.php?rest_route=\/wp\/v2\/posts"}],"about":[{"href":"https:\/\/volcanes.net\/index.php?rest_route=\/wp\/v2\/types\/post"}],"author":[{"embeddable":true,"href":"https:\/\/volcanes.net\/index.php?rest_route=\/wp\/v2\/users\/1"}],"replies":[{"embeddable":true,"href":"https:\/\/volcanes.net\/index.php?rest_route=%2Fwp%2Fv2%2Fcomments&post=3594"}],"version-history":[{"count":1,"href":"https:\/\/volcanes.net\/index.php?rest_route=\/wp\/v2\/posts\/3594\/revisions"}],"predecessor-version":[{"id":3596,"href":"https:\/\/volcanes.net\/index.php?rest_route=\/wp\/v2\/posts\/3594\/revisions\/3596"}],"wp:featuredmedia":[{"embeddable":true,"href":"https:\/\/volcanes.net\/index.php?rest_route=\/wp\/v2\/media\/3595"}],"wp:attachment":[{"href":"https:\/\/volcanes.net\/index.php?rest_route=%2Fwp%2Fv2%2Fmedia&parent=3594"}],"wp:term":[{"taxonomy":"category","embeddable":true,"href":"https:\/\/volcanes.net\/index.php?rest_route=%2Fwp%2Fv2%2Fcategories&post=3594"},{"taxonomy":"post_tag","embeddable":true,"href":"https:\/\/volcanes.net\/index.php?rest_route=%2Fwp%2Fv2%2Ftags&post=3594"}],"curies":[{"name":"wp","href":"https:\/\/api.w.org\/{rel}","templated":true}]}}