{"id":3602,"date":"2019-01-26T00:07:22","date_gmt":"2019-01-26T00:07:22","guid":{"rendered":"http:\/\/volcanes.net\/?p=3602"},"modified":"2019-01-26T00:07:22","modified_gmt":"2019-01-26T00:07:22","slug":"aprueban-por-unanimidad-exhorto-para-liberar-indigenas-encarcelados-desde-hace-15-anos-en-edomex","status":"publish","type":"post","link":"https:\/\/volcanes.net\/?p=3602","title":{"rendered":"Aprueban por unanimidad exhorto para liberar ind\u00edgenas encarcelados desde hace 15 a\u00f1os en Edomex"},"content":{"rendered":"<div style=\"margin-top: 0px; margin-bottom: 0px;\" class=\"sharethis-inline-share-buttons\" ><\/div><p>*En tribuna parlamentaria, el diputado Max Correa Hern\u00e1ndez argument\u00f3 que en 2003 las v\u00edctimas fueron acusados injustamente de homicidio por oponerse a la explotaci\u00f3n del agua por parte de empresas floricultoras transnacionales.<\/p>\n<p>ESTADO DE M\u00c9XICO. El Congreso del Estado de M\u00e9xico aprob\u00f3 un Punto de Acuerdo para exhortar a la Fiscal\u00eda mexiquense se desista de la acci\u00f3n penal en contra de los ind\u00edgenas nahuas de la comunidad de San Pedro Tlanixco, del municipio de Tenango del Valle, quienes desde hace 15 a\u00f1os se encuentran privados de su libertad bajo la figura de \u201cprisi\u00f3n preventiva oficiosa\u201d.<\/p>\n<p>El Punto de Acuerdo, que fue presentado por el diputado Max Correa Hern\u00e1ndez, incluye que las autoridades competentes ordenen la liberaci\u00f3n de los comuneros nahuas defensores del agua Dominga Gonz\u00e1lez Mart\u00ednez, Lorenzo S\u00e1nchez Berriozabal, Marco Antonio P\u00e9rez Gonz\u00e1lez, Pedro S\u00e1nchez Berriozabal, Te\u00f3filo P\u00e9rez Gonz\u00e1lez y R\u00f3mulo Arias Mireles, y cesen las investigaciones en contra de ind\u00edgenas considerados presuntos implicados.<\/p>\n<p>El legislador del partido Morena argument\u00f3 que en 2003 los ind\u00edgenas fueron acusados injustamente de homicidio por oponerse a la explotaci\u00f3n del agua por parte de empresas floricultoras transnacionales, y desde ese d\u00eda son reos en el Penal de Santiaguito en Almoloya de Ju\u00e1rez.<\/p>\n<p>\u201cLos comuneros presos pol\u00edticos ya han sufrido quince a\u00f1os en \u2018prisi\u00f3n preventiva oficiosa\u2019, en un proceso penal plagado de injusticias marcado por las violaciones al debido proceso y violaciones a sus derechos ind\u00edgenas, conden\u00e1ndolos a la infame sentencia de 50 a\u00f1os de prisi\u00f3n\u201d.<\/p>\n<p>Argument\u00f3 que de acuerdo a la oficina de Derechos Humanos de la ONU \u201cla prisio\u0301n preventiva oficiosa puede ser una medida que las autoridades utilicen para anticipar la imposicio\u0301n de penas y emplear las herramientas del derecho penal para fines ilegi\u0301timos, como la represio\u0301n de movimientos sociales, manifestaciones pu\u0301blicas, ataque a activistas y personas defensoras de derechos humanos, u opositores poli\u0301ticos\u201d.<\/p>\n<p>Resalt\u00f3 que tal sentencia no s\u00f3lo es injusta, tambi\u00e9n es un obst\u00e1culo para que no puedan defender el derecho al agua de su comunidad, y es una contravenci\u00f3n a lo que establece el Art\u00edculo 9 de la Observaci\u00f3n general n\u00famero 35 Libertad y seguridad personales del Comit\u00e9 de Derechos Humanos de la ONU, que determina que \u201clas personas que no sean puestas en libertad en espera de juicio deber\u00e1n ser juzgadas lo m\u00e1s r\u00e1pidamente posible en la medida en que ello sea compatible con su derecho de defensa\u201d.<\/p>\n<p>En ese sentido, el tambi\u00e9n secretario de la Central Campesina Cardenista (CCC) detall\u00f3 que entre los artificios legales que la autoridad judicial utiliza para privarlos de su libertad se encuentra el supuesto testimonio de un \u201cni\u00f1o pastor\u201d, de quien nunca se comprob\u00f3 su existencia.<\/p>\n<p>Asimismo, confirm\u00f3 que la sentencia contra los ind\u00edgenas se sustenta en falsas declaraciones, como la que se\u00f1ala de homicidio a un l\u00edder ind\u00edgena que falleci\u00f3 un a\u00f1o de los hechos; asimismo, a uno de los inculpados, quien tiene discapacidad para caminar y utiliza muletas, se le acusa de haber pateado al occiso.<\/p>\n<p>Durante el Primer Periodo Extraordinario de Sesiones del Congreso mexiquense, explic\u00f3 que ante este caso, la Oficina en M\u00e9xico del Alto Comisionado de Naciones Unidas expres\u00f3 su preocupaci\u00f3n tras identificar violaciones al derecho a la presunci\u00f3n de inocencia, la indebida valoraci\u00f3n de las pruebas, la deficiente individualizaci\u00f3n de las penas y la excesiva duraci\u00f3n de la prisi\u00f3n preventiva.<\/p>\n<p>Sin embargo, detall\u00f3 el activista social, el pasado 17 de enero el Primer Tribunal de Alzada en Materia Penal del Estado de M\u00e9xico resolvi\u00f3 en apelaci\u00f3n: \u201cReponer el procedimiento tras considerar que no va en dem\u00e9rito de la garant\u00eda individual consagrada a favor de los sentenciados conforme a la cual deben ser juzgados dentro del menor tiempo que sea factible\u201d (sic).<\/p>\n<p>\u201cAs\u00ed, y tras injustos quince a\u00f1os de prisi\u00f3n preventiva se reitera la violaci\u00f3n del derecho a un recurso efectivo, ya que no se ordena la libertad inmediata, sino que estar\u00e1n privados de la libertad por un delito que el estado no pudo probar en dos instancias, y en sentido contrario, ha quedado m\u00e1s que claro que la prisi\u00f3n de los comuneros es consecuencia de su lucha\u201d.<\/p>\n<p>Detall\u00f3 que de acuerdo a la Organizaci\u00f3n Defensora de Derechos Humanos \u201cZeferino Ladrillero\u201d existen m\u00e1s presos pol\u00edticos que padecen un sistema de justicia penal que entorpece su libertad, la dificulta, y que responde a una consigna meramente pol\u00edtica con tal de mantenerlos tras las rejas.<\/p>\n<p>Estos casos de presos pol\u00edticos privados de su libertad en el Estado de M\u00e9xico por defender derechos humanos son Jos\u00e9 Humbertus P\u00e9rez Espinoza, presidente del Frente mexiquense en defensa para una vivienda digna A.C.<\/p>\n<p>Beatriz P\u00e9rez Flores, Cutberto Vilchis Garc\u00eda, Miguel \u00c1ngel Vilchis Garc\u00eda, Miguel \u00c1ngel Vilchis Zarza, Ferm\u00edn Esquivel Rojas, Daneyra Kikey Becerril Villavicencio, Yuriko Maribel Becerril Villavicencio y Francisco Miguel Ceballos Vargas, representantes e integrantes de los bienes comunales de Salazar, ubicados a un lado del denominado Parque nacional La Marquesa.<\/p>\n<p>Ricardo Dominguez Adv\u00edncula, quien fue v\u00edctima de tratos crueles, inhumanos y degradantes desde su detenci\u00f3n arbitraria el 11 de agosto del 2017, quien, pese a haber declarado que fue encadenado de pies y manos durante el tiempo de su aprehensi\u00f3n, no ha obtenido justicia por esos hechos.<\/p>\n<p>Finalmente, y en representaci\u00f3n del Grupo Parlamentario de Morena en el Estado de M\u00e9xico, Max Correa afirm\u00f3 que el exhorto tiene tambi\u00e9n la finalidad de que no exista ning\u00fan preso pol\u00edtico campesino e ind\u00edgena por defender sus tierras y aguas.<\/p>\n","protected":false},"excerpt":{"rendered":"<p>*En tribuna parlamentaria, el diputado Max Correa Hern\u00e1ndez argument\u00f3 que en 2003 las v\u00edctimas fueron<\/p>\n","protected":false},"author":1,"featured_media":3601,"comment_status":"open","ping_status":"open","sticky":false,"template":"","format":"standard","meta":{"footnotes":""},"categories":[1],"tags":[192],"class_list":["post-3602","post","type-post","status-publish","format-standard","has-post-thumbnail","hentry","category-municipales","tag-legislatura-edomex"],"yoast_head":"<!-- This site is optimized with the Yoast SEO plugin v25.3 - https:\/\/yoast.com\/wordpress\/plugins\/seo\/ -->\n<title>Aprueban por unanimidad exhorto para liberar ind\u00edgenas encarcelados desde hace 15 a\u00f1os en Edomex - Volcanes<\/title>\n<meta name=\"robots\" content=\"index, follow, max-snippet:-1, max-image-preview:large, max-video-preview:-1\" \/>\n<link rel=\"canonical\" href=\"https:\/\/volcanes.net\/?p=3602\" \/>\n<meta property=\"og:locale\" content=\"es_MX\" \/>\n<meta property=\"og:type\" content=\"article\" \/>\n<meta property=\"og:title\" content=\"Aprueban por unanimidad exhorto para liberar ind\u00edgenas encarcelados desde hace 15 a\u00f1os en Edomex - Volcanes\" \/>\n<meta property=\"og:description\" content=\"*En tribuna parlamentaria, el diputado Max Correa Hern\u00e1ndez argument\u00f3 que en 2003 las v\u00edctimas fueron\" \/>\n<meta property=\"og:url\" content=\"https:\/\/volcanes.net\/?p=3602\" \/>\n<meta property=\"og:site_name\" content=\"Volcanes\" \/>\n<meta property=\"article:publisher\" content=\"https:\/\/www.facebook.com\/volcanes.net\/\" \/>\n<meta property=\"article:published_time\" content=\"2019-01-26T00:07:22+00:00\" \/>\n<meta property=\"og:image\" content=\"https:\/\/volcanes.net\/wp-content\/uploads\/2019\/01\/IMG-20190125-WA0026.jpg\" \/>\n\t<meta property=\"og:image:width\" content=\"1280\" \/>\n\t<meta property=\"og:image:height\" content=\"853\" \/>\n\t<meta property=\"og:image:type\" content=\"image\/jpeg\" \/>\n<meta name=\"author\" content=\"admin\" \/>\n<meta name=\"twitter:card\" content=\"summary_large_image\" \/>\n<meta name=\"twitter:label1\" content=\"Escrito por\" \/>\n\t<meta name=\"twitter:data1\" content=\"admin\" \/>\n\t<meta name=\"twitter:label2\" content=\"Tiempo de lectura\" \/>\n\t<meta name=\"twitter:data2\" content=\"5 minutos\" \/>\n<script type=\"application\/ld+json\" class=\"yoast-schema-graph\">{\"@context\":\"https:\/\/schema.org\",\"@graph\":[{\"@type\":\"Article\",\"@id\":\"https:\/\/volcanes.net\/?p=3602#article\",\"isPartOf\":{\"@id\":\"https:\/\/volcanes.net\/?p=3602\"},\"author\":{\"name\":\"admin\",\"@id\":\"https:\/\/volcanes.net\/#\/schema\/person\/4bf0f383940966a4abd53f5048c0e6b9\"},\"headline\":\"Aprueban por unanimidad exhorto para liberar ind\u00edgenas encarcelados desde hace 15 a\u00f1os en Edomex\",\"datePublished\":\"2019-01-26T00:07:22+00:00\",\"mainEntityOfPage\":{\"@id\":\"https:\/\/volcanes.net\/?p=3602\"},\"wordCount\":988,\"commentCount\":0,\"publisher\":{\"@id\":\"https:\/\/volcanes.net\/#organization\"},\"image\":{\"@id\":\"https:\/\/volcanes.net\/?p=3602#primaryimage\"},\"thumbnailUrl\":\"https:\/\/volcanes.net\/wp-content\/uploads\/2019\/01\/IMG-20190125-WA0026.jpg\",\"keywords\":[\"Legislatura Edomex\"],\"articleSection\":[\"Municipales\"],\"inLanguage\":\"es\",\"potentialAction\":[{\"@type\":\"CommentAction\",\"name\":\"Comment\",\"target\":[\"https:\/\/volcanes.net\/?p=3602#respond\"]}]},{\"@type\":\"WebPage\",\"@id\":\"https:\/\/volcanes.net\/?p=3602\",\"url\":\"https:\/\/volcanes.net\/?p=3602\",\"name\":\"Aprueban por unanimidad exhorto para liberar ind\u00edgenas encarcelados desde hace 15 a\u00f1os en Edomex - Volcanes\",\"isPartOf\":{\"@id\":\"https:\/\/volcanes.net\/#website\"},\"primaryImageOfPage\":{\"@id\":\"https:\/\/volcanes.net\/?p=3602#primaryimage\"},\"image\":{\"@id\":\"https:\/\/volcanes.net\/?p=3602#primaryimage\"},\"thumbnailUrl\":\"https:\/\/volcanes.net\/wp-content\/uploads\/2019\/01\/IMG-20190125-WA0026.jpg\",\"datePublished\":\"2019-01-26T00:07:22+00:00\",\"breadcrumb\":{\"@id\":\"https:\/\/volcanes.net\/?p=3602#breadcrumb\"},\"inLanguage\":\"es\",\"potentialAction\":[{\"@type\":\"ReadAction\",\"target\":[\"https:\/\/volcanes.net\/?p=3602\"]}]},{\"@type\":\"ImageObject\",\"inLanguage\":\"es\",\"@id\":\"https:\/\/volcanes.net\/?p=3602#primaryimage\",\"url\":\"https:\/\/volcanes.net\/wp-content\/uploads\/2019\/01\/IMG-20190125-WA0026.jpg\",\"contentUrl\":\"https:\/\/volcanes.net\/wp-content\/uploads\/2019\/01\/IMG-20190125-WA0026.jpg\",\"width\":1280,\"height\":853},{\"@type\":\"BreadcrumbList\",\"@id\":\"https:\/\/volcanes.net\/?p=3602#breadcrumb\",\"itemListElement\":[{\"@type\":\"ListItem\",\"position\":1,\"name\":\"Portada\",\"item\":\"https:\/\/volcanes.net\/\"},{\"@type\":\"ListItem\",\"position\":2,\"name\":\"Aprueban por unanimidad exhorto para liberar ind\u00edgenas encarcelados desde hace 15 a\u00f1os en Edomex\"}]},{\"@type\":\"WebSite\",\"@id\":\"https:\/\/volcanes.net\/#website\",\"url\":\"https:\/\/volcanes.net\/\",\"name\":\"Volcanes.Net\",\"description\":\"Periodismo Profesional\",\"publisher\":{\"@id\":\"https:\/\/volcanes.net\/#organization\"},\"potentialAction\":[{\"@type\":\"SearchAction\",\"target\":{\"@type\":\"EntryPoint\",\"urlTemplate\":\"https:\/\/volcanes.net\/?s={search_term_string}\"},\"query-input\":{\"@type\":\"PropertyValueSpecification\",\"valueRequired\":true,\"valueName\":\"search_term_string\"}}],\"inLanguage\":\"es\"},{\"@type\":\"Organization\",\"@id\":\"https:\/\/volcanes.net\/#organization\",\"name\":\"Grupo Volcanes\",\"url\":\"https:\/\/volcanes.net\/\",\"logo\":{\"@type\":\"ImageObject\",\"inLanguage\":\"es\",\"@id\":\"https:\/\/volcanes.net\/#\/schema\/logo\/image\/\",\"url\":\"http:\/\/volcanes.net\/wp-content\/uploads\/2017\/12\/Avatar2.jpg\",\"contentUrl\":\"http:\/\/volcanes.net\/wp-content\/uploads\/2017\/12\/Avatar2.jpg\",\"width\":378,\"height\":378,\"caption\":\"Grupo Volcanes\"},\"image\":{\"@id\":\"https:\/\/volcanes.net\/#\/schema\/logo\/image\/\"},\"sameAs\":[\"https:\/\/www.facebook.com\/volcanes.net\/\"]},{\"@type\":\"Person\",\"@id\":\"https:\/\/volcanes.net\/#\/schema\/person\/4bf0f383940966a4abd53f5048c0e6b9\",\"name\":\"admin\",\"image\":{\"@type\":\"ImageObject\",\"inLanguage\":\"es\",\"@id\":\"https:\/\/volcanes.net\/#\/schema\/person\/image\/\",\"url\":\"https:\/\/secure.gravatar.com\/avatar\/ca004e6cba8462b8cb7abc86e382930c?s=96&d=mm&r=g\",\"contentUrl\":\"https:\/\/secure.gravatar.com\/avatar\/ca004e6cba8462b8cb7abc86e382930c?s=96&d=mm&r=g\",\"caption\":\"admin\"}}]}<\/script>\n<!-- \/ Yoast SEO plugin. -->","yoast_head_json":{"title":"Aprueban por unanimidad exhorto para liberar ind\u00edgenas encarcelados desde hace 15 a\u00f1os en Edomex - Volcanes","robots":{"index":"index","follow":"follow","max-snippet":"max-snippet:-1","max-image-preview":"max-image-preview:large","max-video-preview":"max-video-preview:-1"},"canonical":"https:\/\/volcanes.net\/?p=3602","og_locale":"es_MX","og_type":"article","og_title":"Aprueban por unanimidad exhorto para liberar ind\u00edgenas encarcelados desde hace 15 a\u00f1os en Edomex - Volcanes","og_description":"*En tribuna parlamentaria, el diputado Max Correa Hern\u00e1ndez argument\u00f3 que en 2003 las v\u00edctimas fueron","og_url":"https:\/\/volcanes.net\/?p=3602","og_site_name":"Volcanes","article_publisher":"https:\/\/www.facebook.com\/volcanes.net\/","article_published_time":"2019-01-26T00:07:22+00:00","og_image":[{"width":1280,"height":853,"url":"https:\/\/volcanes.net\/wp-content\/uploads\/2019\/01\/IMG-20190125-WA0026.jpg","type":"image\/jpeg"}],"author":"admin","twitter_card":"summary_large_image","twitter_misc":{"Escrito por":"admin","Tiempo de lectura":"5 minutos"},"schema":{"@context":"https:\/\/schema.org","@graph":[{"@type":"Article","@id":"https:\/\/volcanes.net\/?p=3602#article","isPartOf":{"@id":"https:\/\/volcanes.net\/?p=3602"},"author":{"name":"admin","@id":"https:\/\/volcanes.net\/#\/schema\/person\/4bf0f383940966a4abd53f5048c0e6b9"},"headline":"Aprueban por unanimidad exhorto para liberar ind\u00edgenas encarcelados desde hace 15 a\u00f1os en Edomex","datePublished":"2019-01-26T00:07:22+00:00","mainEntityOfPage":{"@id":"https:\/\/volcanes.net\/?p=3602"},"wordCount":988,"commentCount":0,"publisher":{"@id":"https:\/\/volcanes.net\/#organization"},"image":{"@id":"https:\/\/volcanes.net\/?p=3602#primaryimage"},"thumbnailUrl":"https:\/\/volcanes.net\/wp-content\/uploads\/2019\/01\/IMG-20190125-WA0026.jpg","keywords":["Legislatura Edomex"],"articleSection":["Municipales"],"inLanguage":"es","potentialAction":[{"@type":"CommentAction","name":"Comment","target":["https:\/\/volcanes.net\/?p=3602#respond"]}]},{"@type":"WebPage","@id":"https:\/\/volcanes.net\/?p=3602","url":"https:\/\/volcanes.net\/?p=3602","name":"Aprueban por unanimidad exhorto para liberar ind\u00edgenas encarcelados desde hace 15 a\u00f1os en Edomex - Volcanes","isPartOf":{"@id":"https:\/\/volcanes.net\/#website"},"primaryImageOfPage":{"@id":"https:\/\/volcanes.net\/?p=3602#primaryimage"},"image":{"@id":"https:\/\/volcanes.net\/?p=3602#primaryimage"},"thumbnailUrl":"https:\/\/volcanes.net\/wp-content\/uploads\/2019\/01\/IMG-20190125-WA0026.jpg","datePublished":"2019-01-26T00:07:22+00:00","breadcrumb":{"@id":"https:\/\/volcanes.net\/?p=3602#breadcrumb"},"inLanguage":"es","potentialAction":[{"@type":"ReadAction","target":["https:\/\/volcanes.net\/?p=3602"]}]},{"@type":"ImageObject","inLanguage":"es","@id":"https:\/\/volcanes.net\/?p=3602#primaryimage","url":"https:\/\/volcanes.net\/wp-content\/uploads\/2019\/01\/IMG-20190125-WA0026.jpg","contentUrl":"https:\/\/volcanes.net\/wp-content\/uploads\/2019\/01\/IMG-20190125-WA0026.jpg","width":1280,"height":853},{"@type":"BreadcrumbList","@id":"https:\/\/volcanes.net\/?p=3602#breadcrumb","itemListElement":[{"@type":"ListItem","position":1,"name":"Portada","item":"https:\/\/volcanes.net\/"},{"@type":"ListItem","position":2,"name":"Aprueban por unanimidad exhorto para liberar ind\u00edgenas encarcelados desde hace 15 a\u00f1os en Edomex"}]},{"@type":"WebSite","@id":"https:\/\/volcanes.net\/#website","url":"https:\/\/volcanes.net\/","name":"Volcanes.Net","description":"Periodismo Profesional","publisher":{"@id":"https:\/\/volcanes.net\/#organization"},"potentialAction":[{"@type":"SearchAction","target":{"@type":"EntryPoint","urlTemplate":"https:\/\/volcanes.net\/?s={search_term_string}"},"query-input":{"@type":"PropertyValueSpecification","valueRequired":true,"valueName":"search_term_string"}}],"inLanguage":"es"},{"@type":"Organization","@id":"https:\/\/volcanes.net\/#organization","name":"Grupo Volcanes","url":"https:\/\/volcanes.net\/","logo":{"@type":"ImageObject","inLanguage":"es","@id":"https:\/\/volcanes.net\/#\/schema\/logo\/image\/","url":"http:\/\/volcanes.net\/wp-content\/uploads\/2017\/12\/Avatar2.jpg","contentUrl":"http:\/\/volcanes.net\/wp-content\/uploads\/2017\/12\/Avatar2.jpg","width":378,"height":378,"caption":"Grupo Volcanes"},"image":{"@id":"https:\/\/volcanes.net\/#\/schema\/logo\/image\/"},"sameAs":["https:\/\/www.facebook.com\/volcanes.net\/"]},{"@type":"Person","@id":"https:\/\/volcanes.net\/#\/schema\/person\/4bf0f383940966a4abd53f5048c0e6b9","name":"admin","image":{"@type":"ImageObject","inLanguage":"es","@id":"https:\/\/volcanes.net\/#\/schema\/person\/image\/","url":"https:\/\/secure.gravatar.com\/avatar\/ca004e6cba8462b8cb7abc86e382930c?s=96&d=mm&r=g","contentUrl":"https:\/\/secure.gravatar.com\/avatar\/ca004e6cba8462b8cb7abc86e382930c?s=96&d=mm&r=g","caption":"admin"}}]}},"_links":{"self":[{"href":"https:\/\/volcanes.net\/index.php?rest_route=\/wp\/v2\/posts\/3602"}],"collection":[{"href":"https:\/\/volcanes.net\/index.php?rest_route=\/wp\/v2\/posts"}],"about":[{"href":"https:\/\/volcanes.net\/index.php?rest_route=\/wp\/v2\/types\/post"}],"author":[{"embeddable":true,"href":"https:\/\/volcanes.net\/index.php?rest_route=\/wp\/v2\/users\/1"}],"replies":[{"embeddable":true,"href":"https:\/\/volcanes.net\/index.php?rest_route=%2Fwp%2Fv2%2Fcomments&post=3602"}],"version-history":[{"count":1,"href":"https:\/\/volcanes.net\/index.php?rest_route=\/wp\/v2\/posts\/3602\/revisions"}],"predecessor-version":[{"id":3603,"href":"https:\/\/volcanes.net\/index.php?rest_route=\/wp\/v2\/posts\/3602\/revisions\/3603"}],"wp:featuredmedia":[{"embeddable":true,"href":"https:\/\/volcanes.net\/index.php?rest_route=\/wp\/v2\/media\/3601"}],"wp:attachment":[{"href":"https:\/\/volcanes.net\/index.php?rest_route=%2Fwp%2Fv2%2Fmedia&parent=3602"}],"wp:term":[{"taxonomy":"category","embeddable":true,"href":"https:\/\/volcanes.net\/index.php?rest_route=%2Fwp%2Fv2%2Fcategories&post=3602"},{"taxonomy":"post_tag","embeddable":true,"href":"https:\/\/volcanes.net\/index.php?rest_route=%2Fwp%2Fv2%2Ftags&post=3602"}],"curies":[{"name":"wp","href":"https:\/\/api.w.org\/{rel}","templated":true}]}}