{"id":361,"date":"2018-01-11T04:40:54","date_gmt":"2018-01-11T04:40:54","guid":{"rendered":"http:\/\/volcanes.net\/?p=361"},"modified":"2018-01-11T04:40:54","modified_gmt":"2018-01-11T04:40:54","slug":"estudiantes-uaem-son-reconocidos-con-premio-municipal-del-deporte-2017","status":"publish","type":"post","link":"https:\/\/volcanes.net\/?p=361","title":{"rendered":"Estudiantes UAEM son reconocidos con Premio Municipal del Deporte 2017"},"content":{"rendered":"<div style=\"margin-top: 0px; margin-bottom: 0px;\" class=\"sharethis-inline-share-buttons\" ><\/div><p class=\"x_MsoNormal\"><span lang=\"ES-MX\">Claudia Paola Galindo Villarreal, Axel Eloir Santos Mancilla y\u00a0<em>Jes\u00fas Alberto<\/em>\u00a0Hern\u00e1ndez\u00a0<em>Bayl\u00f3n<\/em>, estudiantes de la Universidad Aut\u00f3noma del Estado de M\u00e9xico, fueron reconocidos por el ayuntamiento de Toluca con el Premio Municipal del Deporte 2017.<\/span><\/p>\n<p class=\"x_MsoNormal\"><span lang=\"ES-MX\">En sesi\u00f3n de cabildo se reconoci\u00f3 el destacado papel de los deportistas universitarios originarios de la capital mexiquense en las disciplinas de duatl\u00f3n, box y f\u00fatbol americano, respectivamente.<\/span><\/p>\n<p class=\"x_MsoNormal\"><span lang=\"ES-MX\">Claudia Paola Galindo Villarreal, de 19 a\u00f1os de edad, estudia la Licenciatura en Derecho Internacional. En agosto de 2017 obtuvo medalla de bronce en el Campeonato del Mundo de Duatl\u00f3n, que se llev\u00f3 a cabo en Penticton, Canad\u00e1.\u00a0Durante 2018 buscar\u00e1 su clasificaci\u00f3n para los pr\u00f3ximos Juegos Centroamericanos.<\/span><\/p>\n<p class=\"x_MsoNormal\"><span lang=\"ES-MX\">Santos Mancilla, de 16 a\u00f1os de edad y estudiante del Plantel \u201cCuauht\u00e9moc\u201d de la Escuela Preparatoria de la UAEM, fue reconocido por sus logros en el boxeo, disciplina a la que se dedica desde la infancia.<\/span><\/p>\n<p class=\"x_MsoNormal\"><span lang=\"ES-MX\">Forma parte de la Selecci\u00f3n Nacional de los Juegos Ol\u00edmpicos de la Juventud y representar\u00e1 a M\u00e9xico en esta justa deportiva, que se llevar\u00e1 a cabo en mayo pr\u00f3ximo, en Buenos Aires, Argentina.<\/span><\/p>\n<p class=\"x_MsoNormal\"><span lang=\"ES-MX\">En tanto, Jes\u00fas Alberto Hern\u00e1ndez Bayl\u00f3n, de 24 a\u00f1os de edad, estudia la Licenciatura en Actuar\u00eda y fue reconocido por su trayectoria como jugador de f\u00fatbol americano en Potros Salvajes, donde ocupa la posici\u00f3n de receptor y es capit\u00e1n del equipo.<\/span><\/p>\n","protected":false},"excerpt":{"rendered":"<p>Claudia Paola Galindo Villarreal, Axel Eloir Santos Mancilla y\u00a0Jes\u00fas Alberto\u00a0Hern\u00e1ndez\u00a0Bayl\u00f3n, estudiantes de la Universidad Aut\u00f3noma<\/p>\n","protected":false},"author":1,"featured_media":357,"comment_status":"open","ping_status":"open","sticky":false,"template":"","format":"standard","meta":{"footnotes":""},"categories":[1],"tags":[41],"class_list":["post-361","post","type-post","status-publish","format-standard","has-post-thumbnail","hentry","category-municipales","tag-toluca"],"yoast_head":"<!-- This site is optimized with the Yoast SEO plugin v25.3 - https:\/\/yoast.com\/wordpress\/plugins\/seo\/ -->\n<title>Estudiantes UAEM son reconocidos con Premio Municipal del Deporte 2017 - Volcanes<\/title>\n<meta name=\"robots\" content=\"index, follow, max-snippet:-1, max-image-preview:large, max-video-preview:-1\" \/>\n<link rel=\"canonical\" href=\"https:\/\/volcanes.net\/?p=361\" \/>\n<meta property=\"og:locale\" content=\"es_MX\" \/>\n<meta property=\"og:type\" content=\"article\" \/>\n<meta property=\"og:title\" content=\"Estudiantes UAEM son reconocidos con Premio Municipal del Deporte 2017 - Volcanes\" \/>\n<meta property=\"og:description\" content=\"Claudia Paola Galindo Villarreal, Axel Eloir Santos Mancilla y\u00a0Jes\u00fas Alberto\u00a0Hern\u00e1ndez\u00a0Bayl\u00f3n, estudiantes de la Universidad Aut\u00f3noma\" \/>\n<meta property=\"og:url\" content=\"https:\/\/volcanes.net\/?p=361\" \/>\n<meta property=\"og:site_name\" content=\"Volcanes\" \/>\n<meta property=\"article:publisher\" content=\"https:\/\/www.facebook.com\/volcanes.net\/\" \/>\n<meta property=\"article:published_time\" content=\"2018-01-11T04:40:54+00:00\" \/>\n<meta property=\"og:image\" content=\"https:\/\/volcanes.net\/wp-content\/uploads\/2018\/01\/comun-028-2.jpg\" \/>\n\t<meta property=\"og:image:width\" content=\"400\" \/>\n\t<meta property=\"og:image:height\" content=\"200\" \/>\n\t<meta property=\"og:image:type\" content=\"image\/jpeg\" \/>\n<meta name=\"author\" content=\"admin\" \/>\n<meta name=\"twitter:card\" content=\"summary_large_image\" \/>\n<meta name=\"twitter:label1\" content=\"Escrito por\" \/>\n\t<meta name=\"twitter:data1\" content=\"admin\" \/>\n\t<meta name=\"twitter:label2\" content=\"Tiempo de lectura\" \/>\n\t<meta name=\"twitter:data2\" content=\"1 minuto\" \/>\n<script type=\"application\/ld+json\" class=\"yoast-schema-graph\">{\"@context\":\"https:\/\/schema.org\",\"@graph\":[{\"@type\":\"Article\",\"@id\":\"https:\/\/volcanes.net\/?p=361#article\",\"isPartOf\":{\"@id\":\"https:\/\/volcanes.net\/?p=361\"},\"author\":{\"name\":\"admin\",\"@id\":\"https:\/\/volcanes.net\/#\/schema\/person\/4bf0f383940966a4abd53f5048c0e6b9\"},\"headline\":\"Estudiantes UAEM son reconocidos con Premio Municipal del Deporte 2017\",\"datePublished\":\"2018-01-11T04:40:54+00:00\",\"mainEntityOfPage\":{\"@id\":\"https:\/\/volcanes.net\/?p=361\"},\"wordCount\":251,\"commentCount\":0,\"publisher\":{\"@id\":\"https:\/\/volcanes.net\/#organization\"},\"image\":{\"@id\":\"https:\/\/volcanes.net\/?p=361#primaryimage\"},\"thumbnailUrl\":\"https:\/\/volcanes.net\/wp-content\/uploads\/2018\/01\/comun-028-2.jpg\",\"keywords\":[\"Toluca\"],\"articleSection\":[\"Municipales\"],\"inLanguage\":\"es\",\"potentialAction\":[{\"@type\":\"CommentAction\",\"name\":\"Comment\",\"target\":[\"https:\/\/volcanes.net\/?p=361#respond\"]}]},{\"@type\":\"WebPage\",\"@id\":\"https:\/\/volcanes.net\/?p=361\",\"url\":\"https:\/\/volcanes.net\/?p=361\",\"name\":\"Estudiantes UAEM son reconocidos con Premio Municipal del Deporte 2017 - Volcanes\",\"isPartOf\":{\"@id\":\"https:\/\/volcanes.net\/#website\"},\"primaryImageOfPage\":{\"@id\":\"https:\/\/volcanes.net\/?p=361#primaryimage\"},\"image\":{\"@id\":\"https:\/\/volcanes.net\/?p=361#primaryimage\"},\"thumbnailUrl\":\"https:\/\/volcanes.net\/wp-content\/uploads\/2018\/01\/comun-028-2.jpg\",\"datePublished\":\"2018-01-11T04:40:54+00:00\",\"breadcrumb\":{\"@id\":\"https:\/\/volcanes.net\/?p=361#breadcrumb\"},\"inLanguage\":\"es\",\"potentialAction\":[{\"@type\":\"ReadAction\",\"target\":[\"https:\/\/volcanes.net\/?p=361\"]}]},{\"@type\":\"ImageObject\",\"inLanguage\":\"es\",\"@id\":\"https:\/\/volcanes.net\/?p=361#primaryimage\",\"url\":\"https:\/\/volcanes.net\/wp-content\/uploads\/2018\/01\/comun-028-2.jpg\",\"contentUrl\":\"https:\/\/volcanes.net\/wp-content\/uploads\/2018\/01\/comun-028-2.jpg\",\"width\":400,\"height\":200},{\"@type\":\"BreadcrumbList\",\"@id\":\"https:\/\/volcanes.net\/?p=361#breadcrumb\",\"itemListElement\":[{\"@type\":\"ListItem\",\"position\":1,\"name\":\"Portada\",\"item\":\"https:\/\/volcanes.net\/\"},{\"@type\":\"ListItem\",\"position\":2,\"name\":\"Estudiantes UAEM son reconocidos con Premio Municipal del Deporte 2017\"}]},{\"@type\":\"WebSite\",\"@id\":\"https:\/\/volcanes.net\/#website\",\"url\":\"https:\/\/volcanes.net\/\",\"name\":\"Volcanes.Net\",\"description\":\"Periodismo Profesional\",\"publisher\":{\"@id\":\"https:\/\/volcanes.net\/#organization\"},\"potentialAction\":[{\"@type\":\"SearchAction\",\"target\":{\"@type\":\"EntryPoint\",\"urlTemplate\":\"https:\/\/volcanes.net\/?s={search_term_string}\"},\"query-input\":{\"@type\":\"PropertyValueSpecification\",\"valueRequired\":true,\"valueName\":\"search_term_string\"}}],\"inLanguage\":\"es\"},{\"@type\":\"Organization\",\"@id\":\"https:\/\/volcanes.net\/#organization\",\"name\":\"Grupo Volcanes\",\"url\":\"https:\/\/volcanes.net\/\",\"logo\":{\"@type\":\"ImageObject\",\"inLanguage\":\"es\",\"@id\":\"https:\/\/volcanes.net\/#\/schema\/logo\/image\/\",\"url\":\"http:\/\/volcanes.net\/wp-content\/uploads\/2017\/12\/Avatar2.jpg\",\"contentUrl\":\"http:\/\/volcanes.net\/wp-content\/uploads\/2017\/12\/Avatar2.jpg\",\"width\":378,\"height\":378,\"caption\":\"Grupo Volcanes\"},\"image\":{\"@id\":\"https:\/\/volcanes.net\/#\/schema\/logo\/image\/\"},\"sameAs\":[\"https:\/\/www.facebook.com\/volcanes.net\/\"]},{\"@type\":\"Person\",\"@id\":\"https:\/\/volcanes.net\/#\/schema\/person\/4bf0f383940966a4abd53f5048c0e6b9\",\"name\":\"admin\",\"image\":{\"@type\":\"ImageObject\",\"inLanguage\":\"es\",\"@id\":\"https:\/\/volcanes.net\/#\/schema\/person\/image\/\",\"url\":\"https:\/\/secure.gravatar.com\/avatar\/ca004e6cba8462b8cb7abc86e382930c?s=96&d=mm&r=g\",\"contentUrl\":\"https:\/\/secure.gravatar.com\/avatar\/ca004e6cba8462b8cb7abc86e382930c?s=96&d=mm&r=g\",\"caption\":\"admin\"}}]}<\/script>\n<!-- \/ Yoast SEO plugin. -->","yoast_head_json":{"title":"Estudiantes UAEM son reconocidos con Premio Municipal del Deporte 2017 - Volcanes","robots":{"index":"index","follow":"follow","max-snippet":"max-snippet:-1","max-image-preview":"max-image-preview:large","max-video-preview":"max-video-preview:-1"},"canonical":"https:\/\/volcanes.net\/?p=361","og_locale":"es_MX","og_type":"article","og_title":"Estudiantes UAEM son reconocidos con Premio Municipal del Deporte 2017 - Volcanes","og_description":"Claudia Paola Galindo Villarreal, Axel Eloir Santos Mancilla y\u00a0Jes\u00fas Alberto\u00a0Hern\u00e1ndez\u00a0Bayl\u00f3n, estudiantes de la Universidad Aut\u00f3noma","og_url":"https:\/\/volcanes.net\/?p=361","og_site_name":"Volcanes","article_publisher":"https:\/\/www.facebook.com\/volcanes.net\/","article_published_time":"2018-01-11T04:40:54+00:00","og_image":[{"width":400,"height":200,"url":"https:\/\/volcanes.net\/wp-content\/uploads\/2018\/01\/comun-028-2.jpg","type":"image\/jpeg"}],"author":"admin","twitter_card":"summary_large_image","twitter_misc":{"Escrito por":"admin","Tiempo de lectura":"1 minuto"},"schema":{"@context":"https:\/\/schema.org","@graph":[{"@type":"Article","@id":"https:\/\/volcanes.net\/?p=361#article","isPartOf":{"@id":"https:\/\/volcanes.net\/?p=361"},"author":{"name":"admin","@id":"https:\/\/volcanes.net\/#\/schema\/person\/4bf0f383940966a4abd53f5048c0e6b9"},"headline":"Estudiantes UAEM son reconocidos con Premio Municipal del Deporte 2017","datePublished":"2018-01-11T04:40:54+00:00","mainEntityOfPage":{"@id":"https:\/\/volcanes.net\/?p=361"},"wordCount":251,"commentCount":0,"publisher":{"@id":"https:\/\/volcanes.net\/#organization"},"image":{"@id":"https:\/\/volcanes.net\/?p=361#primaryimage"},"thumbnailUrl":"https:\/\/volcanes.net\/wp-content\/uploads\/2018\/01\/comun-028-2.jpg","keywords":["Toluca"],"articleSection":["Municipales"],"inLanguage":"es","potentialAction":[{"@type":"CommentAction","name":"Comment","target":["https:\/\/volcanes.net\/?p=361#respond"]}]},{"@type":"WebPage","@id":"https:\/\/volcanes.net\/?p=361","url":"https:\/\/volcanes.net\/?p=361","name":"Estudiantes UAEM son reconocidos con Premio Municipal del Deporte 2017 - Volcanes","isPartOf":{"@id":"https:\/\/volcanes.net\/#website"},"primaryImageOfPage":{"@id":"https:\/\/volcanes.net\/?p=361#primaryimage"},"image":{"@id":"https:\/\/volcanes.net\/?p=361#primaryimage"},"thumbnailUrl":"https:\/\/volcanes.net\/wp-content\/uploads\/2018\/01\/comun-028-2.jpg","datePublished":"2018-01-11T04:40:54+00:00","breadcrumb":{"@id":"https:\/\/volcanes.net\/?p=361#breadcrumb"},"inLanguage":"es","potentialAction":[{"@type":"ReadAction","target":["https:\/\/volcanes.net\/?p=361"]}]},{"@type":"ImageObject","inLanguage":"es","@id":"https:\/\/volcanes.net\/?p=361#primaryimage","url":"https:\/\/volcanes.net\/wp-content\/uploads\/2018\/01\/comun-028-2.jpg","contentUrl":"https:\/\/volcanes.net\/wp-content\/uploads\/2018\/01\/comun-028-2.jpg","width":400,"height":200},{"@type":"BreadcrumbList","@id":"https:\/\/volcanes.net\/?p=361#breadcrumb","itemListElement":[{"@type":"ListItem","position":1,"name":"Portada","item":"https:\/\/volcanes.net\/"},{"@type":"ListItem","position":2,"name":"Estudiantes UAEM son reconocidos con Premio Municipal del Deporte 2017"}]},{"@type":"WebSite","@id":"https:\/\/volcanes.net\/#website","url":"https:\/\/volcanes.net\/","name":"Volcanes.Net","description":"Periodismo Profesional","publisher":{"@id":"https:\/\/volcanes.net\/#organization"},"potentialAction":[{"@type":"SearchAction","target":{"@type":"EntryPoint","urlTemplate":"https:\/\/volcanes.net\/?s={search_term_string}"},"query-input":{"@type":"PropertyValueSpecification","valueRequired":true,"valueName":"search_term_string"}}],"inLanguage":"es"},{"@type":"Organization","@id":"https:\/\/volcanes.net\/#organization","name":"Grupo Volcanes","url":"https:\/\/volcanes.net\/","logo":{"@type":"ImageObject","inLanguage":"es","@id":"https:\/\/volcanes.net\/#\/schema\/logo\/image\/","url":"http:\/\/volcanes.net\/wp-content\/uploads\/2017\/12\/Avatar2.jpg","contentUrl":"http:\/\/volcanes.net\/wp-content\/uploads\/2017\/12\/Avatar2.jpg","width":378,"height":378,"caption":"Grupo Volcanes"},"image":{"@id":"https:\/\/volcanes.net\/#\/schema\/logo\/image\/"},"sameAs":["https:\/\/www.facebook.com\/volcanes.net\/"]},{"@type":"Person","@id":"https:\/\/volcanes.net\/#\/schema\/person\/4bf0f383940966a4abd53f5048c0e6b9","name":"admin","image":{"@type":"ImageObject","inLanguage":"es","@id":"https:\/\/volcanes.net\/#\/schema\/person\/image\/","url":"https:\/\/secure.gravatar.com\/avatar\/ca004e6cba8462b8cb7abc86e382930c?s=96&d=mm&r=g","contentUrl":"https:\/\/secure.gravatar.com\/avatar\/ca004e6cba8462b8cb7abc86e382930c?s=96&d=mm&r=g","caption":"admin"}}]}},"_links":{"self":[{"href":"https:\/\/volcanes.net\/index.php?rest_route=\/wp\/v2\/posts\/361"}],"collection":[{"href":"https:\/\/volcanes.net\/index.php?rest_route=\/wp\/v2\/posts"}],"about":[{"href":"https:\/\/volcanes.net\/index.php?rest_route=\/wp\/v2\/types\/post"}],"author":[{"embeddable":true,"href":"https:\/\/volcanes.net\/index.php?rest_route=\/wp\/v2\/users\/1"}],"replies":[{"embeddable":true,"href":"https:\/\/volcanes.net\/index.php?rest_route=%2Fwp%2Fv2%2Fcomments&post=361"}],"version-history":[{"count":1,"href":"https:\/\/volcanes.net\/index.php?rest_route=\/wp\/v2\/posts\/361\/revisions"}],"predecessor-version":[{"id":362,"href":"https:\/\/volcanes.net\/index.php?rest_route=\/wp\/v2\/posts\/361\/revisions\/362"}],"wp:featuredmedia":[{"embeddable":true,"href":"https:\/\/volcanes.net\/index.php?rest_route=\/wp\/v2\/media\/357"}],"wp:attachment":[{"href":"https:\/\/volcanes.net\/index.php?rest_route=%2Fwp%2Fv2%2Fmedia&parent=361"}],"wp:term":[{"taxonomy":"category","embeddable":true,"href":"https:\/\/volcanes.net\/index.php?rest_route=%2Fwp%2Fv2%2Fcategories&post=361"},{"taxonomy":"post_tag","embeddable":true,"href":"https:\/\/volcanes.net\/index.php?rest_route=%2Fwp%2Fv2%2Ftags&post=361"}],"curies":[{"name":"wp","href":"https:\/\/api.w.org\/{rel}","templated":true}]}}