{"id":3621,"date":"2019-01-26T14:00:39","date_gmt":"2019-01-26T14:00:39","guid":{"rendered":"http:\/\/volcanes.net\/?p=3621"},"modified":"2019-01-26T14:00:39","modified_gmt":"2019-01-26T14:00:39","slug":"busca-el-pt-la-revocacion-del-mandato-del-alcalde-de-almoloya-de-juarez","status":"publish","type":"post","link":"https:\/\/volcanes.net\/?p=3621","title":{"rendered":"Busca el PT la revocaci\u00f3n del mandato del alcalde de Almoloya de Ju\u00e1rez"},"content":{"rendered":"<div style=\"margin-top: 0px; margin-bottom: 0px;\" class=\"sharethis-inline-share-buttons\" ><\/div><p>El diputado Armando Bautista G\u00f3mez, coordinador del Grupo Parlamentario del PT, present\u00f3 ante el Pleno de la 60 Legislatura mexiquense un pronunciamiento relacionado con la solicitud de revocaci\u00f3n de mandato del presidente municipal de Almoloya de Ju\u00e1rez, Luis Maya Doro.<br \/>\nEn sesi\u00f3n del Primer Periodo Extraordinario, Armando Bautista manifest\u00f3 una en\u00e9rgica protesta por los hechos y actos violatorios a la ley del alcalde Luis Maya, al impedir, con el uso de la fuerza p\u00fablica, que cuatro regidores electos debidamente acreditados por la autoridad electoral, rindieran protesta el pasado 17 de diciembre.<br \/>\nEl legislador inform\u00f3 que su Grupo Parlamentario entreg\u00f3 un documento en la oficina de la Gubernatura, \u201catendiendo las disposiciones se\u00f1aladas en la Ley Org\u00e1nica Municipal, con el prop\u00f3sito de que el titular del Poder Ejecutivo, al tener conocimiento de las causas graves que all\u00ed se se\u00f1alan, solicite de manera inmediata a esta Soberan\u00eda Popular la revocaci\u00f3n del mandato del presidente municipal de Almoloya de Ju\u00e1rez\u201d.<br \/>\nEl coordinador del PT indic\u00f3 que con esta acci\u00f3n se establece un precedente de que nadie, incluido el Presidente de Rep\u00fablica y el Gobernador, est\u00e1n por encima de la ley, que nadie puede atacar los derechos fundamentales y violentar el Estado de derecho, y en caso de hacerlo, como lo hizo el alcalde Maya Doro, no puede haber contemplaci\u00f3n para que se aplique la justicia.<br \/>\nEn ese sentido, expres\u00f3 la exigencia de que se cumpla el art\u00edculo 46 de la Ley Org\u00e1nica Municipal, y se proceda a revocar el mandato de Maya Doro, \u201cen la inteligencia de que \u00e9ste, con el acto de impedir ilegal y arbitrariamente, la toma de protesta a los regidores, atac\u00f3 a las instituciones p\u00fablicas, a las garant\u00edas individuales y, en consecuencia los derechos pol\u00edticos; realiz\u00f3 actos que no le son permitidos; usurp\u00f3 funciones y atribuciones pol\u00edticas, y alter\u00f3 la tranquilidad de los habitantes\u201d.<br \/>\nEl legislador se\u00f1al\u00f3 que el alcalde, adem\u00e1s, no respet\u00f3 los procedimientos legales y asumi\u00f3 facultades del Poder Judicial y de la autoridad electoral, ya que el pasado 1 de enero, durante la primera sesi\u00f3n del cabildo de Almoloya de Ju\u00e1rez, tom\u00f3 protesta a tres de los cuatro regidores a quienes no se los hab\u00eda permitido hacerlo. En el curso de la misma sesi\u00f3n, tambi\u00e9n tom\u00f3 protesta al regidor suplente del d\u00e9cimo regidor, sin elementos legales.<br \/>\n\u201cCon tal acci\u00f3n se hace responsable de la violaci\u00f3n de las disposiciones establecidas en el art\u00edculo 46 de la Ley Org\u00e1nica Municipal fracciones II, III, IV, VI y IX, y, en consecuencia, el se\u00f1or Maya Doro es sujeto de revocaci\u00f3n de mandato del cargo de Presidente Municipal de Almoloya de Ju\u00e1rez\u201d, apunt\u00f3 el legislador.<\/p>\n","protected":false},"excerpt":{"rendered":"<p>El diputado Armando Bautista G\u00f3mez, coordinador del Grupo Parlamentario del PT, present\u00f3 ante el Pleno<\/p>\n","protected":false},"author":1,"featured_media":3620,"comment_status":"open","ping_status":"open","sticky":false,"template":"","format":"standard","meta":{"footnotes":""},"categories":[3],"tags":[192],"class_list":["post-3621","post","type-post","status-publish","format-standard","has-post-thumbnail","hentry","category-estatales","tag-legislatura-edomex"],"yoast_head":"<!-- This site is optimized with the Yoast SEO plugin v25.3 - https:\/\/yoast.com\/wordpress\/plugins\/seo\/ -->\n<title>Busca el PT la revocaci\u00f3n del mandato del alcalde de Almoloya de Ju\u00e1rez - Volcanes<\/title>\n<meta name=\"robots\" content=\"index, follow, max-snippet:-1, max-image-preview:large, max-video-preview:-1\" \/>\n<link rel=\"canonical\" href=\"https:\/\/volcanes.net\/?p=3621\" \/>\n<meta property=\"og:locale\" content=\"es_MX\" \/>\n<meta property=\"og:type\" content=\"article\" \/>\n<meta property=\"og:title\" content=\"Busca el PT la revocaci\u00f3n del mandato del alcalde de Almoloya de Ju\u00e1rez - Volcanes\" \/>\n<meta property=\"og:description\" content=\"El diputado Armando Bautista G\u00f3mez, coordinador del Grupo Parlamentario del PT, present\u00f3 ante el Pleno\" \/>\n<meta property=\"og:url\" content=\"https:\/\/volcanes.net\/?p=3621\" \/>\n<meta property=\"og:site_name\" content=\"Volcanes\" \/>\n<meta property=\"article:publisher\" content=\"https:\/\/www.facebook.com\/volcanes.net\/\" \/>\n<meta property=\"article:published_time\" content=\"2019-01-26T14:00:39+00:00\" \/>\n<meta property=\"og:image\" content=\"https:\/\/volcanes.net\/wp-content\/uploads\/2019\/01\/1548511199353215.jpg\" \/>\n\t<meta property=\"og:image:width\" content=\"512\" \/>\n\t<meta property=\"og:image:height\" content=\"342\" \/>\n\t<meta property=\"og:image:type\" content=\"image\/jpeg\" \/>\n<meta name=\"author\" content=\"admin\" \/>\n<meta name=\"twitter:card\" content=\"summary_large_image\" \/>\n<meta name=\"twitter:label1\" content=\"Escrito por\" \/>\n\t<meta name=\"twitter:data1\" content=\"admin\" \/>\n\t<meta name=\"twitter:label2\" content=\"Tiempo de lectura\" \/>\n\t<meta name=\"twitter:data2\" content=\"2 minutos\" \/>\n<script type=\"application\/ld+json\" class=\"yoast-schema-graph\">{\"@context\":\"https:\/\/schema.org\",\"@graph\":[{\"@type\":\"Article\",\"@id\":\"https:\/\/volcanes.net\/?p=3621#article\",\"isPartOf\":{\"@id\":\"https:\/\/volcanes.net\/?p=3621\"},\"author\":{\"name\":\"admin\",\"@id\":\"https:\/\/volcanes.net\/#\/schema\/person\/4bf0f383940966a4abd53f5048c0e6b9\"},\"headline\":\"Busca el PT la revocaci\u00f3n del mandato del alcalde de Almoloya de Ju\u00e1rez\",\"datePublished\":\"2019-01-26T14:00:39+00:00\",\"mainEntityOfPage\":{\"@id\":\"https:\/\/volcanes.net\/?p=3621\"},\"wordCount\":481,\"commentCount\":0,\"publisher\":{\"@id\":\"https:\/\/volcanes.net\/#organization\"},\"image\":{\"@id\":\"https:\/\/volcanes.net\/?p=3621#primaryimage\"},\"thumbnailUrl\":\"https:\/\/volcanes.net\/wp-content\/uploads\/2019\/01\/1548511199353215.jpg\",\"keywords\":[\"Legislatura Edomex\"],\"articleSection\":[\"Estatales\"],\"inLanguage\":\"es\",\"potentialAction\":[{\"@type\":\"CommentAction\",\"name\":\"Comment\",\"target\":[\"https:\/\/volcanes.net\/?p=3621#respond\"]}]},{\"@type\":\"WebPage\",\"@id\":\"https:\/\/volcanes.net\/?p=3621\",\"url\":\"https:\/\/volcanes.net\/?p=3621\",\"name\":\"Busca el PT la revocaci\u00f3n del mandato del alcalde de Almoloya de Ju\u00e1rez - Volcanes\",\"isPartOf\":{\"@id\":\"https:\/\/volcanes.net\/#website\"},\"primaryImageOfPage\":{\"@id\":\"https:\/\/volcanes.net\/?p=3621#primaryimage\"},\"image\":{\"@id\":\"https:\/\/volcanes.net\/?p=3621#primaryimage\"},\"thumbnailUrl\":\"https:\/\/volcanes.net\/wp-content\/uploads\/2019\/01\/1548511199353215.jpg\",\"datePublished\":\"2019-01-26T14:00:39+00:00\",\"breadcrumb\":{\"@id\":\"https:\/\/volcanes.net\/?p=3621#breadcrumb\"},\"inLanguage\":\"es\",\"potentialAction\":[{\"@type\":\"ReadAction\",\"target\":[\"https:\/\/volcanes.net\/?p=3621\"]}]},{\"@type\":\"ImageObject\",\"inLanguage\":\"es\",\"@id\":\"https:\/\/volcanes.net\/?p=3621#primaryimage\",\"url\":\"https:\/\/volcanes.net\/wp-content\/uploads\/2019\/01\/1548511199353215.jpg\",\"contentUrl\":\"https:\/\/volcanes.net\/wp-content\/uploads\/2019\/01\/1548511199353215.jpg\",\"width\":512,\"height\":342},{\"@type\":\"BreadcrumbList\",\"@id\":\"https:\/\/volcanes.net\/?p=3621#breadcrumb\",\"itemListElement\":[{\"@type\":\"ListItem\",\"position\":1,\"name\":\"Portada\",\"item\":\"https:\/\/volcanes.net\/\"},{\"@type\":\"ListItem\",\"position\":2,\"name\":\"Busca el PT la revocaci\u00f3n del mandato del alcalde de Almoloya de Ju\u00e1rez\"}]},{\"@type\":\"WebSite\",\"@id\":\"https:\/\/volcanes.net\/#website\",\"url\":\"https:\/\/volcanes.net\/\",\"name\":\"Volcanes.Net\",\"description\":\"Periodismo Profesional\",\"publisher\":{\"@id\":\"https:\/\/volcanes.net\/#organization\"},\"potentialAction\":[{\"@type\":\"SearchAction\",\"target\":{\"@type\":\"EntryPoint\",\"urlTemplate\":\"https:\/\/volcanes.net\/?s={search_term_string}\"},\"query-input\":{\"@type\":\"PropertyValueSpecification\",\"valueRequired\":true,\"valueName\":\"search_term_string\"}}],\"inLanguage\":\"es\"},{\"@type\":\"Organization\",\"@id\":\"https:\/\/volcanes.net\/#organization\",\"name\":\"Grupo Volcanes\",\"url\":\"https:\/\/volcanes.net\/\",\"logo\":{\"@type\":\"ImageObject\",\"inLanguage\":\"es\",\"@id\":\"https:\/\/volcanes.net\/#\/schema\/logo\/image\/\",\"url\":\"http:\/\/volcanes.net\/wp-content\/uploads\/2017\/12\/Avatar2.jpg\",\"contentUrl\":\"http:\/\/volcanes.net\/wp-content\/uploads\/2017\/12\/Avatar2.jpg\",\"width\":378,\"height\":378,\"caption\":\"Grupo Volcanes\"},\"image\":{\"@id\":\"https:\/\/volcanes.net\/#\/schema\/logo\/image\/\"},\"sameAs\":[\"https:\/\/www.facebook.com\/volcanes.net\/\"]},{\"@type\":\"Person\",\"@id\":\"https:\/\/volcanes.net\/#\/schema\/person\/4bf0f383940966a4abd53f5048c0e6b9\",\"name\":\"admin\",\"image\":{\"@type\":\"ImageObject\",\"inLanguage\":\"es\",\"@id\":\"https:\/\/volcanes.net\/#\/schema\/person\/image\/\",\"url\":\"https:\/\/secure.gravatar.com\/avatar\/ca004e6cba8462b8cb7abc86e382930c?s=96&d=mm&r=g\",\"contentUrl\":\"https:\/\/secure.gravatar.com\/avatar\/ca004e6cba8462b8cb7abc86e382930c?s=96&d=mm&r=g\",\"caption\":\"admin\"}}]}<\/script>\n<!-- \/ Yoast SEO plugin. -->","yoast_head_json":{"title":"Busca el PT la revocaci\u00f3n del mandato del alcalde de Almoloya de Ju\u00e1rez - Volcanes","robots":{"index":"index","follow":"follow","max-snippet":"max-snippet:-1","max-image-preview":"max-image-preview:large","max-video-preview":"max-video-preview:-1"},"canonical":"https:\/\/volcanes.net\/?p=3621","og_locale":"es_MX","og_type":"article","og_title":"Busca el PT la revocaci\u00f3n del mandato del alcalde de Almoloya de Ju\u00e1rez - Volcanes","og_description":"El diputado Armando Bautista G\u00f3mez, coordinador del Grupo Parlamentario del PT, present\u00f3 ante el Pleno","og_url":"https:\/\/volcanes.net\/?p=3621","og_site_name":"Volcanes","article_publisher":"https:\/\/www.facebook.com\/volcanes.net\/","article_published_time":"2019-01-26T14:00:39+00:00","og_image":[{"width":512,"height":342,"url":"https:\/\/volcanes.net\/wp-content\/uploads\/2019\/01\/1548511199353215.jpg","type":"image\/jpeg"}],"author":"admin","twitter_card":"summary_large_image","twitter_misc":{"Escrito por":"admin","Tiempo de lectura":"2 minutos"},"schema":{"@context":"https:\/\/schema.org","@graph":[{"@type":"Article","@id":"https:\/\/volcanes.net\/?p=3621#article","isPartOf":{"@id":"https:\/\/volcanes.net\/?p=3621"},"author":{"name":"admin","@id":"https:\/\/volcanes.net\/#\/schema\/person\/4bf0f383940966a4abd53f5048c0e6b9"},"headline":"Busca el PT la revocaci\u00f3n del mandato del alcalde de Almoloya de Ju\u00e1rez","datePublished":"2019-01-26T14:00:39+00:00","mainEntityOfPage":{"@id":"https:\/\/volcanes.net\/?p=3621"},"wordCount":481,"commentCount":0,"publisher":{"@id":"https:\/\/volcanes.net\/#organization"},"image":{"@id":"https:\/\/volcanes.net\/?p=3621#primaryimage"},"thumbnailUrl":"https:\/\/volcanes.net\/wp-content\/uploads\/2019\/01\/1548511199353215.jpg","keywords":["Legislatura Edomex"],"articleSection":["Estatales"],"inLanguage":"es","potentialAction":[{"@type":"CommentAction","name":"Comment","target":["https:\/\/volcanes.net\/?p=3621#respond"]}]},{"@type":"WebPage","@id":"https:\/\/volcanes.net\/?p=3621","url":"https:\/\/volcanes.net\/?p=3621","name":"Busca el PT la revocaci\u00f3n del mandato del alcalde de Almoloya de Ju\u00e1rez - Volcanes","isPartOf":{"@id":"https:\/\/volcanes.net\/#website"},"primaryImageOfPage":{"@id":"https:\/\/volcanes.net\/?p=3621#primaryimage"},"image":{"@id":"https:\/\/volcanes.net\/?p=3621#primaryimage"},"thumbnailUrl":"https:\/\/volcanes.net\/wp-content\/uploads\/2019\/01\/1548511199353215.jpg","datePublished":"2019-01-26T14:00:39+00:00","breadcrumb":{"@id":"https:\/\/volcanes.net\/?p=3621#breadcrumb"},"inLanguage":"es","potentialAction":[{"@type":"ReadAction","target":["https:\/\/volcanes.net\/?p=3621"]}]},{"@type":"ImageObject","inLanguage":"es","@id":"https:\/\/volcanes.net\/?p=3621#primaryimage","url":"https:\/\/volcanes.net\/wp-content\/uploads\/2019\/01\/1548511199353215.jpg","contentUrl":"https:\/\/volcanes.net\/wp-content\/uploads\/2019\/01\/1548511199353215.jpg","width":512,"height":342},{"@type":"BreadcrumbList","@id":"https:\/\/volcanes.net\/?p=3621#breadcrumb","itemListElement":[{"@type":"ListItem","position":1,"name":"Portada","item":"https:\/\/volcanes.net\/"},{"@type":"ListItem","position":2,"name":"Busca el PT la revocaci\u00f3n del mandato del alcalde de Almoloya de Ju\u00e1rez"}]},{"@type":"WebSite","@id":"https:\/\/volcanes.net\/#website","url":"https:\/\/volcanes.net\/","name":"Volcanes.Net","description":"Periodismo Profesional","publisher":{"@id":"https:\/\/volcanes.net\/#organization"},"potentialAction":[{"@type":"SearchAction","target":{"@type":"EntryPoint","urlTemplate":"https:\/\/volcanes.net\/?s={search_term_string}"},"query-input":{"@type":"PropertyValueSpecification","valueRequired":true,"valueName":"search_term_string"}}],"inLanguage":"es"},{"@type":"Organization","@id":"https:\/\/volcanes.net\/#organization","name":"Grupo Volcanes","url":"https:\/\/volcanes.net\/","logo":{"@type":"ImageObject","inLanguage":"es","@id":"https:\/\/volcanes.net\/#\/schema\/logo\/image\/","url":"http:\/\/volcanes.net\/wp-content\/uploads\/2017\/12\/Avatar2.jpg","contentUrl":"http:\/\/volcanes.net\/wp-content\/uploads\/2017\/12\/Avatar2.jpg","width":378,"height":378,"caption":"Grupo Volcanes"},"image":{"@id":"https:\/\/volcanes.net\/#\/schema\/logo\/image\/"},"sameAs":["https:\/\/www.facebook.com\/volcanes.net\/"]},{"@type":"Person","@id":"https:\/\/volcanes.net\/#\/schema\/person\/4bf0f383940966a4abd53f5048c0e6b9","name":"admin","image":{"@type":"ImageObject","inLanguage":"es","@id":"https:\/\/volcanes.net\/#\/schema\/person\/image\/","url":"https:\/\/secure.gravatar.com\/avatar\/ca004e6cba8462b8cb7abc86e382930c?s=96&d=mm&r=g","contentUrl":"https:\/\/secure.gravatar.com\/avatar\/ca004e6cba8462b8cb7abc86e382930c?s=96&d=mm&r=g","caption":"admin"}}]}},"_links":{"self":[{"href":"https:\/\/volcanes.net\/index.php?rest_route=\/wp\/v2\/posts\/3621"}],"collection":[{"href":"https:\/\/volcanes.net\/index.php?rest_route=\/wp\/v2\/posts"}],"about":[{"href":"https:\/\/volcanes.net\/index.php?rest_route=\/wp\/v2\/types\/post"}],"author":[{"embeddable":true,"href":"https:\/\/volcanes.net\/index.php?rest_route=\/wp\/v2\/users\/1"}],"replies":[{"embeddable":true,"href":"https:\/\/volcanes.net\/index.php?rest_route=%2Fwp%2Fv2%2Fcomments&post=3621"}],"version-history":[{"count":1,"href":"https:\/\/volcanes.net\/index.php?rest_route=\/wp\/v2\/posts\/3621\/revisions"}],"predecessor-version":[{"id":3622,"href":"https:\/\/volcanes.net\/index.php?rest_route=\/wp\/v2\/posts\/3621\/revisions\/3622"}],"wp:featuredmedia":[{"embeddable":true,"href":"https:\/\/volcanes.net\/index.php?rest_route=\/wp\/v2\/media\/3620"}],"wp:attachment":[{"href":"https:\/\/volcanes.net\/index.php?rest_route=%2Fwp%2Fv2%2Fmedia&parent=3621"}],"wp:term":[{"taxonomy":"category","embeddable":true,"href":"https:\/\/volcanes.net\/index.php?rest_route=%2Fwp%2Fv2%2Fcategories&post=3621"},{"taxonomy":"post_tag","embeddable":true,"href":"https:\/\/volcanes.net\/index.php?rest_route=%2Fwp%2Fv2%2Ftags&post=3621"}],"curies":[{"name":"wp","href":"https:\/\/api.w.org\/{rel}","templated":true}]}}