{"id":363,"date":"2018-01-11T04:42:27","date_gmt":"2018-01-11T04:42:27","guid":{"rendered":"http:\/\/volcanes.net\/?p=363"},"modified":"2018-01-11T04:42:27","modified_gmt":"2018-01-11T04:42:27","slug":"confirma-tepjf-reglas-emitidas-por-ine-para-rendicion-de-cuentas","status":"publish","type":"post","link":"https:\/\/volcanes.net\/?p=363","title":{"rendered":"Confirma TEPJF reglas emitidas por INE para rendici\u00f3n de cuentas"},"content":{"rendered":"<div style=\"margin-top: 0px; margin-bottom: 0px;\" class=\"sharethis-inline-share-buttons\" ><\/div><p>El Tribunal Electoral federal confirm\u00f3 el acuerdo del INE por el que se establecen las reglas b\u00e1sicas que tienen que ver con la rendici\u00f3n de cuentas del periodo de la precampa\u00f1a y los procesos internos de los partidos pol\u00edticos.<\/p>\n<p>Durante la sesi\u00f3n de hoy, el Pleno de la Sala Superior resolvi\u00f3 por unanimidad el proyecto de sentencia correspondiente a los recursos de apelaci\u00f3n 773, 774 y 777, interpuestos por el PRD, Morena y el PRI.<\/p>\n<p>Lo anterior, en contra del acuerdo del Consejo General del Instituto Nacional Electoral por el que se determinan las reglas para la contabilidad, rendici\u00f3n de cuentas y fiscalizaci\u00f3n, as\u00ed como los gastos que se consideran como de precampa\u00f1a para el Proceso Electoral Ordinario 2017-2018.<\/p>\n<p>El proyecto aprobado desestim\u00f3 los agravios relativos a la oportunidad para la emisi\u00f3n de las normas, as\u00ed como aquellos en los que se plantea la indebida fundamentaci\u00f3n y motivaci\u00f3n del acuerdo impugnado.<\/p>\n<p>Lo anterior, dado que no se trata de modificaciones sustanciales, aunado a que el acuerdo se fund\u00f3 y motiv\u00f3 debidamente atendiendo a su naturaleza.<\/p>\n<p>Respecto a los agravios en los que se se\u00f1ala que la responsable se excedi\u00f3 en el ejercicio de su facultad reglamentaria, se considera que resultan infundados.<\/p>\n<p>Ello, por lo que hace a las tem\u00e1ticas de eventos pol\u00edticos y de material audiovisual, propaganda gen\u00e9rica, agenda de eventos, clasificaci\u00f3n de gastos de precampa\u00f1a, vida interna de partidos, listas de asistencia a actos de procesos internos de elecci\u00f3n de candidatos.<\/p>\n<p>Asimismo, propaganda y precampa\u00f1a y capacidad econ\u00f3mica de los donantes, toda vez que las disposiciones fundadas se circunscriben a instrumentar normas legales.<\/p>\n<p>Por otra parte, se modific\u00f3 el art\u00edculo 8, p\u00e1rrafo cinco de las normas cuestionadas para el efecto de suprimir la expresi\u00f3n \u201ccon fe p\u00fablica para asistir\u201d.<\/p>\n<p>Lo anterior, dado que se no se advierte alguna disposici\u00f3n constitucional o legal que faculte a la Unidad T\u00e9cnica de Fiscalizaci\u00f3n para conceder o delegar fe p\u00fablica en sus empleados o prestadores de servicio.<\/p>\n<p>En su intervenci\u00f3n, el magistrado Jos\u00e9 Luis Vargas Valdez, quien fue el ponente del proyecto, dijo que de acuerdo con lo votado se est\u00e1 aprobando y\/o confirmando en su totalidad el acuerdo INE\/CG597, que emiti\u00f3 recientemente el Consejo General el 8 de diciembre.<\/p>\n<p>Record\u00f3 que en el se establecen las reglas b\u00e1sicas que tienen que ver con la rendici\u00f3n de cuentas del periodo de la precampa\u00f1a y los procesos internos de los partidos pol\u00edticos.<\/p>\n<p>Dijo que el \u00fanico aspecto donde se modific\u00f3 dicho acuerdo, es en lo que toca al art\u00edculo 8 que tienen que ver con determinadas atribuciones con el que el reglamento busc\u00f3 dotar a los funcionarios de la Unidad T\u00e9cnica de Fiscalizaci\u00f3n que realizan las visitas de verificaci\u00f3n.<\/p>\n<p>Subray\u00f3 que se difiere de dicho reglamento en lo relativo la atribuci\u00f3n para otorgar fe p\u00fablica a dichos servidores, toda vez que se estima que la fe p\u00fablica es una cuesti\u00f3n que debe derivar del Constituyente o del legislador ordinario.<\/p>\n<p>Agreg\u00f3 que otro tema es el que tiene que ver con la capacidad econ\u00f3mica de los donantes, en concreto, y lo que se confirma es el contenido del art\u00edculo 16 del reglamento impugnado.<\/p>\n<p>En \u00e9l se establece una investigaci\u00f3n especial para determinar la identidad de los sujetos que realicen aportaciones mayores a 240 mil pesos a los partidos y a las precampa\u00f1as.<\/p>\n<p>Se\u00f1al\u00f3 que la disposici\u00f3n impugnada tiene por finalidad asegurar que el \u00f3rgano fiscalizador electoral cuente con los elementos necesarios para cumplir con la obligaci\u00f3n de fiscalizar el origen de los recursos de naturaleza privada que se empleen por los partidos y precandidatos.<\/p>\n<p>Asimismo, eventualmente imponer las sanciones correspondientes a los sujetos obligados por el incumplimiento de la obligaci\u00f3n legal de abstenerse de recibir aportaciones de personas no identificadas.<\/p>\n<p>Reiter\u00f3 tambi\u00e9n que eventuales sanciones ser\u00e1n impuestas a consecuencia del procedimiento en que se respeten las garant\u00edas procesales, pues al tratarse de una presunci\u00f3n, se admite prueba en contrario.<\/p>\n<p>El TEPJF determin\u00f3 que, en el caso de gastos de propaganda gen\u00e9rica, la previsi\u00f3n incluida en el acuerdo impugnado s\u00f3lo reitera el criterio sostenido por este \u00f3rgano jurisdiccional.<\/p>\n<p>Ello, en relaci\u00f3n a que la propaganda gen\u00e9rica colocada fuera del periodo de precampa\u00f1a que no sea retirada al iniciar esa fase deber\u00e1 ser contabilizada y prorrateada entre las precampa\u00f1as beneficiadas.<\/p>\n<p>En consecuencia, al declarar infundados o inoperantes la mayor parte de los agravios, la Sala Superior orden\u00f3 modificaci\u00f3n de s\u00f3lo un art\u00edculo del acuerdo impugnado, confirmado el resto de las previsiones cuestionadas.<\/p>\n","protected":false},"excerpt":{"rendered":"<p>El Tribunal Electoral federal confirm\u00f3 el acuerdo del INE por el que se establecen las<\/p>\n","protected":false},"author":1,"featured_media":356,"comment_status":"open","ping_status":"open","sticky":false,"template":"","format":"standard","meta":{"footnotes":""},"categories":[1],"tags":[62],"class_list":["post-363","post","type-post","status-publish","format-standard","has-post-thumbnail","hentry","category-municipales","tag-tepjf"],"yoast_head":"<!-- This site is optimized with the Yoast SEO plugin v25.3 - https:\/\/yoast.com\/wordpress\/plugins\/seo\/ -->\n<title>Confirma TEPJF reglas emitidas por INE para rendici\u00f3n de cuentas - Volcanes<\/title>\n<meta name=\"robots\" content=\"index, follow, max-snippet:-1, max-image-preview:large, max-video-preview:-1\" \/>\n<link rel=\"canonical\" href=\"https:\/\/volcanes.net\/?p=363\" \/>\n<meta property=\"og:locale\" content=\"es_MX\" \/>\n<meta property=\"og:type\" content=\"article\" \/>\n<meta property=\"og:title\" content=\"Confirma TEPJF reglas emitidas por INE para rendici\u00f3n de cuentas - Volcanes\" \/>\n<meta property=\"og:description\" content=\"El Tribunal Electoral federal confirm\u00f3 el acuerdo del INE por el que se establecen las\" \/>\n<meta property=\"og:url\" content=\"https:\/\/volcanes.net\/?p=363\" \/>\n<meta property=\"og:site_name\" content=\"Volcanes\" \/>\n<meta property=\"article:publisher\" content=\"https:\/\/www.facebook.com\/volcanes.net\/\" \/>\n<meta property=\"article:published_time\" content=\"2018-01-11T04:42:27+00:00\" \/>\n<meta property=\"og:image\" content=\"https:\/\/volcanes.net\/wp-content\/uploads\/2018\/01\/tepjf.jpg\" \/>\n\t<meta property=\"og:image:width\" content=\"400\" \/>\n\t<meta property=\"og:image:height\" content=\"200\" \/>\n\t<meta property=\"og:image:type\" content=\"image\/jpeg\" \/>\n<meta name=\"author\" content=\"admin\" \/>\n<meta name=\"twitter:card\" content=\"summary_large_image\" \/>\n<meta name=\"twitter:label1\" content=\"Escrito por\" \/>\n\t<meta name=\"twitter:data1\" content=\"admin\" \/>\n\t<meta name=\"twitter:label2\" content=\"Tiempo de lectura\" \/>\n\t<meta name=\"twitter:data2\" content=\"4 minutos\" \/>\n<script type=\"application\/ld+json\" class=\"yoast-schema-graph\">{\"@context\":\"https:\/\/schema.org\",\"@graph\":[{\"@type\":\"Article\",\"@id\":\"https:\/\/volcanes.net\/?p=363#article\",\"isPartOf\":{\"@id\":\"https:\/\/volcanes.net\/?p=363\"},\"author\":{\"name\":\"admin\",\"@id\":\"https:\/\/volcanes.net\/#\/schema\/person\/4bf0f383940966a4abd53f5048c0e6b9\"},\"headline\":\"Confirma TEPJF reglas emitidas por INE para rendici\u00f3n de cuentas\",\"datePublished\":\"2018-01-11T04:42:27+00:00\",\"mainEntityOfPage\":{\"@id\":\"https:\/\/volcanes.net\/?p=363\"},\"wordCount\":804,\"commentCount\":0,\"publisher\":{\"@id\":\"https:\/\/volcanes.net\/#organization\"},\"image\":{\"@id\":\"https:\/\/volcanes.net\/?p=363#primaryimage\"},\"thumbnailUrl\":\"https:\/\/volcanes.net\/wp-content\/uploads\/2018\/01\/tepjf.jpg\",\"keywords\":[\"TEPJF\"],\"articleSection\":[\"Municipales\"],\"inLanguage\":\"es\",\"potentialAction\":[{\"@type\":\"CommentAction\",\"name\":\"Comment\",\"target\":[\"https:\/\/volcanes.net\/?p=363#respond\"]}]},{\"@type\":\"WebPage\",\"@id\":\"https:\/\/volcanes.net\/?p=363\",\"url\":\"https:\/\/volcanes.net\/?p=363\",\"name\":\"Confirma TEPJF reglas emitidas por INE para rendici\u00f3n de cuentas - Volcanes\",\"isPartOf\":{\"@id\":\"https:\/\/volcanes.net\/#website\"},\"primaryImageOfPage\":{\"@id\":\"https:\/\/volcanes.net\/?p=363#primaryimage\"},\"image\":{\"@id\":\"https:\/\/volcanes.net\/?p=363#primaryimage\"},\"thumbnailUrl\":\"https:\/\/volcanes.net\/wp-content\/uploads\/2018\/01\/tepjf.jpg\",\"datePublished\":\"2018-01-11T04:42:27+00:00\",\"breadcrumb\":{\"@id\":\"https:\/\/volcanes.net\/?p=363#breadcrumb\"},\"inLanguage\":\"es\",\"potentialAction\":[{\"@type\":\"ReadAction\",\"target\":[\"https:\/\/volcanes.net\/?p=363\"]}]},{\"@type\":\"ImageObject\",\"inLanguage\":\"es\",\"@id\":\"https:\/\/volcanes.net\/?p=363#primaryimage\",\"url\":\"https:\/\/volcanes.net\/wp-content\/uploads\/2018\/01\/tepjf.jpg\",\"contentUrl\":\"https:\/\/volcanes.net\/wp-content\/uploads\/2018\/01\/tepjf.jpg\",\"width\":400,\"height\":200},{\"@type\":\"BreadcrumbList\",\"@id\":\"https:\/\/volcanes.net\/?p=363#breadcrumb\",\"itemListElement\":[{\"@type\":\"ListItem\",\"position\":1,\"name\":\"Portada\",\"item\":\"https:\/\/volcanes.net\/\"},{\"@type\":\"ListItem\",\"position\":2,\"name\":\"Confirma TEPJF reglas emitidas por INE para rendici\u00f3n de cuentas\"}]},{\"@type\":\"WebSite\",\"@id\":\"https:\/\/volcanes.net\/#website\",\"url\":\"https:\/\/volcanes.net\/\",\"name\":\"Volcanes.Net\",\"description\":\"Periodismo Profesional\",\"publisher\":{\"@id\":\"https:\/\/volcanes.net\/#organization\"},\"potentialAction\":[{\"@type\":\"SearchAction\",\"target\":{\"@type\":\"EntryPoint\",\"urlTemplate\":\"https:\/\/volcanes.net\/?s={search_term_string}\"},\"query-input\":{\"@type\":\"PropertyValueSpecification\",\"valueRequired\":true,\"valueName\":\"search_term_string\"}}],\"inLanguage\":\"es\"},{\"@type\":\"Organization\",\"@id\":\"https:\/\/volcanes.net\/#organization\",\"name\":\"Grupo Volcanes\",\"url\":\"https:\/\/volcanes.net\/\",\"logo\":{\"@type\":\"ImageObject\",\"inLanguage\":\"es\",\"@id\":\"https:\/\/volcanes.net\/#\/schema\/logo\/image\/\",\"url\":\"http:\/\/volcanes.net\/wp-content\/uploads\/2017\/12\/Avatar2.jpg\",\"contentUrl\":\"http:\/\/volcanes.net\/wp-content\/uploads\/2017\/12\/Avatar2.jpg\",\"width\":378,\"height\":378,\"caption\":\"Grupo Volcanes\"},\"image\":{\"@id\":\"https:\/\/volcanes.net\/#\/schema\/logo\/image\/\"},\"sameAs\":[\"https:\/\/www.facebook.com\/volcanes.net\/\"]},{\"@type\":\"Person\",\"@id\":\"https:\/\/volcanes.net\/#\/schema\/person\/4bf0f383940966a4abd53f5048c0e6b9\",\"name\":\"admin\",\"image\":{\"@type\":\"ImageObject\",\"inLanguage\":\"es\",\"@id\":\"https:\/\/volcanes.net\/#\/schema\/person\/image\/\",\"url\":\"https:\/\/secure.gravatar.com\/avatar\/ca004e6cba8462b8cb7abc86e382930c?s=96&d=mm&r=g\",\"contentUrl\":\"https:\/\/secure.gravatar.com\/avatar\/ca004e6cba8462b8cb7abc86e382930c?s=96&d=mm&r=g\",\"caption\":\"admin\"}}]}<\/script>\n<!-- \/ Yoast SEO plugin. -->","yoast_head_json":{"title":"Confirma TEPJF reglas emitidas por INE para rendici\u00f3n de cuentas - Volcanes","robots":{"index":"index","follow":"follow","max-snippet":"max-snippet:-1","max-image-preview":"max-image-preview:large","max-video-preview":"max-video-preview:-1"},"canonical":"https:\/\/volcanes.net\/?p=363","og_locale":"es_MX","og_type":"article","og_title":"Confirma TEPJF reglas emitidas por INE para rendici\u00f3n de cuentas - Volcanes","og_description":"El Tribunal Electoral federal confirm\u00f3 el acuerdo del INE por el que se establecen las","og_url":"https:\/\/volcanes.net\/?p=363","og_site_name":"Volcanes","article_publisher":"https:\/\/www.facebook.com\/volcanes.net\/","article_published_time":"2018-01-11T04:42:27+00:00","og_image":[{"width":400,"height":200,"url":"https:\/\/volcanes.net\/wp-content\/uploads\/2018\/01\/tepjf.jpg","type":"image\/jpeg"}],"author":"admin","twitter_card":"summary_large_image","twitter_misc":{"Escrito por":"admin","Tiempo de lectura":"4 minutos"},"schema":{"@context":"https:\/\/schema.org","@graph":[{"@type":"Article","@id":"https:\/\/volcanes.net\/?p=363#article","isPartOf":{"@id":"https:\/\/volcanes.net\/?p=363"},"author":{"name":"admin","@id":"https:\/\/volcanes.net\/#\/schema\/person\/4bf0f383940966a4abd53f5048c0e6b9"},"headline":"Confirma TEPJF reglas emitidas por INE para rendici\u00f3n de cuentas","datePublished":"2018-01-11T04:42:27+00:00","mainEntityOfPage":{"@id":"https:\/\/volcanes.net\/?p=363"},"wordCount":804,"commentCount":0,"publisher":{"@id":"https:\/\/volcanes.net\/#organization"},"image":{"@id":"https:\/\/volcanes.net\/?p=363#primaryimage"},"thumbnailUrl":"https:\/\/volcanes.net\/wp-content\/uploads\/2018\/01\/tepjf.jpg","keywords":["TEPJF"],"articleSection":["Municipales"],"inLanguage":"es","potentialAction":[{"@type":"CommentAction","name":"Comment","target":["https:\/\/volcanes.net\/?p=363#respond"]}]},{"@type":"WebPage","@id":"https:\/\/volcanes.net\/?p=363","url":"https:\/\/volcanes.net\/?p=363","name":"Confirma TEPJF reglas emitidas por INE para rendici\u00f3n de cuentas - Volcanes","isPartOf":{"@id":"https:\/\/volcanes.net\/#website"},"primaryImageOfPage":{"@id":"https:\/\/volcanes.net\/?p=363#primaryimage"},"image":{"@id":"https:\/\/volcanes.net\/?p=363#primaryimage"},"thumbnailUrl":"https:\/\/volcanes.net\/wp-content\/uploads\/2018\/01\/tepjf.jpg","datePublished":"2018-01-11T04:42:27+00:00","breadcrumb":{"@id":"https:\/\/volcanes.net\/?p=363#breadcrumb"},"inLanguage":"es","potentialAction":[{"@type":"ReadAction","target":["https:\/\/volcanes.net\/?p=363"]}]},{"@type":"ImageObject","inLanguage":"es","@id":"https:\/\/volcanes.net\/?p=363#primaryimage","url":"https:\/\/volcanes.net\/wp-content\/uploads\/2018\/01\/tepjf.jpg","contentUrl":"https:\/\/volcanes.net\/wp-content\/uploads\/2018\/01\/tepjf.jpg","width":400,"height":200},{"@type":"BreadcrumbList","@id":"https:\/\/volcanes.net\/?p=363#breadcrumb","itemListElement":[{"@type":"ListItem","position":1,"name":"Portada","item":"https:\/\/volcanes.net\/"},{"@type":"ListItem","position":2,"name":"Confirma TEPJF reglas emitidas por INE para rendici\u00f3n de cuentas"}]},{"@type":"WebSite","@id":"https:\/\/volcanes.net\/#website","url":"https:\/\/volcanes.net\/","name":"Volcanes.Net","description":"Periodismo Profesional","publisher":{"@id":"https:\/\/volcanes.net\/#organization"},"potentialAction":[{"@type":"SearchAction","target":{"@type":"EntryPoint","urlTemplate":"https:\/\/volcanes.net\/?s={search_term_string}"},"query-input":{"@type":"PropertyValueSpecification","valueRequired":true,"valueName":"search_term_string"}}],"inLanguage":"es"},{"@type":"Organization","@id":"https:\/\/volcanes.net\/#organization","name":"Grupo Volcanes","url":"https:\/\/volcanes.net\/","logo":{"@type":"ImageObject","inLanguage":"es","@id":"https:\/\/volcanes.net\/#\/schema\/logo\/image\/","url":"http:\/\/volcanes.net\/wp-content\/uploads\/2017\/12\/Avatar2.jpg","contentUrl":"http:\/\/volcanes.net\/wp-content\/uploads\/2017\/12\/Avatar2.jpg","width":378,"height":378,"caption":"Grupo Volcanes"},"image":{"@id":"https:\/\/volcanes.net\/#\/schema\/logo\/image\/"},"sameAs":["https:\/\/www.facebook.com\/volcanes.net\/"]},{"@type":"Person","@id":"https:\/\/volcanes.net\/#\/schema\/person\/4bf0f383940966a4abd53f5048c0e6b9","name":"admin","image":{"@type":"ImageObject","inLanguage":"es","@id":"https:\/\/volcanes.net\/#\/schema\/person\/image\/","url":"https:\/\/secure.gravatar.com\/avatar\/ca004e6cba8462b8cb7abc86e382930c?s=96&d=mm&r=g","contentUrl":"https:\/\/secure.gravatar.com\/avatar\/ca004e6cba8462b8cb7abc86e382930c?s=96&d=mm&r=g","caption":"admin"}}]}},"_links":{"self":[{"href":"https:\/\/volcanes.net\/index.php?rest_route=\/wp\/v2\/posts\/363"}],"collection":[{"href":"https:\/\/volcanes.net\/index.php?rest_route=\/wp\/v2\/posts"}],"about":[{"href":"https:\/\/volcanes.net\/index.php?rest_route=\/wp\/v2\/types\/post"}],"author":[{"embeddable":true,"href":"https:\/\/volcanes.net\/index.php?rest_route=\/wp\/v2\/users\/1"}],"replies":[{"embeddable":true,"href":"https:\/\/volcanes.net\/index.php?rest_route=%2Fwp%2Fv2%2Fcomments&post=363"}],"version-history":[{"count":1,"href":"https:\/\/volcanes.net\/index.php?rest_route=\/wp\/v2\/posts\/363\/revisions"}],"predecessor-version":[{"id":364,"href":"https:\/\/volcanes.net\/index.php?rest_route=\/wp\/v2\/posts\/363\/revisions\/364"}],"wp:featuredmedia":[{"embeddable":true,"href":"https:\/\/volcanes.net\/index.php?rest_route=\/wp\/v2\/media\/356"}],"wp:attachment":[{"href":"https:\/\/volcanes.net\/index.php?rest_route=%2Fwp%2Fv2%2Fmedia&parent=363"}],"wp:term":[{"taxonomy":"category","embeddable":true,"href":"https:\/\/volcanes.net\/index.php?rest_route=%2Fwp%2Fv2%2Fcategories&post=363"},{"taxonomy":"post_tag","embeddable":true,"href":"https:\/\/volcanes.net\/index.php?rest_route=%2Fwp%2Fv2%2Ftags&post=363"}],"curies":[{"name":"wp","href":"https:\/\/api.w.org\/{rel}","templated":true}]}}