{"id":3654,"date":"2019-01-26T16:37:15","date_gmt":"2019-01-26T16:37:15","guid":{"rendered":"http:\/\/volcanes.net\/?p=3654"},"modified":"2019-01-26T16:37:41","modified_gmt":"2019-01-26T16:37:41","slug":"se-incendia-basurero-de-cocotitlan","status":"publish","type":"post","link":"https:\/\/volcanes.net\/?p=3654","title":{"rendered":"Se incendia basurero de Cocotitl\u00e1n"},"content":{"rendered":"<div style=\"margin-top: 0px; margin-bottom: 0px;\" class=\"sharethis-inline-share-buttons\" ><\/div><p>Cocotitl\u00e1n. &#8211; la tarde de este s\u00e1bado se origin\u00f3 un incendio en el basurero de Cocotitl\u00e1n, ocasionando movimiento de los grupos de rescate sin embargo, la falta de choferes para movilizar dos pipas de 20 mil litros de agua dificultaron que personal de protecci\u00f3n y bomberos sofocaran este incendio en el tiradero de basura de este municipio.<br \/>\nEl incendio ocurri\u00f3 la tarde de este viernes 25 de enero alrededor de las 17 horas.<br \/>\nAl lugar arribaron elementos de rescate de municipios vecinos; Chalco de D\u00edaz Covarrubias y de Tlalmanalco de Vel\u00e1zquez para lograr sofocar el siniestro.<br \/>\nElementos de proteccion civil de esta localidad informaron que solo hay dos elementos por turno, motivo por el cual no se dan abasto cuando ocurre alg\u00fan percance o siniestro como fue en esta ocasi\u00f3n.<br \/>\nEl incendio se prolong\u00f3 por espacio de cuatro horas lo que gener\u00f3 una columna de humo negro de varios metros de altura que fue observado a kil\u00f3metros del lugar.<\/p>\n","protected":false},"excerpt":{"rendered":"<p>Cocotitl\u00e1n. &#8211; la tarde de este s\u00e1bado se origin\u00f3 un incendio en el basurero de<\/p>\n","protected":false},"author":1,"featured_media":3653,"comment_status":"open","ping_status":"open","sticky":false,"template":"","format":"standard","meta":{"footnotes":""},"categories":[1],"tags":[13,46],"class_list":["post-3654","post","type-post","status-publish","format-standard","has-post-thumbnail","hentry","category-municipales","tag-cocotitlan","tag-volcanes"],"yoast_head":"<!-- This site is optimized with the Yoast SEO plugin v25.3 - https:\/\/yoast.com\/wordpress\/plugins\/seo\/ -->\n<title>Se incendia basurero de Cocotitl\u00e1n - Volcanes<\/title>\n<meta name=\"robots\" content=\"index, follow, max-snippet:-1, max-image-preview:large, max-video-preview:-1\" \/>\n<link rel=\"canonical\" href=\"https:\/\/volcanes.net\/?p=3654\" \/>\n<meta property=\"og:locale\" content=\"es_MX\" \/>\n<meta property=\"og:type\" content=\"article\" \/>\n<meta property=\"og:title\" content=\"Se incendia basurero de Cocotitl\u00e1n - Volcanes\" \/>\n<meta property=\"og:description\" content=\"Cocotitl\u00e1n. &#8211; la tarde de este s\u00e1bado se origin\u00f3 un incendio en el basurero de\" \/>\n<meta property=\"og:url\" content=\"https:\/\/volcanes.net\/?p=3654\" \/>\n<meta property=\"og:site_name\" content=\"Volcanes\" \/>\n<meta property=\"article:publisher\" content=\"https:\/\/www.facebook.com\/volcanes.net\/\" \/>\n<meta property=\"article:published_time\" content=\"2019-01-26T16:37:15+00:00\" \/>\n<meta property=\"article:modified_time\" content=\"2019-01-26T16:37:41+00:00\" \/>\n<meta property=\"og:image\" content=\"https:\/\/volcanes.net\/wp-content\/uploads\/2019\/01\/FB_IMG_1548519948454.jpg\" \/>\n\t<meta property=\"og:image:width\" content=\"720\" \/>\n\t<meta property=\"og:image:height\" content=\"540\" \/>\n\t<meta property=\"og:image:type\" content=\"image\/jpeg\" \/>\n<meta name=\"author\" content=\"admin\" \/>\n<meta name=\"twitter:card\" content=\"summary_large_image\" \/>\n<meta name=\"twitter:label1\" content=\"Escrito por\" \/>\n\t<meta name=\"twitter:data1\" content=\"admin\" \/>\n\t<meta name=\"twitter:label2\" content=\"Tiempo de lectura\" \/>\n\t<meta name=\"twitter:data2\" content=\"1 minuto\" \/>\n<script type=\"application\/ld+json\" class=\"yoast-schema-graph\">{\"@context\":\"https:\/\/schema.org\",\"@graph\":[{\"@type\":\"Article\",\"@id\":\"https:\/\/volcanes.net\/?p=3654#article\",\"isPartOf\":{\"@id\":\"https:\/\/volcanes.net\/?p=3654\"},\"author\":{\"name\":\"admin\",\"@id\":\"https:\/\/volcanes.net\/#\/schema\/person\/4bf0f383940966a4abd53f5048c0e6b9\"},\"headline\":\"Se incendia basurero de Cocotitl\u00e1n\",\"datePublished\":\"2019-01-26T16:37:15+00:00\",\"dateModified\":\"2019-01-26T16:37:41+00:00\",\"mainEntityOfPage\":{\"@id\":\"https:\/\/volcanes.net\/?p=3654\"},\"wordCount\":171,\"commentCount\":0,\"publisher\":{\"@id\":\"https:\/\/volcanes.net\/#organization\"},\"image\":{\"@id\":\"https:\/\/volcanes.net\/?p=3654#primaryimage\"},\"thumbnailUrl\":\"https:\/\/volcanes.net\/wp-content\/uploads\/2019\/01\/FB_IMG_1548519948454.jpg\",\"keywords\":[\"Cocotitl\u00e1n\",\"Volcanes\"],\"articleSection\":[\"Municipales\"],\"inLanguage\":\"es\",\"potentialAction\":[{\"@type\":\"CommentAction\",\"name\":\"Comment\",\"target\":[\"https:\/\/volcanes.net\/?p=3654#respond\"]}]},{\"@type\":\"WebPage\",\"@id\":\"https:\/\/volcanes.net\/?p=3654\",\"url\":\"https:\/\/volcanes.net\/?p=3654\",\"name\":\"Se incendia basurero de Cocotitl\u00e1n - Volcanes\",\"isPartOf\":{\"@id\":\"https:\/\/volcanes.net\/#website\"},\"primaryImageOfPage\":{\"@id\":\"https:\/\/volcanes.net\/?p=3654#primaryimage\"},\"image\":{\"@id\":\"https:\/\/volcanes.net\/?p=3654#primaryimage\"},\"thumbnailUrl\":\"https:\/\/volcanes.net\/wp-content\/uploads\/2019\/01\/FB_IMG_1548519948454.jpg\",\"datePublished\":\"2019-01-26T16:37:15+00:00\",\"dateModified\":\"2019-01-26T16:37:41+00:00\",\"breadcrumb\":{\"@id\":\"https:\/\/volcanes.net\/?p=3654#breadcrumb\"},\"inLanguage\":\"es\",\"potentialAction\":[{\"@type\":\"ReadAction\",\"target\":[\"https:\/\/volcanes.net\/?p=3654\"]}]},{\"@type\":\"ImageObject\",\"inLanguage\":\"es\",\"@id\":\"https:\/\/volcanes.net\/?p=3654#primaryimage\",\"url\":\"https:\/\/volcanes.net\/wp-content\/uploads\/2019\/01\/FB_IMG_1548519948454.jpg\",\"contentUrl\":\"https:\/\/volcanes.net\/wp-content\/uploads\/2019\/01\/FB_IMG_1548519948454.jpg\",\"width\":720,\"height\":540},{\"@type\":\"BreadcrumbList\",\"@id\":\"https:\/\/volcanes.net\/?p=3654#breadcrumb\",\"itemListElement\":[{\"@type\":\"ListItem\",\"position\":1,\"name\":\"Portada\",\"item\":\"https:\/\/volcanes.net\/\"},{\"@type\":\"ListItem\",\"position\":2,\"name\":\"Se incendia basurero de Cocotitl\u00e1n\"}]},{\"@type\":\"WebSite\",\"@id\":\"https:\/\/volcanes.net\/#website\",\"url\":\"https:\/\/volcanes.net\/\",\"name\":\"Volcanes.Net\",\"description\":\"Periodismo Profesional\",\"publisher\":{\"@id\":\"https:\/\/volcanes.net\/#organization\"},\"potentialAction\":[{\"@type\":\"SearchAction\",\"target\":{\"@type\":\"EntryPoint\",\"urlTemplate\":\"https:\/\/volcanes.net\/?s={search_term_string}\"},\"query-input\":{\"@type\":\"PropertyValueSpecification\",\"valueRequired\":true,\"valueName\":\"search_term_string\"}}],\"inLanguage\":\"es\"},{\"@type\":\"Organization\",\"@id\":\"https:\/\/volcanes.net\/#organization\",\"name\":\"Grupo Volcanes\",\"url\":\"https:\/\/volcanes.net\/\",\"logo\":{\"@type\":\"ImageObject\",\"inLanguage\":\"es\",\"@id\":\"https:\/\/volcanes.net\/#\/schema\/logo\/image\/\",\"url\":\"http:\/\/volcanes.net\/wp-content\/uploads\/2017\/12\/Avatar2.jpg\",\"contentUrl\":\"http:\/\/volcanes.net\/wp-content\/uploads\/2017\/12\/Avatar2.jpg\",\"width\":378,\"height\":378,\"caption\":\"Grupo Volcanes\"},\"image\":{\"@id\":\"https:\/\/volcanes.net\/#\/schema\/logo\/image\/\"},\"sameAs\":[\"https:\/\/www.facebook.com\/volcanes.net\/\"]},{\"@type\":\"Person\",\"@id\":\"https:\/\/volcanes.net\/#\/schema\/person\/4bf0f383940966a4abd53f5048c0e6b9\",\"name\":\"admin\",\"image\":{\"@type\":\"ImageObject\",\"inLanguage\":\"es\",\"@id\":\"https:\/\/volcanes.net\/#\/schema\/person\/image\/\",\"url\":\"https:\/\/secure.gravatar.com\/avatar\/ca004e6cba8462b8cb7abc86e382930c?s=96&d=mm&r=g\",\"contentUrl\":\"https:\/\/secure.gravatar.com\/avatar\/ca004e6cba8462b8cb7abc86e382930c?s=96&d=mm&r=g\",\"caption\":\"admin\"}}]}<\/script>\n<!-- \/ Yoast SEO plugin. -->","yoast_head_json":{"title":"Se incendia basurero de Cocotitl\u00e1n - Volcanes","robots":{"index":"index","follow":"follow","max-snippet":"max-snippet:-1","max-image-preview":"max-image-preview:large","max-video-preview":"max-video-preview:-1"},"canonical":"https:\/\/volcanes.net\/?p=3654","og_locale":"es_MX","og_type":"article","og_title":"Se incendia basurero de Cocotitl\u00e1n - Volcanes","og_description":"Cocotitl\u00e1n. &#8211; la tarde de este s\u00e1bado se origin\u00f3 un incendio en el basurero de","og_url":"https:\/\/volcanes.net\/?p=3654","og_site_name":"Volcanes","article_publisher":"https:\/\/www.facebook.com\/volcanes.net\/","article_published_time":"2019-01-26T16:37:15+00:00","article_modified_time":"2019-01-26T16:37:41+00:00","og_image":[{"width":720,"height":540,"url":"https:\/\/volcanes.net\/wp-content\/uploads\/2019\/01\/FB_IMG_1548519948454.jpg","type":"image\/jpeg"}],"author":"admin","twitter_card":"summary_large_image","twitter_misc":{"Escrito por":"admin","Tiempo de lectura":"1 minuto"},"schema":{"@context":"https:\/\/schema.org","@graph":[{"@type":"Article","@id":"https:\/\/volcanes.net\/?p=3654#article","isPartOf":{"@id":"https:\/\/volcanes.net\/?p=3654"},"author":{"name":"admin","@id":"https:\/\/volcanes.net\/#\/schema\/person\/4bf0f383940966a4abd53f5048c0e6b9"},"headline":"Se incendia basurero de Cocotitl\u00e1n","datePublished":"2019-01-26T16:37:15+00:00","dateModified":"2019-01-26T16:37:41+00:00","mainEntityOfPage":{"@id":"https:\/\/volcanes.net\/?p=3654"},"wordCount":171,"commentCount":0,"publisher":{"@id":"https:\/\/volcanes.net\/#organization"},"image":{"@id":"https:\/\/volcanes.net\/?p=3654#primaryimage"},"thumbnailUrl":"https:\/\/volcanes.net\/wp-content\/uploads\/2019\/01\/FB_IMG_1548519948454.jpg","keywords":["Cocotitl\u00e1n","Volcanes"],"articleSection":["Municipales"],"inLanguage":"es","potentialAction":[{"@type":"CommentAction","name":"Comment","target":["https:\/\/volcanes.net\/?p=3654#respond"]}]},{"@type":"WebPage","@id":"https:\/\/volcanes.net\/?p=3654","url":"https:\/\/volcanes.net\/?p=3654","name":"Se incendia basurero de Cocotitl\u00e1n - Volcanes","isPartOf":{"@id":"https:\/\/volcanes.net\/#website"},"primaryImageOfPage":{"@id":"https:\/\/volcanes.net\/?p=3654#primaryimage"},"image":{"@id":"https:\/\/volcanes.net\/?p=3654#primaryimage"},"thumbnailUrl":"https:\/\/volcanes.net\/wp-content\/uploads\/2019\/01\/FB_IMG_1548519948454.jpg","datePublished":"2019-01-26T16:37:15+00:00","dateModified":"2019-01-26T16:37:41+00:00","breadcrumb":{"@id":"https:\/\/volcanes.net\/?p=3654#breadcrumb"},"inLanguage":"es","potentialAction":[{"@type":"ReadAction","target":["https:\/\/volcanes.net\/?p=3654"]}]},{"@type":"ImageObject","inLanguage":"es","@id":"https:\/\/volcanes.net\/?p=3654#primaryimage","url":"https:\/\/volcanes.net\/wp-content\/uploads\/2019\/01\/FB_IMG_1548519948454.jpg","contentUrl":"https:\/\/volcanes.net\/wp-content\/uploads\/2019\/01\/FB_IMG_1548519948454.jpg","width":720,"height":540},{"@type":"BreadcrumbList","@id":"https:\/\/volcanes.net\/?p=3654#breadcrumb","itemListElement":[{"@type":"ListItem","position":1,"name":"Portada","item":"https:\/\/volcanes.net\/"},{"@type":"ListItem","position":2,"name":"Se incendia basurero de Cocotitl\u00e1n"}]},{"@type":"WebSite","@id":"https:\/\/volcanes.net\/#website","url":"https:\/\/volcanes.net\/","name":"Volcanes.Net","description":"Periodismo Profesional","publisher":{"@id":"https:\/\/volcanes.net\/#organization"},"potentialAction":[{"@type":"SearchAction","target":{"@type":"EntryPoint","urlTemplate":"https:\/\/volcanes.net\/?s={search_term_string}"},"query-input":{"@type":"PropertyValueSpecification","valueRequired":true,"valueName":"search_term_string"}}],"inLanguage":"es"},{"@type":"Organization","@id":"https:\/\/volcanes.net\/#organization","name":"Grupo Volcanes","url":"https:\/\/volcanes.net\/","logo":{"@type":"ImageObject","inLanguage":"es","@id":"https:\/\/volcanes.net\/#\/schema\/logo\/image\/","url":"http:\/\/volcanes.net\/wp-content\/uploads\/2017\/12\/Avatar2.jpg","contentUrl":"http:\/\/volcanes.net\/wp-content\/uploads\/2017\/12\/Avatar2.jpg","width":378,"height":378,"caption":"Grupo Volcanes"},"image":{"@id":"https:\/\/volcanes.net\/#\/schema\/logo\/image\/"},"sameAs":["https:\/\/www.facebook.com\/volcanes.net\/"]},{"@type":"Person","@id":"https:\/\/volcanes.net\/#\/schema\/person\/4bf0f383940966a4abd53f5048c0e6b9","name":"admin","image":{"@type":"ImageObject","inLanguage":"es","@id":"https:\/\/volcanes.net\/#\/schema\/person\/image\/","url":"https:\/\/secure.gravatar.com\/avatar\/ca004e6cba8462b8cb7abc86e382930c?s=96&d=mm&r=g","contentUrl":"https:\/\/secure.gravatar.com\/avatar\/ca004e6cba8462b8cb7abc86e382930c?s=96&d=mm&r=g","caption":"admin"}}]}},"_links":{"self":[{"href":"https:\/\/volcanes.net\/index.php?rest_route=\/wp\/v2\/posts\/3654"}],"collection":[{"href":"https:\/\/volcanes.net\/index.php?rest_route=\/wp\/v2\/posts"}],"about":[{"href":"https:\/\/volcanes.net\/index.php?rest_route=\/wp\/v2\/types\/post"}],"author":[{"embeddable":true,"href":"https:\/\/volcanes.net\/index.php?rest_route=\/wp\/v2\/users\/1"}],"replies":[{"embeddable":true,"href":"https:\/\/volcanes.net\/index.php?rest_route=%2Fwp%2Fv2%2Fcomments&post=3654"}],"version-history":[{"count":1,"href":"https:\/\/volcanes.net\/index.php?rest_route=\/wp\/v2\/posts\/3654\/revisions"}],"predecessor-version":[{"id":3655,"href":"https:\/\/volcanes.net\/index.php?rest_route=\/wp\/v2\/posts\/3654\/revisions\/3655"}],"wp:featuredmedia":[{"embeddable":true,"href":"https:\/\/volcanes.net\/index.php?rest_route=\/wp\/v2\/media\/3653"}],"wp:attachment":[{"href":"https:\/\/volcanes.net\/index.php?rest_route=%2Fwp%2Fv2%2Fmedia&parent=3654"}],"wp:term":[{"taxonomy":"category","embeddable":true,"href":"https:\/\/volcanes.net\/index.php?rest_route=%2Fwp%2Fv2%2Fcategories&post=3654"},{"taxonomy":"post_tag","embeddable":true,"href":"https:\/\/volcanes.net\/index.php?rest_route=%2Fwp%2Fv2%2Ftags&post=3654"}],"curies":[{"name":"wp","href":"https:\/\/api.w.org\/{rel}","templated":true}]}}