{"id":3660,"date":"2019-01-26T19:35:08","date_gmt":"2019-01-26T19:35:08","guid":{"rendered":"http:\/\/volcanes.net\/?p=3660"},"modified":"2019-01-26T19:35:08","modified_gmt":"2019-01-26T19:35:08","slug":"el-t-mec-es-benefico-para-mexico","status":"publish","type":"post","link":"https:\/\/volcanes.net\/?p=3660","title":{"rendered":"El T-MEC es ben\u00e9fico para M\u00e9xico"},"content":{"rendered":"<div style=\"margin-top: 0px; margin-bottom: 0px;\" class=\"sharethis-inline-share-buttons\" ><\/div><p><span lang=\"ES-TRAD\" style=\"font-family:Symbol;color:black\">\u00b7<span style=\"font-size:7pt;line-height:normal;font-family:\">        <span> <\/span><\/span><\/span><span lang=\"ES-TRAD\" style=\"font-size:11pt;font-family:Arial,sans-serif\"><i>Le permiten mantener el comercio con una de las regiones m\u00e1s importantes del mundo en materia econ\u00f3mica, adem\u00e1s de impulsar al sector automotriz en la zona norte del continente.<\/i><\/span><\/p>\n<p class=\"m_-6728784950177144336gmail-MsoListParagraphCxSpLast\" style=\"font-style:normal;font-weight:400;letter-spacing:normal;text-indent:0px;font-size:12pt;font-family:Calibri,sans-serif;text-align:left\"><span lang=\"ES-TRAD\" style=\"font-family:Arial,sans-serif;color:black\"> <\/span><\/p>\n<p class=\"MsoNormal\" style=\"font-style:normal;font-weight:400;letter-spacing:normal;text-indent:0px;font-size:12pt;font-family:Calibri,sans-serif;text-align:left\"><span style=\"font-family:Arial,sans-serif\"><b>Toluca, M\u00e9x. \u2013 26 de enero de 2019.<\/b><\/span><span style=\"font-family:Arial,sans-serif\"><span> <\/span>Las modificaciones al ahora llamado Tratado M\u00e9xico-Estados Unidos-Canad\u00e1 (T-MEC) son positivas para muestro pa\u00eds porque le permiten mantener el comercio con una de las regiones m\u00e1s importantes del mundo en materia econ\u00f3mica, adem\u00e1s de impulsar al sector automotriz en la zona norte del continente, afirm\u00f3 la investigadora de la Facultad de Econom\u00eda de la Universidad Aut\u00f3noma del Estado de M\u00e9xico, Brenda Murillo Villanueva.<\/span><\/p>\n<p class=\"MsoNormal\" style=\"font-style:normal;font-weight:400;letter-spacing:normal;margin:0cm0cm0.0001pt;font-size:12pt;font-family:Calibri,sans-serif;text-align:left\"><span style=\"font-family:Arial,sans-serif\">La acad\u00e9mica detall\u00f3 que fueron cuatro puntos sobre los que giraron las negociaciones para el T-MEC: 75 por ciento del contenido del sector automotriz debe tener origen en M\u00e9xico, Estados Unidos o Canad\u00e1, la estandarizaci\u00f3n de 16 d\u00f3lares por hora como salario m\u00ednimo para los trabajadores del sector automotriz de la regi\u00f3n a partir de 2023, las nuevas tarifas para el acero y el aluminio, que impactan mayormente a M\u00e9xico y Canad\u00e1, as\u00ed como la apertura de Canad\u00e1 a Estados Unidos en t\u00e9rminos de productos primarios.<\/span><\/p>\n<p class=\"MsoNormal\" style=\"font-style:normal;font-weight:400;letter-spacing:normal;margin:0cm0cm0.0001pt;font-size:12pt;font-family:Calibri,sans-serif;text-align:left\"><span style=\"font-family:Arial,sans-serif\">\u201cEn general fue una buena negociaci\u00f3n porque el T-MEC contin\u00faa, en beneficio de las tres naciones. Quiz\u00e1 el tema de mayor controversia fue el de los salarios, que en M\u00e9xico eran muy bajos y, por lo tanto, sumamente atractivos para el sector automotriz\u201d.<\/span><\/p>\n<p class=\"MsoNormal\" style=\"font-style:normal;font-weight:400;letter-spacing:normal;margin:0cm0cm0.0001pt;font-size:12pt;font-family:Calibri,sans-serif;text-align:left\"><span style=\"font-family:Arial,sans-serif\">Sin duda, consider\u00f3, las nuevas cl\u00e1usulas implican retos para nuestro pa\u00eds; por ejemplo, la estandarizaci\u00f3n de los salarios, que podr\u00eda generar disparidades con otros sectores econ\u00f3micos.<\/span><\/p>\n<p class=\"MsoNormal\" style=\"font-style:normal;font-weight:400;letter-spacing:normal;margin:0cm0cm0.0001pt;font-size:12pt;font-family:Calibri,sans-serif;text-align:left\"><span style=\"font-family:Arial,sans-serif\">Brenda Murillo Villanueva asever\u00f3 que adem\u00e1s, la renegociaci\u00f3n mostr\u00f3 a M\u00e9xico las \u00e1reas de oportunidad para diversificar el comercio internacional con otros mercados, como el asi\u00e1tico, el europeo, en el que ya hay avance, y el de Am\u00e9rica del Sur.<\/span><\/p>\n","protected":false},"excerpt":{"rendered":"<p>\u00b7 Le permiten mantener el comercio con una de las regiones m\u00e1s importantes del mundo<\/p>\n","protected":false},"author":1,"featured_media":3659,"comment_status":"open","ping_status":"open","sticky":false,"template":"","format":"standard","meta":{"footnotes":""},"categories":[1],"tags":[25],"class_list":["post-3660","post","type-post","status-publish","format-standard","has-post-thumbnail","hentry","category-municipales","tag-uaem"],"yoast_head":"<!-- This site is optimized with the Yoast SEO plugin v25.3 - https:\/\/yoast.com\/wordpress\/plugins\/seo\/ -->\n<title>El T-MEC es ben\u00e9fico para M\u00e9xico - Volcanes<\/title>\n<meta name=\"robots\" content=\"index, follow, max-snippet:-1, max-image-preview:large, max-video-preview:-1\" \/>\n<link rel=\"canonical\" href=\"https:\/\/volcanes.net\/?p=3660\" \/>\n<meta property=\"og:locale\" content=\"es_MX\" \/>\n<meta property=\"og:type\" content=\"article\" \/>\n<meta property=\"og:title\" content=\"El T-MEC es ben\u00e9fico para M\u00e9xico - Volcanes\" \/>\n<meta property=\"og:description\" content=\"\u00b7 Le permiten mantener el comercio con una de las regiones m\u00e1s importantes del mundo\" \/>\n<meta property=\"og:url\" content=\"https:\/\/volcanes.net\/?p=3660\" \/>\n<meta property=\"og:site_name\" content=\"Volcanes\" \/>\n<meta property=\"article:publisher\" content=\"https:\/\/www.facebook.com\/volcanes.net\/\" \/>\n<meta property=\"article:published_time\" content=\"2019-01-26T19:35:08+00:00\" \/>\n<meta property=\"og:image\" content=\"https:\/\/volcanes.net\/wp-content\/uploads\/2019\/01\/1548531262532836.jpg\" \/>\n\t<meta property=\"og:image:width\" content=\"1024\" \/>\n\t<meta property=\"og:image:height\" content=\"683\" \/>\n\t<meta property=\"og:image:type\" content=\"image\/jpeg\" \/>\n<meta name=\"author\" content=\"admin\" \/>\n<meta name=\"twitter:card\" content=\"summary_large_image\" \/>\n<meta name=\"twitter:label1\" content=\"Escrito por\" \/>\n\t<meta name=\"twitter:data1\" content=\"admin\" \/>\n\t<meta name=\"twitter:label2\" content=\"Tiempo de lectura\" \/>\n\t<meta name=\"twitter:data2\" content=\"2 minutos\" \/>\n<script type=\"application\/ld+json\" class=\"yoast-schema-graph\">{\"@context\":\"https:\/\/schema.org\",\"@graph\":[{\"@type\":\"Article\",\"@id\":\"https:\/\/volcanes.net\/?p=3660#article\",\"isPartOf\":{\"@id\":\"https:\/\/volcanes.net\/?p=3660\"},\"author\":{\"name\":\"admin\",\"@id\":\"https:\/\/volcanes.net\/#\/schema\/person\/4bf0f383940966a4abd53f5048c0e6b9\"},\"headline\":\"El T-MEC es ben\u00e9fico para M\u00e9xico\",\"datePublished\":\"2019-01-26T19:35:08+00:00\",\"mainEntityOfPage\":{\"@id\":\"https:\/\/volcanes.net\/?p=3660\"},\"wordCount\":330,\"commentCount\":0,\"publisher\":{\"@id\":\"https:\/\/volcanes.net\/#organization\"},\"image\":{\"@id\":\"https:\/\/volcanes.net\/?p=3660#primaryimage\"},\"thumbnailUrl\":\"https:\/\/volcanes.net\/wp-content\/uploads\/2019\/01\/1548531262532836.jpg\",\"keywords\":[\"UAEM\"],\"articleSection\":[\"Municipales\"],\"inLanguage\":\"es\",\"potentialAction\":[{\"@type\":\"CommentAction\",\"name\":\"Comment\",\"target\":[\"https:\/\/volcanes.net\/?p=3660#respond\"]}]},{\"@type\":\"WebPage\",\"@id\":\"https:\/\/volcanes.net\/?p=3660\",\"url\":\"https:\/\/volcanes.net\/?p=3660\",\"name\":\"El T-MEC es ben\u00e9fico para M\u00e9xico - Volcanes\",\"isPartOf\":{\"@id\":\"https:\/\/volcanes.net\/#website\"},\"primaryImageOfPage\":{\"@id\":\"https:\/\/volcanes.net\/?p=3660#primaryimage\"},\"image\":{\"@id\":\"https:\/\/volcanes.net\/?p=3660#primaryimage\"},\"thumbnailUrl\":\"https:\/\/volcanes.net\/wp-content\/uploads\/2019\/01\/1548531262532836.jpg\",\"datePublished\":\"2019-01-26T19:35:08+00:00\",\"breadcrumb\":{\"@id\":\"https:\/\/volcanes.net\/?p=3660#breadcrumb\"},\"inLanguage\":\"es\",\"potentialAction\":[{\"@type\":\"ReadAction\",\"target\":[\"https:\/\/volcanes.net\/?p=3660\"]}]},{\"@type\":\"ImageObject\",\"inLanguage\":\"es\",\"@id\":\"https:\/\/volcanes.net\/?p=3660#primaryimage\",\"url\":\"https:\/\/volcanes.net\/wp-content\/uploads\/2019\/01\/1548531262532836.jpg\",\"contentUrl\":\"https:\/\/volcanes.net\/wp-content\/uploads\/2019\/01\/1548531262532836.jpg\",\"width\":1024,\"height\":683},{\"@type\":\"BreadcrumbList\",\"@id\":\"https:\/\/volcanes.net\/?p=3660#breadcrumb\",\"itemListElement\":[{\"@type\":\"ListItem\",\"position\":1,\"name\":\"Portada\",\"item\":\"https:\/\/volcanes.net\/\"},{\"@type\":\"ListItem\",\"position\":2,\"name\":\"El T-MEC es ben\u00e9fico para M\u00e9xico\"}]},{\"@type\":\"WebSite\",\"@id\":\"https:\/\/volcanes.net\/#website\",\"url\":\"https:\/\/volcanes.net\/\",\"name\":\"Volcanes.Net\",\"description\":\"Periodismo Profesional\",\"publisher\":{\"@id\":\"https:\/\/volcanes.net\/#organization\"},\"potentialAction\":[{\"@type\":\"SearchAction\",\"target\":{\"@type\":\"EntryPoint\",\"urlTemplate\":\"https:\/\/volcanes.net\/?s={search_term_string}\"},\"query-input\":{\"@type\":\"PropertyValueSpecification\",\"valueRequired\":true,\"valueName\":\"search_term_string\"}}],\"inLanguage\":\"es\"},{\"@type\":\"Organization\",\"@id\":\"https:\/\/volcanes.net\/#organization\",\"name\":\"Grupo Volcanes\",\"url\":\"https:\/\/volcanes.net\/\",\"logo\":{\"@type\":\"ImageObject\",\"inLanguage\":\"es\",\"@id\":\"https:\/\/volcanes.net\/#\/schema\/logo\/image\/\",\"url\":\"http:\/\/volcanes.net\/wp-content\/uploads\/2017\/12\/Avatar2.jpg\",\"contentUrl\":\"http:\/\/volcanes.net\/wp-content\/uploads\/2017\/12\/Avatar2.jpg\",\"width\":378,\"height\":378,\"caption\":\"Grupo Volcanes\"},\"image\":{\"@id\":\"https:\/\/volcanes.net\/#\/schema\/logo\/image\/\"},\"sameAs\":[\"https:\/\/www.facebook.com\/volcanes.net\/\"]},{\"@type\":\"Person\",\"@id\":\"https:\/\/volcanes.net\/#\/schema\/person\/4bf0f383940966a4abd53f5048c0e6b9\",\"name\":\"admin\",\"image\":{\"@type\":\"ImageObject\",\"inLanguage\":\"es\",\"@id\":\"https:\/\/volcanes.net\/#\/schema\/person\/image\/\",\"url\":\"https:\/\/secure.gravatar.com\/avatar\/ca004e6cba8462b8cb7abc86e382930c?s=96&d=mm&r=g\",\"contentUrl\":\"https:\/\/secure.gravatar.com\/avatar\/ca004e6cba8462b8cb7abc86e382930c?s=96&d=mm&r=g\",\"caption\":\"admin\"}}]}<\/script>\n<!-- \/ Yoast SEO plugin. -->","yoast_head_json":{"title":"El T-MEC es ben\u00e9fico para M\u00e9xico - Volcanes","robots":{"index":"index","follow":"follow","max-snippet":"max-snippet:-1","max-image-preview":"max-image-preview:large","max-video-preview":"max-video-preview:-1"},"canonical":"https:\/\/volcanes.net\/?p=3660","og_locale":"es_MX","og_type":"article","og_title":"El T-MEC es ben\u00e9fico para M\u00e9xico - Volcanes","og_description":"\u00b7 Le permiten mantener el comercio con una de las regiones m\u00e1s importantes del mundo","og_url":"https:\/\/volcanes.net\/?p=3660","og_site_name":"Volcanes","article_publisher":"https:\/\/www.facebook.com\/volcanes.net\/","article_published_time":"2019-01-26T19:35:08+00:00","og_image":[{"width":1024,"height":683,"url":"https:\/\/volcanes.net\/wp-content\/uploads\/2019\/01\/1548531262532836.jpg","type":"image\/jpeg"}],"author":"admin","twitter_card":"summary_large_image","twitter_misc":{"Escrito por":"admin","Tiempo de lectura":"2 minutos"},"schema":{"@context":"https:\/\/schema.org","@graph":[{"@type":"Article","@id":"https:\/\/volcanes.net\/?p=3660#article","isPartOf":{"@id":"https:\/\/volcanes.net\/?p=3660"},"author":{"name":"admin","@id":"https:\/\/volcanes.net\/#\/schema\/person\/4bf0f383940966a4abd53f5048c0e6b9"},"headline":"El T-MEC es ben\u00e9fico para M\u00e9xico","datePublished":"2019-01-26T19:35:08+00:00","mainEntityOfPage":{"@id":"https:\/\/volcanes.net\/?p=3660"},"wordCount":330,"commentCount":0,"publisher":{"@id":"https:\/\/volcanes.net\/#organization"},"image":{"@id":"https:\/\/volcanes.net\/?p=3660#primaryimage"},"thumbnailUrl":"https:\/\/volcanes.net\/wp-content\/uploads\/2019\/01\/1548531262532836.jpg","keywords":["UAEM"],"articleSection":["Municipales"],"inLanguage":"es","potentialAction":[{"@type":"CommentAction","name":"Comment","target":["https:\/\/volcanes.net\/?p=3660#respond"]}]},{"@type":"WebPage","@id":"https:\/\/volcanes.net\/?p=3660","url":"https:\/\/volcanes.net\/?p=3660","name":"El T-MEC es ben\u00e9fico para M\u00e9xico - Volcanes","isPartOf":{"@id":"https:\/\/volcanes.net\/#website"},"primaryImageOfPage":{"@id":"https:\/\/volcanes.net\/?p=3660#primaryimage"},"image":{"@id":"https:\/\/volcanes.net\/?p=3660#primaryimage"},"thumbnailUrl":"https:\/\/volcanes.net\/wp-content\/uploads\/2019\/01\/1548531262532836.jpg","datePublished":"2019-01-26T19:35:08+00:00","breadcrumb":{"@id":"https:\/\/volcanes.net\/?p=3660#breadcrumb"},"inLanguage":"es","potentialAction":[{"@type":"ReadAction","target":["https:\/\/volcanes.net\/?p=3660"]}]},{"@type":"ImageObject","inLanguage":"es","@id":"https:\/\/volcanes.net\/?p=3660#primaryimage","url":"https:\/\/volcanes.net\/wp-content\/uploads\/2019\/01\/1548531262532836.jpg","contentUrl":"https:\/\/volcanes.net\/wp-content\/uploads\/2019\/01\/1548531262532836.jpg","width":1024,"height":683},{"@type":"BreadcrumbList","@id":"https:\/\/volcanes.net\/?p=3660#breadcrumb","itemListElement":[{"@type":"ListItem","position":1,"name":"Portada","item":"https:\/\/volcanes.net\/"},{"@type":"ListItem","position":2,"name":"El T-MEC es ben\u00e9fico para M\u00e9xico"}]},{"@type":"WebSite","@id":"https:\/\/volcanes.net\/#website","url":"https:\/\/volcanes.net\/","name":"Volcanes.Net","description":"Periodismo Profesional","publisher":{"@id":"https:\/\/volcanes.net\/#organization"},"potentialAction":[{"@type":"SearchAction","target":{"@type":"EntryPoint","urlTemplate":"https:\/\/volcanes.net\/?s={search_term_string}"},"query-input":{"@type":"PropertyValueSpecification","valueRequired":true,"valueName":"search_term_string"}}],"inLanguage":"es"},{"@type":"Organization","@id":"https:\/\/volcanes.net\/#organization","name":"Grupo Volcanes","url":"https:\/\/volcanes.net\/","logo":{"@type":"ImageObject","inLanguage":"es","@id":"https:\/\/volcanes.net\/#\/schema\/logo\/image\/","url":"http:\/\/volcanes.net\/wp-content\/uploads\/2017\/12\/Avatar2.jpg","contentUrl":"http:\/\/volcanes.net\/wp-content\/uploads\/2017\/12\/Avatar2.jpg","width":378,"height":378,"caption":"Grupo Volcanes"},"image":{"@id":"https:\/\/volcanes.net\/#\/schema\/logo\/image\/"},"sameAs":["https:\/\/www.facebook.com\/volcanes.net\/"]},{"@type":"Person","@id":"https:\/\/volcanes.net\/#\/schema\/person\/4bf0f383940966a4abd53f5048c0e6b9","name":"admin","image":{"@type":"ImageObject","inLanguage":"es","@id":"https:\/\/volcanes.net\/#\/schema\/person\/image\/","url":"https:\/\/secure.gravatar.com\/avatar\/ca004e6cba8462b8cb7abc86e382930c?s=96&d=mm&r=g","contentUrl":"https:\/\/secure.gravatar.com\/avatar\/ca004e6cba8462b8cb7abc86e382930c?s=96&d=mm&r=g","caption":"admin"}}]}},"_links":{"self":[{"href":"https:\/\/volcanes.net\/index.php?rest_route=\/wp\/v2\/posts\/3660"}],"collection":[{"href":"https:\/\/volcanes.net\/index.php?rest_route=\/wp\/v2\/posts"}],"about":[{"href":"https:\/\/volcanes.net\/index.php?rest_route=\/wp\/v2\/types\/post"}],"author":[{"embeddable":true,"href":"https:\/\/volcanes.net\/index.php?rest_route=\/wp\/v2\/users\/1"}],"replies":[{"embeddable":true,"href":"https:\/\/volcanes.net\/index.php?rest_route=%2Fwp%2Fv2%2Fcomments&post=3660"}],"version-history":[{"count":1,"href":"https:\/\/volcanes.net\/index.php?rest_route=\/wp\/v2\/posts\/3660\/revisions"}],"predecessor-version":[{"id":3661,"href":"https:\/\/volcanes.net\/index.php?rest_route=\/wp\/v2\/posts\/3660\/revisions\/3661"}],"wp:featuredmedia":[{"embeddable":true,"href":"https:\/\/volcanes.net\/index.php?rest_route=\/wp\/v2\/media\/3659"}],"wp:attachment":[{"href":"https:\/\/volcanes.net\/index.php?rest_route=%2Fwp%2Fv2%2Fmedia&parent=3660"}],"wp:term":[{"taxonomy":"category","embeddable":true,"href":"https:\/\/volcanes.net\/index.php?rest_route=%2Fwp%2Fv2%2Fcategories&post=3660"},{"taxonomy":"post_tag","embeddable":true,"href":"https:\/\/volcanes.net\/index.php?rest_route=%2Fwp%2Fv2%2Ftags&post=3660"}],"curies":[{"name":"wp","href":"https:\/\/api.w.org\/{rel}","templated":true}]}}