{"id":3663,"date":"2019-01-26T19:37:58","date_gmt":"2019-01-26T19:37:58","guid":{"rendered":"http:\/\/volcanes.net\/?p=3663"},"modified":"2019-01-26T19:37:58","modified_gmt":"2019-01-26T19:37:58","slug":"recicla-tu-arbol-de-navidad-convocatoria-de-ixtapaluca","status":"publish","type":"post","link":"https:\/\/volcanes.net\/?p=3663","title":{"rendered":"Recicla tu \u00e1rbol de navidad!, convocatoria de Ixtapaluca \u00a0"},"content":{"rendered":"<div style=\"margin-top: 0px; margin-bottom: 0px;\" class=\"sharethis-inline-share-buttons\" ><\/div><p align=\"center\" class=\"MsoNormal\" style=\"font-style:normal;font-weight:400;letter-spacing:normal;text-indent:0px;line-height:16.7919px;font-size:11pt;font-family:Calibri,sans-serif;text-align:center\"><span style=\"font-size:10pt;line-height:15.2653px\"><b><i>*La participaci\u00f3n de la ciudadan\u00eda permitir\u00e1 que los arbolitos que adornaron sus viviendas durante las fiestas decembrinas, hoy se transformen en composta para dar vida a otros m\u00e1s<\/i><\/b><\/span><\/p>\n<p class=\"MsoNormal\" style=\"font-style:normal;font-weight:400;letter-spacing:normal;text-indent:0px;line-height:16.7919px;font-size:11pt;font-family:Calibri,sans-serif;text-align:left\">Hasta el 7 de febrero pr\u00f3ximo estar\u00e1 vigente la campa\u00f1a de Recuperaci\u00f3n, Apoyo y Reciclaje de \u00c1rboles de Navidad, para que la poblaci\u00f3n ixtapaluquense decida entregarlos a los centros de acopio, en lugar de tirarlos a la basura.<\/p>\n<p class=\"MsoNormal\" style=\"font-style:normal;font-weight:400;letter-spacing:normal;text-indent:0px;line-height:16.7919px;font-size:11pt;font-family:Calibri,sans-serif;text-align:left\">Desde hace cinco a\u00f1os la direcci\u00f3n de Ecolog\u00eda inici\u00f3 esta campa\u00f1a que ha tenido gran aceptaci\u00f3n y participaci\u00f3n por parte de los vecinos, quienes han tomado conciencia sobre la importancia de reciclarlos.<\/p>\n<p class=\"MsoNormal\" style=\"font-style:normal;font-weight:400;letter-spacing:normal;text-indent:0px;line-height:16.7919px;font-size:11pt;font-family:Calibri,sans-serif;text-align:left\">Este a\u00f1o se cuentan con cuatro centros de acopio que se ubican en: parque \u201cLa Tortuga\u201d, en Ayotla, de lunes a viernes de 10:00 a 18:00 horas; Casco de San Buenaventura, abierto de lunes a s\u00e1bado de 9:00 a 13:00 horas; estaci\u00f3n de Bomberos Tlapacoya,  de lunes a s\u00e1bado las 24 horas del d\u00eda, y el Casco de Los H\u00e9roes, de lunes a s\u00e1bado, de 10:00 a 15:00 horas.<\/p>\n<p class=\"MsoNormal\" style=\"font-style:normal;font-weight:400;letter-spacing:normal;text-indent:0px;line-height:16.7919px;font-size:11pt;font-family:Calibri,sans-serif;text-align:left\">Personal de la direcci\u00f3n de Ecolog\u00eda destac\u00f3 la importancia de llevar los \u00e1rboles a los centros de acopio, toda vez que se corre el riesgo de que la gente los abandone en basureros o terrenos bald\u00edos y se provoquen incendios por las ramas secas y altas temperaturas.<\/p>\n<p class=\"MsoNormal\" style=\"font-style:normal;font-weight:400;letter-spacing:normal;text-indent:0px;line-height:16.7919px;font-size:11pt;font-family:Calibri,sans-serif;text-align:left\">Una vez recolectados, los \u00e1rboles ser\u00e1n enviados al Vivero Forestal Valle de Ameca, donde los reutilizar\u00e1n para hacer composta para la crianza de \u00e1rboles dentro del mismo vivero.<\/p>\n<p class=\"MsoNormal\" style=\"font-style:normal;font-weight:400;letter-spacing:normal;text-indent:0px;line-height:16.7919px;font-size:11pt;font-family:Calibri,sans-serif;text-align:left\">La composta principalmente ayuda a abonar la tierra, regresa los nutrientes, evita el desgaste del suelo derivado de la lluvia, controla la erosi\u00f3n, retiene el agua y paulatinamente la va liberando en beneficio de las plantas, adem\u00e1s de permitir el paso del aire manteniendo sanas las ra\u00edces.<\/p>\n<p class=\"MsoNormal\" style=\"font-style:normal;font-weight:400;letter-spacing:normal;text-indent:0px;line-height:16.7919px;font-size:11pt;font-family:Calibri,sans-serif;text-align:left\">Cabe destacar que para el reciclaje de \u00e1rboles, Ecolog\u00eda Ixtapaluca trabaja de la mano con la Protectora de Bosques del Estado de M\u00e9xico (PROBOSQUE), lo que permite que haya un orden durante el proceso de la trituraci\u00f3n.<\/p>\n<p class=\"MsoNormal\" style=\"font-style:normal;font-weight:400;letter-spacing:normal;text-indent:0px;line-height:16.7919px;font-size:11pt;font-family:Calibri,sans-serif;text-align:left\">El titular de Ecolog\u00eda, Eynar Vel\u00e1zquez, invit\u00f3 a la poblaci\u00f3n a sumarse a esta campa\u00f1a porque el arbolito de navidad que adorn\u00f3 sus viviendas durante las fiestas decembrinas, hoy puede dar m\u00e1s vida a otros \u00e1rboles, permitir\u00e1 mejorar las condiciones de la tierra y lo m\u00e1s importante es que se proteger\u00e1 el medio ambiente.<\/p>\n","protected":false},"excerpt":{"rendered":"<p>*La participaci\u00f3n de la ciudadan\u00eda permitir\u00e1 que los arbolitos que adornaron sus viviendas durante las<\/p>\n","protected":false},"author":1,"featured_media":3662,"comment_status":"open","ping_status":"open","sticky":false,"template":"","format":"standard","meta":{"footnotes":""},"categories":[1],"tags":[6],"class_list":["post-3663","post","type-post","status-publish","format-standard","has-post-thumbnail","hentry","category-municipales","tag-ixtapaluca"],"yoast_head":"<!-- This site is optimized with the Yoast SEO plugin v25.3 - https:\/\/yoast.com\/wordpress\/plugins\/seo\/ -->\n<title>Recicla tu \u00e1rbol de navidad!, convocatoria de Ixtapaluca \u00a0 - Volcanes<\/title>\n<meta name=\"robots\" content=\"index, follow, max-snippet:-1, max-image-preview:large, max-video-preview:-1\" \/>\n<link rel=\"canonical\" href=\"https:\/\/volcanes.net\/?p=3663\" \/>\n<meta property=\"og:locale\" content=\"es_MX\" \/>\n<meta property=\"og:type\" content=\"article\" \/>\n<meta property=\"og:title\" content=\"Recicla tu \u00e1rbol de navidad!, convocatoria de Ixtapaluca \u00a0 - Volcanes\" \/>\n<meta property=\"og:description\" content=\"*La participaci\u00f3n de la ciudadan\u00eda permitir\u00e1 que los arbolitos que adornaron sus viviendas durante las\" \/>\n<meta property=\"og:url\" content=\"https:\/\/volcanes.net\/?p=3663\" \/>\n<meta property=\"og:site_name\" content=\"Volcanes\" \/>\n<meta property=\"article:publisher\" content=\"https:\/\/www.facebook.com\/volcanes.net\/\" \/>\n<meta property=\"article:published_time\" content=\"2019-01-26T19:37:58+00:00\" \/>\n<meta property=\"og:image\" content=\"https:\/\/volcanes.net\/wp-content\/uploads\/2019\/01\/1548531425105144.png\" \/>\n\t<meta property=\"og:image:width\" content=\"637\" \/>\n\t<meta property=\"og:image:height\" content=\"453\" \/>\n\t<meta property=\"og:image:type\" content=\"image\/png\" \/>\n<meta name=\"author\" content=\"admin\" \/>\n<meta name=\"twitter:card\" content=\"summary_large_image\" \/>\n<meta name=\"twitter:label1\" content=\"Escrito por\" \/>\n\t<meta name=\"twitter:data1\" content=\"admin\" \/>\n\t<meta name=\"twitter:label2\" content=\"Tiempo de lectura\" \/>\n\t<meta name=\"twitter:data2\" content=\"2 minutos\" \/>\n<script type=\"application\/ld+json\" class=\"yoast-schema-graph\">{\"@context\":\"https:\/\/schema.org\",\"@graph\":[{\"@type\":\"Article\",\"@id\":\"https:\/\/volcanes.net\/?p=3663#article\",\"isPartOf\":{\"@id\":\"https:\/\/volcanes.net\/?p=3663\"},\"author\":{\"name\":\"admin\",\"@id\":\"https:\/\/volcanes.net\/#\/schema\/person\/4bf0f383940966a4abd53f5048c0e6b9\"},\"headline\":\"Recicla tu \u00e1rbol de navidad!, convocatoria de Ixtapaluca \u00a0\",\"datePublished\":\"2019-01-26T19:37:58+00:00\",\"mainEntityOfPage\":{\"@id\":\"https:\/\/volcanes.net\/?p=3663\"},\"wordCount\":417,\"commentCount\":0,\"publisher\":{\"@id\":\"https:\/\/volcanes.net\/#organization\"},\"image\":{\"@id\":\"https:\/\/volcanes.net\/?p=3663#primaryimage\"},\"thumbnailUrl\":\"https:\/\/volcanes.net\/wp-content\/uploads\/2019\/01\/1548531425105144.png\",\"keywords\":[\"Ixtapaluca\"],\"articleSection\":[\"Municipales\"],\"inLanguage\":\"es\",\"potentialAction\":[{\"@type\":\"CommentAction\",\"name\":\"Comment\",\"target\":[\"https:\/\/volcanes.net\/?p=3663#respond\"]}]},{\"@type\":\"WebPage\",\"@id\":\"https:\/\/volcanes.net\/?p=3663\",\"url\":\"https:\/\/volcanes.net\/?p=3663\",\"name\":\"Recicla tu \u00e1rbol de navidad!, convocatoria de Ixtapaluca \u00a0 - Volcanes\",\"isPartOf\":{\"@id\":\"https:\/\/volcanes.net\/#website\"},\"primaryImageOfPage\":{\"@id\":\"https:\/\/volcanes.net\/?p=3663#primaryimage\"},\"image\":{\"@id\":\"https:\/\/volcanes.net\/?p=3663#primaryimage\"},\"thumbnailUrl\":\"https:\/\/volcanes.net\/wp-content\/uploads\/2019\/01\/1548531425105144.png\",\"datePublished\":\"2019-01-26T19:37:58+00:00\",\"breadcrumb\":{\"@id\":\"https:\/\/volcanes.net\/?p=3663#breadcrumb\"},\"inLanguage\":\"es\",\"potentialAction\":[{\"@type\":\"ReadAction\",\"target\":[\"https:\/\/volcanes.net\/?p=3663\"]}]},{\"@type\":\"ImageObject\",\"inLanguage\":\"es\",\"@id\":\"https:\/\/volcanes.net\/?p=3663#primaryimage\",\"url\":\"https:\/\/volcanes.net\/wp-content\/uploads\/2019\/01\/1548531425105144.png\",\"contentUrl\":\"https:\/\/volcanes.net\/wp-content\/uploads\/2019\/01\/1548531425105144.png\",\"width\":637,\"height\":453},{\"@type\":\"BreadcrumbList\",\"@id\":\"https:\/\/volcanes.net\/?p=3663#breadcrumb\",\"itemListElement\":[{\"@type\":\"ListItem\",\"position\":1,\"name\":\"Portada\",\"item\":\"https:\/\/volcanes.net\/\"},{\"@type\":\"ListItem\",\"position\":2,\"name\":\"Recicla tu \u00e1rbol de navidad!, convocatoria de Ixtapaluca \u00a0\"}]},{\"@type\":\"WebSite\",\"@id\":\"https:\/\/volcanes.net\/#website\",\"url\":\"https:\/\/volcanes.net\/\",\"name\":\"Volcanes.Net\",\"description\":\"Periodismo Profesional\",\"publisher\":{\"@id\":\"https:\/\/volcanes.net\/#organization\"},\"potentialAction\":[{\"@type\":\"SearchAction\",\"target\":{\"@type\":\"EntryPoint\",\"urlTemplate\":\"https:\/\/volcanes.net\/?s={search_term_string}\"},\"query-input\":{\"@type\":\"PropertyValueSpecification\",\"valueRequired\":true,\"valueName\":\"search_term_string\"}}],\"inLanguage\":\"es\"},{\"@type\":\"Organization\",\"@id\":\"https:\/\/volcanes.net\/#organization\",\"name\":\"Grupo Volcanes\",\"url\":\"https:\/\/volcanes.net\/\",\"logo\":{\"@type\":\"ImageObject\",\"inLanguage\":\"es\",\"@id\":\"https:\/\/volcanes.net\/#\/schema\/logo\/image\/\",\"url\":\"http:\/\/volcanes.net\/wp-content\/uploads\/2017\/12\/Avatar2.jpg\",\"contentUrl\":\"http:\/\/volcanes.net\/wp-content\/uploads\/2017\/12\/Avatar2.jpg\",\"width\":378,\"height\":378,\"caption\":\"Grupo Volcanes\"},\"image\":{\"@id\":\"https:\/\/volcanes.net\/#\/schema\/logo\/image\/\"},\"sameAs\":[\"https:\/\/www.facebook.com\/volcanes.net\/\"]},{\"@type\":\"Person\",\"@id\":\"https:\/\/volcanes.net\/#\/schema\/person\/4bf0f383940966a4abd53f5048c0e6b9\",\"name\":\"admin\",\"image\":{\"@type\":\"ImageObject\",\"inLanguage\":\"es\",\"@id\":\"https:\/\/volcanes.net\/#\/schema\/person\/image\/\",\"url\":\"https:\/\/secure.gravatar.com\/avatar\/ca004e6cba8462b8cb7abc86e382930c?s=96&d=mm&r=g\",\"contentUrl\":\"https:\/\/secure.gravatar.com\/avatar\/ca004e6cba8462b8cb7abc86e382930c?s=96&d=mm&r=g\",\"caption\":\"admin\"}}]}<\/script>\n<!-- \/ Yoast SEO plugin. -->","yoast_head_json":{"title":"Recicla tu \u00e1rbol de navidad!, convocatoria de Ixtapaluca \u00a0 - Volcanes","robots":{"index":"index","follow":"follow","max-snippet":"max-snippet:-1","max-image-preview":"max-image-preview:large","max-video-preview":"max-video-preview:-1"},"canonical":"https:\/\/volcanes.net\/?p=3663","og_locale":"es_MX","og_type":"article","og_title":"Recicla tu \u00e1rbol de navidad!, convocatoria de Ixtapaluca \u00a0 - Volcanes","og_description":"*La participaci\u00f3n de la ciudadan\u00eda permitir\u00e1 que los arbolitos que adornaron sus viviendas durante las","og_url":"https:\/\/volcanes.net\/?p=3663","og_site_name":"Volcanes","article_publisher":"https:\/\/www.facebook.com\/volcanes.net\/","article_published_time":"2019-01-26T19:37:58+00:00","og_image":[{"width":637,"height":453,"url":"https:\/\/volcanes.net\/wp-content\/uploads\/2019\/01\/1548531425105144.png","type":"image\/png"}],"author":"admin","twitter_card":"summary_large_image","twitter_misc":{"Escrito por":"admin","Tiempo de lectura":"2 minutos"},"schema":{"@context":"https:\/\/schema.org","@graph":[{"@type":"Article","@id":"https:\/\/volcanes.net\/?p=3663#article","isPartOf":{"@id":"https:\/\/volcanes.net\/?p=3663"},"author":{"name":"admin","@id":"https:\/\/volcanes.net\/#\/schema\/person\/4bf0f383940966a4abd53f5048c0e6b9"},"headline":"Recicla tu \u00e1rbol de navidad!, convocatoria de Ixtapaluca \u00a0","datePublished":"2019-01-26T19:37:58+00:00","mainEntityOfPage":{"@id":"https:\/\/volcanes.net\/?p=3663"},"wordCount":417,"commentCount":0,"publisher":{"@id":"https:\/\/volcanes.net\/#organization"},"image":{"@id":"https:\/\/volcanes.net\/?p=3663#primaryimage"},"thumbnailUrl":"https:\/\/volcanes.net\/wp-content\/uploads\/2019\/01\/1548531425105144.png","keywords":["Ixtapaluca"],"articleSection":["Municipales"],"inLanguage":"es","potentialAction":[{"@type":"CommentAction","name":"Comment","target":["https:\/\/volcanes.net\/?p=3663#respond"]}]},{"@type":"WebPage","@id":"https:\/\/volcanes.net\/?p=3663","url":"https:\/\/volcanes.net\/?p=3663","name":"Recicla tu \u00e1rbol de navidad!, convocatoria de Ixtapaluca \u00a0 - Volcanes","isPartOf":{"@id":"https:\/\/volcanes.net\/#website"},"primaryImageOfPage":{"@id":"https:\/\/volcanes.net\/?p=3663#primaryimage"},"image":{"@id":"https:\/\/volcanes.net\/?p=3663#primaryimage"},"thumbnailUrl":"https:\/\/volcanes.net\/wp-content\/uploads\/2019\/01\/1548531425105144.png","datePublished":"2019-01-26T19:37:58+00:00","breadcrumb":{"@id":"https:\/\/volcanes.net\/?p=3663#breadcrumb"},"inLanguage":"es","potentialAction":[{"@type":"ReadAction","target":["https:\/\/volcanes.net\/?p=3663"]}]},{"@type":"ImageObject","inLanguage":"es","@id":"https:\/\/volcanes.net\/?p=3663#primaryimage","url":"https:\/\/volcanes.net\/wp-content\/uploads\/2019\/01\/1548531425105144.png","contentUrl":"https:\/\/volcanes.net\/wp-content\/uploads\/2019\/01\/1548531425105144.png","width":637,"height":453},{"@type":"BreadcrumbList","@id":"https:\/\/volcanes.net\/?p=3663#breadcrumb","itemListElement":[{"@type":"ListItem","position":1,"name":"Portada","item":"https:\/\/volcanes.net\/"},{"@type":"ListItem","position":2,"name":"Recicla tu \u00e1rbol de navidad!, convocatoria de Ixtapaluca \u00a0"}]},{"@type":"WebSite","@id":"https:\/\/volcanes.net\/#website","url":"https:\/\/volcanes.net\/","name":"Volcanes.Net","description":"Periodismo Profesional","publisher":{"@id":"https:\/\/volcanes.net\/#organization"},"potentialAction":[{"@type":"SearchAction","target":{"@type":"EntryPoint","urlTemplate":"https:\/\/volcanes.net\/?s={search_term_string}"},"query-input":{"@type":"PropertyValueSpecification","valueRequired":true,"valueName":"search_term_string"}}],"inLanguage":"es"},{"@type":"Organization","@id":"https:\/\/volcanes.net\/#organization","name":"Grupo Volcanes","url":"https:\/\/volcanes.net\/","logo":{"@type":"ImageObject","inLanguage":"es","@id":"https:\/\/volcanes.net\/#\/schema\/logo\/image\/","url":"http:\/\/volcanes.net\/wp-content\/uploads\/2017\/12\/Avatar2.jpg","contentUrl":"http:\/\/volcanes.net\/wp-content\/uploads\/2017\/12\/Avatar2.jpg","width":378,"height":378,"caption":"Grupo Volcanes"},"image":{"@id":"https:\/\/volcanes.net\/#\/schema\/logo\/image\/"},"sameAs":["https:\/\/www.facebook.com\/volcanes.net\/"]},{"@type":"Person","@id":"https:\/\/volcanes.net\/#\/schema\/person\/4bf0f383940966a4abd53f5048c0e6b9","name":"admin","image":{"@type":"ImageObject","inLanguage":"es","@id":"https:\/\/volcanes.net\/#\/schema\/person\/image\/","url":"https:\/\/secure.gravatar.com\/avatar\/ca004e6cba8462b8cb7abc86e382930c?s=96&d=mm&r=g","contentUrl":"https:\/\/secure.gravatar.com\/avatar\/ca004e6cba8462b8cb7abc86e382930c?s=96&d=mm&r=g","caption":"admin"}}]}},"_links":{"self":[{"href":"https:\/\/volcanes.net\/index.php?rest_route=\/wp\/v2\/posts\/3663"}],"collection":[{"href":"https:\/\/volcanes.net\/index.php?rest_route=\/wp\/v2\/posts"}],"about":[{"href":"https:\/\/volcanes.net\/index.php?rest_route=\/wp\/v2\/types\/post"}],"author":[{"embeddable":true,"href":"https:\/\/volcanes.net\/index.php?rest_route=\/wp\/v2\/users\/1"}],"replies":[{"embeddable":true,"href":"https:\/\/volcanes.net\/index.php?rest_route=%2Fwp%2Fv2%2Fcomments&post=3663"}],"version-history":[{"count":1,"href":"https:\/\/volcanes.net\/index.php?rest_route=\/wp\/v2\/posts\/3663\/revisions"}],"predecessor-version":[{"id":3664,"href":"https:\/\/volcanes.net\/index.php?rest_route=\/wp\/v2\/posts\/3663\/revisions\/3664"}],"wp:featuredmedia":[{"embeddable":true,"href":"https:\/\/volcanes.net\/index.php?rest_route=\/wp\/v2\/media\/3662"}],"wp:attachment":[{"href":"https:\/\/volcanes.net\/index.php?rest_route=%2Fwp%2Fv2%2Fmedia&parent=3663"}],"wp:term":[{"taxonomy":"category","embeddable":true,"href":"https:\/\/volcanes.net\/index.php?rest_route=%2Fwp%2Fv2%2Fcategories&post=3663"},{"taxonomy":"post_tag","embeddable":true,"href":"https:\/\/volcanes.net\/index.php?rest_route=%2Fwp%2Fv2%2Ftags&post=3663"}],"curies":[{"name":"wp","href":"https:\/\/api.w.org\/{rel}","templated":true}]}}