{"id":3666,"date":"2019-01-26T19:50:39","date_gmt":"2019-01-26T19:50:39","guid":{"rendered":"http:\/\/volcanes.net\/?p=3666"},"modified":"2019-01-26T19:50:39","modified_gmt":"2019-01-26T19:50:39","slug":"avala-la-legislatura-mexiquense-reforma-federal-que-amplia-los-delitos-para-la-aplicacion-de-la-extincion-de-dominio","status":"publish","type":"post","link":"https:\/\/volcanes.net\/?p=3666","title":{"rendered":"Avala la legislatura mexiquense reforma federal que ampl\u00eda los delitos Para la aplicaci\u00f3n de la extinci\u00f3n de dominio"},"content":{"rendered":"<div style=\"margin-top: 0px; margin-bottom: 0px;\" class=\"sharethis-inline-share-buttons\" ><\/div><p>Con el objetivo de mejorar el combate de la delincuencia organizada, por medio del perfeccionamiento de la legislaci\u00f3n actual en materia de extinci\u00f3n de dominio a fin de que sea una herramienta eficaz y eficiente en el combate a la estructura financiera, la 60 Legislatura del Estado de M\u00e9xico aprob\u00f3, por unanimidad, la minuta de reforma a la Constituci\u00f3n Pol\u00edtica del pa\u00eds para que \u00e9sta se aplique sobre bienes de car\u00e1cter patrimonial derivados de hechos de corrupci\u00f3n, en delitos cometidos por servidores p\u00fablicos y en los delitos en materia de hidrocarburos, petrol\u00edferos y petroqu\u00edmicos.<br \/>\nEn sesi\u00f3n plenaria del Primer Periodo Extraordinario presidido por el diputado Valent\u00edn Gonz\u00e1lez Bautista (morena), fue aprobada por unanimidad la minuta de reforma a los art\u00edculos 22 y 73 de la Carta Magna, remitida a las legislaturas locales del pa\u00eds por la C\u00e1mara de Diputados del Congreso de la Uni\u00f3n para recabar su voto como parte del Constituyente Permanente.<br \/>\nDe acuerdo con el dictamen de las Comisiones Unidas de Gobernaci\u00f3n y Puntos Constitucionales y de Procuraci\u00f3n y Administraci\u00f3n de Justicia, le\u00eddo en tribuna por el legislador Sergio Garc\u00eda Sosa (PT), la reforma precisa la naturaleza civil del procedimiento y su autonom\u00eda del procedimiento penal, as\u00ed como que el procedimiento es sobre derechos reales o bienes incorporados al patrimonio de una persona y no sobre su eventual participaci\u00f3n o responsabilidad en la comisi\u00f3n de il\u00edcitos, sea para obtener el bien o utilizarlo en actividades delictivas.<br \/>\nDetalla que se aplica en las investigaciones de ciertas conductas t\u00edpicas, hechos de corrupci\u00f3n, delitos cometidos por servidores p\u00fablicos, delincuencia organizada, robo de veh\u00edculos, recursos de procedencia il\u00edcita, delitos contra la salud, secuestro y encubrimiento, y preserva el derecho de las personas que se consideren afectadas al acceso a los medios de defensa adecuados para demostrar la procedencia leg\u00edtima del bien sujeto al procedimiento.<br \/>\nLa reforma al art\u00edculo 73 establece que es facultad del Congreso federal expedir la legislaci\u00f3n \u00fanica en materia procesal civil y familiar, as\u00ed como sobre extinci\u00f3n de dominio en los t\u00e9rminos del art\u00edculo 22 de la citada Carta Magna. Para lo anterior, una vez que la reforma entre en vigencia, el propio Congreso de la Uni\u00f3n contar\u00e1 con un plazo de 180 d\u00edas para expedir tal legislaci\u00f3n.<br \/>\nAprobada la minuta, la presidencia de la Directiva instruy\u00f3 que se devuelva a la C\u00e1mara de Diputados del Congreso de la Uni\u00f3n para proseguir con el procedimiento legislativo.<\/p>\n","protected":false},"excerpt":{"rendered":"<p>Con el objetivo de mejorar el combate de la delincuencia organizada, por medio del perfeccionamiento<\/p>\n","protected":false},"author":1,"featured_media":3665,"comment_status":"open","ping_status":"open","sticky":false,"template":"","format":"standard","meta":{"footnotes":""},"categories":[1],"tags":[192],"class_list":["post-3666","post","type-post","status-publish","format-standard","has-post-thumbnail","hentry","category-municipales","tag-legislatura-edomex"],"yoast_head":"<!-- This site is optimized with the Yoast SEO plugin v25.3 - https:\/\/yoast.com\/wordpress\/plugins\/seo\/ -->\n<title>Avala la legislatura mexiquense reforma federal que ampl\u00eda los delitos Para la aplicaci\u00f3n de la extinci\u00f3n de dominio - Volcanes<\/title>\n<meta name=\"robots\" content=\"index, follow, max-snippet:-1, max-image-preview:large, max-video-preview:-1\" \/>\n<link rel=\"canonical\" href=\"https:\/\/volcanes.net\/?p=3666\" \/>\n<meta property=\"og:locale\" content=\"es_MX\" \/>\n<meta property=\"og:type\" content=\"article\" \/>\n<meta property=\"og:title\" content=\"Avala la legislatura mexiquense reforma federal que ampl\u00eda los delitos Para la aplicaci\u00f3n de la extinci\u00f3n de dominio - Volcanes\" \/>\n<meta property=\"og:description\" content=\"Con el objetivo de mejorar el combate de la delincuencia organizada, por medio del perfeccionamiento\" \/>\n<meta property=\"og:url\" content=\"https:\/\/volcanes.net\/?p=3666\" \/>\n<meta property=\"og:site_name\" content=\"Volcanes\" \/>\n<meta property=\"article:publisher\" content=\"https:\/\/www.facebook.com\/volcanes.net\/\" \/>\n<meta property=\"article:published_time\" content=\"2019-01-26T19:50:39+00:00\" \/>\n<meta property=\"og:image\" content=\"https:\/\/volcanes.net\/wp-content\/uploads\/2019\/01\/1548532214463517.jpg\" \/>\n\t<meta property=\"og:image:width\" content=\"512\" \/>\n\t<meta property=\"og:image:height\" content=\"342\" \/>\n\t<meta property=\"og:image:type\" content=\"image\/jpeg\" \/>\n<meta name=\"author\" content=\"admin\" \/>\n<meta name=\"twitter:card\" content=\"summary_large_image\" \/>\n<meta name=\"twitter:label1\" content=\"Escrito por\" \/>\n\t<meta name=\"twitter:data1\" content=\"admin\" \/>\n\t<meta name=\"twitter:label2\" content=\"Tiempo de lectura\" \/>\n\t<meta name=\"twitter:data2\" content=\"2 minutos\" \/>\n<script type=\"application\/ld+json\" class=\"yoast-schema-graph\">{\"@context\":\"https:\/\/schema.org\",\"@graph\":[{\"@type\":\"Article\",\"@id\":\"https:\/\/volcanes.net\/?p=3666#article\",\"isPartOf\":{\"@id\":\"https:\/\/volcanes.net\/?p=3666\"},\"author\":{\"name\":\"admin\",\"@id\":\"https:\/\/volcanes.net\/#\/schema\/person\/4bf0f383940966a4abd53f5048c0e6b9\"},\"headline\":\"Avala la legislatura mexiquense reforma federal que ampl\u00eda los delitos Para la aplicaci\u00f3n de la extinci\u00f3n de dominio\",\"datePublished\":\"2019-01-26T19:50:39+00:00\",\"mainEntityOfPage\":{\"@id\":\"https:\/\/volcanes.net\/?p=3666\"},\"wordCount\":455,\"commentCount\":0,\"publisher\":{\"@id\":\"https:\/\/volcanes.net\/#organization\"},\"image\":{\"@id\":\"https:\/\/volcanes.net\/?p=3666#primaryimage\"},\"thumbnailUrl\":\"https:\/\/volcanes.net\/wp-content\/uploads\/2019\/01\/1548532214463517.jpg\",\"keywords\":[\"Legislatura Edomex\"],\"articleSection\":[\"Municipales\"],\"inLanguage\":\"es\",\"potentialAction\":[{\"@type\":\"CommentAction\",\"name\":\"Comment\",\"target\":[\"https:\/\/volcanes.net\/?p=3666#respond\"]}]},{\"@type\":\"WebPage\",\"@id\":\"https:\/\/volcanes.net\/?p=3666\",\"url\":\"https:\/\/volcanes.net\/?p=3666\",\"name\":\"Avala la legislatura mexiquense reforma federal que ampl\u00eda los delitos Para la aplicaci\u00f3n de la extinci\u00f3n de dominio - Volcanes\",\"isPartOf\":{\"@id\":\"https:\/\/volcanes.net\/#website\"},\"primaryImageOfPage\":{\"@id\":\"https:\/\/volcanes.net\/?p=3666#primaryimage\"},\"image\":{\"@id\":\"https:\/\/volcanes.net\/?p=3666#primaryimage\"},\"thumbnailUrl\":\"https:\/\/volcanes.net\/wp-content\/uploads\/2019\/01\/1548532214463517.jpg\",\"datePublished\":\"2019-01-26T19:50:39+00:00\",\"breadcrumb\":{\"@id\":\"https:\/\/volcanes.net\/?p=3666#breadcrumb\"},\"inLanguage\":\"es\",\"potentialAction\":[{\"@type\":\"ReadAction\",\"target\":[\"https:\/\/volcanes.net\/?p=3666\"]}]},{\"@type\":\"ImageObject\",\"inLanguage\":\"es\",\"@id\":\"https:\/\/volcanes.net\/?p=3666#primaryimage\",\"url\":\"https:\/\/volcanes.net\/wp-content\/uploads\/2019\/01\/1548532214463517.jpg\",\"contentUrl\":\"https:\/\/volcanes.net\/wp-content\/uploads\/2019\/01\/1548532214463517.jpg\",\"width\":512,\"height\":342},{\"@type\":\"BreadcrumbList\",\"@id\":\"https:\/\/volcanes.net\/?p=3666#breadcrumb\",\"itemListElement\":[{\"@type\":\"ListItem\",\"position\":1,\"name\":\"Portada\",\"item\":\"https:\/\/volcanes.net\/\"},{\"@type\":\"ListItem\",\"position\":2,\"name\":\"Avala la legislatura mexiquense reforma federal que ampl\u00eda los delitos Para la aplicaci\u00f3n de la extinci\u00f3n de dominio\"}]},{\"@type\":\"WebSite\",\"@id\":\"https:\/\/volcanes.net\/#website\",\"url\":\"https:\/\/volcanes.net\/\",\"name\":\"Volcanes.Net\",\"description\":\"Periodismo Profesional\",\"publisher\":{\"@id\":\"https:\/\/volcanes.net\/#organization\"},\"potentialAction\":[{\"@type\":\"SearchAction\",\"target\":{\"@type\":\"EntryPoint\",\"urlTemplate\":\"https:\/\/volcanes.net\/?s={search_term_string}\"},\"query-input\":{\"@type\":\"PropertyValueSpecification\",\"valueRequired\":true,\"valueName\":\"search_term_string\"}}],\"inLanguage\":\"es\"},{\"@type\":\"Organization\",\"@id\":\"https:\/\/volcanes.net\/#organization\",\"name\":\"Grupo Volcanes\",\"url\":\"https:\/\/volcanes.net\/\",\"logo\":{\"@type\":\"ImageObject\",\"inLanguage\":\"es\",\"@id\":\"https:\/\/volcanes.net\/#\/schema\/logo\/image\/\",\"url\":\"http:\/\/volcanes.net\/wp-content\/uploads\/2017\/12\/Avatar2.jpg\",\"contentUrl\":\"http:\/\/volcanes.net\/wp-content\/uploads\/2017\/12\/Avatar2.jpg\",\"width\":378,\"height\":378,\"caption\":\"Grupo Volcanes\"},\"image\":{\"@id\":\"https:\/\/volcanes.net\/#\/schema\/logo\/image\/\"},\"sameAs\":[\"https:\/\/www.facebook.com\/volcanes.net\/\"]},{\"@type\":\"Person\",\"@id\":\"https:\/\/volcanes.net\/#\/schema\/person\/4bf0f383940966a4abd53f5048c0e6b9\",\"name\":\"admin\",\"image\":{\"@type\":\"ImageObject\",\"inLanguage\":\"es\",\"@id\":\"https:\/\/volcanes.net\/#\/schema\/person\/image\/\",\"url\":\"https:\/\/secure.gravatar.com\/avatar\/ca004e6cba8462b8cb7abc86e382930c?s=96&d=mm&r=g\",\"contentUrl\":\"https:\/\/secure.gravatar.com\/avatar\/ca004e6cba8462b8cb7abc86e382930c?s=96&d=mm&r=g\",\"caption\":\"admin\"}}]}<\/script>\n<!-- \/ Yoast SEO plugin. -->","yoast_head_json":{"title":"Avala la legislatura mexiquense reforma federal que ampl\u00eda los delitos Para la aplicaci\u00f3n de la extinci\u00f3n de dominio - Volcanes","robots":{"index":"index","follow":"follow","max-snippet":"max-snippet:-1","max-image-preview":"max-image-preview:large","max-video-preview":"max-video-preview:-1"},"canonical":"https:\/\/volcanes.net\/?p=3666","og_locale":"es_MX","og_type":"article","og_title":"Avala la legislatura mexiquense reforma federal que ampl\u00eda los delitos Para la aplicaci\u00f3n de la extinci\u00f3n de dominio - Volcanes","og_description":"Con el objetivo de mejorar el combate de la delincuencia organizada, por medio del perfeccionamiento","og_url":"https:\/\/volcanes.net\/?p=3666","og_site_name":"Volcanes","article_publisher":"https:\/\/www.facebook.com\/volcanes.net\/","article_published_time":"2019-01-26T19:50:39+00:00","og_image":[{"width":512,"height":342,"url":"https:\/\/volcanes.net\/wp-content\/uploads\/2019\/01\/1548532214463517.jpg","type":"image\/jpeg"}],"author":"admin","twitter_card":"summary_large_image","twitter_misc":{"Escrito por":"admin","Tiempo de lectura":"2 minutos"},"schema":{"@context":"https:\/\/schema.org","@graph":[{"@type":"Article","@id":"https:\/\/volcanes.net\/?p=3666#article","isPartOf":{"@id":"https:\/\/volcanes.net\/?p=3666"},"author":{"name":"admin","@id":"https:\/\/volcanes.net\/#\/schema\/person\/4bf0f383940966a4abd53f5048c0e6b9"},"headline":"Avala la legislatura mexiquense reforma federal que ampl\u00eda los delitos Para la aplicaci\u00f3n de la extinci\u00f3n de dominio","datePublished":"2019-01-26T19:50:39+00:00","mainEntityOfPage":{"@id":"https:\/\/volcanes.net\/?p=3666"},"wordCount":455,"commentCount":0,"publisher":{"@id":"https:\/\/volcanes.net\/#organization"},"image":{"@id":"https:\/\/volcanes.net\/?p=3666#primaryimage"},"thumbnailUrl":"https:\/\/volcanes.net\/wp-content\/uploads\/2019\/01\/1548532214463517.jpg","keywords":["Legislatura Edomex"],"articleSection":["Municipales"],"inLanguage":"es","potentialAction":[{"@type":"CommentAction","name":"Comment","target":["https:\/\/volcanes.net\/?p=3666#respond"]}]},{"@type":"WebPage","@id":"https:\/\/volcanes.net\/?p=3666","url":"https:\/\/volcanes.net\/?p=3666","name":"Avala la legislatura mexiquense reforma federal que ampl\u00eda los delitos Para la aplicaci\u00f3n de la extinci\u00f3n de dominio - Volcanes","isPartOf":{"@id":"https:\/\/volcanes.net\/#website"},"primaryImageOfPage":{"@id":"https:\/\/volcanes.net\/?p=3666#primaryimage"},"image":{"@id":"https:\/\/volcanes.net\/?p=3666#primaryimage"},"thumbnailUrl":"https:\/\/volcanes.net\/wp-content\/uploads\/2019\/01\/1548532214463517.jpg","datePublished":"2019-01-26T19:50:39+00:00","breadcrumb":{"@id":"https:\/\/volcanes.net\/?p=3666#breadcrumb"},"inLanguage":"es","potentialAction":[{"@type":"ReadAction","target":["https:\/\/volcanes.net\/?p=3666"]}]},{"@type":"ImageObject","inLanguage":"es","@id":"https:\/\/volcanes.net\/?p=3666#primaryimage","url":"https:\/\/volcanes.net\/wp-content\/uploads\/2019\/01\/1548532214463517.jpg","contentUrl":"https:\/\/volcanes.net\/wp-content\/uploads\/2019\/01\/1548532214463517.jpg","width":512,"height":342},{"@type":"BreadcrumbList","@id":"https:\/\/volcanes.net\/?p=3666#breadcrumb","itemListElement":[{"@type":"ListItem","position":1,"name":"Portada","item":"https:\/\/volcanes.net\/"},{"@type":"ListItem","position":2,"name":"Avala la legislatura mexiquense reforma federal que ampl\u00eda los delitos Para la aplicaci\u00f3n de la extinci\u00f3n de dominio"}]},{"@type":"WebSite","@id":"https:\/\/volcanes.net\/#website","url":"https:\/\/volcanes.net\/","name":"Volcanes.Net","description":"Periodismo Profesional","publisher":{"@id":"https:\/\/volcanes.net\/#organization"},"potentialAction":[{"@type":"SearchAction","target":{"@type":"EntryPoint","urlTemplate":"https:\/\/volcanes.net\/?s={search_term_string}"},"query-input":{"@type":"PropertyValueSpecification","valueRequired":true,"valueName":"search_term_string"}}],"inLanguage":"es"},{"@type":"Organization","@id":"https:\/\/volcanes.net\/#organization","name":"Grupo Volcanes","url":"https:\/\/volcanes.net\/","logo":{"@type":"ImageObject","inLanguage":"es","@id":"https:\/\/volcanes.net\/#\/schema\/logo\/image\/","url":"http:\/\/volcanes.net\/wp-content\/uploads\/2017\/12\/Avatar2.jpg","contentUrl":"http:\/\/volcanes.net\/wp-content\/uploads\/2017\/12\/Avatar2.jpg","width":378,"height":378,"caption":"Grupo Volcanes"},"image":{"@id":"https:\/\/volcanes.net\/#\/schema\/logo\/image\/"},"sameAs":["https:\/\/www.facebook.com\/volcanes.net\/"]},{"@type":"Person","@id":"https:\/\/volcanes.net\/#\/schema\/person\/4bf0f383940966a4abd53f5048c0e6b9","name":"admin","image":{"@type":"ImageObject","inLanguage":"es","@id":"https:\/\/volcanes.net\/#\/schema\/person\/image\/","url":"https:\/\/secure.gravatar.com\/avatar\/ca004e6cba8462b8cb7abc86e382930c?s=96&d=mm&r=g","contentUrl":"https:\/\/secure.gravatar.com\/avatar\/ca004e6cba8462b8cb7abc86e382930c?s=96&d=mm&r=g","caption":"admin"}}]}},"_links":{"self":[{"href":"https:\/\/volcanes.net\/index.php?rest_route=\/wp\/v2\/posts\/3666"}],"collection":[{"href":"https:\/\/volcanes.net\/index.php?rest_route=\/wp\/v2\/posts"}],"about":[{"href":"https:\/\/volcanes.net\/index.php?rest_route=\/wp\/v2\/types\/post"}],"author":[{"embeddable":true,"href":"https:\/\/volcanes.net\/index.php?rest_route=\/wp\/v2\/users\/1"}],"replies":[{"embeddable":true,"href":"https:\/\/volcanes.net\/index.php?rest_route=%2Fwp%2Fv2%2Fcomments&post=3666"}],"version-history":[{"count":1,"href":"https:\/\/volcanes.net\/index.php?rest_route=\/wp\/v2\/posts\/3666\/revisions"}],"predecessor-version":[{"id":3667,"href":"https:\/\/volcanes.net\/index.php?rest_route=\/wp\/v2\/posts\/3666\/revisions\/3667"}],"wp:featuredmedia":[{"embeddable":true,"href":"https:\/\/volcanes.net\/index.php?rest_route=\/wp\/v2\/media\/3665"}],"wp:attachment":[{"href":"https:\/\/volcanes.net\/index.php?rest_route=%2Fwp%2Fv2%2Fmedia&parent=3666"}],"wp:term":[{"taxonomy":"category","embeddable":true,"href":"https:\/\/volcanes.net\/index.php?rest_route=%2Fwp%2Fv2%2Fcategories&post=3666"},{"taxonomy":"post_tag","embeddable":true,"href":"https:\/\/volcanes.net\/index.php?rest_route=%2Fwp%2Fv2%2Ftags&post=3666"}],"curies":[{"name":"wp","href":"https:\/\/api.w.org\/{rel}","templated":true}]}}