{"id":3669,"date":"2019-01-26T19:57:03","date_gmt":"2019-01-26T19:57:03","guid":{"rendered":"http:\/\/volcanes.net\/?p=3669"},"modified":"2019-01-26T19:57:03","modified_gmt":"2019-01-26T19:57:03","slug":"en-febrero-iniciara-programa-de-vivienda-para-afectados-por-willa-lopez-obrador","status":"publish","type":"post","link":"https:\/\/volcanes.net\/?p=3669","title":{"rendered":"En febrero iniciar\u00e1 programa de vivienda para afectados por Willa L\u00f3pez Obrador"},"content":{"rendered":"<div style=\"margin-top: 0px; margin-bottom: 0px;\" class=\"sharethis-inline-share-buttons\" ><\/div><p style=\"border:0px;font-family:\">El presidente Andr\u00e9s Manuel L\u00f3pez Obrador asegur\u00f3 que antes de que termine febrero concluir\u00e1n los trabajos de apoyo a los damnificados por el hurac\u00e1n Willa en esa entidad y dar\u00e1n inici\u00f3 los programas de vivienda y desarrollo urbano.<\/p>\n<p style=\"border:0px;font-family:\">Durante la presentaci\u00f3n del Programa de Atenci\u00f3n Integral para Afectados del Willa, el mandatario federal asever\u00f3 que su gobierno trabaja para que en ese mes se logr\u00e9 dar el apoyo a todos los pobladores.<\/p>\n<p style=\"border:0px;font-family:\">Tras se\u00f1alar que hay \u201cuna tremenda crisis de bienestar social\u201d en M\u00e9xico, asever\u00f3 que tanto damnificados del hurac\u00e1n, como del abandono y de la pol\u00edtica neoliberal ser\u00e1n atendidos por igual por el programa presentado este d\u00eda en este municipio.<\/p>\n<p style=\"border:0px;font-family:\">Al visitar Tuxpan por segunda ocasi\u00f3n, L\u00f3pez Obrador afirm\u00f3 que se trabaja en la estructura necesaria para que los recursos de los diferentes programas sociales lleguen de manera directa a quienes lo requieren, aunque dej\u00f3 claro que llevar\u00e1 tiempo.<\/p>\n<p style=\"border:0px;font-family:\">Al respecto, indic\u00f3 que es necesario crear un sistema distinto en el que no haya intermediarios, \u201cqueremos que la mayor cantidad del presupuesto llegue directo al beneficiario, desde la Tesorer\u00eda de la Federaci\u00f3n hasta el beneficiario y por ello se realiza el censo del Bienestar\u201d, que hasta ahora suma 20 millones de familias.<\/p>\n<p style=\"border:0px;font-family:\">En el evento, al que asistieron los secretarios de Bienestar, Mar\u00eda Luisa Albores, y de Desarrollo Agrario, Territorial y Urbano, Rom\u00e1n Meyer, refrend\u00f3 que es posible sacar adelante al pa\u00eds si se acaba la corrupci\u00f3n y la impunidad, y por ello se escuchar\u00e1 a todos, pues ese cambio debe hacerse sin autoritarismo y con convencimiento.<\/p>\n<p style=\"border:0px;font-family:\">Por otra parte, el presidente indic\u00f3 que se trabaja en el caso de los Centros de Desarrollo Infantil (CENDI) los cuales ser\u00e1n regularizados y para ello se cuenta con el presupuesto federal, al tiempo que se atiende el caso de los trabajadores de la Secretaria de Salud que no est\u00e1n est\u00e1n basificados.<\/p>\n<p style=\"border:0px;font-family:\">Acompa\u00f1ado por el gobernador de Nayarit, Antonio Echevarr\u00eda, record\u00f3 los programas que ya implementa su administraci\u00f3n e indic\u00f3 que se trabaja para tener conexi\u00f3n celular en todo el pa\u00eds, para lo cual se har\u00e1 uso 26 mil kil\u00f3metros de l\u00edneas de la Comisi\u00f3n Federal de Electricidad (CFE).<\/p>\n<p style=\"border:0px;font-family:\">En este marco L\u00f3pez Obrador mencion\u00f3 que ayer jueves logr\u00f3 que se disperaran apoyos para 450 mil adultos mayores pensionados del Instituto Mexicano del Seguro Social (IMSS), aunque reconoci\u00f3 que \u201ca\u00fan hace falta\u201d.<\/p>\n<p style=\"border:0px;font-family:\">Fuente: NTX<\/p>\n","protected":false},"excerpt":{"rendered":"<p>El presidente Andr\u00e9s Manuel L\u00f3pez Obrador asegur\u00f3 que antes de que termine febrero concluir\u00e1n los<\/p>\n","protected":false},"author":1,"featured_media":3668,"comment_status":"open","ping_status":"open","sticky":false,"template":"","format":"standard","meta":{"footnotes":""},"categories":[1],"tags":[44],"class_list":["post-3669","post","type-post","status-publish","format-standard","has-post-thumbnail","hentry","category-municipales","tag-gobierno-de-la-republica"],"yoast_head":"<!-- This site is optimized with the Yoast SEO plugin v25.3 - https:\/\/yoast.com\/wordpress\/plugins\/seo\/ -->\n<title>En febrero iniciar\u00e1 programa de vivienda para afectados por Willa L\u00f3pez Obrador - Volcanes<\/title>\n<meta name=\"robots\" content=\"index, follow, max-snippet:-1, max-image-preview:large, max-video-preview:-1\" \/>\n<link rel=\"canonical\" href=\"https:\/\/volcanes.net\/?p=3669\" \/>\n<meta property=\"og:locale\" content=\"es_MX\" \/>\n<meta property=\"og:type\" content=\"article\" \/>\n<meta property=\"og:title\" content=\"En febrero iniciar\u00e1 programa de vivienda para afectados por Willa L\u00f3pez Obrador - Volcanes\" \/>\n<meta property=\"og:description\" content=\"El presidente Andr\u00e9s Manuel L\u00f3pez Obrador asegur\u00f3 que antes de que termine febrero concluir\u00e1n los\" \/>\n<meta property=\"og:url\" content=\"https:\/\/volcanes.net\/?p=3669\" \/>\n<meta property=\"og:site_name\" content=\"Volcanes\" \/>\n<meta property=\"article:publisher\" content=\"https:\/\/www.facebook.com\/volcanes.net\/\" \/>\n<meta property=\"article:published_time\" content=\"2019-01-26T19:57:03+00:00\" \/>\n<meta property=\"og:image\" content=\"https:\/\/volcanes.net\/wp-content\/uploads\/2019\/01\/amlo-nayarit.jpg\" \/>\n\t<meta property=\"og:image:width\" content=\"553\" \/>\n\t<meta property=\"og:image:height\" content=\"368\" \/>\n\t<meta property=\"og:image:type\" content=\"image\/jpeg\" \/>\n<meta name=\"author\" content=\"admin\" \/>\n<meta name=\"twitter:card\" content=\"summary_large_image\" \/>\n<meta name=\"twitter:label1\" content=\"Escrito por\" \/>\n\t<meta name=\"twitter:data1\" content=\"admin\" \/>\n\t<meta name=\"twitter:label2\" content=\"Tiempo de lectura\" \/>\n\t<meta name=\"twitter:data2\" content=\"2 minutos\" \/>\n<script type=\"application\/ld+json\" class=\"yoast-schema-graph\">{\"@context\":\"https:\/\/schema.org\",\"@graph\":[{\"@type\":\"Article\",\"@id\":\"https:\/\/volcanes.net\/?p=3669#article\",\"isPartOf\":{\"@id\":\"https:\/\/volcanes.net\/?p=3669\"},\"author\":{\"name\":\"admin\",\"@id\":\"https:\/\/volcanes.net\/#\/schema\/person\/4bf0f383940966a4abd53f5048c0e6b9\"},\"headline\":\"En febrero iniciar\u00e1 programa de vivienda para afectados por Willa L\u00f3pez Obrador\",\"datePublished\":\"2019-01-26T19:57:03+00:00\",\"mainEntityOfPage\":{\"@id\":\"https:\/\/volcanes.net\/?p=3669\"},\"wordCount\":436,\"commentCount\":0,\"publisher\":{\"@id\":\"https:\/\/volcanes.net\/#organization\"},\"image\":{\"@id\":\"https:\/\/volcanes.net\/?p=3669#primaryimage\"},\"thumbnailUrl\":\"https:\/\/volcanes.net\/wp-content\/uploads\/2019\/01\/amlo-nayarit.jpg\",\"keywords\":[\"Gobierno de la Rep\u00fablica\"],\"articleSection\":[\"Municipales\"],\"inLanguage\":\"es\",\"potentialAction\":[{\"@type\":\"CommentAction\",\"name\":\"Comment\",\"target\":[\"https:\/\/volcanes.net\/?p=3669#respond\"]}]},{\"@type\":\"WebPage\",\"@id\":\"https:\/\/volcanes.net\/?p=3669\",\"url\":\"https:\/\/volcanes.net\/?p=3669\",\"name\":\"En febrero iniciar\u00e1 programa de vivienda para afectados por Willa L\u00f3pez Obrador - Volcanes\",\"isPartOf\":{\"@id\":\"https:\/\/volcanes.net\/#website\"},\"primaryImageOfPage\":{\"@id\":\"https:\/\/volcanes.net\/?p=3669#primaryimage\"},\"image\":{\"@id\":\"https:\/\/volcanes.net\/?p=3669#primaryimage\"},\"thumbnailUrl\":\"https:\/\/volcanes.net\/wp-content\/uploads\/2019\/01\/amlo-nayarit.jpg\",\"datePublished\":\"2019-01-26T19:57:03+00:00\",\"breadcrumb\":{\"@id\":\"https:\/\/volcanes.net\/?p=3669#breadcrumb\"},\"inLanguage\":\"es\",\"potentialAction\":[{\"@type\":\"ReadAction\",\"target\":[\"https:\/\/volcanes.net\/?p=3669\"]}]},{\"@type\":\"ImageObject\",\"inLanguage\":\"es\",\"@id\":\"https:\/\/volcanes.net\/?p=3669#primaryimage\",\"url\":\"https:\/\/volcanes.net\/wp-content\/uploads\/2019\/01\/amlo-nayarit.jpg\",\"contentUrl\":\"https:\/\/volcanes.net\/wp-content\/uploads\/2019\/01\/amlo-nayarit.jpg\",\"width\":553,\"height\":368},{\"@type\":\"BreadcrumbList\",\"@id\":\"https:\/\/volcanes.net\/?p=3669#breadcrumb\",\"itemListElement\":[{\"@type\":\"ListItem\",\"position\":1,\"name\":\"Portada\",\"item\":\"https:\/\/volcanes.net\/\"},{\"@type\":\"ListItem\",\"position\":2,\"name\":\"En febrero iniciar\u00e1 programa de vivienda para afectados por Willa L\u00f3pez Obrador\"}]},{\"@type\":\"WebSite\",\"@id\":\"https:\/\/volcanes.net\/#website\",\"url\":\"https:\/\/volcanes.net\/\",\"name\":\"Volcanes.Net\",\"description\":\"Periodismo Profesional\",\"publisher\":{\"@id\":\"https:\/\/volcanes.net\/#organization\"},\"potentialAction\":[{\"@type\":\"SearchAction\",\"target\":{\"@type\":\"EntryPoint\",\"urlTemplate\":\"https:\/\/volcanes.net\/?s={search_term_string}\"},\"query-input\":{\"@type\":\"PropertyValueSpecification\",\"valueRequired\":true,\"valueName\":\"search_term_string\"}}],\"inLanguage\":\"es\"},{\"@type\":\"Organization\",\"@id\":\"https:\/\/volcanes.net\/#organization\",\"name\":\"Grupo Volcanes\",\"url\":\"https:\/\/volcanes.net\/\",\"logo\":{\"@type\":\"ImageObject\",\"inLanguage\":\"es\",\"@id\":\"https:\/\/volcanes.net\/#\/schema\/logo\/image\/\",\"url\":\"http:\/\/volcanes.net\/wp-content\/uploads\/2017\/12\/Avatar2.jpg\",\"contentUrl\":\"http:\/\/volcanes.net\/wp-content\/uploads\/2017\/12\/Avatar2.jpg\",\"width\":378,\"height\":378,\"caption\":\"Grupo Volcanes\"},\"image\":{\"@id\":\"https:\/\/volcanes.net\/#\/schema\/logo\/image\/\"},\"sameAs\":[\"https:\/\/www.facebook.com\/volcanes.net\/\"]},{\"@type\":\"Person\",\"@id\":\"https:\/\/volcanes.net\/#\/schema\/person\/4bf0f383940966a4abd53f5048c0e6b9\",\"name\":\"admin\",\"image\":{\"@type\":\"ImageObject\",\"inLanguage\":\"es\",\"@id\":\"https:\/\/volcanes.net\/#\/schema\/person\/image\/\",\"url\":\"https:\/\/secure.gravatar.com\/avatar\/ca004e6cba8462b8cb7abc86e382930c?s=96&d=mm&r=g\",\"contentUrl\":\"https:\/\/secure.gravatar.com\/avatar\/ca004e6cba8462b8cb7abc86e382930c?s=96&d=mm&r=g\",\"caption\":\"admin\"}}]}<\/script>\n<!-- \/ Yoast SEO plugin. -->","yoast_head_json":{"title":"En febrero iniciar\u00e1 programa de vivienda para afectados por Willa L\u00f3pez Obrador - Volcanes","robots":{"index":"index","follow":"follow","max-snippet":"max-snippet:-1","max-image-preview":"max-image-preview:large","max-video-preview":"max-video-preview:-1"},"canonical":"https:\/\/volcanes.net\/?p=3669","og_locale":"es_MX","og_type":"article","og_title":"En febrero iniciar\u00e1 programa de vivienda para afectados por Willa L\u00f3pez Obrador - Volcanes","og_description":"El presidente Andr\u00e9s Manuel L\u00f3pez Obrador asegur\u00f3 que antes de que termine febrero concluir\u00e1n los","og_url":"https:\/\/volcanes.net\/?p=3669","og_site_name":"Volcanes","article_publisher":"https:\/\/www.facebook.com\/volcanes.net\/","article_published_time":"2019-01-26T19:57:03+00:00","og_image":[{"width":553,"height":368,"url":"https:\/\/volcanes.net\/wp-content\/uploads\/2019\/01\/amlo-nayarit.jpg","type":"image\/jpeg"}],"author":"admin","twitter_card":"summary_large_image","twitter_misc":{"Escrito por":"admin","Tiempo de lectura":"2 minutos"},"schema":{"@context":"https:\/\/schema.org","@graph":[{"@type":"Article","@id":"https:\/\/volcanes.net\/?p=3669#article","isPartOf":{"@id":"https:\/\/volcanes.net\/?p=3669"},"author":{"name":"admin","@id":"https:\/\/volcanes.net\/#\/schema\/person\/4bf0f383940966a4abd53f5048c0e6b9"},"headline":"En febrero iniciar\u00e1 programa de vivienda para afectados por Willa L\u00f3pez Obrador","datePublished":"2019-01-26T19:57:03+00:00","mainEntityOfPage":{"@id":"https:\/\/volcanes.net\/?p=3669"},"wordCount":436,"commentCount":0,"publisher":{"@id":"https:\/\/volcanes.net\/#organization"},"image":{"@id":"https:\/\/volcanes.net\/?p=3669#primaryimage"},"thumbnailUrl":"https:\/\/volcanes.net\/wp-content\/uploads\/2019\/01\/amlo-nayarit.jpg","keywords":["Gobierno de la Rep\u00fablica"],"articleSection":["Municipales"],"inLanguage":"es","potentialAction":[{"@type":"CommentAction","name":"Comment","target":["https:\/\/volcanes.net\/?p=3669#respond"]}]},{"@type":"WebPage","@id":"https:\/\/volcanes.net\/?p=3669","url":"https:\/\/volcanes.net\/?p=3669","name":"En febrero iniciar\u00e1 programa de vivienda para afectados por Willa L\u00f3pez Obrador - Volcanes","isPartOf":{"@id":"https:\/\/volcanes.net\/#website"},"primaryImageOfPage":{"@id":"https:\/\/volcanes.net\/?p=3669#primaryimage"},"image":{"@id":"https:\/\/volcanes.net\/?p=3669#primaryimage"},"thumbnailUrl":"https:\/\/volcanes.net\/wp-content\/uploads\/2019\/01\/amlo-nayarit.jpg","datePublished":"2019-01-26T19:57:03+00:00","breadcrumb":{"@id":"https:\/\/volcanes.net\/?p=3669#breadcrumb"},"inLanguage":"es","potentialAction":[{"@type":"ReadAction","target":["https:\/\/volcanes.net\/?p=3669"]}]},{"@type":"ImageObject","inLanguage":"es","@id":"https:\/\/volcanes.net\/?p=3669#primaryimage","url":"https:\/\/volcanes.net\/wp-content\/uploads\/2019\/01\/amlo-nayarit.jpg","contentUrl":"https:\/\/volcanes.net\/wp-content\/uploads\/2019\/01\/amlo-nayarit.jpg","width":553,"height":368},{"@type":"BreadcrumbList","@id":"https:\/\/volcanes.net\/?p=3669#breadcrumb","itemListElement":[{"@type":"ListItem","position":1,"name":"Portada","item":"https:\/\/volcanes.net\/"},{"@type":"ListItem","position":2,"name":"En febrero iniciar\u00e1 programa de vivienda para afectados por Willa L\u00f3pez Obrador"}]},{"@type":"WebSite","@id":"https:\/\/volcanes.net\/#website","url":"https:\/\/volcanes.net\/","name":"Volcanes.Net","description":"Periodismo Profesional","publisher":{"@id":"https:\/\/volcanes.net\/#organization"},"potentialAction":[{"@type":"SearchAction","target":{"@type":"EntryPoint","urlTemplate":"https:\/\/volcanes.net\/?s={search_term_string}"},"query-input":{"@type":"PropertyValueSpecification","valueRequired":true,"valueName":"search_term_string"}}],"inLanguage":"es"},{"@type":"Organization","@id":"https:\/\/volcanes.net\/#organization","name":"Grupo Volcanes","url":"https:\/\/volcanes.net\/","logo":{"@type":"ImageObject","inLanguage":"es","@id":"https:\/\/volcanes.net\/#\/schema\/logo\/image\/","url":"http:\/\/volcanes.net\/wp-content\/uploads\/2017\/12\/Avatar2.jpg","contentUrl":"http:\/\/volcanes.net\/wp-content\/uploads\/2017\/12\/Avatar2.jpg","width":378,"height":378,"caption":"Grupo Volcanes"},"image":{"@id":"https:\/\/volcanes.net\/#\/schema\/logo\/image\/"},"sameAs":["https:\/\/www.facebook.com\/volcanes.net\/"]},{"@type":"Person","@id":"https:\/\/volcanes.net\/#\/schema\/person\/4bf0f383940966a4abd53f5048c0e6b9","name":"admin","image":{"@type":"ImageObject","inLanguage":"es","@id":"https:\/\/volcanes.net\/#\/schema\/person\/image\/","url":"https:\/\/secure.gravatar.com\/avatar\/ca004e6cba8462b8cb7abc86e382930c?s=96&d=mm&r=g","contentUrl":"https:\/\/secure.gravatar.com\/avatar\/ca004e6cba8462b8cb7abc86e382930c?s=96&d=mm&r=g","caption":"admin"}}]}},"_links":{"self":[{"href":"https:\/\/volcanes.net\/index.php?rest_route=\/wp\/v2\/posts\/3669"}],"collection":[{"href":"https:\/\/volcanes.net\/index.php?rest_route=\/wp\/v2\/posts"}],"about":[{"href":"https:\/\/volcanes.net\/index.php?rest_route=\/wp\/v2\/types\/post"}],"author":[{"embeddable":true,"href":"https:\/\/volcanes.net\/index.php?rest_route=\/wp\/v2\/users\/1"}],"replies":[{"embeddable":true,"href":"https:\/\/volcanes.net\/index.php?rest_route=%2Fwp%2Fv2%2Fcomments&post=3669"}],"version-history":[{"count":1,"href":"https:\/\/volcanes.net\/index.php?rest_route=\/wp\/v2\/posts\/3669\/revisions"}],"predecessor-version":[{"id":3670,"href":"https:\/\/volcanes.net\/index.php?rest_route=\/wp\/v2\/posts\/3669\/revisions\/3670"}],"wp:featuredmedia":[{"embeddable":true,"href":"https:\/\/volcanes.net\/index.php?rest_route=\/wp\/v2\/media\/3668"}],"wp:attachment":[{"href":"https:\/\/volcanes.net\/index.php?rest_route=%2Fwp%2Fv2%2Fmedia&parent=3669"}],"wp:term":[{"taxonomy":"category","embeddable":true,"href":"https:\/\/volcanes.net\/index.php?rest_route=%2Fwp%2Fv2%2Fcategories&post=3669"},{"taxonomy":"post_tag","embeddable":true,"href":"https:\/\/volcanes.net\/index.php?rest_route=%2Fwp%2Fv2%2Ftags&post=3669"}],"curies":[{"name":"wp","href":"https:\/\/api.w.org\/{rel}","templated":true}]}}