{"id":3672,"date":"2019-01-27T04:18:22","date_gmt":"2019-01-27T04:18:22","guid":{"rendered":"http:\/\/volcanes.net\/?p=3672"},"modified":"2019-01-27T04:18:22","modified_gmt":"2019-01-27T04:18:22","slug":"cumple-el-gobierno-de-mexico-con-los-damnificados-por-el-huracan-willa-en-el-estado-de-nayarit-maria-luisa-albores-gonzalez","status":"publish","type":"post","link":"https:\/\/volcanes.net\/?p=3672","title":{"rendered":"Cumple el Gobierno de M\u00e9xico con los damnificados por el hurac\u00e1n \u201cWilla\u201d, en el estado de Nayarit: Mar\u00eda Luisa Albores Gonz\u00e1lez"},"content":{"rendered":"<div style=\"margin-top: 0px; margin-bottom: 0px;\" class=\"sharethis-inline-share-buttons\" ><\/div><p><span style=\"font-size:14pt;line-height:21.1717px;font-family:Symbol\"><span>\u00b7<span style=\"font:7pt\">       <span> <\/span><\/span><\/span><\/span><span style=\"font-size:14pt;line-height:21.1717px;font-family:Arial,sans-serif\"><i><u>La Secretaria de Bienestar asegur\u00f3 que se brinda atenci\u00f3n a la poblaci\u00f3n afectada con trato digno, respetuoso y sin simulaciones<\/u><\/i><\/span><\/p>\n<p class=\"m_983565298288754327MsoListParagraphCxSpLast\" style=\"margin:0cm0cm8pt36pt;line-height:16.6349px;font-size:11pt;font-family:Calibri,sans-serif;font-style:normal;font-weight:400;letter-spacing:normal;text-indent:0px;text-align:left\"><span style=\"font-size:14pt;line-height:21.1717px;font-family:Arial,sans-serif\"><i><u> <\/u><\/i><\/span><u><\/u><\/p>\n<p class=\"MsoNormal\" style=\"font-family:sans-serif;font-size:12.8px;font-style:normal;font-weight:400;letter-spacing:normal;text-indent:0px;text-align:left\"><span style=\"font-size:14pt;line-height:21.1717px;font-family:Arial,sans-serif\"> <\/span><\/p>\n<p class=\"MsoNormal\" style=\"font-family:sans-serif;font-size:12.8px;font-style:normal;font-weight:400;letter-spacing:normal;text-indent:0px;text-align:left\"><span style=\"font-size:14pt;line-height:21.1717px;font-family:Arial,sans-serif\"><u>En las acciones emprendidas en apoyo a los damnificados por el hurac\u00e1n \u201cWilla\u201d, y las labores de reconstrucci\u00f3n de viviendas en ocho municipios del estado de Nayarit, el Gobierno de M\u00e9xico est\u00e1 cumpliendo los compromisos con trato digno, respetuoso y sin simulaciones.<\/u><\/span><u><\/u><\/p>\n<p class=\"MsoNormal\" style=\"font-family:sans-serif;font-size:12.8px;font-style:normal;font-weight:400;letter-spacing:normal;text-indent:0px;text-align:left\"><span style=\"font-size:14pt;line-height:21.1717px;font-family:Arial,sans-serif\"> <\/span><\/p>\n<p class=\"MsoNormal\" style=\"font-family:sans-serif;font-size:12.8px;font-style:normal;font-weight:400;letter-spacing:normal;text-indent:0px;text-align:left\"><span style=\"font-size:14pt;line-height:21.1717px;font-family:Arial,sans-serif\"><u>As\u00ed lo expres\u00f3 la Secretaria de Bienestar, Mar\u00eda Luisa Albores Gonz\u00e1lez, quien destac\u00f3 la coordinaci\u00f3n efectiva de varias dependencias federales que pusieron en la reconstrucci\u00f3n el sello de la pol\u00edtica social del Gobierno de M\u00e9xico.<\/u><\/span><u><\/u><\/p>\n<p class=\"MsoNormal\" style=\"font-family:sans-serif;font-size:12.8px;font-style:normal;font-weight:400;letter-spacing:normal;text-indent:0px;text-align:left\"><span style=\"font-size:14pt;line-height:21.1717px;font-family:Arial,sans-serif\"> <\/span><\/p>\n<p class=\"MsoNormal\" style=\"font-family:sans-serif;font-size:12.8px;font-style:normal;font-weight:400;letter-spacing:normal;text-indent:0px;text-align:left\"><span style=\"font-size:14pt;line-height:21.1717px;font-family:Arial,sans-serif\"><u>\u201cMe da mucho gusto decirles que cumplimos algo que nos encomend\u00f3 el presidente Andr\u00e9s Manuel L\u00f3pez Obrador, cuando vinimos con \u00e9l en la primera gira del primer fin de semana de su gobierno. Nos encomend\u00f3 que pudi\u00e9ramos apoyar a 5 mil familias, con el Programa de Empleo Temporal Inmediato, pero al final fueron 7 mil 338\u201d, expres\u00f3.<\/u><\/span><u><\/u><\/p>\n<p class=\"MsoNormal\" style=\"font-family:sans-serif;font-size:12.8px;font-style:normal;font-weight:400;letter-spacing:normal;text-indent:0px;text-align:left\"><span style=\"font-size:14pt;line-height:21.1717px;font-family:Arial,sans-serif\"> <\/span><\/p>\n<p class=\"MsoNormal\" style=\"font-family:sans-serif;font-size:12.8px;font-style:normal;font-weight:400;letter-spacing:normal;text-indent:0px;text-align:left\"><span style=\"font-size:14pt;line-height:21.1717px;font-family:Arial,sans-serif\"><u>En su mensaje, ante el presidente Andr\u00e9s Manuel L\u00f3pez Obrador, resalt\u00f3 que los recursos se entregaron sin intermediarios, directamente a las personas que sufrieron alg\u00fan da\u00f1o en su vivienda y en sus bienes.<\/u><\/span><u><\/u><\/p>\n<p class=\"MsoNormal\" style=\"font-family:sans-serif;font-size:12.8px;font-style:normal;font-weight:400;letter-spacing:normal;text-indent:0px;text-align:left\"><span style=\"font-size:14pt;line-height:21.1717px;font-family:Arial,sans-serif\"> <\/span><\/p>\n<p class=\"MsoNormal\" style=\"font-family:sans-serif;font-size:12.8px;font-style:normal;font-weight:400;letter-spacing:normal;text-indent:0px;text-align:left\"><span style=\"font-size:14pt;line-height:21.1717px;font-family:Arial,sans-serif\"><u>Precis\u00f3 que se hizo entrega directa por un monto por familia de 10 mil 250 pesos entre diciembre de 2018 y enero de 2019, lo cual permiti\u00f3 que las familias afectadas pudieran afrontar con estos recursos sus necesidades m\u00e1s apremiantes, tras el paso del fen\u00f3meno meteorol\u00f3gico.<\/u><\/span><u><\/u><\/p>\n<p class=\"MsoNormal\" style=\"font-family:sans-serif;font-size:12.8px;font-style:normal;font-weight:400;letter-spacing:normal;text-indent:0px;text-align:left\"><span style=\"font-size:14pt;line-height:21.1717px;font-family:Arial,sans-serif\"> <\/span><\/p>\n<p class=\"MsoNormal\" style=\"font-family:sans-serif;font-size:12.8px;font-style:normal;font-weight:400;letter-spacing:normal;text-indent:0px;text-align:left\"><span style=\"font-size:14pt;line-height:21.1717px;font-family:Arial,sans-serif\"><u>\u201cFalta que se entreguen apoyos a mil 408 familias, las cuales ya est\u00e1n censadas y se van a hacer estas entregas hasta el primero de febrero, por lo que tendremos esta semana para poder terminar y entregar\u201d, apunt\u00f3 la funcionaria federal, quien dijo que en el caso del municipio de Tuxpan se ha apoyado a 3 mil 411 familias.<\/u><\/span><u><\/u><\/p>\n<p class=\"MsoNormal\" style=\"font-family:sans-serif;font-size:12.8px;font-style:normal;font-weight:400;letter-spacing:normal;text-indent:0px;text-align:left\"><span style=\"font-size:14pt;line-height:21.1717px;font-family:Arial,sans-serif\"> <\/span><\/p>\n<p class=\"MsoNormal\" style=\"font-family:sans-serif;font-size:12.8px;font-style:normal;font-weight:400;letter-spacing:normal;text-indent:0px;text-align:left\"><span style=\"font-size:14pt;line-height:21.1717px;font-family:Arial,sans-serif\"><u>Albores Gonz\u00e1lez destac\u00f3 el convenio de la dependencia a su cargo con la Secretar\u00eda de Desarrollo Agrario, Territorial y Urbano (Sedatu), mediante el cual se pudo entregar a esta dependencia recursos por 70 millones de pesos para hacer posible la compra de enseres, \u201cpor lo que la sumatoria que destin\u00f3 la Secretar\u00eda de Bienestar para apoyar a las familias damnificadas de Nayarit asciende a 142.2 millones de pesos\u201d.<\/u><\/span><u><\/u><\/p>\n<p class=\"MsoNormal\" style=\"font-family:sans-serif;font-size:12.8px;font-style:normal;font-weight:400;letter-spacing:normal;text-indent:0px;text-align:left\"><span style=\"font-size:14pt;line-height:21.1717px;font-family:Arial,sans-serif\"> <\/span><\/p>\n<p class=\"MsoNormal\" style=\"font-family:sans-serif;font-size:12.8px;font-style:normal;font-weight:400;letter-spacing:normal;text-indent:0px;text-align:left\"><span style=\"font-size:14pt;line-height:21.1717px;font-family:Arial,sans-serif\"><u>La titular de Bienestar hizo un reconocimiento a los nayaritas \u201cpor ser un pueblo entusiasta, solidario y trabajador, que, sin sus brazos y energ\u00eda, no hubiera sido posible llegar al punto en que estamos hoy en la entidad\u201d, expres\u00f3.<\/u><\/span><u><\/u><\/p>\n<p class=\"MsoNormal\" style=\"font-family:sans-serif;font-size:12.8px;font-style:normal;font-weight:400;letter-spacing:normal;text-indent:0px;text-align:left\"><span style=\"font-size:14pt;line-height:21.1717px;font-family:Arial,sans-serif\"> <\/span><\/p>\n<p class=\"MsoNormal\" style=\"font-family:sans-serif;font-size:12.8px;font-style:normal;font-weight:400;letter-spacing:normal;text-indent:0px;text-align:left\"><span style=\"font-size:14pt;line-height:21.1717px;font-family:Arial,sans-serif\"><u>Inform\u00f3 que se han cumplido las instrucciones del Ejecutivo federal para hacer frente a los da\u00f1os causados por el fen\u00f3meno natural, principalmente en los municipios de Acaponeta, Huajicari, Rosamorada, Del Nayar, Ruiz, Santiago Ixcuintla, Tuxpan y Tecuala.<\/u><\/span><u><\/u><\/p>\n<p class=\"MsoNormal\" style=\"font-family:sans-serif;font-size:12.8px;font-style:normal;font-weight:400;letter-spacing:normal;text-indent:0px;text-align:left\"><span style=\"font-size:14pt;line-height:21.1717px;font-family:Arial,sans-serif\"> <\/span><\/p>\n<p class=\"MsoNormal\" style=\"font-family:sans-serif;font-size:12.8px;font-style:normal;font-weight:400;letter-spacing:normal;text-indent:0px;text-align:left\"><span style=\"font-size:14pt;line-height:21.1717px;font-family:Arial,sans-serif\"><u>La secretaria Albores Gonz\u00e1lez acompa\u00f1\u00f3 al presidente de la Rep\u00fablica en la gira de trabajo que realiz\u00f3 por los municipios de Tuxpan y Tecuala, en la que estuvo tambi\u00e9n el gobernador de Nayarit, Antonio Echevarr\u00eda Garc\u00eda y los secretarios de Desarrollo Agrario, Territorial y Urbano, Rom\u00e1n Meyer Falc\u00f3n, y de Agricultura y Desarrollo Rural, V\u00edctor Manuel Villalobos Ar\u00e1mbula.<\/u><\/span><u><\/u><\/p>\n<p><span style=\"font-size:14pt;line-height:21.1717px;font-family:Arial,sans-serif\"> <\/span><\/p>\n","protected":false},"excerpt":{"rendered":"<p>\u00b7 La Secretaria de Bienestar asegur\u00f3 que se brinda atenci\u00f3n a la poblaci\u00f3n afectada con<\/p>\n","protected":false},"author":1,"featured_media":3671,"comment_status":"open","ping_status":"open","sticky":false,"template":"","format":"standard","meta":{"footnotes":""},"categories":[1],"tags":[44],"class_list":["post-3672","post","type-post","status-publish","format-standard","has-post-thumbnail","hentry","category-municipales","tag-gobierno-de-la-republica"],"yoast_head":"<!-- This site is optimized with the Yoast SEO plugin v25.3 - https:\/\/yoast.com\/wordpress\/plugins\/seo\/ -->\n<title>Cumple el Gobierno de M\u00e9xico con los damnificados por el hurac\u00e1n \u201cWilla\u201d, en el estado de Nayarit: Mar\u00eda Luisa Albores Gonz\u00e1lez - Volcanes<\/title>\n<meta name=\"robots\" content=\"index, follow, max-snippet:-1, max-image-preview:large, max-video-preview:-1\" \/>\n<link rel=\"canonical\" href=\"https:\/\/volcanes.net\/?p=3672\" \/>\n<meta property=\"og:locale\" content=\"es_MX\" \/>\n<meta property=\"og:type\" content=\"article\" \/>\n<meta property=\"og:title\" content=\"Cumple el Gobierno de M\u00e9xico con los damnificados por el hurac\u00e1n \u201cWilla\u201d, en el estado de Nayarit: Mar\u00eda Luisa Albores Gonz\u00e1lez - Volcanes\" \/>\n<meta property=\"og:description\" content=\"\u00b7 La Secretaria de Bienestar asegur\u00f3 que se brinda atenci\u00f3n a la poblaci\u00f3n afectada con\" \/>\n<meta property=\"og:url\" content=\"https:\/\/volcanes.net\/?p=3672\" \/>\n<meta property=\"og:site_name\" content=\"Volcanes\" \/>\n<meta property=\"article:publisher\" content=\"https:\/\/www.facebook.com\/volcanes.net\/\" \/>\n<meta property=\"article:published_time\" content=\"2019-01-27T04:18:22+00:00\" \/>\n<meta property=\"og:image\" content=\"https:\/\/volcanes.net\/wp-content\/uploads\/2019\/01\/1548562637923668.jpg\" \/>\n\t<meta property=\"og:image:width\" content=\"640\" \/>\n\t<meta property=\"og:image:height\" content=\"480\" \/>\n\t<meta property=\"og:image:type\" content=\"image\/jpeg\" \/>\n<meta name=\"author\" content=\"admin\" \/>\n<meta name=\"twitter:card\" content=\"summary_large_image\" \/>\n<meta name=\"twitter:label1\" content=\"Escrito por\" \/>\n\t<meta name=\"twitter:data1\" content=\"admin\" \/>\n\t<meta name=\"twitter:label2\" content=\"Tiempo de lectura\" \/>\n\t<meta name=\"twitter:data2\" content=\"3 minutos\" \/>\n<script type=\"application\/ld+json\" class=\"yoast-schema-graph\">{\"@context\":\"https:\/\/schema.org\",\"@graph\":[{\"@type\":\"Article\",\"@id\":\"https:\/\/volcanes.net\/?p=3672#article\",\"isPartOf\":{\"@id\":\"https:\/\/volcanes.net\/?p=3672\"},\"author\":{\"name\":\"admin\",\"@id\":\"https:\/\/volcanes.net\/#\/schema\/person\/4bf0f383940966a4abd53f5048c0e6b9\"},\"headline\":\"Cumple el Gobierno de M\u00e9xico con los damnificados por el hurac\u00e1n \u201cWilla\u201d, en el estado de Nayarit: Mar\u00eda Luisa Albores Gonz\u00e1lez\",\"datePublished\":\"2019-01-27T04:18:22+00:00\",\"mainEntityOfPage\":{\"@id\":\"https:\/\/volcanes.net\/?p=3672\"},\"wordCount\":544,\"commentCount\":0,\"publisher\":{\"@id\":\"https:\/\/volcanes.net\/#organization\"},\"image\":{\"@id\":\"https:\/\/volcanes.net\/?p=3672#primaryimage\"},\"thumbnailUrl\":\"https:\/\/volcanes.net\/wp-content\/uploads\/2019\/01\/1548562637923668.jpg\",\"keywords\":[\"Gobierno de la Rep\u00fablica\"],\"articleSection\":[\"Municipales\"],\"inLanguage\":\"es\",\"potentialAction\":[{\"@type\":\"CommentAction\",\"name\":\"Comment\",\"target\":[\"https:\/\/volcanes.net\/?p=3672#respond\"]}]},{\"@type\":\"WebPage\",\"@id\":\"https:\/\/volcanes.net\/?p=3672\",\"url\":\"https:\/\/volcanes.net\/?p=3672\",\"name\":\"Cumple el Gobierno de M\u00e9xico con los damnificados por el hurac\u00e1n \u201cWilla\u201d, en el estado de Nayarit: Mar\u00eda Luisa Albores Gonz\u00e1lez - Volcanes\",\"isPartOf\":{\"@id\":\"https:\/\/volcanes.net\/#website\"},\"primaryImageOfPage\":{\"@id\":\"https:\/\/volcanes.net\/?p=3672#primaryimage\"},\"image\":{\"@id\":\"https:\/\/volcanes.net\/?p=3672#primaryimage\"},\"thumbnailUrl\":\"https:\/\/volcanes.net\/wp-content\/uploads\/2019\/01\/1548562637923668.jpg\",\"datePublished\":\"2019-01-27T04:18:22+00:00\",\"breadcrumb\":{\"@id\":\"https:\/\/volcanes.net\/?p=3672#breadcrumb\"},\"inLanguage\":\"es\",\"potentialAction\":[{\"@type\":\"ReadAction\",\"target\":[\"https:\/\/volcanes.net\/?p=3672\"]}]},{\"@type\":\"ImageObject\",\"inLanguage\":\"es\",\"@id\":\"https:\/\/volcanes.net\/?p=3672#primaryimage\",\"url\":\"https:\/\/volcanes.net\/wp-content\/uploads\/2019\/01\/1548562637923668.jpg\",\"contentUrl\":\"https:\/\/volcanes.net\/wp-content\/uploads\/2019\/01\/1548562637923668.jpg\",\"width\":640,\"height\":480},{\"@type\":\"BreadcrumbList\",\"@id\":\"https:\/\/volcanes.net\/?p=3672#breadcrumb\",\"itemListElement\":[{\"@type\":\"ListItem\",\"position\":1,\"name\":\"Portada\",\"item\":\"https:\/\/volcanes.net\/\"},{\"@type\":\"ListItem\",\"position\":2,\"name\":\"Cumple el Gobierno de M\u00e9xico con los damnificados por el hurac\u00e1n \u201cWilla\u201d, en el estado de Nayarit: Mar\u00eda Luisa Albores Gonz\u00e1lez\"}]},{\"@type\":\"WebSite\",\"@id\":\"https:\/\/volcanes.net\/#website\",\"url\":\"https:\/\/volcanes.net\/\",\"name\":\"Volcanes.Net\",\"description\":\"Periodismo Profesional\",\"publisher\":{\"@id\":\"https:\/\/volcanes.net\/#organization\"},\"potentialAction\":[{\"@type\":\"SearchAction\",\"target\":{\"@type\":\"EntryPoint\",\"urlTemplate\":\"https:\/\/volcanes.net\/?s={search_term_string}\"},\"query-input\":{\"@type\":\"PropertyValueSpecification\",\"valueRequired\":true,\"valueName\":\"search_term_string\"}}],\"inLanguage\":\"es\"},{\"@type\":\"Organization\",\"@id\":\"https:\/\/volcanes.net\/#organization\",\"name\":\"Grupo Volcanes\",\"url\":\"https:\/\/volcanes.net\/\",\"logo\":{\"@type\":\"ImageObject\",\"inLanguage\":\"es\",\"@id\":\"https:\/\/volcanes.net\/#\/schema\/logo\/image\/\",\"url\":\"http:\/\/volcanes.net\/wp-content\/uploads\/2017\/12\/Avatar2.jpg\",\"contentUrl\":\"http:\/\/volcanes.net\/wp-content\/uploads\/2017\/12\/Avatar2.jpg\",\"width\":378,\"height\":378,\"caption\":\"Grupo Volcanes\"},\"image\":{\"@id\":\"https:\/\/volcanes.net\/#\/schema\/logo\/image\/\"},\"sameAs\":[\"https:\/\/www.facebook.com\/volcanes.net\/\"]},{\"@type\":\"Person\",\"@id\":\"https:\/\/volcanes.net\/#\/schema\/person\/4bf0f383940966a4abd53f5048c0e6b9\",\"name\":\"admin\",\"image\":{\"@type\":\"ImageObject\",\"inLanguage\":\"es\",\"@id\":\"https:\/\/volcanes.net\/#\/schema\/person\/image\/\",\"url\":\"https:\/\/secure.gravatar.com\/avatar\/ca004e6cba8462b8cb7abc86e382930c?s=96&d=mm&r=g\",\"contentUrl\":\"https:\/\/secure.gravatar.com\/avatar\/ca004e6cba8462b8cb7abc86e382930c?s=96&d=mm&r=g\",\"caption\":\"admin\"}}]}<\/script>\n<!-- \/ Yoast SEO plugin. -->","yoast_head_json":{"title":"Cumple el Gobierno de M\u00e9xico con los damnificados por el hurac\u00e1n \u201cWilla\u201d, en el estado de Nayarit: Mar\u00eda Luisa Albores Gonz\u00e1lez - Volcanes","robots":{"index":"index","follow":"follow","max-snippet":"max-snippet:-1","max-image-preview":"max-image-preview:large","max-video-preview":"max-video-preview:-1"},"canonical":"https:\/\/volcanes.net\/?p=3672","og_locale":"es_MX","og_type":"article","og_title":"Cumple el Gobierno de M\u00e9xico con los damnificados por el hurac\u00e1n \u201cWilla\u201d, en el estado de Nayarit: Mar\u00eda Luisa Albores Gonz\u00e1lez - Volcanes","og_description":"\u00b7 La Secretaria de Bienestar asegur\u00f3 que se brinda atenci\u00f3n a la poblaci\u00f3n afectada con","og_url":"https:\/\/volcanes.net\/?p=3672","og_site_name":"Volcanes","article_publisher":"https:\/\/www.facebook.com\/volcanes.net\/","article_published_time":"2019-01-27T04:18:22+00:00","og_image":[{"width":640,"height":480,"url":"https:\/\/volcanes.net\/wp-content\/uploads\/2019\/01\/1548562637923668.jpg","type":"image\/jpeg"}],"author":"admin","twitter_card":"summary_large_image","twitter_misc":{"Escrito por":"admin","Tiempo de lectura":"3 minutos"},"schema":{"@context":"https:\/\/schema.org","@graph":[{"@type":"Article","@id":"https:\/\/volcanes.net\/?p=3672#article","isPartOf":{"@id":"https:\/\/volcanes.net\/?p=3672"},"author":{"name":"admin","@id":"https:\/\/volcanes.net\/#\/schema\/person\/4bf0f383940966a4abd53f5048c0e6b9"},"headline":"Cumple el Gobierno de M\u00e9xico con los damnificados por el hurac\u00e1n \u201cWilla\u201d, en el estado de Nayarit: Mar\u00eda Luisa Albores Gonz\u00e1lez","datePublished":"2019-01-27T04:18:22+00:00","mainEntityOfPage":{"@id":"https:\/\/volcanes.net\/?p=3672"},"wordCount":544,"commentCount":0,"publisher":{"@id":"https:\/\/volcanes.net\/#organization"},"image":{"@id":"https:\/\/volcanes.net\/?p=3672#primaryimage"},"thumbnailUrl":"https:\/\/volcanes.net\/wp-content\/uploads\/2019\/01\/1548562637923668.jpg","keywords":["Gobierno de la Rep\u00fablica"],"articleSection":["Municipales"],"inLanguage":"es","potentialAction":[{"@type":"CommentAction","name":"Comment","target":["https:\/\/volcanes.net\/?p=3672#respond"]}]},{"@type":"WebPage","@id":"https:\/\/volcanes.net\/?p=3672","url":"https:\/\/volcanes.net\/?p=3672","name":"Cumple el Gobierno de M\u00e9xico con los damnificados por el hurac\u00e1n \u201cWilla\u201d, en el estado de Nayarit: Mar\u00eda Luisa Albores Gonz\u00e1lez - Volcanes","isPartOf":{"@id":"https:\/\/volcanes.net\/#website"},"primaryImageOfPage":{"@id":"https:\/\/volcanes.net\/?p=3672#primaryimage"},"image":{"@id":"https:\/\/volcanes.net\/?p=3672#primaryimage"},"thumbnailUrl":"https:\/\/volcanes.net\/wp-content\/uploads\/2019\/01\/1548562637923668.jpg","datePublished":"2019-01-27T04:18:22+00:00","breadcrumb":{"@id":"https:\/\/volcanes.net\/?p=3672#breadcrumb"},"inLanguage":"es","potentialAction":[{"@type":"ReadAction","target":["https:\/\/volcanes.net\/?p=3672"]}]},{"@type":"ImageObject","inLanguage":"es","@id":"https:\/\/volcanes.net\/?p=3672#primaryimage","url":"https:\/\/volcanes.net\/wp-content\/uploads\/2019\/01\/1548562637923668.jpg","contentUrl":"https:\/\/volcanes.net\/wp-content\/uploads\/2019\/01\/1548562637923668.jpg","width":640,"height":480},{"@type":"BreadcrumbList","@id":"https:\/\/volcanes.net\/?p=3672#breadcrumb","itemListElement":[{"@type":"ListItem","position":1,"name":"Portada","item":"https:\/\/volcanes.net\/"},{"@type":"ListItem","position":2,"name":"Cumple el Gobierno de M\u00e9xico con los damnificados por el hurac\u00e1n \u201cWilla\u201d, en el estado de Nayarit: Mar\u00eda Luisa Albores Gonz\u00e1lez"}]},{"@type":"WebSite","@id":"https:\/\/volcanes.net\/#website","url":"https:\/\/volcanes.net\/","name":"Volcanes.Net","description":"Periodismo Profesional","publisher":{"@id":"https:\/\/volcanes.net\/#organization"},"potentialAction":[{"@type":"SearchAction","target":{"@type":"EntryPoint","urlTemplate":"https:\/\/volcanes.net\/?s={search_term_string}"},"query-input":{"@type":"PropertyValueSpecification","valueRequired":true,"valueName":"search_term_string"}}],"inLanguage":"es"},{"@type":"Organization","@id":"https:\/\/volcanes.net\/#organization","name":"Grupo Volcanes","url":"https:\/\/volcanes.net\/","logo":{"@type":"ImageObject","inLanguage":"es","@id":"https:\/\/volcanes.net\/#\/schema\/logo\/image\/","url":"http:\/\/volcanes.net\/wp-content\/uploads\/2017\/12\/Avatar2.jpg","contentUrl":"http:\/\/volcanes.net\/wp-content\/uploads\/2017\/12\/Avatar2.jpg","width":378,"height":378,"caption":"Grupo Volcanes"},"image":{"@id":"https:\/\/volcanes.net\/#\/schema\/logo\/image\/"},"sameAs":["https:\/\/www.facebook.com\/volcanes.net\/"]},{"@type":"Person","@id":"https:\/\/volcanes.net\/#\/schema\/person\/4bf0f383940966a4abd53f5048c0e6b9","name":"admin","image":{"@type":"ImageObject","inLanguage":"es","@id":"https:\/\/volcanes.net\/#\/schema\/person\/image\/","url":"https:\/\/secure.gravatar.com\/avatar\/ca004e6cba8462b8cb7abc86e382930c?s=96&d=mm&r=g","contentUrl":"https:\/\/secure.gravatar.com\/avatar\/ca004e6cba8462b8cb7abc86e382930c?s=96&d=mm&r=g","caption":"admin"}}]}},"_links":{"self":[{"href":"https:\/\/volcanes.net\/index.php?rest_route=\/wp\/v2\/posts\/3672"}],"collection":[{"href":"https:\/\/volcanes.net\/index.php?rest_route=\/wp\/v2\/posts"}],"about":[{"href":"https:\/\/volcanes.net\/index.php?rest_route=\/wp\/v2\/types\/post"}],"author":[{"embeddable":true,"href":"https:\/\/volcanes.net\/index.php?rest_route=\/wp\/v2\/users\/1"}],"replies":[{"embeddable":true,"href":"https:\/\/volcanes.net\/index.php?rest_route=%2Fwp%2Fv2%2Fcomments&post=3672"}],"version-history":[{"count":1,"href":"https:\/\/volcanes.net\/index.php?rest_route=\/wp\/v2\/posts\/3672\/revisions"}],"predecessor-version":[{"id":3673,"href":"https:\/\/volcanes.net\/index.php?rest_route=\/wp\/v2\/posts\/3672\/revisions\/3673"}],"wp:featuredmedia":[{"embeddable":true,"href":"https:\/\/volcanes.net\/index.php?rest_route=\/wp\/v2\/media\/3671"}],"wp:attachment":[{"href":"https:\/\/volcanes.net\/index.php?rest_route=%2Fwp%2Fv2%2Fmedia&parent=3672"}],"wp:term":[{"taxonomy":"category","embeddable":true,"href":"https:\/\/volcanes.net\/index.php?rest_route=%2Fwp%2Fv2%2Fcategories&post=3672"},{"taxonomy":"post_tag","embeddable":true,"href":"https:\/\/volcanes.net\/index.php?rest_route=%2Fwp%2Fv2%2Ftags&post=3672"}],"curies":[{"name":"wp","href":"https:\/\/api.w.org\/{rel}","templated":true}]}}