{"id":3675,"date":"2019-01-27T04:33:27","date_gmt":"2019-01-27T04:33:27","guid":{"rendered":"http:\/\/volcanes.net\/?p=3675"},"modified":"2019-01-27T04:33:27","modified_gmt":"2019-01-27T04:33:27","slug":"movilizacion-en-favor-de-la-nina-giselle-desaparecida-en-chimalhuacan","status":"publish","type":"post","link":"https:\/\/volcanes.net\/?p=3675","title":{"rendered":"Movilizacion en Favor de la Ni\u00f1a Giselle, desaparecida en Chimalhuac\u00e1n"},"content":{"rendered":"<div style=\"margin-top: 0px; margin-bottom: 0px;\" class=\"sharethis-inline-share-buttons\" ><\/div><p>Jos\u00e9 Cruz Garcia O.<\/p>\n<p>A una semana de que la ni\u00f1a Giselle Garrido Cruz, de 11 a\u00f1os de edad, desapareci\u00f3, al salir de su casa rumbo a un local de internet para mandarle un mensaje a su pap\u00e1, no se tienen noticias de su paradero y por tal motivo, familiares, vecinos y amigos, realizaron una movilizaci\u00f3n hacia la capital del Pa\u00eds para pedir la intervenci\u00f3n del Presidente de la Rep\u00fablica.<\/p>\n<p>As\u00ed lo dio a conocer la madre de Gisell, la se\u00f1ora<br \/>\nMiriam Cruz&#8230;<\/p>\n<p>*&#8221;Hoy d\u00eda s\u00e1bado, a ocho d\u00edas de que ella no est\u00e1 en casa, no nos dan informes de nada, \u00bfQuien de las autoridades se ha acercado a ustedes, qu\u00e9 les dicen? Qu\u00e9 han estado siguiendo el caso y no han encontrado, nada de rastro de Gis, en los v\u00eddeos no se ve Gis, no hay nada de Gis y la tierra no s\u00e9 trag\u00f3 a Gis, estamos de acuerdo, entonces el motivo de esta marcha es llegar hacia el Presidente, que el escuche, que \u00e9l nos brinde, ahora s\u00ed que todo el equipo especializado que tienen ellos para encontrar a Gis, Gis no se puede desaparecer de la nada, estamos muy desesperados, y estar esperanzados a que las autoridades nos den respuesta, a d\u00f3nde vamos a llegar, no puedo estar sentada, cruzada de brazos, pensando tal vez que me la est\u00e9n lastimando,&#8230;mil cosas &#8220;*<\/p>\n<p>Este s\u00e1bado se reunier\u00f3n en la casa de la familia Garrido Cruz, ubicada en la calle Pino, manzana 1 lote 46 de la colonia San Lorenzo, en Chimalhuac\u00e1n, Estado de M\u00e9xico de d\u00f3nde salieron autobuses y autos particulares con lonas colocadas exigiendo la aparici\u00f3n de Gisell.<\/p>\n<p>Con desesperaci\u00f3n, su mam\u00e1 de Giselle mantiene la esperanza de que le regresen a su hija&#8230;<\/p>\n<p>*&#8221;No tenemos ning\u00fan problema con nadie, lo \u00fanico que queremos que la voz de todo M\u00e9xico, de todo el mundo se alce, y me regresen a mi ni\u00f1a, que es lo \u00fanico que yo quiero, lo \u00fanico que yo quiero&#8221;.*<\/p>\n<p>En un recorrido por las calles y avenidas cercanas a la casa de la familia Garrido Cruz, no apreciamos, ning\u00fan tipo de b\u00fasqueda, ni patrullaje por parte de alguna autoridad.<\/p>\n<p>En la Ciudad de M\u00e9xico, la caravana llegar\u00e1 al Angel de la independencia y de ah\u00ed caminar\u00e1n hacia el Hemiciclo a Ju\u00e1rez, desde d\u00f3nde har\u00e1n el llamado de auxilio al Presidente Andr\u00e9s Manuel L\u00f3pez Obrador.<\/p>\n","protected":false},"excerpt":{"rendered":"<p>Jos\u00e9 Cruz Garcia O. A una semana de que la ni\u00f1a Giselle Garrido Cruz, de<\/p>\n","protected":false},"author":1,"featured_media":3674,"comment_status":"open","ping_status":"open","sticky":false,"template":"","format":"standard","meta":{"footnotes":""},"categories":[1],"tags":[73],"class_list":["post-3675","post","type-post","status-publish","format-standard","has-post-thumbnail","hentry","category-municipales","tag-chimalhuacan"],"yoast_head":"<!-- This site is optimized with the Yoast SEO plugin v25.3 - https:\/\/yoast.com\/wordpress\/plugins\/seo\/ -->\n<title>Movilizacion en Favor de la Ni\u00f1a Giselle, desaparecida en Chimalhuac\u00e1n - Volcanes<\/title>\n<meta name=\"robots\" content=\"index, follow, max-snippet:-1, max-image-preview:large, max-video-preview:-1\" \/>\n<link rel=\"canonical\" href=\"https:\/\/volcanes.net\/?p=3675\" \/>\n<meta property=\"og:locale\" content=\"es_MX\" \/>\n<meta property=\"og:type\" content=\"article\" \/>\n<meta property=\"og:title\" content=\"Movilizacion en Favor de la Ni\u00f1a Giselle, desaparecida en Chimalhuac\u00e1n - Volcanes\" \/>\n<meta property=\"og:description\" content=\"Jos\u00e9 Cruz Garcia O. A una semana de que la ni\u00f1a Giselle Garrido Cruz, de\" \/>\n<meta property=\"og:url\" content=\"https:\/\/volcanes.net\/?p=3675\" \/>\n<meta property=\"og:site_name\" content=\"Volcanes\" \/>\n<meta property=\"article:publisher\" content=\"https:\/\/www.facebook.com\/volcanes.net\/\" \/>\n<meta property=\"article:published_time\" content=\"2019-01-27T04:33:27+00:00\" \/>\n<meta property=\"og:image\" content=\"https:\/\/volcanes.net\/wp-content\/uploads\/2019\/01\/IMG-20190126-WA0033.jpg\" \/>\n\t<meta property=\"og:image:width\" content=\"1280\" \/>\n\t<meta property=\"og:image:height\" content=\"720\" \/>\n\t<meta property=\"og:image:type\" content=\"image\/jpeg\" \/>\n<meta name=\"author\" content=\"admin\" \/>\n<meta name=\"twitter:card\" content=\"summary_large_image\" \/>\n<meta name=\"twitter:label1\" content=\"Escrito por\" \/>\n\t<meta name=\"twitter:data1\" content=\"admin\" \/>\n\t<meta name=\"twitter:label2\" content=\"Tiempo de lectura\" \/>\n\t<meta name=\"twitter:data2\" content=\"2 minutos\" \/>\n<script type=\"application\/ld+json\" class=\"yoast-schema-graph\">{\"@context\":\"https:\/\/schema.org\",\"@graph\":[{\"@type\":\"Article\",\"@id\":\"https:\/\/volcanes.net\/?p=3675#article\",\"isPartOf\":{\"@id\":\"https:\/\/volcanes.net\/?p=3675\"},\"author\":{\"name\":\"admin\",\"@id\":\"https:\/\/volcanes.net\/#\/schema\/person\/4bf0f383940966a4abd53f5048c0e6b9\"},\"headline\":\"Movilizacion en Favor de la Ni\u00f1a Giselle, desaparecida en Chimalhuac\u00e1n\",\"datePublished\":\"2019-01-27T04:33:27+00:00\",\"mainEntityOfPage\":{\"@id\":\"https:\/\/volcanes.net\/?p=3675\"},\"wordCount\":435,\"commentCount\":0,\"publisher\":{\"@id\":\"https:\/\/volcanes.net\/#organization\"},\"image\":{\"@id\":\"https:\/\/volcanes.net\/?p=3675#primaryimage\"},\"thumbnailUrl\":\"https:\/\/volcanes.net\/wp-content\/uploads\/2019\/01\/IMG-20190126-WA0033.jpg\",\"keywords\":[\"Chimalhuac\u00e1n\"],\"articleSection\":[\"Municipales\"],\"inLanguage\":\"es\",\"potentialAction\":[{\"@type\":\"CommentAction\",\"name\":\"Comment\",\"target\":[\"https:\/\/volcanes.net\/?p=3675#respond\"]}]},{\"@type\":\"WebPage\",\"@id\":\"https:\/\/volcanes.net\/?p=3675\",\"url\":\"https:\/\/volcanes.net\/?p=3675\",\"name\":\"Movilizacion en Favor de la Ni\u00f1a Giselle, desaparecida en Chimalhuac\u00e1n - Volcanes\",\"isPartOf\":{\"@id\":\"https:\/\/volcanes.net\/#website\"},\"primaryImageOfPage\":{\"@id\":\"https:\/\/volcanes.net\/?p=3675#primaryimage\"},\"image\":{\"@id\":\"https:\/\/volcanes.net\/?p=3675#primaryimage\"},\"thumbnailUrl\":\"https:\/\/volcanes.net\/wp-content\/uploads\/2019\/01\/IMG-20190126-WA0033.jpg\",\"datePublished\":\"2019-01-27T04:33:27+00:00\",\"breadcrumb\":{\"@id\":\"https:\/\/volcanes.net\/?p=3675#breadcrumb\"},\"inLanguage\":\"es\",\"potentialAction\":[{\"@type\":\"ReadAction\",\"target\":[\"https:\/\/volcanes.net\/?p=3675\"]}]},{\"@type\":\"ImageObject\",\"inLanguage\":\"es\",\"@id\":\"https:\/\/volcanes.net\/?p=3675#primaryimage\",\"url\":\"https:\/\/volcanes.net\/wp-content\/uploads\/2019\/01\/IMG-20190126-WA0033.jpg\",\"contentUrl\":\"https:\/\/volcanes.net\/wp-content\/uploads\/2019\/01\/IMG-20190126-WA0033.jpg\",\"width\":1280,\"height\":720},{\"@type\":\"BreadcrumbList\",\"@id\":\"https:\/\/volcanes.net\/?p=3675#breadcrumb\",\"itemListElement\":[{\"@type\":\"ListItem\",\"position\":1,\"name\":\"Portada\",\"item\":\"https:\/\/volcanes.net\/\"},{\"@type\":\"ListItem\",\"position\":2,\"name\":\"Movilizacion en Favor de la Ni\u00f1a Giselle, desaparecida en Chimalhuac\u00e1n\"}]},{\"@type\":\"WebSite\",\"@id\":\"https:\/\/volcanes.net\/#website\",\"url\":\"https:\/\/volcanes.net\/\",\"name\":\"Volcanes.Net\",\"description\":\"Periodismo Profesional\",\"publisher\":{\"@id\":\"https:\/\/volcanes.net\/#organization\"},\"potentialAction\":[{\"@type\":\"SearchAction\",\"target\":{\"@type\":\"EntryPoint\",\"urlTemplate\":\"https:\/\/volcanes.net\/?s={search_term_string}\"},\"query-input\":{\"@type\":\"PropertyValueSpecification\",\"valueRequired\":true,\"valueName\":\"search_term_string\"}}],\"inLanguage\":\"es\"},{\"@type\":\"Organization\",\"@id\":\"https:\/\/volcanes.net\/#organization\",\"name\":\"Grupo Volcanes\",\"url\":\"https:\/\/volcanes.net\/\",\"logo\":{\"@type\":\"ImageObject\",\"inLanguage\":\"es\",\"@id\":\"https:\/\/volcanes.net\/#\/schema\/logo\/image\/\",\"url\":\"http:\/\/volcanes.net\/wp-content\/uploads\/2017\/12\/Avatar2.jpg\",\"contentUrl\":\"http:\/\/volcanes.net\/wp-content\/uploads\/2017\/12\/Avatar2.jpg\",\"width\":378,\"height\":378,\"caption\":\"Grupo Volcanes\"},\"image\":{\"@id\":\"https:\/\/volcanes.net\/#\/schema\/logo\/image\/\"},\"sameAs\":[\"https:\/\/www.facebook.com\/volcanes.net\/\"]},{\"@type\":\"Person\",\"@id\":\"https:\/\/volcanes.net\/#\/schema\/person\/4bf0f383940966a4abd53f5048c0e6b9\",\"name\":\"admin\",\"image\":{\"@type\":\"ImageObject\",\"inLanguage\":\"es\",\"@id\":\"https:\/\/volcanes.net\/#\/schema\/person\/image\/\",\"url\":\"https:\/\/secure.gravatar.com\/avatar\/ca004e6cba8462b8cb7abc86e382930c?s=96&d=mm&r=g\",\"contentUrl\":\"https:\/\/secure.gravatar.com\/avatar\/ca004e6cba8462b8cb7abc86e382930c?s=96&d=mm&r=g\",\"caption\":\"admin\"}}]}<\/script>\n<!-- \/ Yoast SEO plugin. -->","yoast_head_json":{"title":"Movilizacion en Favor de la Ni\u00f1a Giselle, desaparecida en Chimalhuac\u00e1n - Volcanes","robots":{"index":"index","follow":"follow","max-snippet":"max-snippet:-1","max-image-preview":"max-image-preview:large","max-video-preview":"max-video-preview:-1"},"canonical":"https:\/\/volcanes.net\/?p=3675","og_locale":"es_MX","og_type":"article","og_title":"Movilizacion en Favor de la Ni\u00f1a Giselle, desaparecida en Chimalhuac\u00e1n - Volcanes","og_description":"Jos\u00e9 Cruz Garcia O. A una semana de que la ni\u00f1a Giselle Garrido Cruz, de","og_url":"https:\/\/volcanes.net\/?p=3675","og_site_name":"Volcanes","article_publisher":"https:\/\/www.facebook.com\/volcanes.net\/","article_published_time":"2019-01-27T04:33:27+00:00","og_image":[{"width":1280,"height":720,"url":"https:\/\/volcanes.net\/wp-content\/uploads\/2019\/01\/IMG-20190126-WA0033.jpg","type":"image\/jpeg"}],"author":"admin","twitter_card":"summary_large_image","twitter_misc":{"Escrito por":"admin","Tiempo de lectura":"2 minutos"},"schema":{"@context":"https:\/\/schema.org","@graph":[{"@type":"Article","@id":"https:\/\/volcanes.net\/?p=3675#article","isPartOf":{"@id":"https:\/\/volcanes.net\/?p=3675"},"author":{"name":"admin","@id":"https:\/\/volcanes.net\/#\/schema\/person\/4bf0f383940966a4abd53f5048c0e6b9"},"headline":"Movilizacion en Favor de la Ni\u00f1a Giselle, desaparecida en Chimalhuac\u00e1n","datePublished":"2019-01-27T04:33:27+00:00","mainEntityOfPage":{"@id":"https:\/\/volcanes.net\/?p=3675"},"wordCount":435,"commentCount":0,"publisher":{"@id":"https:\/\/volcanes.net\/#organization"},"image":{"@id":"https:\/\/volcanes.net\/?p=3675#primaryimage"},"thumbnailUrl":"https:\/\/volcanes.net\/wp-content\/uploads\/2019\/01\/IMG-20190126-WA0033.jpg","keywords":["Chimalhuac\u00e1n"],"articleSection":["Municipales"],"inLanguage":"es","potentialAction":[{"@type":"CommentAction","name":"Comment","target":["https:\/\/volcanes.net\/?p=3675#respond"]}]},{"@type":"WebPage","@id":"https:\/\/volcanes.net\/?p=3675","url":"https:\/\/volcanes.net\/?p=3675","name":"Movilizacion en Favor de la Ni\u00f1a Giselle, desaparecida en Chimalhuac\u00e1n - Volcanes","isPartOf":{"@id":"https:\/\/volcanes.net\/#website"},"primaryImageOfPage":{"@id":"https:\/\/volcanes.net\/?p=3675#primaryimage"},"image":{"@id":"https:\/\/volcanes.net\/?p=3675#primaryimage"},"thumbnailUrl":"https:\/\/volcanes.net\/wp-content\/uploads\/2019\/01\/IMG-20190126-WA0033.jpg","datePublished":"2019-01-27T04:33:27+00:00","breadcrumb":{"@id":"https:\/\/volcanes.net\/?p=3675#breadcrumb"},"inLanguage":"es","potentialAction":[{"@type":"ReadAction","target":["https:\/\/volcanes.net\/?p=3675"]}]},{"@type":"ImageObject","inLanguage":"es","@id":"https:\/\/volcanes.net\/?p=3675#primaryimage","url":"https:\/\/volcanes.net\/wp-content\/uploads\/2019\/01\/IMG-20190126-WA0033.jpg","contentUrl":"https:\/\/volcanes.net\/wp-content\/uploads\/2019\/01\/IMG-20190126-WA0033.jpg","width":1280,"height":720},{"@type":"BreadcrumbList","@id":"https:\/\/volcanes.net\/?p=3675#breadcrumb","itemListElement":[{"@type":"ListItem","position":1,"name":"Portada","item":"https:\/\/volcanes.net\/"},{"@type":"ListItem","position":2,"name":"Movilizacion en Favor de la Ni\u00f1a Giselle, desaparecida en Chimalhuac\u00e1n"}]},{"@type":"WebSite","@id":"https:\/\/volcanes.net\/#website","url":"https:\/\/volcanes.net\/","name":"Volcanes.Net","description":"Periodismo Profesional","publisher":{"@id":"https:\/\/volcanes.net\/#organization"},"potentialAction":[{"@type":"SearchAction","target":{"@type":"EntryPoint","urlTemplate":"https:\/\/volcanes.net\/?s={search_term_string}"},"query-input":{"@type":"PropertyValueSpecification","valueRequired":true,"valueName":"search_term_string"}}],"inLanguage":"es"},{"@type":"Organization","@id":"https:\/\/volcanes.net\/#organization","name":"Grupo Volcanes","url":"https:\/\/volcanes.net\/","logo":{"@type":"ImageObject","inLanguage":"es","@id":"https:\/\/volcanes.net\/#\/schema\/logo\/image\/","url":"http:\/\/volcanes.net\/wp-content\/uploads\/2017\/12\/Avatar2.jpg","contentUrl":"http:\/\/volcanes.net\/wp-content\/uploads\/2017\/12\/Avatar2.jpg","width":378,"height":378,"caption":"Grupo Volcanes"},"image":{"@id":"https:\/\/volcanes.net\/#\/schema\/logo\/image\/"},"sameAs":["https:\/\/www.facebook.com\/volcanes.net\/"]},{"@type":"Person","@id":"https:\/\/volcanes.net\/#\/schema\/person\/4bf0f383940966a4abd53f5048c0e6b9","name":"admin","image":{"@type":"ImageObject","inLanguage":"es","@id":"https:\/\/volcanes.net\/#\/schema\/person\/image\/","url":"https:\/\/secure.gravatar.com\/avatar\/ca004e6cba8462b8cb7abc86e382930c?s=96&d=mm&r=g","contentUrl":"https:\/\/secure.gravatar.com\/avatar\/ca004e6cba8462b8cb7abc86e382930c?s=96&d=mm&r=g","caption":"admin"}}]}},"_links":{"self":[{"href":"https:\/\/volcanes.net\/index.php?rest_route=\/wp\/v2\/posts\/3675"}],"collection":[{"href":"https:\/\/volcanes.net\/index.php?rest_route=\/wp\/v2\/posts"}],"about":[{"href":"https:\/\/volcanes.net\/index.php?rest_route=\/wp\/v2\/types\/post"}],"author":[{"embeddable":true,"href":"https:\/\/volcanes.net\/index.php?rest_route=\/wp\/v2\/users\/1"}],"replies":[{"embeddable":true,"href":"https:\/\/volcanes.net\/index.php?rest_route=%2Fwp%2Fv2%2Fcomments&post=3675"}],"version-history":[{"count":1,"href":"https:\/\/volcanes.net\/index.php?rest_route=\/wp\/v2\/posts\/3675\/revisions"}],"predecessor-version":[{"id":3676,"href":"https:\/\/volcanes.net\/index.php?rest_route=\/wp\/v2\/posts\/3675\/revisions\/3676"}],"wp:featuredmedia":[{"embeddable":true,"href":"https:\/\/volcanes.net\/index.php?rest_route=\/wp\/v2\/media\/3674"}],"wp:attachment":[{"href":"https:\/\/volcanes.net\/index.php?rest_route=%2Fwp%2Fv2%2Fmedia&parent=3675"}],"wp:term":[{"taxonomy":"category","embeddable":true,"href":"https:\/\/volcanes.net\/index.php?rest_route=%2Fwp%2Fv2%2Fcategories&post=3675"},{"taxonomy":"post_tag","embeddable":true,"href":"https:\/\/volcanes.net\/index.php?rest_route=%2Fwp%2Fv2%2Ftags&post=3675"}],"curies":[{"name":"wp","href":"https:\/\/api.w.org\/{rel}","templated":true}]}}