{"id":369,"date":"2018-01-11T04:48:38","date_gmt":"2018-01-11T04:48:38","guid":{"rendered":"http:\/\/volcanes.net\/?p=369"},"modified":"2018-01-11T04:48:38","modified_gmt":"2018-01-11T04:48:38","slug":"acta-de-nacimiento-en-linea-garantiza-derecho-a-la-identidad-pena-nieto-video","status":"publish","type":"post","link":"https:\/\/volcanes.net\/?p=369","title":{"rendered":"Acta de Nacimiento en L\u00ednea garantiza derecho a la identidad Pe\u00f1a Nieto (VIDEO)"},"content":{"rendered":"<div style=\"margin-top: 0px; margin-bottom: 0px;\" class=\"sharethis-inline-share-buttons\" ><\/div><p>El Acta de Nacimiento en L\u00ednea es un sistema que garantiza el derecho a la identidad de los mexicanos y el gobierno tiene la obligaci\u00f3n de asegurar que sea una realidad, asever\u00f3 el presidente Enrique Pe\u00f1a Nieto.<\/p>\n<p>Durante la presentaci\u00f3n del programa \u201cSoy M\u00e9xico. Tu Acta de Nacimiento en L\u00ednea\u201d, el mandatario destac\u00f3 que gracias a la coordinaci\u00f3n con los estados, el nuevo servicio permitir\u00e1 a los mexicanos obtener ese documento sin importar d\u00f3nde se encuentren.<\/p>\n<p>En el acto, efectuado en el sal\u00f3n \u201cAdolfo L\u00f3pez Mateos\u201d de la residencia oficial de Los Pinos, indic\u00f3 que \u201ccontar con un documento que acredite d\u00f3nde y cu\u00e1ndo nacimos, as\u00ed como cu\u00e1l es nuestro nombre y apellido, es una condici\u00f3n necesaria para ejercer, hay que decirlo, otros derechos\u201d.<\/p>\n<p>Pe\u00f1a Nieto subray\u00f3 que las actas obtenidas por Internet son documentos legales y v\u00e1lidos, tanto en instituciones p\u00fablicas como privadas, y que las medidas de seguridad ya no est\u00e1n en el tipo de papel en el que se imprime el acta, sino en los c\u00f3digos electr\u00f3nicos que contiene el documento.<\/p>\n<p>Adem\u00e1s, que \u201ctodas las autoridades est\u00e1n obligadas a aceptarlas y a contar con los mecanismos necesarios para verificar su autenticidad\u201d, enfatiz\u00f3 el Ejecutivo federal.<\/p>\n<p>Por distintas circunstancias, explic\u00f3 el mandatario, hay ciudadanos que carecen de una copia de su acta de nacimiento, y que antes el tr\u00e1mite para alguien que vive en un estado distinto al que naci\u00f3 era lento y costoso, pues deb\u00eda trasladarse hasta su lugar de origen, pagar por la copia y esperar a que estuviera lista.<\/p>\n<p>Por ello, en coordinaci\u00f3n con los estados, se cre\u00f3 una estrategia que permitir\u00e1 hacer efectivo para todos los mexicanos el derecho a la identidad, y con el nuevo servicio en l\u00ednea es posible consultar, descargar e imprimir una copia certificada de ese documento.<\/p>\n<p>\u201cHoy desde su casa o su oficina, desde la computadora o el celular, desde M\u00e9xico o el extranjero, las mexicanas y los mexicanos pueden obtener su acta de nacimiento\u201d, asegur\u00f3 el mandatario federal, acompa\u00f1ado por los secretarios de Gobernaci\u00f3n, Miguel Angel Osorio Chong, y de la Funci\u00f3n P\u00fablica, Arely G\u00f3mez.<\/p>\n<p>\u201cNunca antes hab\u00eda sido tan f\u00e1cil tener un acta de nacimiento, la tecnolog\u00eda ha hecho posible realizar una transformaci\u00f3n profunda que habr\u00e1 de impactar la vida de los mexicanos\u201d, enfatiz\u00f3.<\/p>\n<p>Pe\u00f1a Nieto anunci\u00f3 que en los pr\u00f3ximos meses, el gobierno federal y las entidades trabajar\u00e1n para agilizar la entrega en l\u00ednea de actas de matrimonio y de defunci\u00f3n.<\/p>\n<p><iframe loading=\"lazy\" title=\"Soy M\u00e9xico. Tu Acta de Nacimiento en L\u00ednea\" width=\"640\" height=\"360\" src=\"https:\/\/www.youtube.com\/embed\/r_RP725xfpI?feature=oembed\" frameborder=\"0\" allow=\"accelerometer; autoplay; clipboard-write; encrypted-media; gyroscope; picture-in-picture; web-share\" referrerpolicy=\"strict-origin-when-cross-origin\" allowfullscreen><\/iframe><\/p>\n","protected":false},"excerpt":{"rendered":"<p>El Acta de Nacimiento en L\u00ednea es un sistema que garantiza el derecho a la<\/p>\n","protected":false},"author":1,"featured_media":353,"comment_status":"open","ping_status":"open","sticky":false,"template":"","format":"standard","meta":{"footnotes":""},"categories":[1],"tags":[45,44],"class_list":["post-369","post","type-post","status-publish","format-standard","has-post-thumbnail","hentry","category-municipales","tag-epn","tag-gobierno-de-la-republica"],"yoast_head":"<!-- This site is optimized with the Yoast SEO plugin v25.3 - https:\/\/yoast.com\/wordpress\/plugins\/seo\/ -->\n<title>Acta de Nacimiento en L\u00ednea garantiza derecho a la identidad Pe\u00f1a Nieto (VIDEO) - Volcanes<\/title>\n<meta name=\"robots\" content=\"index, follow, max-snippet:-1, max-image-preview:large, max-video-preview:-1\" \/>\n<link rel=\"canonical\" href=\"https:\/\/volcanes.net\/?p=369\" \/>\n<meta property=\"og:locale\" content=\"es_MX\" \/>\n<meta property=\"og:type\" content=\"article\" \/>\n<meta property=\"og:title\" content=\"Acta de Nacimiento en L\u00ednea garantiza derecho a la identidad Pe\u00f1a Nieto (VIDEO) - Volcanes\" \/>\n<meta property=\"og:description\" content=\"El Acta de Nacimiento en L\u00ednea es un sistema que garantiza el derecho a la\" \/>\n<meta property=\"og:url\" content=\"https:\/\/volcanes.net\/?p=369\" \/>\n<meta property=\"og:site_name\" content=\"Volcanes\" \/>\n<meta property=\"article:publisher\" content=\"https:\/\/www.facebook.com\/volcanes.net\/\" \/>\n<meta property=\"article:published_time\" content=\"2018-01-11T04:48:38+00:00\" \/>\n<meta property=\"og:image\" content=\"https:\/\/volcanes.net\/wp-content\/uploads\/2018\/01\/epn2.jpg\" \/>\n\t<meta property=\"og:image:width\" content=\"400\" \/>\n\t<meta property=\"og:image:height\" content=\"200\" \/>\n\t<meta property=\"og:image:type\" content=\"image\/jpeg\" \/>\n<meta name=\"author\" content=\"admin\" \/>\n<meta name=\"twitter:card\" content=\"summary_large_image\" \/>\n<meta name=\"twitter:label1\" content=\"Escrito por\" \/>\n\t<meta name=\"twitter:data1\" content=\"admin\" \/>\n\t<meta name=\"twitter:label2\" content=\"Tiempo de lectura\" \/>\n\t<meta name=\"twitter:data2\" content=\"2 minutos\" \/>\n<script type=\"application\/ld+json\" class=\"yoast-schema-graph\">{\"@context\":\"https:\/\/schema.org\",\"@graph\":[{\"@type\":\"Article\",\"@id\":\"https:\/\/volcanes.net\/?p=369#article\",\"isPartOf\":{\"@id\":\"https:\/\/volcanes.net\/?p=369\"},\"author\":{\"name\":\"admin\",\"@id\":\"https:\/\/volcanes.net\/#\/schema\/person\/4bf0f383940966a4abd53f5048c0e6b9\"},\"headline\":\"Acta de Nacimiento en L\u00ednea garantiza derecho a la identidad Pe\u00f1a Nieto (VIDEO)\",\"datePublished\":\"2018-01-11T04:48:38+00:00\",\"mainEntityOfPage\":{\"@id\":\"https:\/\/volcanes.net\/?p=369\"},\"wordCount\":467,\"commentCount\":0,\"publisher\":{\"@id\":\"https:\/\/volcanes.net\/#organization\"},\"image\":{\"@id\":\"https:\/\/volcanes.net\/?p=369#primaryimage\"},\"thumbnailUrl\":\"https:\/\/volcanes.net\/wp-content\/uploads\/2018\/01\/epn2.jpg\",\"keywords\":[\"EPN\",\"Gobierno de la Rep\u00fablica\"],\"articleSection\":[\"Municipales\"],\"inLanguage\":\"es\",\"potentialAction\":[{\"@type\":\"CommentAction\",\"name\":\"Comment\",\"target\":[\"https:\/\/volcanes.net\/?p=369#respond\"]}]},{\"@type\":\"WebPage\",\"@id\":\"https:\/\/volcanes.net\/?p=369\",\"url\":\"https:\/\/volcanes.net\/?p=369\",\"name\":\"Acta de Nacimiento en L\u00ednea garantiza derecho a la identidad Pe\u00f1a Nieto (VIDEO) - Volcanes\",\"isPartOf\":{\"@id\":\"https:\/\/volcanes.net\/#website\"},\"primaryImageOfPage\":{\"@id\":\"https:\/\/volcanes.net\/?p=369#primaryimage\"},\"image\":{\"@id\":\"https:\/\/volcanes.net\/?p=369#primaryimage\"},\"thumbnailUrl\":\"https:\/\/volcanes.net\/wp-content\/uploads\/2018\/01\/epn2.jpg\",\"datePublished\":\"2018-01-11T04:48:38+00:00\",\"breadcrumb\":{\"@id\":\"https:\/\/volcanes.net\/?p=369#breadcrumb\"},\"inLanguage\":\"es\",\"potentialAction\":[{\"@type\":\"ReadAction\",\"target\":[\"https:\/\/volcanes.net\/?p=369\"]}]},{\"@type\":\"ImageObject\",\"inLanguage\":\"es\",\"@id\":\"https:\/\/volcanes.net\/?p=369#primaryimage\",\"url\":\"https:\/\/volcanes.net\/wp-content\/uploads\/2018\/01\/epn2.jpg\",\"contentUrl\":\"https:\/\/volcanes.net\/wp-content\/uploads\/2018\/01\/epn2.jpg\",\"width\":400,\"height\":200},{\"@type\":\"BreadcrumbList\",\"@id\":\"https:\/\/volcanes.net\/?p=369#breadcrumb\",\"itemListElement\":[{\"@type\":\"ListItem\",\"position\":1,\"name\":\"Portada\",\"item\":\"https:\/\/volcanes.net\/\"},{\"@type\":\"ListItem\",\"position\":2,\"name\":\"Acta de Nacimiento en L\u00ednea garantiza derecho a la identidad Pe\u00f1a Nieto (VIDEO)\"}]},{\"@type\":\"WebSite\",\"@id\":\"https:\/\/volcanes.net\/#website\",\"url\":\"https:\/\/volcanes.net\/\",\"name\":\"Volcanes.Net\",\"description\":\"Periodismo Profesional\",\"publisher\":{\"@id\":\"https:\/\/volcanes.net\/#organization\"},\"potentialAction\":[{\"@type\":\"SearchAction\",\"target\":{\"@type\":\"EntryPoint\",\"urlTemplate\":\"https:\/\/volcanes.net\/?s={search_term_string}\"},\"query-input\":{\"@type\":\"PropertyValueSpecification\",\"valueRequired\":true,\"valueName\":\"search_term_string\"}}],\"inLanguage\":\"es\"},{\"@type\":\"Organization\",\"@id\":\"https:\/\/volcanes.net\/#organization\",\"name\":\"Grupo Volcanes\",\"url\":\"https:\/\/volcanes.net\/\",\"logo\":{\"@type\":\"ImageObject\",\"inLanguage\":\"es\",\"@id\":\"https:\/\/volcanes.net\/#\/schema\/logo\/image\/\",\"url\":\"http:\/\/volcanes.net\/wp-content\/uploads\/2017\/12\/Avatar2.jpg\",\"contentUrl\":\"http:\/\/volcanes.net\/wp-content\/uploads\/2017\/12\/Avatar2.jpg\",\"width\":378,\"height\":378,\"caption\":\"Grupo Volcanes\"},\"image\":{\"@id\":\"https:\/\/volcanes.net\/#\/schema\/logo\/image\/\"},\"sameAs\":[\"https:\/\/www.facebook.com\/volcanes.net\/\"]},{\"@type\":\"Person\",\"@id\":\"https:\/\/volcanes.net\/#\/schema\/person\/4bf0f383940966a4abd53f5048c0e6b9\",\"name\":\"admin\",\"image\":{\"@type\":\"ImageObject\",\"inLanguage\":\"es\",\"@id\":\"https:\/\/volcanes.net\/#\/schema\/person\/image\/\",\"url\":\"https:\/\/secure.gravatar.com\/avatar\/ca004e6cba8462b8cb7abc86e382930c?s=96&d=mm&r=g\",\"contentUrl\":\"https:\/\/secure.gravatar.com\/avatar\/ca004e6cba8462b8cb7abc86e382930c?s=96&d=mm&r=g\",\"caption\":\"admin\"}}]}<\/script>\n<!-- \/ Yoast SEO plugin. -->","yoast_head_json":{"title":"Acta de Nacimiento en L\u00ednea garantiza derecho a la identidad Pe\u00f1a Nieto (VIDEO) - Volcanes","robots":{"index":"index","follow":"follow","max-snippet":"max-snippet:-1","max-image-preview":"max-image-preview:large","max-video-preview":"max-video-preview:-1"},"canonical":"https:\/\/volcanes.net\/?p=369","og_locale":"es_MX","og_type":"article","og_title":"Acta de Nacimiento en L\u00ednea garantiza derecho a la identidad Pe\u00f1a Nieto (VIDEO) - Volcanes","og_description":"El Acta de Nacimiento en L\u00ednea es un sistema que garantiza el derecho a la","og_url":"https:\/\/volcanes.net\/?p=369","og_site_name":"Volcanes","article_publisher":"https:\/\/www.facebook.com\/volcanes.net\/","article_published_time":"2018-01-11T04:48:38+00:00","og_image":[{"width":400,"height":200,"url":"https:\/\/volcanes.net\/wp-content\/uploads\/2018\/01\/epn2.jpg","type":"image\/jpeg"}],"author":"admin","twitter_card":"summary_large_image","twitter_misc":{"Escrito por":"admin","Tiempo de lectura":"2 minutos"},"schema":{"@context":"https:\/\/schema.org","@graph":[{"@type":"Article","@id":"https:\/\/volcanes.net\/?p=369#article","isPartOf":{"@id":"https:\/\/volcanes.net\/?p=369"},"author":{"name":"admin","@id":"https:\/\/volcanes.net\/#\/schema\/person\/4bf0f383940966a4abd53f5048c0e6b9"},"headline":"Acta de Nacimiento en L\u00ednea garantiza derecho a la identidad Pe\u00f1a Nieto (VIDEO)","datePublished":"2018-01-11T04:48:38+00:00","mainEntityOfPage":{"@id":"https:\/\/volcanes.net\/?p=369"},"wordCount":467,"commentCount":0,"publisher":{"@id":"https:\/\/volcanes.net\/#organization"},"image":{"@id":"https:\/\/volcanes.net\/?p=369#primaryimage"},"thumbnailUrl":"https:\/\/volcanes.net\/wp-content\/uploads\/2018\/01\/epn2.jpg","keywords":["EPN","Gobierno de la Rep\u00fablica"],"articleSection":["Municipales"],"inLanguage":"es","potentialAction":[{"@type":"CommentAction","name":"Comment","target":["https:\/\/volcanes.net\/?p=369#respond"]}]},{"@type":"WebPage","@id":"https:\/\/volcanes.net\/?p=369","url":"https:\/\/volcanes.net\/?p=369","name":"Acta de Nacimiento en L\u00ednea garantiza derecho a la identidad Pe\u00f1a Nieto (VIDEO) - Volcanes","isPartOf":{"@id":"https:\/\/volcanes.net\/#website"},"primaryImageOfPage":{"@id":"https:\/\/volcanes.net\/?p=369#primaryimage"},"image":{"@id":"https:\/\/volcanes.net\/?p=369#primaryimage"},"thumbnailUrl":"https:\/\/volcanes.net\/wp-content\/uploads\/2018\/01\/epn2.jpg","datePublished":"2018-01-11T04:48:38+00:00","breadcrumb":{"@id":"https:\/\/volcanes.net\/?p=369#breadcrumb"},"inLanguage":"es","potentialAction":[{"@type":"ReadAction","target":["https:\/\/volcanes.net\/?p=369"]}]},{"@type":"ImageObject","inLanguage":"es","@id":"https:\/\/volcanes.net\/?p=369#primaryimage","url":"https:\/\/volcanes.net\/wp-content\/uploads\/2018\/01\/epn2.jpg","contentUrl":"https:\/\/volcanes.net\/wp-content\/uploads\/2018\/01\/epn2.jpg","width":400,"height":200},{"@type":"BreadcrumbList","@id":"https:\/\/volcanes.net\/?p=369#breadcrumb","itemListElement":[{"@type":"ListItem","position":1,"name":"Portada","item":"https:\/\/volcanes.net\/"},{"@type":"ListItem","position":2,"name":"Acta de Nacimiento en L\u00ednea garantiza derecho a la identidad Pe\u00f1a Nieto (VIDEO)"}]},{"@type":"WebSite","@id":"https:\/\/volcanes.net\/#website","url":"https:\/\/volcanes.net\/","name":"Volcanes.Net","description":"Periodismo Profesional","publisher":{"@id":"https:\/\/volcanes.net\/#organization"},"potentialAction":[{"@type":"SearchAction","target":{"@type":"EntryPoint","urlTemplate":"https:\/\/volcanes.net\/?s={search_term_string}"},"query-input":{"@type":"PropertyValueSpecification","valueRequired":true,"valueName":"search_term_string"}}],"inLanguage":"es"},{"@type":"Organization","@id":"https:\/\/volcanes.net\/#organization","name":"Grupo Volcanes","url":"https:\/\/volcanes.net\/","logo":{"@type":"ImageObject","inLanguage":"es","@id":"https:\/\/volcanes.net\/#\/schema\/logo\/image\/","url":"http:\/\/volcanes.net\/wp-content\/uploads\/2017\/12\/Avatar2.jpg","contentUrl":"http:\/\/volcanes.net\/wp-content\/uploads\/2017\/12\/Avatar2.jpg","width":378,"height":378,"caption":"Grupo Volcanes"},"image":{"@id":"https:\/\/volcanes.net\/#\/schema\/logo\/image\/"},"sameAs":["https:\/\/www.facebook.com\/volcanes.net\/"]},{"@type":"Person","@id":"https:\/\/volcanes.net\/#\/schema\/person\/4bf0f383940966a4abd53f5048c0e6b9","name":"admin","image":{"@type":"ImageObject","inLanguage":"es","@id":"https:\/\/volcanes.net\/#\/schema\/person\/image\/","url":"https:\/\/secure.gravatar.com\/avatar\/ca004e6cba8462b8cb7abc86e382930c?s=96&d=mm&r=g","contentUrl":"https:\/\/secure.gravatar.com\/avatar\/ca004e6cba8462b8cb7abc86e382930c?s=96&d=mm&r=g","caption":"admin"}}]}},"_links":{"self":[{"href":"https:\/\/volcanes.net\/index.php?rest_route=\/wp\/v2\/posts\/369"}],"collection":[{"href":"https:\/\/volcanes.net\/index.php?rest_route=\/wp\/v2\/posts"}],"about":[{"href":"https:\/\/volcanes.net\/index.php?rest_route=\/wp\/v2\/types\/post"}],"author":[{"embeddable":true,"href":"https:\/\/volcanes.net\/index.php?rest_route=\/wp\/v2\/users\/1"}],"replies":[{"embeddable":true,"href":"https:\/\/volcanes.net\/index.php?rest_route=%2Fwp%2Fv2%2Fcomments&post=369"}],"version-history":[{"count":1,"href":"https:\/\/volcanes.net\/index.php?rest_route=\/wp\/v2\/posts\/369\/revisions"}],"predecessor-version":[{"id":370,"href":"https:\/\/volcanes.net\/index.php?rest_route=\/wp\/v2\/posts\/369\/revisions\/370"}],"wp:featuredmedia":[{"embeddable":true,"href":"https:\/\/volcanes.net\/index.php?rest_route=\/wp\/v2\/media\/353"}],"wp:attachment":[{"href":"https:\/\/volcanes.net\/index.php?rest_route=%2Fwp%2Fv2%2Fmedia&parent=369"}],"wp:term":[{"taxonomy":"category","embeddable":true,"href":"https:\/\/volcanes.net\/index.php?rest_route=%2Fwp%2Fv2%2Fcategories&post=369"},{"taxonomy":"post_tag","embeddable":true,"href":"https:\/\/volcanes.net\/index.php?rest_route=%2Fwp%2Fv2%2Ftags&post=369"}],"curies":[{"name":"wp","href":"https:\/\/api.w.org\/{rel}","templated":true}]}}